{"id":128776,"date":"2024-02-26T11:17:44","date_gmt":"2024-02-26T10:17:44","guid":{"rendered":"https:\/\/www.justiceinfo.net\/?p=128776"},"modified":"2024-02-26T11:17:45","modified_gmt":"2024-02-26T10:17:45","slug":"drone-ukrainien-suis-moi","status":"publish","type":"post","link":"https:\/\/www.justiceinfo.net\/fr\/128776-drone-ukrainien-suis-moi.html","title":{"rendered":"Le drone ukrainien qui lui a dit \u00ab suis-moi \u00bb"},"content":{"rendered":"\n<p><strong>Klim Kerzhayev, un soldat russe, est accus\u00e9 d'avoir tir\u00e9 sur une voiture civile dans le nord-est de l'Ukraine, en juin 2022. La femme qui se trouvait dans la voiture a pu s'\u00e9chapper gr\u00e2ce \u00e0 l'ing\u00e9niosit\u00e9 des forces arm\u00e9es ukrainiennes. Son mari a \u00e9t\u00e9 laiss\u00e9 pour mort. Plus tard, lors d'une conversation t\u00e9l\u00e9phonique, Kerzhayev aurait avou\u00e9 \u00e0 sa femme qu'il avait tu\u00e9 un civil. Il a \u00e9t\u00e9 condamn\u00e9 par contumace par un tribunal ukrainien.<\/strong><\/p>\n\n\n\n<!--more-->\n\n\n\n<p>Lorsque la guerre \u00e9clate en Ukraine, le 24 f\u00e9vrier 2022, Valeriya et Andriy Bohomaz, un couple mari\u00e9 de Bakhmut, d\u00e9m\u00e9nagent \u00e0 Kyiv, la capitale. Plus tard, ils d\u00e9cident d'y faire venir \u00e9galement les parents d'Andriy. Le 23 juin 2022, ils prennent donc tous deux la route pour retourner chez eux, dans l'est de l'Ukraine. Apr\u00e8s avoir atteint le territoire de l'oblast de Kharkiv, raconte Andriy Bohomaz au tribunal, ils franchissent plusieurs postes de contr\u00f4le, puis empruntent une route de campagne contr\u00f4l\u00e9e par les forces d'occupation russes. \u00c0 ce moment-l\u00e0, des explosions commencent \u00e0 retentir autour de leur voiture. Le couple sort pr\u00e9cipitamment du v\u00e9hicule et court jusqu'\u00e0 un arr\u00eat de transport public pour se mettre \u00e0 l'abri des tirs. Apr\u00e8s quelques minutes, les tirs cessent, et Andriy et Valeriya d\u00e9cident de retourner \u00e0 la voiture pour r\u00e9cup\u00e9rer leurs documents et leurs t\u00e9l\u00e9phones portables. C'est alors qu'une nouvelle explosion retentit pr\u00e8s d'eux.<\/p>\n\n\n\n<p>\u00ab J'ai vu que [mon mari] \u00e9tait bless\u00e9 \u00e0 la t\u00eate. Je lui ai imm\u00e9diatement lav\u00e9 la t\u00eate. J'ai commenc\u00e9 \u00e0 lui faire des bandages, en sortant de grandes serviettes. Je ne savais pas quoi faire, je ne suis pas m\u00e9decin. J'ai dit : \"S'il te pla\u00eet, ne meurs pas. Ne m'abandonne pas\" \u00bb, se souvient Valeriya Bohomaz.<\/p>\n\n\n\n<p>Le bombardement de la voiture civile par les Russes est enregistr\u00e9 par un drone des forces arm\u00e9es ukrainiennes, alors stationn\u00e9es pr\u00e8s de Barvinkove, dans le district d'Izium, dans la r\u00e9gion de Kharkiv. L'un des militaires ukrainiens t\u00e9moigne \u00e0 la cour de la d\u00e9cision qu'ils ont prise d'envoyer un drone dans les airs lorsqu'ils ont remarqu\u00e9 qu'une voiture civile traversait leurs positions en direction des territoires occup\u00e9s. Les images du drone montrent Valeriya s'effor\u00e7ant de prodiguer les premiers soins \u00e0 son mari, alors que du sang se r\u00e9pand autour de la voiture.<\/p>\n\n\n\n<figure class=\"wp-block-image size-full\"><img loading=\"lazy\" decoding=\"async\" width=\"1200\" height=\"799\" src=\"https:\/\/www.justiceinfo.net\/wp-content\/uploads\/Ukraine_follow-me-drone-Valeriya-Andriy-Bohomaz-car_@Free-Radio.jpg\" alt=\"\" class=\"wp-image-128791\" srcset=\"https:\/\/www.justiceinfo.net\/wp-content\/uploads\/Ukraine_follow-me-drone-Valeriya-Andriy-Bohomaz-car_@Free-Radio.jpg 1200w, https:\/\/www.justiceinfo.net\/wp-content\/uploads\/Ukraine_follow-me-drone-Valeriya-Andriy-Bohomaz-car_@Free-Radio-540x360.jpg 540w, https:\/\/www.justiceinfo.net\/wp-content\/uploads\/Ukraine_follow-me-drone-Valeriya-Andriy-Bohomaz-car_@Free-Radio-1000x666.jpg 1000w, https:\/\/www.justiceinfo.net\/wp-content\/uploads\/Ukraine_follow-me-drone-Valeriya-Andriy-Bohomaz-car_@Free-Radio-1110x739.jpg 1110w\" sizes=\"auto, (max-width: 1200px) 100vw, 1200px\" \/><figcaption class=\"wp-element-caption\">Les images du drone montrent Valeriya Bohomaz s'effor\u00e7ant de prodiguer les premiers soins \u00e0 son mari, Andriy, bless\u00e9 \u00e0 la t\u00eate et \u00e0 la jambe (capture d'\u00e9cran du film \"Follow Me\").<\/figcaption><\/figure>\n\n\n\n<h2 class=\"wp-block-heading\" id=\"h-la-fuite-de-valeriya\">La fuite de Valeriya<\/h2>\n\n\n\n<p>Les soldats ukrainiens font alors voler le drone jusqu'\u00e0 la femme et tentent de la faire quitter le lieu de l'attaque et de la faire suivre le drone. Valeriya continue pourtant \u00e0 pointer du doigt Andriy, qui saigne, et ne veut pas l'abandonner. Cette situation dure environ 20 minutes. Finalement, un militaire ukrainien, devenu par la suite t\u00e9moin au proc\u00e8s, attache une feuille de papier A4 \u00e0 un autre drone, y \u00e9crit \u00ab Suis-moi \u00bb, puis le fait descendre \u00e0 une altitude o\u00f9 Valeriya peut voir l'instruction.<\/p>\n\n\n\n<p>La femme se l\u00e8ve et commence \u00e0 marcher rapidement en suivant le drone. Au m\u00eame moment, la cam\u00e9ra du drone enregistre trois soldats russes s'approchant de la voiture des Bohomaz. Ils essayent d'appeler Valeriya et de lui faire signe, mais la femme ne se retourne pas et continue de suivre le drone. Bient\u00f4t, elle est rejointe par des soldats ukrainiens.<\/p>\n\n\n\n<p>Gravement bless\u00e9, Andriy Bohomaz a perdu connaissance pr\u00e8s de la voiture. Selon les enqu\u00eateurs, les Russes le prennent pour mort, le tra\u00eenent et le jettent dans un foss\u00e9.<\/p>\n\n\n\n<h2 class=\"wp-block-heading\" id=\"h-j-ai-tue-un-homme-aujourd-hui-putain\">\u00ab J'ai tu\u00e9 un homme aujourd'hui, putain ! \u00bb<\/h2>\n\n\n\n<p>Quelques heures plus tard, le soldat russe Klim Dmitrievich Kerzhayev, qui aurait ouvert le feu sur cette voiture civile d'habitants de Bakhmut, appelle sa femme et lui a dit qu'il a tu\u00e9 un homme. <a href=\"https:\/\/www.youtube.com\/watch?v=KRhzOB419Eg&amp;t=432s\">Cette conversation est intercept\u00e9e<\/a> par les forces de s\u00e9curit\u00e9 ukrainiennes et fait donc partie de la preuve dans cette affaire. Le fait qu'il s'agisse de la voix de Kerzhayev sur l'enregistrement a \u00e9t\u00e9 confirm\u00e9 par un autre soldat russe qui a combattu avec lui dans le district d'Izium, et a \u00e9t\u00e9 captur\u00e9 par l'arm\u00e9e ukrainienne.<\/p>\n\n\n\n<p>Voici la conversation entre Kerzhayev et sa femme Anastasia :<\/p>\n\n\n\n<p>- \u00ab Je vois, et j'ai tu\u00e9 un homme aujourd'hui, putain !<\/p>\n\n\n\n<p>- Tu as tu\u00e9 ?<\/p>\n\n\n\n<p>- Oui.<\/p>\n\n\n\n<p>- Qui ?<\/p>\n\n\n\n<p>- Qu\u2019est-ce que j\u2019en sais, bordel. Je ne sais pas qui c'\u00e9tait.<\/p>\n\n\n\n<p>- Un khokhol [p\u00e9jorativement \"un Ukrainien\"] ou quoi ?<\/p>\n\n\n\n<p>- Oui, oui, oui.<\/p>\n\n\n\n<p>- Alors, il s\u2019est trouv\u00e9 quelque part o\u00f9 il n'\u00e9tait pas cens\u00e9 \u00eatre ou quoi ?<\/p>\n\n\n\n<p>- Eh bien, non. Peu importe, la voiture passait...<\/p>\n\n\n\n<p>- Et ?<\/p>\n\n\n\n<p>- Je l'ai touch\u00e9e avec un canon de trente [trente millim\u00e8tres] d'un VCI [v\u00e9hicule de combat d'infanterie], ce putain d'enfoir\u00e9.<\/p>\n\n\n\n<p>- Ouah !<\/p>\n\n\n\n<p>- On s\u2019est aper\u00e7u que des femmes [sic] \u00e9taient l\u00e0...<\/p>\n\n\n\n<p>- Ah oui...<\/p>\n\n\n\n<p>- La femme est sortie. L'homme non, putain.<\/p>\n\n\n\n<p>- Je vois. Qu'est-ce qui lui est arriv\u00e9 ?<\/p>\n\n\n\n<p>- Je ne sais pas, elle est partie quelque part.<\/p>\n\n\n\n<p>- Mmmh...<\/p>\n\n\n\n<p>- Voil\u00e0.<\/p>\n\n\n\n<p>- Je vois.<\/p>\n\n\n\n<p>- Recharge mon t\u00e9l\u00e9phone avec de l'argent aujourd'hui, d'accord ?<\/p>\n\n\n\n<p>- Mm-hmm. \u00bb<\/p>\n\n\n\n<p>Andriy Bohomaz, que les Russes ont cru mort, reprend conscience au bout d'un moment, sort du foss\u00e9 et se met dans le coffre de la voiture. Plus tard, il d\u00e9cide de quitter la voiture et d'aller chercher de l'aide. \u00ab Le bandage sur ma jambe \u00e9tait trop serr\u00e9 et ma jambe avait enfl\u00e9. Quand je l'ai enlev\u00e9, ma jambe a diminu\u00e9 de volume. J'ai essay\u00e9 de marcher sur ma jambe et j'ai r\u00e9alis\u00e9 que j'en \u00e9tais capable. J'ai avanc\u00e9 vers les positions ukrainiennes pendant 30 \u00e0 40 minutes. Je marchais avec des pauses parce que j'avais tr\u00e8s mal. Je m'arr\u00eatais et m'asseyais sur une couverture \u00bb, d\u00e9clare Andriy au tribunal.<\/p>\n\n\n\n<p>Les soldat ukrainiens emm\u00e8nent la victime dans un h\u00f4pital de Kharkiv. Plus tard, l'homme poursuit son traitement \u00e0 Kyiv.<\/p>\n\n\n\n<figure class=\"wp-block-image size-full\"><img loading=\"lazy\" decoding=\"async\" width=\"900\" height=\"900\" src=\"https:\/\/www.justiceinfo.net\/wp-content\/uploads\/Russia-Klim-Kerzhayev_@Free-Radio.jpg\" alt=\"Le soldat russe Klim Kerzhayev\" class=\"wp-image-128801\" srcset=\"https:\/\/www.justiceinfo.net\/wp-content\/uploads\/Russia-Klim-Kerzhayev_@Free-Radio.jpg 900w, https:\/\/www.justiceinfo.net\/wp-content\/uploads\/Russia-Klim-Kerzhayev_@Free-Radio-150x150.jpg 150w\" sizes=\"auto, (max-width: 900px) 100vw, 900px\" \/><figcaption class=\"wp-element-caption\">Le soldat russe Klim Kerzhayev (photo tir\u00e9e des m\u00e9dias sociaux).<\/figcaption><\/figure>\n\n\n\n<h2 class=\"wp-block-heading\" id=\"h-je-ne-suis-pas-un-militaire\">\u00ab Je ne suis pas un militaire \u00bb<\/h2>\n\n\n\n<p>Les journalistes de Free Radio ont \u00e9tabli que Kerzhayev est n\u00e9 le 3 juillet 1997 et qu'il r\u00e9side \u00e0 Moscou. Il est commandant de compagnie dans le 15<sup>e<\/sup> r\u00e9giment de fusiliers de la garde motoris\u00e9e (unit\u00e9 militaire 31134). L'unit\u00e9 o\u00f9 sert Kerzhayev est situ\u00e9e dans le village de Kalininets, dans la r\u00e9gion de Moscou.<\/p>\n\n\n\n<p><a href=\"https:\/\/amalantra.ru\/2-tamanskaya-diviziya\/?ysclid=lsiwm3g99j145037412\">Des sources russes indiquent<\/a> qu'apr\u00e8s le d\u00e9but de l'invasion \u00e0 grande \u00e9chelle, des unit\u00e9s de la 2<sup>e<\/sup> division Taman \u00ab bloquaient Kyiv depuis le nord, notamment depuis la r\u00e9gion de Tchernihiv \u00bb. La division a ensuite \u00e9t\u00e9 rattach\u00e9e \u00e0 la formation occidentale de l'arm\u00e9e russe et envoy\u00e9e combattre les Ukrainiens sur la ligne de front dans le secteur de Kupyansk, dans l'oblast de Kharkiv.<\/p>\n\n\n\n<p>Des journalistes de <a href=\"https:\/\/zona.media\/article\/2023\/03\/22\/follow-me\">Mediazona<\/a>, un m\u00e9dia russe qui couvre les syst\u00e8mes judiciaire, s\u00e9curitaire et p\u00e9nitentiaire en Russie, ont appel\u00e9 Kerzhayev et lui ont demand\u00e9 de commenter les enregistrements audio intercept\u00e9s et diffus\u00e9s par les forces de s\u00e9curit\u00e9 ukrainiennes.<\/p>\n\n\n\n<p>- \u00ab Savez-vous que votre conversation avec votre femme a \u00e9t\u00e9 mise sur \u00e9coute par les services secrets ukrainiens&nbsp;?<\/p>\n\n\n\n<p>- Je ne suis pas un militaire.<\/p>\n\n\n\n<p>- Ce num\u00e9ro est enregistr\u00e9 au nom d'un militaire.<\/p>\n\n\n\n<p>- Je ne suis pas militaire, je ne sais pas qui a \u00e9cout\u00e9 quoi.<\/p>\n\n\n\n<p>- Kerzhayev est votre nom de famille ?<\/p>\n\n\n\n<p>- Oui.<\/p>\n\n\n\n<p>- Alors comment se fait-il que vous soyez impliqu\u00e9 dans l'enqu\u00eate ukrainienne ?<\/p>\n\n\n\n<p>- Je ne sais pas comment c'est arriv\u00e9. Je vous le dis, je ne suis pas un militaire. \u00bb<\/p>\n\n\n\n<p>Les journalistes ont \u00e9galement r\u00e9ussi \u00e0 parler \u00e0 l'\u00e9pouse de Klim, Anastasia Kerzhayeva :<\/p>\n\n\n\n<p>-  \u00ab Savez-vous que votre conversation a \u00e9t\u00e9 intercept\u00e9e et publi\u00e9e ?<\/p>\n\n\n\n<p>- Quelle conversation ?<\/p>\n\n\n\n<p>- Lorsque votre mari Klim vous a appel\u00e9e et vous a parl\u00e9 de la voiture sur laquelle il a tir\u00e9. Et vous lui avez demand\u00e9 s'il avait tu\u00e9 un \"khokhol\".<\/p>\n\n\n\n<p>- Je ne suis pas mari\u00e9e.<\/p>\n\n\n\n<p>- Mais vous \u00eates Anastasia Kerzhayeva ?<\/p>\n\n\n\n<p>- Non, c'est faux. Pourquoi vous soucier de mon identit\u00e9 ?<\/p>\n\n\n\n<p>- Anastasia, vous avez m\u00eame une photo de Klim Kerzhayev sur votre profil.<\/p>\n\n\n\n<p>- Je vous le r\u00e9p\u00e8te, je ne sais pas qui c'est. \u00bb<\/p>\n\n\n\n<h2 class=\"wp-block-heading\" id=\"h-coupable-de-crime-de-guerre\">Coupable de crime de guerre<\/h2>\n\n\n\n<p>Anastasia et Klim ont ferm\u00e9 leurs pages communes sur les m\u00e9dias sociaux. Et apr\u00e8s avoir parl\u00e9 aux journalistes, elle a remplac\u00e9 la photo principale de son profil par un selfie sur lequel ne figure plus son mari.<\/p>\n\n\n\n<p>Malgr\u00e9 cela, nous avons trouv\u00e9 plusieurs photos du couple en ligne. Y compris leurs photos de mariage. On sait \u00e9galement qu'en 2021, les Kerzhayev ont eu un fils. \u00c0 l'\u00e9poque, Klim participait \u00e0 des exercices militaires en Bi\u00e9lorussie.<\/p>\n\n\n\n<figure class=\"wp-block-image size-full\"><img loading=\"lazy\" decoding=\"async\" width=\"630\" height=\"630\" src=\"https:\/\/www.justiceinfo.net\/wp-content\/uploads\/Russia_Klim-Anastasia-Kerzhayev-wedding_@Free-Radio.jpg\" alt=\"Mariage d'Anastasia et de Klim Kerzhayev\" class=\"wp-image-128796\" srcset=\"https:\/\/www.justiceinfo.net\/wp-content\/uploads\/Russia_Klim-Anastasia-Kerzhayev-wedding_@Free-Radio.jpg 630w, https:\/\/www.justiceinfo.net\/wp-content\/uploads\/Russia_Klim-Anastasia-Kerzhayev-wedding_@Free-Radio-150x150.jpg 150w\" sizes=\"auto, (max-width: 630px) 100vw, 630px\" \/><figcaption class=\"wp-element-caption\">Photo du mariage d'Anastasia et de Klim Kerzhayev, tir\u00e9e des m\u00e9dias sociaux.<\/figcaption><\/figure>\n\n\n\n<p>Devant le tribunal de district de Krasnohrad, dans l'oblast de Kharkiv, l'avocat de Kerzhayev demande \u00e0 la cour d'acquitter son client. Selon lui, \u00ab l'accusation n'a pas r\u00e9ussi \u00e0 prouver d'o\u00f9 provenaient les tirs d'obus, ni \u00e0 identifier l'accus\u00e9, ni \u00e0 prouver que c'est bien lui qui a ouvert le feu sur une voiture civile \u00bb. Il affirme \u00e9galement que les preuves produites par l'accusation ont \u00e9t\u00e9 obtenues en dehors des r\u00e8gles de proc\u00e9dure.<\/p>\n\n\n\n<p>Mais le panel de juges a estim\u00e9 qu'il y avait suffisamment de preuves de la culpabilit\u00e9 du soldat russe pour \u00ab violation des lois et coutumes de la guerre \u00bb. Il est condamn\u00e9 \u00e0 15 ans de prison par contumace. Kerzhayev doit \u00e9galement payer un total de 32,1 millions de hryvnias (770 000 euros) en compensation des dommages moraux. Il est officiellement inscrit sur la liste des personnes recherch\u00e9es par l'\u00c9tat.<\/p>\n\n\n\n<div style=\"height:5px\" aria-hidden=\"true\" class=\"wp-block-spacer\"><\/div>\n\n\n\n<hr class=\"wp-block-separator has-alpha-channel-opacity\"\/>\n\n\n\n<div style=\"height:15px\" aria-hidden=\"true\" class=\"wp-block-spacer\"><\/div>\n\n\n\n<p><em><em>Ce reportage fait partie d\u2019une couverture de la justice sur les crimes de guerre r\u00e9alis\u00e9e en partenariat avec des journalistes ukrainiens. Une premi\u00e8re version de cet article a \u00e9t\u00e9 publi\u00e9e sur le site d\u2019information \u00ab&nbsp;<a href=\"https:\/\/freeradio.com.ua\/ziznavsia-druzhyni-u-vbyvstvi-rosiiskoho-viiskovoho-iakyi-rozstriliav-tsyvilne-avto-z-bakhmutianamy-zaochno-zasudyly-foto-detali\/\" target=\"_blank\" rel=\"noreferrer noopener\">Free Radio<\/a>&nbsp;\u00bb.<\/em><\/em><\/p>\n\n\n<div class=\"articleLink articleLink--editorRecommanded articleLink--textInImage articleLink--textTop\" style=\"\">\r\n\t\t\t\t\t\r\n\t\t\t<div class=\"articleLinkSurTitle\">Recommand\u00e9 par la r\u00e9daction<\/div>\r\n\t\t\t<a class=\"articleLinkImageLink\" href=\"https:\/\/www.justiceinfo.net\/fr\/121764-boutcha-neuf-soldats-russes-condamnes-autres-proces-a-venir.html\"><div class=\"articleLinkImageContainer \"><img loading=\"lazy\" decoding=\"async\" width=\"540\" height=\"360\" src=\"https:\/\/www.justiceinfo.net\/wp-content\/uploads\/Ukraine_Bucha-memorial_@Sergei-Supinsky-AFP-540x360.jpg\" class=\"articleLinkImage backgroundImageTag w-100 wp-post-image\" alt=\"Soldats russes jug\u00e9s en Ukraine pour leurs crimes de guerre commis \u00e0 Boutcha \u2013 Le m\u00e9morial de Boutcha consacr\u00e9 aux victimes.\" srcset=\"https:\/\/www.justiceinfo.net\/wp-content\/uploads\/Ukraine_Bucha-memorial_@Sergei-Supinsky-AFP-540x360.jpg 540w, https:\/\/www.justiceinfo.net\/wp-content\/uploads\/Ukraine_Bucha-memorial_@Sergei-Supinsky-AFP-1000x667.jpg 1000w, https:\/\/www.justiceinfo.net\/wp-content\/uploads\/Ukraine_Bucha-memorial_@Sergei-Supinsky-AFP-1110x740.jpg 1110w, https:\/\/www.justiceinfo.net\/wp-content\/uploads\/Ukraine_Bucha-memorial_@Sergei-Supinsky-AFP.jpg 1200w\" sizes=\"auto, (max-width: 540px) 100vw, 540px\" \/><\/div><\/a>\r\n\t\t\t<a href=\"https:\/\/www.justiceinfo.net\/fr\/121764-boutcha-neuf-soldats-russes-condamnes-autres-proces-a-venir.html\" class=\"articleLinkTitle articleLinkTitle--default\">\r\n\t\t\tBoutcha : neuf soldats russes condamn\u00e9s et d'autres proc\u00e8s \u00e0 venir\r\n\t\t<\/a>\r\n\t\t\r\n\t\t\t\t<\/div>\n","protected":false},"excerpt":{"rendered":"<p>Klim Kerzhayev, un soldat russe, est accus\u00e9 d'avoir tir\u00e9 sur une voiture civile dans le nord-est de l'Ukraine, en juin 2022. La femme qui se trouvait dans la voiture a pu s'\u00e9chapper gr\u00e2ce \u00e0 l'ing\u00e9niosit\u00e9 des forces arm\u00e9es ukrainiennes. Son mari a \u00e9t\u00e9 laiss\u00e9 pour mort. Plus tard, lors d'une conversation t\u00e9l\u00e9phonique, Kerzhayev aurait avou\u00e9 [&hellip;]<\/p>\n","protected":false},"author":111,"featured_media":128780,"comment_status":"open","ping_status":"closed","sticky":false,"template":"","format":"standard","meta":{"_acf_changed":false,"footnotes":""},"categories":[3288,574],"tags":[2674],"ji_location":[2428,2532],"class_list":["post-128776","post","type-post","status-publish","format-standard","has-post-thumbnail","hentry","category-ukraine-par-nos-correspondants-locaux","category-tribunaux-nationaux","tag-crime-de-guerre","ji_location-russie","ji_location-ukraine"],"acf":[],"yoast_head":"<!-- This site is optimized with the Yoast SEO Premium plugin v25.3.1 (Yoast SEO v25.3.1) - https:\/\/yoast.com\/wordpress\/plugins\/seo\/ -->\n<title>Le drone ukrainien qui lui a dit \u00ab suis-moi \u00bb<\/title>\n<meta name=\"description\" content=\"Tout a \u00e9t\u00e9 film\u00e9 par un drone. Cet incroyable \u00e9pisode de la guerre qui oppose la Russie \u00e0 l&#039;Ukraine (et qui a donn\u00e9 lieu \u00e0 un documentaire) est \u00e0 la base d&#039;un proc\u00e8s ukrainien accusant un soldat russe de crime de guerre.\" \/>\n<meta name=\"robots\" content=\"index, follow, max-snippet:-1, max-image-preview:large, max-video-preview:-1\" \/>\n<link rel=\"canonical\" href=\"https:\/\/www.justiceinfo.net\/fr\/128776-drone-ukrainien-suis-moi.html\" \/>\n<meta property=\"og:locale\" content=\"fr_FR\" \/>\n<meta property=\"og:type\" content=\"article\" \/>\n<meta property=\"og:title\" content=\"Le drone ukrainien qui lui a dit \u00ab suis-moi \u00bb\" \/>\n<meta property=\"og:description\" content=\"Tout a \u00e9t\u00e9 film\u00e9 par un drone. Cet incroyable \u00e9pisode de la guerre qui oppose la Russie \u00e0 l&#039;Ukraine (et qui a donn\u00e9 lieu \u00e0 un documentaire) est \u00e0 la base d&#039;un proc\u00e8s ukrainien accusant un soldat russe de crime de guerre.\" \/>\n<meta property=\"og:url\" content=\"https:\/\/www.justiceinfo.net\/fr\/128776-drone-ukrainien-suis-moi.html\" \/>\n<meta property=\"og:site_name\" content=\"JusticeInfo.net\" \/>\n<meta property=\"article:publisher\" content=\"https:\/\/www.facebook.com\/JusticeInfo\/\" \/>\n<meta property=\"article:published_time\" content=\"2024-02-26T10:17:44+00:00\" \/>\n<meta property=\"article:modified_time\" content=\"2024-02-26T10:17:45+00:00\" \/>\n<meta property=\"og:image\" content=\"https:\/\/www.justiceinfo.net\/wp-content\/uploads\/Ukraine_follow-me-drone_@Free-Radio.jpg\" \/>\n\t<meta property=\"og:image:width\" content=\"1200\" \/>\n\t<meta property=\"og:image:height\" content=\"800\" \/>\n\t<meta property=\"og:image:type\" content=\"image\/jpeg\" \/>\n<meta name=\"author\" content=\"Vladyslava Kobko\" \/>\n<meta name=\"twitter:card\" content=\"summary_large_image\" \/>\n<meta name=\"twitter:creator\" content=\"@justiceinfonet\" \/>\n<meta name=\"twitter:site\" content=\"@justiceinfonet\" \/>\n<meta name=\"twitter:label1\" content=\"\u00c9crit par\" \/>\n\t<meta name=\"twitter:data1\" content=\"Vladyslava Kobko\" \/>\n\t<meta name=\"twitter:label2\" content=\"Dur\u00e9e de lecture estim\u00e9e\" \/>\n\t<meta name=\"twitter:data2\" content=\"9 minutes\" \/>\n<script type=\"application\/ld+json\" class=\"yoast-schema-graph\">{\"@context\":\"https:\/\/schema.org\",\"@graph\":[{\"@type\":\"NewsArticle\",\"@id\":\"https:\/\/www.justiceinfo.net\/fr\/128776-drone-ukrainien-suis-moi.html#article\",\"isPartOf\":{\"@id\":\"https:\/\/www.justiceinfo.net\/fr\/128776-drone-ukrainien-suis-moi.html\"},\"author\":{\"name\":\"Vladyslava Kobko\",\"@id\":\"https:\/\/www.justiceinfo.net\/fr#\/schema\/person\/520ca80d1de869082f92992b801adaa7\"},\"headline\":\"Le drone ukrainien qui lui a dit \u00ab suis-moi \u00bb\",\"datePublished\":\"2024-02-26T10:17:44+00:00\",\"dateModified\":\"2024-02-26T10:17:45+00:00\",\"mainEntityOfPage\":{\"@id\":\"https:\/\/www.justiceinfo.net\/fr\/128776-drone-ukrainien-suis-moi.html\"},\"wordCount\":1761,\"commentCount\":0,\"publisher\":{\"@id\":\"https:\/\/www.justiceinfo.net\/fr#organization\"},\"image\":{\"@id\":\"https:\/\/www.justiceinfo.net\/fr\/128776-drone-ukrainien-suis-moi.html#primaryimage\"},\"thumbnailUrl\":\"https:\/\/www.justiceinfo.net\/wp-content\/uploads\/Ukraine_follow-me-drone_@Free-Radio.jpg\",\"keywords\":[\"crime de guerre\"],\"articleSection\":[\"L'Ukraine par nos correspondants locaux\",\"Tribunaux nationaux\"],\"inLanguage\":\"fr-FR\",\"potentialAction\":[{\"@type\":\"CommentAction\",\"name\":\"Comment\",\"target\":[\"https:\/\/www.justiceinfo.net\/fr\/128776-drone-ukrainien-suis-moi.html#respond\"]}]},{\"@type\":\"WebPage\",\"@id\":\"https:\/\/www.justiceinfo.net\/fr\/128776-drone-ukrainien-suis-moi.html\",\"url\":\"https:\/\/www.justiceinfo.net\/fr\/128776-drone-ukrainien-suis-moi.html\",\"name\":\"Le drone ukrainien qui lui a dit \u00ab suis-moi \u00bb\",\"isPartOf\":{\"@id\":\"https:\/\/www.justiceinfo.net\/fr#website\"},\"primaryImageOfPage\":{\"@id\":\"https:\/\/www.justiceinfo.net\/fr\/128776-drone-ukrainien-suis-moi.html#primaryimage\"},\"image\":{\"@id\":\"https:\/\/www.justiceinfo.net\/fr\/128776-drone-ukrainien-suis-moi.html#primaryimage\"},\"thumbnailUrl\":\"https:\/\/www.justiceinfo.net\/wp-content\/uploads\/Ukraine_follow-me-drone_@Free-Radio.jpg\",\"datePublished\":\"2024-02-26T10:17:44+00:00\",\"dateModified\":\"2024-02-26T10:17:45+00:00\",\"description\":\"Tout a \u00e9t\u00e9 film\u00e9 par un drone. Cet incroyable \u00e9pisode de la guerre qui oppose la Russie \u00e0 l'Ukraine (et qui a donn\u00e9 lieu \u00e0 un documentaire) est \u00e0 la base d'un proc\u00e8s ukrainien accusant un soldat russe de crime de guerre.\",\"breadcrumb\":{\"@id\":\"https:\/\/www.justiceinfo.net\/fr\/128776-drone-ukrainien-suis-moi.html#breadcrumb\"},\"inLanguage\":\"fr-FR\",\"potentialAction\":[{\"@type\":\"ReadAction\",\"target\":[\"https:\/\/www.justiceinfo.net\/fr\/128776-drone-ukrainien-suis-moi.html\"]}]},{\"@type\":\"ImageObject\",\"inLanguage\":\"fr-FR\",\"@id\":\"https:\/\/www.justiceinfo.net\/fr\/128776-drone-ukrainien-suis-moi.html#primaryimage\",\"url\":\"https:\/\/www.justiceinfo.net\/wp-content\/uploads\/Ukraine_follow-me-drone_@Free-Radio.jpg\",\"contentUrl\":\"https:\/\/www.justiceinfo.net\/wp-content\/uploads\/Ukraine_follow-me-drone_@Free-Radio.jpg\",\"width\":1200,\"height\":800,\"caption\":\"Valeriya Bohomaz suit le drone qui lui indique la direction pour trouver protection aupr\u00e8s des militaires ukrainiens, en juin 2022, dans la r\u00e9gion de Kharkiv (capture d'\u00e9cran du film \\\"Follow Me\\\").\"},{\"@type\":\"BreadcrumbList\",\"@id\":\"https:\/\/www.justiceinfo.net\/fr\/128776-drone-ukrainien-suis-moi.html#breadcrumb\",\"itemListElement\":[{\"@type\":\"ListItem\",\"position\":1,\"name\":\"Home\",\"item\":\"https:\/\/www.justiceinfo.net\/fr\"},{\"@type\":\"ListItem\",\"position\":2,\"name\":\"Le drone ukrainien qui lui a dit \u00ab suis-moi \u00bb\"}]},{\"@type\":\"WebSite\",\"@id\":\"https:\/\/www.justiceinfo.net\/fr#website\",\"url\":\"https:\/\/www.justiceinfo.net\/fr\",\"name\":\"JusticeInfo.net\",\"description\":\"La justice doit \u00eatre vue pour \u00eatre rendue\",\"publisher\":{\"@id\":\"https:\/\/www.justiceinfo.net\/fr#organization\"},\"potentialAction\":[{\"@type\":\"SearchAction\",\"target\":{\"@type\":\"EntryPoint\",\"urlTemplate\":\"https:\/\/www.justiceinfo.net\/fr?s={search_term_string}\"},\"query-input\":{\"@type\":\"PropertyValueSpecification\",\"valueRequired\":true,\"valueName\":\"search_term_string\"}}],\"inLanguage\":\"fr-FR\"},{\"@type\":\"Organization\",\"@id\":\"https:\/\/www.justiceinfo.net\/fr#organization\",\"name\":\"Justice Info\",\"url\":\"https:\/\/www.justiceinfo.net\/fr\",\"logo\":{\"@type\":\"ImageObject\",\"inLanguage\":\"fr-FR\",\"@id\":\"https:\/\/www.justiceinfo.net\/fr#\/schema\/logo\/image\/\",\"url\":\"https:\/\/www.justiceinfo.net\/wp-content\/uploads\/justiceinfo_logo-trans_1200x1200px.png\",\"contentUrl\":\"https:\/\/www.justiceinfo.net\/wp-content\/uploads\/justiceinfo_logo-trans_1200x1200px.png\",\"width\":1199,\"height\":1200,\"caption\":\"Justice Info\"},\"image\":{\"@id\":\"https:\/\/www.justiceinfo.net\/fr#\/schema\/logo\/image\/\"},\"sameAs\":[\"https:\/\/www.facebook.com\/JusticeInfo\/\",\"https:\/\/x.com\/justiceinfonet\",\"https:\/\/www.linkedin.com\/company\/justice-info\",\"https:\/\/www.youtube.com\/channel\/UCyCEsARodyuWtkWyhn-e7pA\"]},{\"@type\":\"Person\",\"name\":\"Vladyslava Kobko\",\"url\":\"\/fr\/?s=Vladyslava Kobko\"}]}<\/script>\n<!-- \/ Yoast SEO Premium plugin. -->","yoast_head_json":{"title":"Le drone ukrainien qui lui a dit \u00ab suis-moi \u00bb","description":"Tout a \u00e9t\u00e9 film\u00e9 par un drone. Cet incroyable \u00e9pisode de la guerre qui oppose la Russie \u00e0 l'Ukraine (et qui a donn\u00e9 lieu \u00e0 un documentaire) est \u00e0 la base d'un proc\u00e8s ukrainien accusant un soldat russe de crime de guerre.","robots":{"index":"index","follow":"follow","max-snippet":"max-snippet:-1","max-image-preview":"max-image-preview:large","max-video-preview":"max-video-preview:-1"},"canonical":"https:\/\/www.justiceinfo.net\/fr\/128776-drone-ukrainien-suis-moi.html","og_locale":"fr_FR","og_type":"article","og_title":"Le drone ukrainien qui lui a dit \u00ab suis-moi \u00bb","og_description":"Tout a \u00e9t\u00e9 film\u00e9 par un drone. Cet incroyable \u00e9pisode de la guerre qui oppose la Russie \u00e0 l'Ukraine (et qui a donn\u00e9 lieu \u00e0 un documentaire) est \u00e0 la base d'un proc\u00e8s ukrainien accusant un soldat russe de crime de guerre.","og_url":"https:\/\/www.justiceinfo.net\/fr\/128776-drone-ukrainien-suis-moi.html","og_site_name":"JusticeInfo.net","article_publisher":"https:\/\/www.facebook.com\/JusticeInfo\/","article_published_time":"2024-02-26T10:17:44+00:00","article_modified_time":"2024-02-26T10:17:45+00:00","og_image":[{"width":1200,"height":800,"url":"https:\/\/www.justiceinfo.net\/wp-content\/uploads\/Ukraine_follow-me-drone_@Free-Radio.jpg","type":"image\/jpeg"}],"author":"Vladyslava Kobko","twitter_card":"summary_large_image","twitter_creator":"@justiceinfonet","twitter_site":"@justiceinfonet","twitter_misc":{"\u00c9crit par":"Vladyslava Kobko","Dur\u00e9e de lecture estim\u00e9e":"9 minutes"},"schema":{"@context":"https:\/\/schema.org","@graph":[{"@type":"NewsArticle","@id":"https:\/\/www.justiceinfo.net\/fr\/128776-drone-ukrainien-suis-moi.html#article","isPartOf":{"@id":"https:\/\/www.justiceinfo.net\/fr\/128776-drone-ukrainien-suis-moi.html"},"author":{"name":"Vladyslava Kobko","@id":"https:\/\/www.justiceinfo.net\/fr#\/schema\/person\/520ca80d1de869082f92992b801adaa7"},"headline":"Le drone ukrainien qui lui a dit \u00ab suis-moi \u00bb","datePublished":"2024-02-26T10:17:44+00:00","dateModified":"2024-02-26T10:17:45+00:00","mainEntityOfPage":{"@id":"https:\/\/www.justiceinfo.net\/fr\/128776-drone-ukrainien-suis-moi.html"},"wordCount":1761,"commentCount":0,"publisher":{"@id":"https:\/\/www.justiceinfo.net\/fr#organization"},"image":{"@id":"https:\/\/www.justiceinfo.net\/fr\/128776-drone-ukrainien-suis-moi.html#primaryimage"},"thumbnailUrl":"https:\/\/www.justiceinfo.net\/wp-content\/uploads\/Ukraine_follow-me-drone_@Free-Radio.jpg","keywords":["crime de guerre"],"articleSection":["L'Ukraine par nos correspondants locaux","Tribunaux nationaux"],"inLanguage":"fr-FR","potentialAction":[{"@type":"CommentAction","name":"Comment","target":["https:\/\/www.justiceinfo.net\/fr\/128776-drone-ukrainien-suis-moi.html#respond"]}]},{"@type":"WebPage","@id":"https:\/\/www.justiceinfo.net\/fr\/128776-drone-ukrainien-suis-moi.html","url":"https:\/\/www.justiceinfo.net\/fr\/128776-drone-ukrainien-suis-moi.html","name":"Le drone ukrainien qui lui a dit \u00ab suis-moi \u00bb","isPartOf":{"@id":"https:\/\/www.justiceinfo.net\/fr#website"},"primaryImageOfPage":{"@id":"https:\/\/www.justiceinfo.net\/fr\/128776-drone-ukrainien-suis-moi.html#primaryimage"},"image":{"@id":"https:\/\/www.justiceinfo.net\/fr\/128776-drone-ukrainien-suis-moi.html#primaryimage"},"thumbnailUrl":"https:\/\/www.justiceinfo.net\/wp-content\/uploads\/Ukraine_follow-me-drone_@Free-Radio.jpg","datePublished":"2024-02-26T10:17:44+00:00","dateModified":"2024-02-26T10:17:45+00:00","description":"Tout a \u00e9t\u00e9 film\u00e9 par un drone. Cet incroyable \u00e9pisode de la guerre qui oppose la Russie \u00e0 l'Ukraine (et qui a donn\u00e9 lieu \u00e0 un documentaire) est \u00e0 la base d'un proc\u00e8s ukrainien accusant un soldat russe de crime de guerre.","breadcrumb":{"@id":"https:\/\/www.justiceinfo.net\/fr\/128776-drone-ukrainien-suis-moi.html#breadcrumb"},"inLanguage":"fr-FR","potentialAction":[{"@type":"ReadAction","target":["https:\/\/www.justiceinfo.net\/fr\/128776-drone-ukrainien-suis-moi.html"]}]},{"@type":"ImageObject","inLanguage":"fr-FR","@id":"https:\/\/www.justiceinfo.net\/fr\/128776-drone-ukrainien-suis-moi.html#primaryimage","url":"https:\/\/www.justiceinfo.net\/wp-content\/uploads\/Ukraine_follow-me-drone_@Free-Radio.jpg","contentUrl":"https:\/\/www.justiceinfo.net\/wp-content\/uploads\/Ukraine_follow-me-drone_@Free-Radio.jpg","width":1200,"height":800,"caption":"Valeriya Bohomaz suit le drone qui lui indique la direction pour trouver protection aupr\u00e8s des militaires ukrainiens, en juin 2022, dans la r\u00e9gion de Kharkiv (capture d'\u00e9cran du film \"Follow Me\")."},{"@type":"BreadcrumbList","@id":"https:\/\/www.justiceinfo.net\/fr\/128776-drone-ukrainien-suis-moi.html#breadcrumb","itemListElement":[{"@type":"ListItem","position":1,"name":"Home","item":"https:\/\/www.justiceinfo.net\/fr"},{"@type":"ListItem","position":2,"name":"Le drone ukrainien qui lui a dit \u00ab suis-moi \u00bb"}]},{"@type":"WebSite","@id":"https:\/\/www.justiceinfo.net\/fr#website","url":"https:\/\/www.justiceinfo.net\/fr","name":"JusticeInfo.net","description":"La justice doit \u00eatre vue pour \u00eatre rendue","publisher":{"@id":"https:\/\/www.justiceinfo.net\/fr#organization"},"potentialAction":[{"@type":"SearchAction","target":{"@type":"EntryPoint","urlTemplate":"https:\/\/www.justiceinfo.net\/fr?s={search_term_string}"},"query-input":{"@type":"PropertyValueSpecification","valueRequired":true,"valueName":"search_term_string"}}],"inLanguage":"fr-FR"},{"@type":"Organization","@id":"https:\/\/www.justiceinfo.net\/fr#organization","name":"Justice Info","url":"https:\/\/www.justiceinfo.net\/fr","logo":{"@type":"ImageObject","inLanguage":"fr-FR","@id":"https:\/\/www.justiceinfo.net\/fr#\/schema\/logo\/image\/","url":"https:\/\/www.justiceinfo.net\/wp-content\/uploads\/justiceinfo_logo-trans_1200x1200px.png","contentUrl":"https:\/\/www.justiceinfo.net\/wp-content\/uploads\/justiceinfo_logo-trans_1200x1200px.png","width":1199,"height":1200,"caption":"Justice Info"},"image":{"@id":"https:\/\/www.justiceinfo.net\/fr#\/schema\/logo\/image\/"},"sameAs":["https:\/\/www.facebook.com\/JusticeInfo\/","https:\/\/x.com\/justiceinfonet","https:\/\/www.linkedin.com\/company\/justice-info","https:\/\/www.youtube.com\/channel\/UCyCEsARodyuWtkWyhn-e7pA"]},{"@type":"Person","name":"Vladyslava Kobko","url":"\/fr\/?s=Vladyslava Kobko"}]}},"_links":{"self":[{"href":"https:\/\/www.justiceinfo.net\/fr\/wp-json\/wp\/v2\/posts\/128776","targetHints":{"allow":["GET"]}}],"collection":[{"href":"https:\/\/www.justiceinfo.net\/fr\/wp-json\/wp\/v2\/posts"}],"about":[{"href":"https:\/\/www.justiceinfo.net\/fr\/wp-json\/wp\/v2\/types\/post"}],"author":[{"embeddable":true,"href":"https:\/\/www.justiceinfo.net\/fr\/wp-json\/wp\/v2\/users\/111"}],"replies":[{"embeddable":true,"href":"https:\/\/www.justiceinfo.net\/fr\/wp-json\/wp\/v2\/comments?post=128776"}],"version-history":[{"count":11,"href":"https:\/\/www.justiceinfo.net\/fr\/wp-json\/wp\/v2\/posts\/128776\/revisions"}],"predecessor-version":[{"id":128825,"href":"https:\/\/www.justiceinfo.net\/fr\/wp-json\/wp\/v2\/posts\/128776\/revisions\/128825"}],"wp:featuredmedia":[{"embeddable":true,"href":"https:\/\/www.justiceinfo.net\/fr\/wp-json\/wp\/v2\/media\/128780"}],"wp:attachment":[{"href":"https:\/\/www.justiceinfo.net\/fr\/wp-json\/wp\/v2\/media?parent=128776"}],"wp:term":[{"taxonomy":"category","embeddable":true,"href":"https:\/\/www.justiceinfo.net\/fr\/wp-json\/wp\/v2\/categories?post=128776"},{"taxonomy":"post_tag","embeddable":true,"href":"https:\/\/www.justiceinfo.net\/fr\/wp-json\/wp\/v2\/tags?post=128776"},{"taxonomy":"ji_location","embeddable":true,"href":"https:\/\/www.justiceinfo.net\/fr\/wp-json\/wp\/v2\/ji_location?post=128776"}],"curies":[{"name":"wp","href":"https:\/\/api.w.org\/{rel}","templated":true}]}}