{"id":12880,"date":"2011-03-25T00:00:00","date_gmt":"2011-03-24T23:00:00","guid":{"rendered":"https:\/\/www.justiceinfo.net\/12880-250311-tpirsynthese-hebdomadaire-peter-erlinder-ne-pourra-pas-plaider-par-video-conference9689.html"},"modified":"2011-03-25T00:00:00","modified_gmt":"2011-03-24T23:00:00","slug":"250311-tpirsynthese-hebdomadaire-peter-erlinder-ne-pourra-pas-plaider-par-video-conference9689","status":"publish","type":"post","link":"https:\/\/www.justiceinfo.net\/fr\/12880-250311-tpirsynthese-hebdomadaire-peter-erlinder-ne-pourra-pas-plaider-par-video-conference9689.html","title":{"rendered":"25.03.11 - TPIR\/SYNTHESE HEBDOMADAIRE - PETER ERLINDER NE POURRA PAS PLAIDER PAR VIDEO-CONFERENCE"},"content":{"rendered":"<p >\n<p >\n<p >\nArusha, 25 mars 2011 (FH) - La chambre d'appel du Tribunal p&eacute;nal international pour le Rwanda (TPIR) a pr&eacute;par&eacute; cette semaine les auditions du proc&egrave;s Militaires I, qui regroupe les cas de trois anciens officiers rwandais. A la Cour P&eacute;nale internationale (CPI), les t&eacute;moins de la d&eacute;fense de Germain Katanga ont commenc&eacute; &agrave; d&eacute;filer &agrave; la barre.\n<\/p>\n<p><!--more--><\/p>\n<p >\n<p >\n<p >\nLes auditions d'appel doivent se d&eacute;rouler du 30 mars au 1er avril. Cependant, on a appris cette semaine que Peter Erlinder, l'avocat am&eacute;ricain de l'un des accus&eacute;s, le major Aloys Ntabakuze, craignait de se rendre &agrave; Arusha pour d&eacute;fendre son client.\n<\/p>\n<p >\n<p >\nPeter Erlinder avait &eacute;t&eacute; arr&ecirc;t&eacute; au Rwanda le 28 mai 2010 alors qu'il venait d&eacute;fendre l'opposante Victoire Ingabire, accus&eacute;e de &quot;n&eacute;gationnisme&quot;. Bri&egrave;vement emprisonn&eacute; lui-m&ecirc;me pour &quot;n&eacute;gation du g&eacute;nocide&quot;, il avait &eacute;t&eacute; rel&acirc;ch&eacute; sous caution pour &quot;raisons m&eacute;dicales&quot;. Les autorit&eacute;s rwandaises avaient cependant pr&eacute;cis&eacute; qu'il pourrait &ecirc;tre convoqu&eacute; par la justice &agrave; tout\n<\/p>\n<p >\nmoment, pr&eacute;cisant qu'elles utiliseraient Interpol s'il refusait de r&eacute;pondre &agrave; une convocation. Dans ce contexte, Aloys Ntabakuze avait d&eacute;pos&eacute; une requ&ecirc;te afin que son avocat puisse plaider depuis les Etats-Unis par vid&eacute;o-conf&eacute;rence. La chambre a rejet&eacute; cette demande.\n<\/p>\n<p >\n<p >\nPar ailleurs, le TPIR a pr&eacute;cis&eacute; cette semaine que les &quot;d&eacute;positions sp&eacute;ciales&quot; qui allaient &ecirc;tre recueillies pour pr&eacute;server les preuves dans le cas de plusieurs accus&eacute;s en fuite n'avaient rien &agrave; voir avec un proc&egrave;s par contumace.&nbsp; &nbsp;\n<\/p>\n<p >\nLe tribunal a pr&eacute;cis&eacute; que le juge unique pr&eacute;sidant les proc&eacute;dures de d&eacute;positions n'avaient pas le pouvoir de rendre un verdict, ni m&ecirc;me celui de statuer sur la validit&eacute; des preuves.\n<\/p>\n<p >\nEnfin, l'ex-ministre de la Jeunesse Callixte Nzabonimana a continu&eacute; la pr&eacute;sentation de sa d&eacute;fense, avec l'audition de trois t&eacute;moins dont le responsable des enqu&ecirc;tes de l'&eacute;quipe de d&eacute;fense, Fernand Batard. Ce dernier a notamment expliqu&eacute; qu'il &eacute;tait tr&egrave;s difficile de trouver des t&eacute;moins pr&ecirc;ts &agrave; venir &agrave; la barre, tant leur peur de repr&eacute;sailles de la part des autorit&eacute;s rwandaises &eacute;tait grande.\n<\/p>\n<p >\nA la Cour p&eacute;nale internationale (CPI) de La Haye, Germain Katanga a commenc&eacute; sa d&eacute;fense en appelant &agrave; la barre son fr&egrave;re Jonathan Bubachu Baguma.\n<\/p>\n<p >\nFK\/NI\/GF\n<\/p>\n<p>\n&copy; Agence Hirondelle<\/p>\n","protected":false},"excerpt":{"rendered":"<p>Arusha, 25 mars 2011 (FH) - La chambre d'appel du Tribunal p&eacute;nal international pour le Rwanda (TPIR) a pr&eacute;par&eacute; cette semaine les auditions du proc&egrave;s Militaires I, qui regroupe les cas de trois anciens officiers rwandais. A la Cour P&eacute;nale internationale (CPI), les t&eacute;moins de la d&eacute;fense de Germain Katanga ont commenc&eacute; &agrave; d&eacute;filer &agrave; [&hellip;]<\/p>\n","protected":false},"author":64,"featured_media":0,"comment_status":"open","ping_status":"closed","sticky":false,"template":"","format":"standard","meta":{"_acf_changed":false,"footnotes":""},"categories":[554],"tags":[],"ji_location":[],"class_list":["post-12880","post","type-post","status-publish","format-standard","hentry","category-hirondellenews"],"acf":[],"yoast_head":"<!-- This site is optimized with the Yoast SEO Premium plugin v25.3.1 (Yoast SEO v25.3.1) - https:\/\/yoast.com\/wordpress\/plugins\/seo\/ -->\n<title>25.03.11 - TPIR\/SYNTHESE HEBDOMADAIRE - PETER ERLINDER NE POURRA PAS PLAIDER PAR VIDEO-CONFERENCE - JusticeInfo.net<\/title>\n<meta name=\"robots\" content=\"index, follow, max-snippet:-1, max-image-preview:large, max-video-preview:-1\" \/>\n<link rel=\"canonical\" href=\"https:\/\/www.justiceinfo.net\/fr\/12880-250311-tpirsynthese-hebdomadaire-peter-erlinder-ne-pourra-pas-plaider-par-video-conference9689.html\" \/>\n<meta property=\"og:locale\" content=\"fr_FR\" \/>\n<meta property=\"og:type\" content=\"article\" \/>\n<meta property=\"og:title\" content=\"25.03.11 - TPIR\/SYNTHESE HEBDOMADAIRE - PETER ERLINDER NE POURRA PAS PLAIDER PAR VIDEO-CONFERENCE\" \/>\n<meta property=\"og:description\" content=\"Arusha, 25 mars 2011 (FH) - La chambre d&#039;appel du Tribunal p&eacute;nal international pour le Rwanda (TPIR) a pr&eacute;par&eacute; cette semaine les auditions du proc&egrave;s Militaires I, qui regroupe les cas de trois anciens officiers rwandais. A la Cour P&eacute;nale internationale (CPI), les t&eacute;moins de la d&eacute;fense de Germain Katanga ont commenc&eacute; &agrave; d&eacute;filer &agrave; [&hellip;]\" \/>\n<meta property=\"og:url\" content=\"https:\/\/www.justiceinfo.net\/fr\/12880-250311-tpirsynthese-hebdomadaire-peter-erlinder-ne-pourra-pas-plaider-par-video-conference9689.html\" \/>\n<meta property=\"og:site_name\" content=\"JusticeInfo.net\" \/>\n<meta property=\"article:publisher\" content=\"https:\/\/www.facebook.com\/JusticeInfo\/\" \/>\n<meta property=\"article:published_time\" content=\"2011-03-24T23:00:00+00:00\" \/>\n<meta property=\"og:image\" content=\"https:\/\/www.justiceinfo.net\/wp-content\/uploads\/JusticeInfoNet_logo_1200x630px.jpg\" \/>\n\t<meta property=\"og:image:width\" content=\"1200\" \/>\n\t<meta property=\"og:image:height\" content=\"630\" \/>\n\t<meta property=\"og:image:type\" content=\"image\/jpeg\" \/>\n<meta name=\"author\" content=\"solivri\" \/>\n<meta name=\"twitter:card\" content=\"summary_large_image\" \/>\n<meta name=\"twitter:creator\" content=\"@justiceinfonet\" \/>\n<meta name=\"twitter:site\" content=\"@justiceinfonet\" \/>\n<meta name=\"twitter:label1\" content=\"\u00c9crit par\" \/>\n\t<meta name=\"twitter:data1\" content=\"solivri\" \/>\n\t<meta name=\"twitter:label2\" content=\"Dur\u00e9e de lecture estim\u00e9e\" \/>\n\t<meta name=\"twitter:data2\" content=\"2 minutes\" \/>\n<script type=\"application\/ld+json\" class=\"yoast-schema-graph\">{\"@context\":\"https:\/\/schema.org\",\"@graph\":[{\"@type\":\"NewsArticle\",\"@id\":\"https:\/\/www.justiceinfo.net\/fr\/12880-250311-tpirsynthese-hebdomadaire-peter-erlinder-ne-pourra-pas-plaider-par-video-conference9689.html#article\",\"isPartOf\":{\"@id\":\"https:\/\/www.justiceinfo.net\/fr\/12880-250311-tpirsynthese-hebdomadaire-peter-erlinder-ne-pourra-pas-plaider-par-video-conference9689.html\"},\"author\":{\"name\":\"solivri\",\"@id\":\"https:\/\/www.justiceinfo.net\/fr#\/schema\/person\/6e53cba1629e2e66f3fc1821d3091865\"},\"headline\":\"25.03.11 - TPIR\/SYNTHESE HEBDOMADAIRE - PETER ERLINDER NE POURRA PAS PLAIDER PAR VIDEO-CONFERENCE\",\"datePublished\":\"2011-03-24T23:00:00+00:00\",\"mainEntityOfPage\":{\"@id\":\"https:\/\/www.justiceinfo.net\/fr\/12880-250311-tpirsynthese-hebdomadaire-peter-erlinder-ne-pourra-pas-plaider-par-video-conference9689.html\"},\"wordCount\":512,\"commentCount\":0,\"publisher\":{\"@id\":\"https:\/\/www.justiceinfo.net\/fr#organization\"},\"articleSection\":[\"Hirondelle News\"],\"inLanguage\":\"fr-FR\",\"potentialAction\":[{\"@type\":\"CommentAction\",\"name\":\"Comment\",\"target\":[\"https:\/\/www.justiceinfo.net\/fr\/12880-250311-tpirsynthese-hebdomadaire-peter-erlinder-ne-pourra-pas-plaider-par-video-conference9689.html#respond\"]}]},{\"@type\":\"WebPage\",\"@id\":\"https:\/\/www.justiceinfo.net\/fr\/12880-250311-tpirsynthese-hebdomadaire-peter-erlinder-ne-pourra-pas-plaider-par-video-conference9689.html\",\"url\":\"https:\/\/www.justiceinfo.net\/fr\/12880-250311-tpirsynthese-hebdomadaire-peter-erlinder-ne-pourra-pas-plaider-par-video-conference9689.html\",\"name\":\"25.03.11 - TPIR\/SYNTHESE HEBDOMADAIRE - PETER ERLINDER NE POURRA PAS PLAIDER PAR VIDEO-CONFERENCE - JusticeInfo.net\",\"isPartOf\":{\"@id\":\"https:\/\/www.justiceinfo.net\/fr#website\"},\"datePublished\":\"2011-03-24T23:00:00+00:00\",\"breadcrumb\":{\"@id\":\"https:\/\/www.justiceinfo.net\/fr\/12880-250311-tpirsynthese-hebdomadaire-peter-erlinder-ne-pourra-pas-plaider-par-video-conference9689.html#breadcrumb\"},\"inLanguage\":\"fr-FR\",\"potentialAction\":[{\"@type\":\"ReadAction\",\"target\":[\"https:\/\/www.justiceinfo.net\/fr\/12880-250311-tpirsynthese-hebdomadaire-peter-erlinder-ne-pourra-pas-plaider-par-video-conference9689.html\"]}]},{\"@type\":\"BreadcrumbList\",\"@id\":\"https:\/\/www.justiceinfo.net\/fr\/12880-250311-tpirsynthese-hebdomadaire-peter-erlinder-ne-pourra-pas-plaider-par-video-conference9689.html#breadcrumb\",\"itemListElement\":[{\"@type\":\"ListItem\",\"position\":1,\"name\":\"Home\",\"item\":\"https:\/\/www.justiceinfo.net\/fr\"},{\"@type\":\"ListItem\",\"position\":2,\"name\":\"25.03.11 - TPIR\/SYNTHESE HEBDOMADAIRE - PETER ERLINDER NE POURRA PAS PLAIDER PAR VIDEO-CONFERENCE\"}]},{\"@type\":\"WebSite\",\"@id\":\"https:\/\/www.justiceinfo.net\/fr#website\",\"url\":\"https:\/\/www.justiceinfo.net\/fr\",\"name\":\"JusticeInfo.net\",\"description\":\"La justice doit \u00eatre vue pour \u00eatre rendue\",\"publisher\":{\"@id\":\"https:\/\/www.justiceinfo.net\/fr#organization\"},\"potentialAction\":[{\"@type\":\"SearchAction\",\"target\":{\"@type\":\"EntryPoint\",\"urlTemplate\":\"https:\/\/www.justiceinfo.net\/fr?s={search_term_string}\"},\"query-input\":{\"@type\":\"PropertyValueSpecification\",\"valueRequired\":true,\"valueName\":\"search_term_string\"}}],\"inLanguage\":\"fr-FR\"},{\"@type\":\"Organization\",\"@id\":\"https:\/\/www.justiceinfo.net\/fr#organization\",\"name\":\"Justice Info\",\"url\":\"https:\/\/www.justiceinfo.net\/fr\",\"logo\":{\"@type\":\"ImageObject\",\"inLanguage\":\"fr-FR\",\"@id\":\"https:\/\/www.justiceinfo.net\/fr#\/schema\/logo\/image\/\",\"url\":\"https:\/\/www.justiceinfo.net\/wp-content\/uploads\/justiceinfo_logo-trans_1200x1200px.png\",\"contentUrl\":\"https:\/\/www.justiceinfo.net\/wp-content\/uploads\/justiceinfo_logo-trans_1200x1200px.png\",\"width\":1199,\"height\":1200,\"caption\":\"Justice Info\"},\"image\":{\"@id\":\"https:\/\/www.justiceinfo.net\/fr#\/schema\/logo\/image\/\"},\"sameAs\":[\"https:\/\/www.facebook.com\/JusticeInfo\/\",\"https:\/\/x.com\/justiceinfonet\",\"https:\/\/www.linkedin.com\/company\/justice-info\",\"https:\/\/www.youtube.com\/channel\/UCyCEsARodyuWtkWyhn-e7pA\"]},{\"@type\":\"Person\",\"name\":\"solivri\",\"url\":\"\/fr\/?s=solivri\"}]}<\/script>\n<!-- \/ Yoast SEO Premium plugin. -->","yoast_head_json":{"title":"25.03.11 - TPIR\/SYNTHESE HEBDOMADAIRE - PETER ERLINDER NE POURRA PAS PLAIDER PAR VIDEO-CONFERENCE - JusticeInfo.net","robots":{"index":"index","follow":"follow","max-snippet":"max-snippet:-1","max-image-preview":"max-image-preview:large","max-video-preview":"max-video-preview:-1"},"canonical":"https:\/\/www.justiceinfo.net\/fr\/12880-250311-tpirsynthese-hebdomadaire-peter-erlinder-ne-pourra-pas-plaider-par-video-conference9689.html","og_locale":"fr_FR","og_type":"article","og_title":"25.03.11 - TPIR\/SYNTHESE HEBDOMADAIRE - PETER ERLINDER NE POURRA PAS PLAIDER PAR VIDEO-CONFERENCE","og_description":"Arusha, 25 mars 2011 (FH) - La chambre d'appel du Tribunal p&eacute;nal international pour le Rwanda (TPIR) a pr&eacute;par&eacute; cette semaine les auditions du proc&egrave;s Militaires I, qui regroupe les cas de trois anciens officiers rwandais. A la Cour P&eacute;nale internationale (CPI), les t&eacute;moins de la d&eacute;fense de Germain Katanga ont commenc&eacute; &agrave; d&eacute;filer &agrave; [&hellip;]","og_url":"https:\/\/www.justiceinfo.net\/fr\/12880-250311-tpirsynthese-hebdomadaire-peter-erlinder-ne-pourra-pas-plaider-par-video-conference9689.html","og_site_name":"JusticeInfo.net","article_publisher":"https:\/\/www.facebook.com\/JusticeInfo\/","article_published_time":"2011-03-24T23:00:00+00:00","og_image":[{"width":1200,"height":630,"url":"https:\/\/www.justiceinfo.net\/wp-content\/uploads\/JusticeInfoNet_logo_1200x630px.jpg","type":"image\/jpeg"}],"author":"solivri","twitter_card":"summary_large_image","twitter_creator":"@justiceinfonet","twitter_site":"@justiceinfonet","twitter_misc":{"\u00c9crit par":"solivri","Dur\u00e9e de lecture estim\u00e9e":"2 minutes"},"schema":{"@context":"https:\/\/schema.org","@graph":[{"@type":"NewsArticle","@id":"https:\/\/www.justiceinfo.net\/fr\/12880-250311-tpirsynthese-hebdomadaire-peter-erlinder-ne-pourra-pas-plaider-par-video-conference9689.html#article","isPartOf":{"@id":"https:\/\/www.justiceinfo.net\/fr\/12880-250311-tpirsynthese-hebdomadaire-peter-erlinder-ne-pourra-pas-plaider-par-video-conference9689.html"},"author":{"name":"solivri","@id":"https:\/\/www.justiceinfo.net\/fr#\/schema\/person\/6e53cba1629e2e66f3fc1821d3091865"},"headline":"25.03.11 - TPIR\/SYNTHESE HEBDOMADAIRE - PETER ERLINDER NE POURRA PAS PLAIDER PAR VIDEO-CONFERENCE","datePublished":"2011-03-24T23:00:00+00:00","mainEntityOfPage":{"@id":"https:\/\/www.justiceinfo.net\/fr\/12880-250311-tpirsynthese-hebdomadaire-peter-erlinder-ne-pourra-pas-plaider-par-video-conference9689.html"},"wordCount":512,"commentCount":0,"publisher":{"@id":"https:\/\/www.justiceinfo.net\/fr#organization"},"articleSection":["Hirondelle News"],"inLanguage":"fr-FR","potentialAction":[{"@type":"CommentAction","name":"Comment","target":["https:\/\/www.justiceinfo.net\/fr\/12880-250311-tpirsynthese-hebdomadaire-peter-erlinder-ne-pourra-pas-plaider-par-video-conference9689.html#respond"]}]},{"@type":"WebPage","@id":"https:\/\/www.justiceinfo.net\/fr\/12880-250311-tpirsynthese-hebdomadaire-peter-erlinder-ne-pourra-pas-plaider-par-video-conference9689.html","url":"https:\/\/www.justiceinfo.net\/fr\/12880-250311-tpirsynthese-hebdomadaire-peter-erlinder-ne-pourra-pas-plaider-par-video-conference9689.html","name":"25.03.11 - TPIR\/SYNTHESE HEBDOMADAIRE - PETER ERLINDER NE POURRA PAS PLAIDER PAR VIDEO-CONFERENCE - JusticeInfo.net","isPartOf":{"@id":"https:\/\/www.justiceinfo.net\/fr#website"},"datePublished":"2011-03-24T23:00:00+00:00","breadcrumb":{"@id":"https:\/\/www.justiceinfo.net\/fr\/12880-250311-tpirsynthese-hebdomadaire-peter-erlinder-ne-pourra-pas-plaider-par-video-conference9689.html#breadcrumb"},"inLanguage":"fr-FR","potentialAction":[{"@type":"ReadAction","target":["https:\/\/www.justiceinfo.net\/fr\/12880-250311-tpirsynthese-hebdomadaire-peter-erlinder-ne-pourra-pas-plaider-par-video-conference9689.html"]}]},{"@type":"BreadcrumbList","@id":"https:\/\/www.justiceinfo.net\/fr\/12880-250311-tpirsynthese-hebdomadaire-peter-erlinder-ne-pourra-pas-plaider-par-video-conference9689.html#breadcrumb","itemListElement":[{"@type":"ListItem","position":1,"name":"Home","item":"https:\/\/www.justiceinfo.net\/fr"},{"@type":"ListItem","position":2,"name":"25.03.11 - TPIR\/SYNTHESE HEBDOMADAIRE - PETER ERLINDER NE POURRA PAS PLAIDER PAR VIDEO-CONFERENCE"}]},{"@type":"WebSite","@id":"https:\/\/www.justiceinfo.net\/fr#website","url":"https:\/\/www.justiceinfo.net\/fr","name":"JusticeInfo.net","description":"La justice doit \u00eatre vue pour \u00eatre rendue","publisher":{"@id":"https:\/\/www.justiceinfo.net\/fr#organization"},"potentialAction":[{"@type":"SearchAction","target":{"@type":"EntryPoint","urlTemplate":"https:\/\/www.justiceinfo.net\/fr?s={search_term_string}"},"query-input":{"@type":"PropertyValueSpecification","valueRequired":true,"valueName":"search_term_string"}}],"inLanguage":"fr-FR"},{"@type":"Organization","@id":"https:\/\/www.justiceinfo.net\/fr#organization","name":"Justice Info","url":"https:\/\/www.justiceinfo.net\/fr","logo":{"@type":"ImageObject","inLanguage":"fr-FR","@id":"https:\/\/www.justiceinfo.net\/fr#\/schema\/logo\/image\/","url":"https:\/\/www.justiceinfo.net\/wp-content\/uploads\/justiceinfo_logo-trans_1200x1200px.png","contentUrl":"https:\/\/www.justiceinfo.net\/wp-content\/uploads\/justiceinfo_logo-trans_1200x1200px.png","width":1199,"height":1200,"caption":"Justice Info"},"image":{"@id":"https:\/\/www.justiceinfo.net\/fr#\/schema\/logo\/image\/"},"sameAs":["https:\/\/www.facebook.com\/JusticeInfo\/","https:\/\/x.com\/justiceinfonet","https:\/\/www.linkedin.com\/company\/justice-info","https:\/\/www.youtube.com\/channel\/UCyCEsARodyuWtkWyhn-e7pA"]},{"@type":"Person","name":"solivri","url":"\/fr\/?s=solivri"}]}},"_links":{"self":[{"href":"https:\/\/www.justiceinfo.net\/fr\/wp-json\/wp\/v2\/posts\/12880","targetHints":{"allow":["GET"]}}],"collection":[{"href":"https:\/\/www.justiceinfo.net\/fr\/wp-json\/wp\/v2\/posts"}],"about":[{"href":"https:\/\/www.justiceinfo.net\/fr\/wp-json\/wp\/v2\/types\/post"}],"author":[{"embeddable":true,"href":"https:\/\/www.justiceinfo.net\/fr\/wp-json\/wp\/v2\/users\/64"}],"replies":[{"embeddable":true,"href":"https:\/\/www.justiceinfo.net\/fr\/wp-json\/wp\/v2\/comments?post=12880"}],"version-history":[{"count":0,"href":"https:\/\/www.justiceinfo.net\/fr\/wp-json\/wp\/v2\/posts\/12880\/revisions"}],"wp:attachment":[{"href":"https:\/\/www.justiceinfo.net\/fr\/wp-json\/wp\/v2\/media?parent=12880"}],"wp:term":[{"taxonomy":"category","embeddable":true,"href":"https:\/\/www.justiceinfo.net\/fr\/wp-json\/wp\/v2\/categories?post=12880"},{"taxonomy":"post_tag","embeddable":true,"href":"https:\/\/www.justiceinfo.net\/fr\/wp-json\/wp\/v2\/tags?post=12880"},{"taxonomy":"ji_location","embeddable":true,"href":"https:\/\/www.justiceinfo.net\/fr\/wp-json\/wp\/v2\/ji_location?post=12880"}],"curies":[{"name":"wp","href":"https:\/\/api.w.org\/{rel}","templated":true}]}}