{"id":12882,"date":"2011-03-28T00:00:00","date_gmt":"2011-03-27T22:00:00","guid":{"rendered":"https:\/\/www.justiceinfo.net\/12882-280311-rwandajustice-un-riche-homme-daffaires-renvoye-devant-la-justice-pour-genocide9691.html"},"modified":"2011-03-28T00:00:00","modified_gmt":"2011-03-27T22:00:00","slug":"280311-rwandajustice-un-riche-homme-daffaires-renvoye-devant-la-justice-pour-genocide9691","status":"publish","type":"post","link":"https:\/\/www.justiceinfo.net\/fr\/12882-280311-rwandajustice-un-riche-homme-daffaires-renvoye-devant-la-justice-pour-genocide9691.html","title":{"rendered":"28.03.11 - RWANDA\/JUSTICE - UN RICHE HOMME D'AFFAIRES RENVOYE DEVANT LA JUSTICE POUR GENOCIDE"},"content":{"rendered":"<p>\nKigali, 28 mars 2011 (FH) - Un c&eacute;l&egrave;bre homme d'affaires du sud du Rwanda, Isaac Munyagasheke, 82 ans, sera jug&eacute; &agrave; partir du 5 avril prochain devant un tribunal classique de son pays, pour son r&ocirc;le pr&eacute;sum&eacute; dans le g&eacute;nocide des Tutsis de 1994, apprend-on lundi.\n<\/p>\n<p><!--more--><\/p>\n<p >\nUne des plus grosses fortunes de la cit&eacute; universitaire de Butare en 1994, Munyagasheke est accus&eacute; d'avoir particip&eacute;, aux c&ocirc;t&eacute;s de hauts responsables civils et militaires, &agrave; la planification des massacres de Tutsis dans cette ville du sud du Rwanda.\n<\/p>\n<p >\n<p >\nEn particulier, Munyagasheke est accus&eacute; d'avoir d&eacute;ploy&eacute; des jeunes pour piller les biens des commer&ccedil;ants d'ethnie tutsie de Butare. Le procureur lui reproche &eacute;galement d'avoir distribu&eacute; des machettes aux miliciens, et transform&eacute; son domicile en quartier g&eacute;n&eacute;ral des auteurs de viols et autres s&eacute;vices sexuels.\n<\/p>\n<p >\n<p >\nAu lendemain du g&eacute;nocide, il s'&eacute;tait r&eacute;fugi&eacute; au Kenya. Rentr&eacute; au Rwanda, il a &eacute;t&eacute; arr&ecirc;t&eacute; en f&eacute;vrier 2010, puis jug&eacute; et condamn&eacute; &agrave; la prison &agrave; vie par un tribunal populaire gacaca de Butare. Apr&egrave;s qu'il eut demand&eacute; un proc&egrave;s en r&eacute;vision, la justice gacaca a d&eacute;cid&eacute; de le renvoyer devant une juridiction classique.\n<\/p>\n<p >\n<p >\nPlusieurs rescap&eacute;s de Butare ont d&eacute;cid&eacute; de se constituer parties civiles au prochain proc&egrave;s de l'homme d'affaires devant le tribunal de grande instance de Huye.\n<\/p>\n<p >\n<p >\nParmi les responsables avec qui Isaac Munyagasheke aurait organis&eacute; le g&eacute;nocide, l'acte d'accusation mentionne l'ex-ministre de la Famille et de la promotion f&eacute;minine Pauline Nyiramasuhuko, la seule femme d&eacute;tenue par le Tribunal p&eacute;nal international pour le Rwanda (TPIR) bas&eacute; &agrave; Arusha, dans le nord de la Tanzanie. L'ex-ministre attend encore le verdict.\n<\/p>\n<p >\nEst &eacute;galement cit&eacute; parmi les complices pr&eacute;sum&eacute;s de l'accus&eacute;, le lieutenant-colonel Tharcisse Muvunyi condamn&eacute; par le TPIR &agrave; 15 ans de prison et qui attend l'arr&ecirc;t de la chambre d'appel vendredi.\n<\/p>\n<p >\nUn des fils de Isaac Munyagasheke, D&eacute;sir&eacute; Munyaneza, exil&eacute; au Canada, a &eacute;t&eacute; jug&eacute; dans ce pays et condamn&eacute; &agrave; la prison sans possibilit&eacute; de lib&eacute;ration conditionnelle avant 25 ans de r&eacute;clusion.\n<\/p>\n<p >\nSRE-ER\/GF\n<\/p>\n<p>\n&copy; Agence Hirondelle<\/p>\n","protected":false},"excerpt":{"rendered":"<p>Kigali, 28 mars 2011 (FH) - Un c&eacute;l&egrave;bre homme d'affaires du sud du Rwanda, Isaac Munyagasheke, 82 ans, sera jug&eacute; &agrave; partir du 5 avril prochain devant un tribunal classique de son pays, pour son r&ocirc;le pr&eacute;sum&eacute; dans le g&eacute;nocide des Tutsis de 1994, apprend-on lundi.<\/p>\n","protected":false},"author":64,"featured_media":0,"comment_status":"open","ping_status":"closed","sticky":false,"template":"","format":"standard","meta":{"_acf_changed":false,"footnotes":""},"categories":[554],"tags":[],"ji_location":[],"class_list":["post-12882","post","type-post","status-publish","format-standard","hentry","category-hirondellenews"],"acf":[],"yoast_head":"<!-- This site is optimized with the Yoast SEO Premium plugin v25.3.1 (Yoast SEO v25.3.1) - https:\/\/yoast.com\/wordpress\/plugins\/seo\/ -->\n<title>28.03.11 - RWANDA\/JUSTICE - UN RICHE HOMME D&#039;AFFAIRES RENVOYE DEVANT LA JUSTICE POUR GENOCIDE - JusticeInfo.net<\/title>\n<meta name=\"robots\" content=\"index, follow, max-snippet:-1, max-image-preview:large, max-video-preview:-1\" \/>\n<link rel=\"canonical\" href=\"https:\/\/www.justiceinfo.net\/fr\/12882-280311-rwandajustice-un-riche-homme-daffaires-renvoye-devant-la-justice-pour-genocide9691.html\" \/>\n<meta property=\"og:locale\" content=\"fr_FR\" \/>\n<meta property=\"og:type\" content=\"article\" \/>\n<meta property=\"og:title\" content=\"28.03.11 - RWANDA\/JUSTICE - UN RICHE HOMME D&#039;AFFAIRES RENVOYE DEVANT LA JUSTICE POUR GENOCIDE\" \/>\n<meta property=\"og:description\" content=\"Kigali, 28 mars 2011 (FH) - Un c&eacute;l&egrave;bre homme d&#039;affaires du sud du Rwanda, Isaac Munyagasheke, 82 ans, sera jug&eacute; &agrave; partir du 5 avril prochain devant un tribunal classique de son pays, pour son r&ocirc;le pr&eacute;sum&eacute; dans le g&eacute;nocide des Tutsis de 1994, apprend-on lundi.\" \/>\n<meta property=\"og:url\" content=\"https:\/\/www.justiceinfo.net\/fr\/12882-280311-rwandajustice-un-riche-homme-daffaires-renvoye-devant-la-justice-pour-genocide9691.html\" \/>\n<meta property=\"og:site_name\" content=\"JusticeInfo.net\" \/>\n<meta property=\"article:publisher\" content=\"https:\/\/www.facebook.com\/JusticeInfo\/\" \/>\n<meta property=\"article:published_time\" content=\"2011-03-27T22:00:00+00:00\" \/>\n<meta property=\"og:image\" content=\"https:\/\/www.justiceinfo.net\/wp-content\/uploads\/JusticeInfoNet_logo_1200x630px.jpg\" \/>\n\t<meta property=\"og:image:width\" content=\"1200\" \/>\n\t<meta property=\"og:image:height\" content=\"630\" \/>\n\t<meta property=\"og:image:type\" content=\"image\/jpeg\" \/>\n<meta name=\"author\" content=\"solivri\" \/>\n<meta name=\"twitter:card\" content=\"summary_large_image\" \/>\n<meta name=\"twitter:creator\" content=\"@justiceinfonet\" \/>\n<meta name=\"twitter:site\" content=\"@justiceinfonet\" \/>\n<meta name=\"twitter:label1\" content=\"\u00c9crit par\" \/>\n\t<meta name=\"twitter:data1\" content=\"solivri\" \/>\n\t<meta name=\"twitter:label2\" content=\"Dur\u00e9e de lecture estim\u00e9e\" \/>\n\t<meta name=\"twitter:data2\" content=\"2 minutes\" \/>\n<script type=\"application\/ld+json\" class=\"yoast-schema-graph\">{\"@context\":\"https:\/\/schema.org\",\"@graph\":[{\"@type\":\"NewsArticle\",\"@id\":\"https:\/\/www.justiceinfo.net\/fr\/12882-280311-rwandajustice-un-riche-homme-daffaires-renvoye-devant-la-justice-pour-genocide9691.html#article\",\"isPartOf\":{\"@id\":\"https:\/\/www.justiceinfo.net\/fr\/12882-280311-rwandajustice-un-riche-homme-daffaires-renvoye-devant-la-justice-pour-genocide9691.html\"},\"author\":{\"name\":\"solivri\",\"@id\":\"https:\/\/www.justiceinfo.net\/fr#\/schema\/person\/6e53cba1629e2e66f3fc1821d3091865\"},\"headline\":\"28.03.11 - RWANDA\/JUSTICE - UN RICHE HOMME D'AFFAIRES RENVOYE DEVANT LA JUSTICE POUR GENOCIDE\",\"datePublished\":\"2011-03-27T22:00:00+00:00\",\"mainEntityOfPage\":{\"@id\":\"https:\/\/www.justiceinfo.net\/fr\/12882-280311-rwandajustice-un-riche-homme-daffaires-renvoye-devant-la-justice-pour-genocide9691.html\"},\"wordCount\":453,\"commentCount\":0,\"publisher\":{\"@id\":\"https:\/\/www.justiceinfo.net\/fr#organization\"},\"articleSection\":[\"Hirondelle News\"],\"inLanguage\":\"fr-FR\",\"potentialAction\":[{\"@type\":\"CommentAction\",\"name\":\"Comment\",\"target\":[\"https:\/\/www.justiceinfo.net\/fr\/12882-280311-rwandajustice-un-riche-homme-daffaires-renvoye-devant-la-justice-pour-genocide9691.html#respond\"]}]},{\"@type\":\"WebPage\",\"@id\":\"https:\/\/www.justiceinfo.net\/fr\/12882-280311-rwandajustice-un-riche-homme-daffaires-renvoye-devant-la-justice-pour-genocide9691.html\",\"url\":\"https:\/\/www.justiceinfo.net\/fr\/12882-280311-rwandajustice-un-riche-homme-daffaires-renvoye-devant-la-justice-pour-genocide9691.html\",\"name\":\"28.03.11 - RWANDA\/JUSTICE - UN RICHE HOMME D'AFFAIRES RENVOYE DEVANT LA JUSTICE POUR GENOCIDE - JusticeInfo.net\",\"isPartOf\":{\"@id\":\"https:\/\/www.justiceinfo.net\/fr#website\"},\"datePublished\":\"2011-03-27T22:00:00+00:00\",\"breadcrumb\":{\"@id\":\"https:\/\/www.justiceinfo.net\/fr\/12882-280311-rwandajustice-un-riche-homme-daffaires-renvoye-devant-la-justice-pour-genocide9691.html#breadcrumb\"},\"inLanguage\":\"fr-FR\",\"potentialAction\":[{\"@type\":\"ReadAction\",\"target\":[\"https:\/\/www.justiceinfo.net\/fr\/12882-280311-rwandajustice-un-riche-homme-daffaires-renvoye-devant-la-justice-pour-genocide9691.html\"]}]},{\"@type\":\"BreadcrumbList\",\"@id\":\"https:\/\/www.justiceinfo.net\/fr\/12882-280311-rwandajustice-un-riche-homme-daffaires-renvoye-devant-la-justice-pour-genocide9691.html#breadcrumb\",\"itemListElement\":[{\"@type\":\"ListItem\",\"position\":1,\"name\":\"Home\",\"item\":\"https:\/\/www.justiceinfo.net\/fr\"},{\"@type\":\"ListItem\",\"position\":2,\"name\":\"28.03.11 - RWANDA\/JUSTICE - UN RICHE HOMME D'AFFAIRES RENVOYE DEVANT LA JUSTICE POUR GENOCIDE\"}]},{\"@type\":\"WebSite\",\"@id\":\"https:\/\/www.justiceinfo.net\/fr#website\",\"url\":\"https:\/\/www.justiceinfo.net\/fr\",\"name\":\"JusticeInfo.net\",\"description\":\"La justice doit \u00eatre vue pour \u00eatre rendue\",\"publisher\":{\"@id\":\"https:\/\/www.justiceinfo.net\/fr#organization\"},\"potentialAction\":[{\"@type\":\"SearchAction\",\"target\":{\"@type\":\"EntryPoint\",\"urlTemplate\":\"https:\/\/www.justiceinfo.net\/fr?s={search_term_string}\"},\"query-input\":{\"@type\":\"PropertyValueSpecification\",\"valueRequired\":true,\"valueName\":\"search_term_string\"}}],\"inLanguage\":\"fr-FR\"},{\"@type\":\"Organization\",\"@id\":\"https:\/\/www.justiceinfo.net\/fr#organization\",\"name\":\"Justice Info\",\"url\":\"https:\/\/www.justiceinfo.net\/fr\",\"logo\":{\"@type\":\"ImageObject\",\"inLanguage\":\"fr-FR\",\"@id\":\"https:\/\/www.justiceinfo.net\/fr#\/schema\/logo\/image\/\",\"url\":\"https:\/\/www.justiceinfo.net\/wp-content\/uploads\/justiceinfo_logo-trans_1200x1200px.png\",\"contentUrl\":\"https:\/\/www.justiceinfo.net\/wp-content\/uploads\/justiceinfo_logo-trans_1200x1200px.png\",\"width\":1199,\"height\":1200,\"caption\":\"Justice Info\"},\"image\":{\"@id\":\"https:\/\/www.justiceinfo.net\/fr#\/schema\/logo\/image\/\"},\"sameAs\":[\"https:\/\/www.facebook.com\/JusticeInfo\/\",\"https:\/\/x.com\/justiceinfonet\",\"https:\/\/www.linkedin.com\/company\/justice-info\",\"https:\/\/www.youtube.com\/channel\/UCyCEsARodyuWtkWyhn-e7pA\"]},{\"@type\":\"Person\",\"name\":\"solivri\",\"url\":\"\/fr\/?s=solivri\"}]}<\/script>\n<!-- \/ Yoast SEO Premium plugin. -->","yoast_head_json":{"title":"28.03.11 - RWANDA\/JUSTICE - UN RICHE HOMME D'AFFAIRES RENVOYE DEVANT LA JUSTICE POUR GENOCIDE - JusticeInfo.net","robots":{"index":"index","follow":"follow","max-snippet":"max-snippet:-1","max-image-preview":"max-image-preview:large","max-video-preview":"max-video-preview:-1"},"canonical":"https:\/\/www.justiceinfo.net\/fr\/12882-280311-rwandajustice-un-riche-homme-daffaires-renvoye-devant-la-justice-pour-genocide9691.html","og_locale":"fr_FR","og_type":"article","og_title":"28.03.11 - RWANDA\/JUSTICE - UN RICHE HOMME D'AFFAIRES RENVOYE DEVANT LA JUSTICE POUR GENOCIDE","og_description":"Kigali, 28 mars 2011 (FH) - Un c&eacute;l&egrave;bre homme d'affaires du sud du Rwanda, Isaac Munyagasheke, 82 ans, sera jug&eacute; &agrave; partir du 5 avril prochain devant un tribunal classique de son pays, pour son r&ocirc;le pr&eacute;sum&eacute; dans le g&eacute;nocide des Tutsis de 1994, apprend-on lundi.","og_url":"https:\/\/www.justiceinfo.net\/fr\/12882-280311-rwandajustice-un-riche-homme-daffaires-renvoye-devant-la-justice-pour-genocide9691.html","og_site_name":"JusticeInfo.net","article_publisher":"https:\/\/www.facebook.com\/JusticeInfo\/","article_published_time":"2011-03-27T22:00:00+00:00","og_image":[{"width":1200,"height":630,"url":"https:\/\/www.justiceinfo.net\/wp-content\/uploads\/JusticeInfoNet_logo_1200x630px.jpg","type":"image\/jpeg"}],"author":"solivri","twitter_card":"summary_large_image","twitter_creator":"@justiceinfonet","twitter_site":"@justiceinfonet","twitter_misc":{"\u00c9crit par":"solivri","Dur\u00e9e de lecture estim\u00e9e":"2 minutes"},"schema":{"@context":"https:\/\/schema.org","@graph":[{"@type":"NewsArticle","@id":"https:\/\/www.justiceinfo.net\/fr\/12882-280311-rwandajustice-un-riche-homme-daffaires-renvoye-devant-la-justice-pour-genocide9691.html#article","isPartOf":{"@id":"https:\/\/www.justiceinfo.net\/fr\/12882-280311-rwandajustice-un-riche-homme-daffaires-renvoye-devant-la-justice-pour-genocide9691.html"},"author":{"name":"solivri","@id":"https:\/\/www.justiceinfo.net\/fr#\/schema\/person\/6e53cba1629e2e66f3fc1821d3091865"},"headline":"28.03.11 - RWANDA\/JUSTICE - UN RICHE HOMME D'AFFAIRES RENVOYE DEVANT LA JUSTICE POUR GENOCIDE","datePublished":"2011-03-27T22:00:00+00:00","mainEntityOfPage":{"@id":"https:\/\/www.justiceinfo.net\/fr\/12882-280311-rwandajustice-un-riche-homme-daffaires-renvoye-devant-la-justice-pour-genocide9691.html"},"wordCount":453,"commentCount":0,"publisher":{"@id":"https:\/\/www.justiceinfo.net\/fr#organization"},"articleSection":["Hirondelle News"],"inLanguage":"fr-FR","potentialAction":[{"@type":"CommentAction","name":"Comment","target":["https:\/\/www.justiceinfo.net\/fr\/12882-280311-rwandajustice-un-riche-homme-daffaires-renvoye-devant-la-justice-pour-genocide9691.html#respond"]}]},{"@type":"WebPage","@id":"https:\/\/www.justiceinfo.net\/fr\/12882-280311-rwandajustice-un-riche-homme-daffaires-renvoye-devant-la-justice-pour-genocide9691.html","url":"https:\/\/www.justiceinfo.net\/fr\/12882-280311-rwandajustice-un-riche-homme-daffaires-renvoye-devant-la-justice-pour-genocide9691.html","name":"28.03.11 - RWANDA\/JUSTICE - UN RICHE HOMME D'AFFAIRES RENVOYE DEVANT LA JUSTICE POUR GENOCIDE - JusticeInfo.net","isPartOf":{"@id":"https:\/\/www.justiceinfo.net\/fr#website"},"datePublished":"2011-03-27T22:00:00+00:00","breadcrumb":{"@id":"https:\/\/www.justiceinfo.net\/fr\/12882-280311-rwandajustice-un-riche-homme-daffaires-renvoye-devant-la-justice-pour-genocide9691.html#breadcrumb"},"inLanguage":"fr-FR","potentialAction":[{"@type":"ReadAction","target":["https:\/\/www.justiceinfo.net\/fr\/12882-280311-rwandajustice-un-riche-homme-daffaires-renvoye-devant-la-justice-pour-genocide9691.html"]}]},{"@type":"BreadcrumbList","@id":"https:\/\/www.justiceinfo.net\/fr\/12882-280311-rwandajustice-un-riche-homme-daffaires-renvoye-devant-la-justice-pour-genocide9691.html#breadcrumb","itemListElement":[{"@type":"ListItem","position":1,"name":"Home","item":"https:\/\/www.justiceinfo.net\/fr"},{"@type":"ListItem","position":2,"name":"28.03.11 - RWANDA\/JUSTICE - UN RICHE HOMME D'AFFAIRES RENVOYE DEVANT LA JUSTICE POUR GENOCIDE"}]},{"@type":"WebSite","@id":"https:\/\/www.justiceinfo.net\/fr#website","url":"https:\/\/www.justiceinfo.net\/fr","name":"JusticeInfo.net","description":"La justice doit \u00eatre vue pour \u00eatre rendue","publisher":{"@id":"https:\/\/www.justiceinfo.net\/fr#organization"},"potentialAction":[{"@type":"SearchAction","target":{"@type":"EntryPoint","urlTemplate":"https:\/\/www.justiceinfo.net\/fr?s={search_term_string}"},"query-input":{"@type":"PropertyValueSpecification","valueRequired":true,"valueName":"search_term_string"}}],"inLanguage":"fr-FR"},{"@type":"Organization","@id":"https:\/\/www.justiceinfo.net\/fr#organization","name":"Justice Info","url":"https:\/\/www.justiceinfo.net\/fr","logo":{"@type":"ImageObject","inLanguage":"fr-FR","@id":"https:\/\/www.justiceinfo.net\/fr#\/schema\/logo\/image\/","url":"https:\/\/www.justiceinfo.net\/wp-content\/uploads\/justiceinfo_logo-trans_1200x1200px.png","contentUrl":"https:\/\/www.justiceinfo.net\/wp-content\/uploads\/justiceinfo_logo-trans_1200x1200px.png","width":1199,"height":1200,"caption":"Justice Info"},"image":{"@id":"https:\/\/www.justiceinfo.net\/fr#\/schema\/logo\/image\/"},"sameAs":["https:\/\/www.facebook.com\/JusticeInfo\/","https:\/\/x.com\/justiceinfonet","https:\/\/www.linkedin.com\/company\/justice-info","https:\/\/www.youtube.com\/channel\/UCyCEsARodyuWtkWyhn-e7pA"]},{"@type":"Person","name":"solivri","url":"\/fr\/?s=solivri"}]}},"_links":{"self":[{"href":"https:\/\/www.justiceinfo.net\/fr\/wp-json\/wp\/v2\/posts\/12882","targetHints":{"allow":["GET"]}}],"collection":[{"href":"https:\/\/www.justiceinfo.net\/fr\/wp-json\/wp\/v2\/posts"}],"about":[{"href":"https:\/\/www.justiceinfo.net\/fr\/wp-json\/wp\/v2\/types\/post"}],"author":[{"embeddable":true,"href":"https:\/\/www.justiceinfo.net\/fr\/wp-json\/wp\/v2\/users\/64"}],"replies":[{"embeddable":true,"href":"https:\/\/www.justiceinfo.net\/fr\/wp-json\/wp\/v2\/comments?post=12882"}],"version-history":[{"count":0,"href":"https:\/\/www.justiceinfo.net\/fr\/wp-json\/wp\/v2\/posts\/12882\/revisions"}],"wp:attachment":[{"href":"https:\/\/www.justiceinfo.net\/fr\/wp-json\/wp\/v2\/media?parent=12882"}],"wp:term":[{"taxonomy":"category","embeddable":true,"href":"https:\/\/www.justiceinfo.net\/fr\/wp-json\/wp\/v2\/categories?post=12882"},{"taxonomy":"post_tag","embeddable":true,"href":"https:\/\/www.justiceinfo.net\/fr\/wp-json\/wp\/v2\/tags?post=12882"},{"taxonomy":"ji_location","embeddable":true,"href":"https:\/\/www.justiceinfo.net\/fr\/wp-json\/wp\/v2\/ji_location?post=12882"}],"curies":[{"name":"wp","href":"https:\/\/api.w.org\/{rel}","templated":true}]}}