{"id":12884,"date":"2011-03-28T00:00:00","date_gmt":"2011-03-27T22:00:00","guid":{"rendered":"https:\/\/www.justiceinfo.net\/12884-280311-tpirmunyakazi-la-perpetuite-requise-en-appel-contre-le-doyen-des-detenus-du-tpir9693.html"},"modified":"2011-03-28T00:00:00","modified_gmt":"2011-03-27T22:00:00","slug":"280311-tpirmunyakazi-la-perpetuite-requise-en-appel-contre-le-doyen-des-detenus-du-tpir9693","status":"publish","type":"post","link":"https:\/\/www.justiceinfo.net\/fr\/12884-280311-tpirmunyakazi-la-perpetuite-requise-en-appel-contre-le-doyen-des-detenus-du-tpir9693.html","title":{"rendered":"28.03.11 - TPIR\/MUNYAKAZI - LA PERPETUITE REQUISE EN APPEL CONTRE LE DOYEN DES DETENUS DU TPIR"},"content":{"rendered":"<p>\nArusha, 28 mars 2011 (FH) - La prison &agrave; perp&eacute;tuit&eacute;, peine maximale au Tribunal p&eacute;nal international pour le Rwanda (TPIR), a &eacute;t&eacute; requise lundi au proc&egrave;s en appel d'un riche propri&eacute;taire terrien condamn&eacute; &agrave; 15 ans de prison en premi&egrave;re instance, a constat&eacute; l'agence Hirondelle.\n<\/p>\n<p><!--more--><\/p>\n<p >\nYussuf Munyakazi, aujourd'hui &acirc;g&eacute; de 76 ans, est le plus &acirc;g&eacute; des d&eacute;tenus du TPIR bas&eacute; &agrave; Arusha, dans le nord de la Tanzanie.\n<\/p>\n<p >\n<p >\nIl avait &eacute;t&eacute; condamn&eacute; &agrave; 25 ans de prison le 30 juin 2010 apr&egrave;s avoir &eacute;t&eacute; reconnu coupable de g&eacute;nocide et extermination (crime contre l'humanit&eacute;).\n<\/p>\n<p >\n<p >\nLes premiers juges avaient conclu &agrave; sa responsabilit&eacute; dans les massacres de plus de 5.000 Tutsis dans les &eacute;glises catholiques de Shangi et Mibilizi, dans la pr&eacute;fecture de Cyangugu (sud-ouest) les 29 et 30 avril 1994.\n<\/p>\n<p >\n<p >\nDans son r&eacute;quisitoire devant la chambre d'appel, le procureur Alphonse Van a demand&eacute; &laquo; la prison &agrave; vie &raquo;, estimant que &laquo; justice aura ainsi &eacute;t&eacute; rendue au peuple rwandais&raquo;.\n<\/p>\n<p >\n<p >\nSe basant sur la jurisprudence du tribunal, la gravit&eacute; des crimes et le nombre des victimes, il a affirm&eacute; que les premiers juges avaient prononc&eacute; une peine trop cl&eacute;mente dans le cas de Munyakazi.\n<\/p>\n<p >\n<p >\nPour sa part, l'avocat de la d&eacute;fense, Barnab&eacute; Nekuie, a plaid&eacute; l'acquittement. Il a affirm&eacute; que son client ne s'&eacute;tait pas rendu aux &eacute;glises paroissiales de Shangi et Mibilizi les 29 et 30 mars 1994.\n<\/p>\n<p >\n<p >\nS'adressant &agrave; la chambre en dernier, le septuag&eacute;naire a une nouvelle fois clam&eacute; son innocence. &laquo; Si j'ai vers&eacute; le sang d'un Tutsi ou tu&eacute; une poule appartenant &agrave; un Tutsi, qu'Allah ne me le pardonne pas &raquo;, a d&eacute;clar&eacute; Munyakazi qui s'exprimait en langue rwandaise.\n<\/p>\n<p >\n<p >\n&laquo; Mon p&egrave;re avait deux femmes, dont une &eacute;tait Tutsie ; tout r&eacute;cemment, un de mes petits-fils a &eacute;pous&eacute; une fille tutsie &raquo;, a-t-il poursuivi, expliquant que sa famille ne pratiquait pas de discrimination ethnique. La chambre d'appel rendra son arr&ecirc;t &agrave; une date ult&eacute;rieure.\n<\/p>\n<p >\n<p >\nMunyakazi, p&egrave;re de treize enfants, a &eacute;t&eacute; arr&ecirc;t&eacute; en mai 2004 dans l'est de la R&eacute;publique d&eacute;mocratique du Congo (RDC) o&ugrave; il se faisait passer pour un imam sous le faux nom de Mzee Mandevu (litt&eacute;ralement, le vieux barbu).\n<\/p>\n<p >\nNI-ER\/GF\n<\/p>\n<p >\n<p>\n&copy; Agence Hirondelle<\/p>\n","protected":false},"excerpt":{"rendered":"<p>Arusha, 28 mars 2011 (FH) - La prison &agrave; perp&eacute;tuit&eacute;, peine maximale au Tribunal p&eacute;nal international pour le Rwanda (TPIR), a &eacute;t&eacute; requise lundi au proc&egrave;s en appel d'un riche propri&eacute;taire terrien condamn&eacute; &agrave; 15 ans de prison en premi&egrave;re instance, a constat&eacute; l'agence Hirondelle.<\/p>\n","protected":false},"author":64,"featured_media":0,"comment_status":"open","ping_status":"closed","sticky":false,"template":"","format":"standard","meta":{"_acf_changed":false,"footnotes":""},"categories":[554],"tags":[],"ji_location":[],"class_list":["post-12884","post","type-post","status-publish","format-standard","hentry","category-hirondellenews"],"acf":[],"yoast_head":"<!-- This site is optimized with the Yoast SEO Premium plugin v25.3.1 (Yoast SEO v25.3.1) - https:\/\/yoast.com\/wordpress\/plugins\/seo\/ -->\n<title>28.03.11 - TPIR\/MUNYAKAZI - LA PERPETUITE REQUISE EN APPEL CONTRE LE DOYEN DES DETENUS DU TPIR - JusticeInfo.net<\/title>\n<meta name=\"robots\" content=\"index, follow, max-snippet:-1, max-image-preview:large, max-video-preview:-1\" \/>\n<link rel=\"canonical\" href=\"https:\/\/www.justiceinfo.net\/fr\/12884-280311-tpirmunyakazi-la-perpetuite-requise-en-appel-contre-le-doyen-des-detenus-du-tpir9693.html\" \/>\n<meta property=\"og:locale\" content=\"fr_FR\" \/>\n<meta property=\"og:type\" content=\"article\" \/>\n<meta property=\"og:title\" content=\"28.03.11 - TPIR\/MUNYAKAZI - LA PERPETUITE REQUISE EN APPEL CONTRE LE DOYEN DES DETENUS DU TPIR\" \/>\n<meta property=\"og:description\" content=\"Arusha, 28 mars 2011 (FH) - La prison &agrave; perp&eacute;tuit&eacute;, peine maximale au Tribunal p&eacute;nal international pour le Rwanda (TPIR), a &eacute;t&eacute; requise lundi au proc&egrave;s en appel d&#039;un riche propri&eacute;taire terrien condamn&eacute; &agrave; 15 ans de prison en premi&egrave;re instance, a constat&eacute; l&#039;agence Hirondelle.\" \/>\n<meta property=\"og:url\" content=\"https:\/\/www.justiceinfo.net\/fr\/12884-280311-tpirmunyakazi-la-perpetuite-requise-en-appel-contre-le-doyen-des-detenus-du-tpir9693.html\" \/>\n<meta property=\"og:site_name\" content=\"JusticeInfo.net\" \/>\n<meta property=\"article:publisher\" content=\"https:\/\/www.facebook.com\/JusticeInfo\/\" \/>\n<meta property=\"article:published_time\" content=\"2011-03-27T22:00:00+00:00\" \/>\n<meta property=\"og:image\" content=\"https:\/\/www.justiceinfo.net\/wp-content\/uploads\/JusticeInfoNet_logo_1200x630px.jpg\" \/>\n\t<meta property=\"og:image:width\" content=\"1200\" \/>\n\t<meta property=\"og:image:height\" content=\"630\" \/>\n\t<meta property=\"og:image:type\" content=\"image\/jpeg\" \/>\n<meta name=\"author\" content=\"solivri\" \/>\n<meta name=\"twitter:card\" content=\"summary_large_image\" \/>\n<meta name=\"twitter:creator\" content=\"@justiceinfonet\" \/>\n<meta name=\"twitter:site\" content=\"@justiceinfonet\" \/>\n<meta name=\"twitter:label1\" content=\"\u00c9crit par\" \/>\n\t<meta name=\"twitter:data1\" content=\"solivri\" \/>\n\t<meta name=\"twitter:label2\" content=\"Dur\u00e9e de lecture estim\u00e9e\" \/>\n\t<meta name=\"twitter:data2\" content=\"2 minutes\" \/>\n<script type=\"application\/ld+json\" class=\"yoast-schema-graph\">{\"@context\":\"https:\/\/schema.org\",\"@graph\":[{\"@type\":\"NewsArticle\",\"@id\":\"https:\/\/www.justiceinfo.net\/fr\/12884-280311-tpirmunyakazi-la-perpetuite-requise-en-appel-contre-le-doyen-des-detenus-du-tpir9693.html#article\",\"isPartOf\":{\"@id\":\"https:\/\/www.justiceinfo.net\/fr\/12884-280311-tpirmunyakazi-la-perpetuite-requise-en-appel-contre-le-doyen-des-detenus-du-tpir9693.html\"},\"author\":{\"name\":\"solivri\",\"@id\":\"https:\/\/www.justiceinfo.net\/fr#\/schema\/person\/6e53cba1629e2e66f3fc1821d3091865\"},\"headline\":\"28.03.11 - TPIR\/MUNYAKAZI - LA PERPETUITE REQUISE EN APPEL CONTRE LE DOYEN DES DETENUS DU TPIR\",\"datePublished\":\"2011-03-27T22:00:00+00:00\",\"mainEntityOfPage\":{\"@id\":\"https:\/\/www.justiceinfo.net\/fr\/12884-280311-tpirmunyakazi-la-perpetuite-requise-en-appel-contre-le-doyen-des-detenus-du-tpir9693.html\"},\"wordCount\":466,\"commentCount\":0,\"publisher\":{\"@id\":\"https:\/\/www.justiceinfo.net\/fr#organization\"},\"articleSection\":[\"Hirondelle News\"],\"inLanguage\":\"fr-FR\",\"potentialAction\":[{\"@type\":\"CommentAction\",\"name\":\"Comment\",\"target\":[\"https:\/\/www.justiceinfo.net\/fr\/12884-280311-tpirmunyakazi-la-perpetuite-requise-en-appel-contre-le-doyen-des-detenus-du-tpir9693.html#respond\"]}]},{\"@type\":\"WebPage\",\"@id\":\"https:\/\/www.justiceinfo.net\/fr\/12884-280311-tpirmunyakazi-la-perpetuite-requise-en-appel-contre-le-doyen-des-detenus-du-tpir9693.html\",\"url\":\"https:\/\/www.justiceinfo.net\/fr\/12884-280311-tpirmunyakazi-la-perpetuite-requise-en-appel-contre-le-doyen-des-detenus-du-tpir9693.html\",\"name\":\"28.03.11 - TPIR\/MUNYAKAZI - LA PERPETUITE REQUISE EN APPEL CONTRE LE DOYEN DES DETENUS DU TPIR - JusticeInfo.net\",\"isPartOf\":{\"@id\":\"https:\/\/www.justiceinfo.net\/fr#website\"},\"datePublished\":\"2011-03-27T22:00:00+00:00\",\"breadcrumb\":{\"@id\":\"https:\/\/www.justiceinfo.net\/fr\/12884-280311-tpirmunyakazi-la-perpetuite-requise-en-appel-contre-le-doyen-des-detenus-du-tpir9693.html#breadcrumb\"},\"inLanguage\":\"fr-FR\",\"potentialAction\":[{\"@type\":\"ReadAction\",\"target\":[\"https:\/\/www.justiceinfo.net\/fr\/12884-280311-tpirmunyakazi-la-perpetuite-requise-en-appel-contre-le-doyen-des-detenus-du-tpir9693.html\"]}]},{\"@type\":\"BreadcrumbList\",\"@id\":\"https:\/\/www.justiceinfo.net\/fr\/12884-280311-tpirmunyakazi-la-perpetuite-requise-en-appel-contre-le-doyen-des-detenus-du-tpir9693.html#breadcrumb\",\"itemListElement\":[{\"@type\":\"ListItem\",\"position\":1,\"name\":\"Home\",\"item\":\"https:\/\/www.justiceinfo.net\/fr\"},{\"@type\":\"ListItem\",\"position\":2,\"name\":\"28.03.11 - TPIR\/MUNYAKAZI - LA PERPETUITE REQUISE EN APPEL CONTRE LE DOYEN DES DETENUS DU TPIR\"}]},{\"@type\":\"WebSite\",\"@id\":\"https:\/\/www.justiceinfo.net\/fr#website\",\"url\":\"https:\/\/www.justiceinfo.net\/fr\",\"name\":\"JusticeInfo.net\",\"description\":\"La justice doit \u00eatre vue pour \u00eatre rendue\",\"publisher\":{\"@id\":\"https:\/\/www.justiceinfo.net\/fr#organization\"},\"potentialAction\":[{\"@type\":\"SearchAction\",\"target\":{\"@type\":\"EntryPoint\",\"urlTemplate\":\"https:\/\/www.justiceinfo.net\/fr?s={search_term_string}\"},\"query-input\":{\"@type\":\"PropertyValueSpecification\",\"valueRequired\":true,\"valueName\":\"search_term_string\"}}],\"inLanguage\":\"fr-FR\"},{\"@type\":\"Organization\",\"@id\":\"https:\/\/www.justiceinfo.net\/fr#organization\",\"name\":\"Justice Info\",\"url\":\"https:\/\/www.justiceinfo.net\/fr\",\"logo\":{\"@type\":\"ImageObject\",\"inLanguage\":\"fr-FR\",\"@id\":\"https:\/\/www.justiceinfo.net\/fr#\/schema\/logo\/image\/\",\"url\":\"https:\/\/www.justiceinfo.net\/wp-content\/uploads\/justiceinfo_logo-trans_1200x1200px.png\",\"contentUrl\":\"https:\/\/www.justiceinfo.net\/wp-content\/uploads\/justiceinfo_logo-trans_1200x1200px.png\",\"width\":1199,\"height\":1200,\"caption\":\"Justice Info\"},\"image\":{\"@id\":\"https:\/\/www.justiceinfo.net\/fr#\/schema\/logo\/image\/\"},\"sameAs\":[\"https:\/\/www.facebook.com\/JusticeInfo\/\",\"https:\/\/x.com\/justiceinfonet\",\"https:\/\/www.linkedin.com\/company\/justice-info\",\"https:\/\/www.youtube.com\/channel\/UCyCEsARodyuWtkWyhn-e7pA\"]},{\"@type\":\"Person\",\"name\":\"solivri\",\"url\":\"\/fr\/?s=solivri\"}]}<\/script>\n<!-- \/ Yoast SEO Premium plugin. -->","yoast_head_json":{"title":"28.03.11 - TPIR\/MUNYAKAZI - LA PERPETUITE REQUISE EN APPEL CONTRE LE DOYEN DES DETENUS DU TPIR - JusticeInfo.net","robots":{"index":"index","follow":"follow","max-snippet":"max-snippet:-1","max-image-preview":"max-image-preview:large","max-video-preview":"max-video-preview:-1"},"canonical":"https:\/\/www.justiceinfo.net\/fr\/12884-280311-tpirmunyakazi-la-perpetuite-requise-en-appel-contre-le-doyen-des-detenus-du-tpir9693.html","og_locale":"fr_FR","og_type":"article","og_title":"28.03.11 - TPIR\/MUNYAKAZI - LA PERPETUITE REQUISE EN APPEL CONTRE LE DOYEN DES DETENUS DU TPIR","og_description":"Arusha, 28 mars 2011 (FH) - La prison &agrave; perp&eacute;tuit&eacute;, peine maximale au Tribunal p&eacute;nal international pour le Rwanda (TPIR), a &eacute;t&eacute; requise lundi au proc&egrave;s en appel d'un riche propri&eacute;taire terrien condamn&eacute; &agrave; 15 ans de prison en premi&egrave;re instance, a constat&eacute; l'agence Hirondelle.","og_url":"https:\/\/www.justiceinfo.net\/fr\/12884-280311-tpirmunyakazi-la-perpetuite-requise-en-appel-contre-le-doyen-des-detenus-du-tpir9693.html","og_site_name":"JusticeInfo.net","article_publisher":"https:\/\/www.facebook.com\/JusticeInfo\/","article_published_time":"2011-03-27T22:00:00+00:00","og_image":[{"width":1200,"height":630,"url":"https:\/\/www.justiceinfo.net\/wp-content\/uploads\/JusticeInfoNet_logo_1200x630px.jpg","type":"image\/jpeg"}],"author":"solivri","twitter_card":"summary_large_image","twitter_creator":"@justiceinfonet","twitter_site":"@justiceinfonet","twitter_misc":{"\u00c9crit par":"solivri","Dur\u00e9e de lecture estim\u00e9e":"2 minutes"},"schema":{"@context":"https:\/\/schema.org","@graph":[{"@type":"NewsArticle","@id":"https:\/\/www.justiceinfo.net\/fr\/12884-280311-tpirmunyakazi-la-perpetuite-requise-en-appel-contre-le-doyen-des-detenus-du-tpir9693.html#article","isPartOf":{"@id":"https:\/\/www.justiceinfo.net\/fr\/12884-280311-tpirmunyakazi-la-perpetuite-requise-en-appel-contre-le-doyen-des-detenus-du-tpir9693.html"},"author":{"name":"solivri","@id":"https:\/\/www.justiceinfo.net\/fr#\/schema\/person\/6e53cba1629e2e66f3fc1821d3091865"},"headline":"28.03.11 - TPIR\/MUNYAKAZI - LA PERPETUITE REQUISE EN APPEL CONTRE LE DOYEN DES DETENUS DU TPIR","datePublished":"2011-03-27T22:00:00+00:00","mainEntityOfPage":{"@id":"https:\/\/www.justiceinfo.net\/fr\/12884-280311-tpirmunyakazi-la-perpetuite-requise-en-appel-contre-le-doyen-des-detenus-du-tpir9693.html"},"wordCount":466,"commentCount":0,"publisher":{"@id":"https:\/\/www.justiceinfo.net\/fr#organization"},"articleSection":["Hirondelle News"],"inLanguage":"fr-FR","potentialAction":[{"@type":"CommentAction","name":"Comment","target":["https:\/\/www.justiceinfo.net\/fr\/12884-280311-tpirmunyakazi-la-perpetuite-requise-en-appel-contre-le-doyen-des-detenus-du-tpir9693.html#respond"]}]},{"@type":"WebPage","@id":"https:\/\/www.justiceinfo.net\/fr\/12884-280311-tpirmunyakazi-la-perpetuite-requise-en-appel-contre-le-doyen-des-detenus-du-tpir9693.html","url":"https:\/\/www.justiceinfo.net\/fr\/12884-280311-tpirmunyakazi-la-perpetuite-requise-en-appel-contre-le-doyen-des-detenus-du-tpir9693.html","name":"28.03.11 - TPIR\/MUNYAKAZI - LA PERPETUITE REQUISE EN APPEL CONTRE LE DOYEN DES DETENUS DU TPIR - JusticeInfo.net","isPartOf":{"@id":"https:\/\/www.justiceinfo.net\/fr#website"},"datePublished":"2011-03-27T22:00:00+00:00","breadcrumb":{"@id":"https:\/\/www.justiceinfo.net\/fr\/12884-280311-tpirmunyakazi-la-perpetuite-requise-en-appel-contre-le-doyen-des-detenus-du-tpir9693.html#breadcrumb"},"inLanguage":"fr-FR","potentialAction":[{"@type":"ReadAction","target":["https:\/\/www.justiceinfo.net\/fr\/12884-280311-tpirmunyakazi-la-perpetuite-requise-en-appel-contre-le-doyen-des-detenus-du-tpir9693.html"]}]},{"@type":"BreadcrumbList","@id":"https:\/\/www.justiceinfo.net\/fr\/12884-280311-tpirmunyakazi-la-perpetuite-requise-en-appel-contre-le-doyen-des-detenus-du-tpir9693.html#breadcrumb","itemListElement":[{"@type":"ListItem","position":1,"name":"Home","item":"https:\/\/www.justiceinfo.net\/fr"},{"@type":"ListItem","position":2,"name":"28.03.11 - TPIR\/MUNYAKAZI - LA PERPETUITE REQUISE EN APPEL CONTRE LE DOYEN DES DETENUS DU TPIR"}]},{"@type":"WebSite","@id":"https:\/\/www.justiceinfo.net\/fr#website","url":"https:\/\/www.justiceinfo.net\/fr","name":"JusticeInfo.net","description":"La justice doit \u00eatre vue pour \u00eatre rendue","publisher":{"@id":"https:\/\/www.justiceinfo.net\/fr#organization"},"potentialAction":[{"@type":"SearchAction","target":{"@type":"EntryPoint","urlTemplate":"https:\/\/www.justiceinfo.net\/fr?s={search_term_string}"},"query-input":{"@type":"PropertyValueSpecification","valueRequired":true,"valueName":"search_term_string"}}],"inLanguage":"fr-FR"},{"@type":"Organization","@id":"https:\/\/www.justiceinfo.net\/fr#organization","name":"Justice Info","url":"https:\/\/www.justiceinfo.net\/fr","logo":{"@type":"ImageObject","inLanguage":"fr-FR","@id":"https:\/\/www.justiceinfo.net\/fr#\/schema\/logo\/image\/","url":"https:\/\/www.justiceinfo.net\/wp-content\/uploads\/justiceinfo_logo-trans_1200x1200px.png","contentUrl":"https:\/\/www.justiceinfo.net\/wp-content\/uploads\/justiceinfo_logo-trans_1200x1200px.png","width":1199,"height":1200,"caption":"Justice Info"},"image":{"@id":"https:\/\/www.justiceinfo.net\/fr#\/schema\/logo\/image\/"},"sameAs":["https:\/\/www.facebook.com\/JusticeInfo\/","https:\/\/x.com\/justiceinfonet","https:\/\/www.linkedin.com\/company\/justice-info","https:\/\/www.youtube.com\/channel\/UCyCEsARodyuWtkWyhn-e7pA"]},{"@type":"Person","name":"solivri","url":"\/fr\/?s=solivri"}]}},"_links":{"self":[{"href":"https:\/\/www.justiceinfo.net\/fr\/wp-json\/wp\/v2\/posts\/12884","targetHints":{"allow":["GET"]}}],"collection":[{"href":"https:\/\/www.justiceinfo.net\/fr\/wp-json\/wp\/v2\/posts"}],"about":[{"href":"https:\/\/www.justiceinfo.net\/fr\/wp-json\/wp\/v2\/types\/post"}],"author":[{"embeddable":true,"href":"https:\/\/www.justiceinfo.net\/fr\/wp-json\/wp\/v2\/users\/64"}],"replies":[{"embeddable":true,"href":"https:\/\/www.justiceinfo.net\/fr\/wp-json\/wp\/v2\/comments?post=12884"}],"version-history":[{"count":0,"href":"https:\/\/www.justiceinfo.net\/fr\/wp-json\/wp\/v2\/posts\/12884\/revisions"}],"wp:attachment":[{"href":"https:\/\/www.justiceinfo.net\/fr\/wp-json\/wp\/v2\/media?parent=12884"}],"wp:term":[{"taxonomy":"category","embeddable":true,"href":"https:\/\/www.justiceinfo.net\/fr\/wp-json\/wp\/v2\/categories?post=12884"},{"taxonomy":"post_tag","embeddable":true,"href":"https:\/\/www.justiceinfo.net\/fr\/wp-json\/wp\/v2\/tags?post=12884"},{"taxonomy":"ji_location","embeddable":true,"href":"https:\/\/www.justiceinfo.net\/fr\/wp-json\/wp\/v2\/ji_location?post=12884"}],"curies":[{"name":"wp","href":"https:\/\/api.w.org\/{rel}","templated":true}]}}