{"id":12909,"date":"2011-04-01T00:00:00","date_gmt":"2011-03-31T22:00:00","guid":{"rendered":"https:\/\/www.justiceinfo.net\/12909-010411-tpirmilitaires-i-le-colonel-bagosora-reconnait-la-realite-du-genocide9718.html"},"modified":"2011-04-01T00:00:00","modified_gmt":"2011-03-31T22:00:00","slug":"010411-tpirmilitaires-i-le-colonel-bagosora-reconnait-la-realite-du-genocide9718","status":"publish","type":"post","link":"https:\/\/www.justiceinfo.net\/fr\/12909-010411-tpirmilitaires-i-le-colonel-bagosora-reconnait-la-realite-du-genocide9718.html","title":{"rendered":"01.04.11 - TPIR\/MILITAIRES I - LE COLONEL BAGOSORA RECONNAIT LA REALITE DU GENOCIDE"},"content":{"rendered":"<p>Arusha, 1er&nbsp;avril 2011 (FH) - Le d&eacute;tenu&nbsp; phare du Tribunal p&eacute;nal international pour le Rwanda (TPIR), l'ancien directeur de cabinet au minist&egrave;re de la d&eacute;fense, le colonel Th&eacute;oneste Bagosora, a finalement reconnu explicitement qu'un g&eacute;nocide s'&eacute;tait produit en 1994 dans son pays.<br \/>\n<!--more--><\/p>\n<p >\nLors son t&eacute;moignage pour sa propre d&eacute;fense le 24 octobre 2005, il avait r&eacute;cus&eacute; le terme de g&eacute;nocide et parl&eacute; de &laquo; massacres excessifs &raquo;.\n<\/p>\n<p >\n<p >\n&laquo;Je me prosterne devant toutes les victimes du g&eacute;nocide rwandais &raquo;, a d&eacute;clar&eacute; vendredi le colonel Bagosora, condamn&eacute; &agrave; la prison &agrave; vie en d&eacute;cembre 2008, pour crimes de g&eacute;nocide, crimes contre l'humanit&eacute; et crimes de guerre.\n<\/p>\n<p >\n<p >\nUne fois de plus, il a clam&eacute; son innocence et rejet&eacute; la responsabilit&eacute; du g&eacute;nocide sur l'actuel pr&eacute;sident rwandais Paul Kagame et son ancienne r&eacute;bellion du Front patriotique rwandais (FPR), actuellement au pouvoir &agrave; Kigali.\n<\/p>\n<p >\n<p >\n&laquo; Je continue de dire que j'ai &eacute;t&eacute; victime de la propagande inlassable du FPR qui a d&eacute;clench&eacute; des massacres qui ont d&eacute;g&eacute;n&eacute;r&eacute; dans le g&eacute;nocide dont la planification n'a pas encore &eacute;t&eacute; d&eacute;montr&eacute;e par le procureur &raquo;, a-t-il poursuivi.\n<\/p>\n<p >\n<p >\nBagosora, qui est souvent pr&eacute;sent&eacute; comme &laquo; le cerveau &raquo; du g&eacute;nocide, a affirm&eacute;, au passage, que le manque de poursuites contre le FPR avait &laquo; terni l'image &raquo; du TPIR.\n<\/p>\n<p >\n<p >\n&laquo; Je soutiens fermement que la chambre de premi&egrave;re instance ne s'est fond&eacute;e sur aucune preuve mat&eacute;rielle pour conclure que les massacres &eacute;taient coordonn&eacute;s et que je les ai coordonn&eacute;s &raquo;, a-t- il poursuivi.\n<\/p>\n<p >\n<p >\nL'ancien directeur de cabinet a &eacute;t&eacute; condamn&eacute; pour des crimes perp&eacute;tr&eacute;s par des &eacute;l&eacute;ments de l'arm&eacute;e rwandaise, du 7 au 9 avril 1994, p&eacute;riode au cours de laquelle il &eacute;tait, selon le jugement, la plus haute autorit&eacute; militaire du Rwanda.\n<\/p>\n<p >\n<p >\n&laquo; Je reconnais qu'entre le 6 et le 9 avril 1994, j'ai remplac&eacute; le ministre de la D&eacute;fense Augustin Bizimana (alors en mission &agrave; l'&eacute;tranger) mais avec un pouvoir limit&eacute; &raquo; par une directive minist&eacute;rielle, a-t-il dit.\n<\/p>\n<p >\n<p >\n&laquo; En tant que directeur de cabinet, je ne pouvais pas agir comme un ministre parce que je n'&eacute;tais pas nanti de tous les pouvoirs minist&eacute;riels &raquo;, s'est-il d&eacute;fendu, soulignant qu'il n'assurait que &laquo; les affaires courantes &raquo;.\n<\/p>\n<p >\n<p >\nBagosora comparaissait depuis mercredi avec l'ancien commandant des op&eacute;rations militaires dans la r&eacute;gion de Gisenyi (nord), le lieutenant-colonel Anatole Nsengiyumva, &eacute;galement condamn&eacute; &agrave; la perp&eacute;tuit&eacute; en premi&egrave;re instance.\n<\/p>\n<p >\n<p >\nCe dernier a affirm&eacute; avoir r&eacute;ussi &agrave; emp&ecirc;cher ses hommes de participer au g&eacute;nocide. &laquo; J'y suis parvenu malgr&eacute; tout ce qui a &eacute;t&eacute; dit &raquo;, a-t-il clam&eacute;, indiquant avoir &eacute;t&eacute; &laquo; surpris de se retrouver sur la liste des suspects &raquo;.\n<\/p>\n<p >\n<p >\nL'arr&ecirc;t de la chambre d'appel ne devrait pas &ecirc;tre prononc&eacute; avant plusieurs mois.\n<\/p>\n<p >\n<p >\nER\/GF\n<\/p>\n<p >\n<p>\n&copy; Agence Hirondelle<\/p>\n","protected":false},"excerpt":{"rendered":"<p>Arusha, 1er&nbsp;avril 2011 (FH) - Le d&eacute;tenu&nbsp; phare du Tribunal p&eacute;nal international pour le Rwanda (TPIR), l'ancien directeur de cabinet au minist&egrave;re de la d&eacute;fense, le colonel Th&eacute;oneste Bagosora, a finalement reconnu explicitement qu'un g&eacute;nocide s'&eacute;tait produit en 1994 dans son pays.<\/p>\n","protected":false},"author":64,"featured_media":0,"comment_status":"open","ping_status":"closed","sticky":false,"template":"","format":"standard","meta":{"_acf_changed":false,"footnotes":""},"categories":[554],"tags":[],"ji_location":[],"class_list":["post-12909","post","type-post","status-publish","format-standard","hentry","category-hirondellenews"],"acf":[],"yoast_head":"<!-- This site is optimized with the Yoast SEO Premium plugin v25.3.1 (Yoast SEO v25.3.1) - https:\/\/yoast.com\/wordpress\/plugins\/seo\/ -->\n<title>01.04.11 - TPIR\/MILITAIRES I - LE COLONEL BAGOSORA RECONNAIT LA REALITE DU GENOCIDE - JusticeInfo.net<\/title>\n<meta name=\"robots\" content=\"index, follow, max-snippet:-1, max-image-preview:large, max-video-preview:-1\" \/>\n<link rel=\"canonical\" href=\"https:\/\/www.justiceinfo.net\/fr\/12909-010411-tpirmilitaires-i-le-colonel-bagosora-reconnait-la-realite-du-genocide9718.html\" \/>\n<meta property=\"og:locale\" content=\"fr_FR\" \/>\n<meta property=\"og:type\" content=\"article\" \/>\n<meta property=\"og:title\" content=\"01.04.11 - TPIR\/MILITAIRES I - LE COLONEL BAGOSORA RECONNAIT LA REALITE DU GENOCIDE\" \/>\n<meta property=\"og:description\" content=\"Arusha, 1er&nbsp;avril 2011 (FH) - Le d&eacute;tenu&nbsp; phare du Tribunal p&eacute;nal international pour le Rwanda (TPIR), l&#039;ancien directeur de cabinet au minist&egrave;re de la d&eacute;fense, le colonel Th&eacute;oneste Bagosora, a finalement reconnu explicitement qu&#039;un g&eacute;nocide s&#039;&eacute;tait produit en 1994 dans son pays.\" \/>\n<meta property=\"og:url\" content=\"https:\/\/www.justiceinfo.net\/fr\/12909-010411-tpirmilitaires-i-le-colonel-bagosora-reconnait-la-realite-du-genocide9718.html\" \/>\n<meta property=\"og:site_name\" content=\"JusticeInfo.net\" \/>\n<meta property=\"article:publisher\" content=\"https:\/\/www.facebook.com\/JusticeInfo\/\" \/>\n<meta property=\"article:published_time\" content=\"2011-03-31T22:00:00+00:00\" \/>\n<meta property=\"og:image\" content=\"https:\/\/www.justiceinfo.net\/wp-content\/uploads\/JusticeInfoNet_logo_1200x630px.jpg\" \/>\n\t<meta property=\"og:image:width\" content=\"1200\" \/>\n\t<meta property=\"og:image:height\" content=\"630\" \/>\n\t<meta property=\"og:image:type\" content=\"image\/jpeg\" \/>\n<meta name=\"author\" content=\"solivri\" \/>\n<meta name=\"twitter:card\" content=\"summary_large_image\" \/>\n<meta name=\"twitter:creator\" content=\"@justiceinfonet\" \/>\n<meta name=\"twitter:site\" content=\"@justiceinfonet\" \/>\n<meta name=\"twitter:label1\" content=\"\u00c9crit par\" \/>\n\t<meta name=\"twitter:data1\" content=\"solivri\" \/>\n\t<meta name=\"twitter:label2\" content=\"Dur\u00e9e de lecture estim\u00e9e\" \/>\n\t<meta name=\"twitter:data2\" content=\"3 minutes\" \/>\n<script type=\"application\/ld+json\" class=\"yoast-schema-graph\">{\"@context\":\"https:\/\/schema.org\",\"@graph\":[{\"@type\":\"NewsArticle\",\"@id\":\"https:\/\/www.justiceinfo.net\/fr\/12909-010411-tpirmilitaires-i-le-colonel-bagosora-reconnait-la-realite-du-genocide9718.html#article\",\"isPartOf\":{\"@id\":\"https:\/\/www.justiceinfo.net\/fr\/12909-010411-tpirmilitaires-i-le-colonel-bagosora-reconnait-la-realite-du-genocide9718.html\"},\"author\":{\"name\":\"solivri\",\"@id\":\"https:\/\/www.justiceinfo.net\/fr#\/schema\/person\/6e53cba1629e2e66f3fc1821d3091865\"},\"headline\":\"01.04.11 - TPIR\/MILITAIRES I - LE COLONEL BAGOSORA RECONNAIT LA REALITE DU GENOCIDE\",\"datePublished\":\"2011-03-31T22:00:00+00:00\",\"mainEntityOfPage\":{\"@id\":\"https:\/\/www.justiceinfo.net\/fr\/12909-010411-tpirmilitaires-i-le-colonel-bagosora-reconnait-la-realite-du-genocide9718.html\"},\"wordCount\":611,\"commentCount\":0,\"publisher\":{\"@id\":\"https:\/\/www.justiceinfo.net\/fr#organization\"},\"articleSection\":[\"Hirondelle News\"],\"inLanguage\":\"fr-FR\",\"potentialAction\":[{\"@type\":\"CommentAction\",\"name\":\"Comment\",\"target\":[\"https:\/\/www.justiceinfo.net\/fr\/12909-010411-tpirmilitaires-i-le-colonel-bagosora-reconnait-la-realite-du-genocide9718.html#respond\"]}]},{\"@type\":\"WebPage\",\"@id\":\"https:\/\/www.justiceinfo.net\/fr\/12909-010411-tpirmilitaires-i-le-colonel-bagosora-reconnait-la-realite-du-genocide9718.html\",\"url\":\"https:\/\/www.justiceinfo.net\/fr\/12909-010411-tpirmilitaires-i-le-colonel-bagosora-reconnait-la-realite-du-genocide9718.html\",\"name\":\"01.04.11 - TPIR\/MILITAIRES I - LE COLONEL BAGOSORA RECONNAIT LA REALITE DU GENOCIDE - JusticeInfo.net\",\"isPartOf\":{\"@id\":\"https:\/\/www.justiceinfo.net\/fr#website\"},\"datePublished\":\"2011-03-31T22:00:00+00:00\",\"breadcrumb\":{\"@id\":\"https:\/\/www.justiceinfo.net\/fr\/12909-010411-tpirmilitaires-i-le-colonel-bagosora-reconnait-la-realite-du-genocide9718.html#breadcrumb\"},\"inLanguage\":\"fr-FR\",\"potentialAction\":[{\"@type\":\"ReadAction\",\"target\":[\"https:\/\/www.justiceinfo.net\/fr\/12909-010411-tpirmilitaires-i-le-colonel-bagosora-reconnait-la-realite-du-genocide9718.html\"]}]},{\"@type\":\"BreadcrumbList\",\"@id\":\"https:\/\/www.justiceinfo.net\/fr\/12909-010411-tpirmilitaires-i-le-colonel-bagosora-reconnait-la-realite-du-genocide9718.html#breadcrumb\",\"itemListElement\":[{\"@type\":\"ListItem\",\"position\":1,\"name\":\"Home\",\"item\":\"https:\/\/www.justiceinfo.net\/fr\"},{\"@type\":\"ListItem\",\"position\":2,\"name\":\"01.04.11 - TPIR\/MILITAIRES I - LE COLONEL BAGOSORA RECONNAIT LA REALITE DU GENOCIDE\"}]},{\"@type\":\"WebSite\",\"@id\":\"https:\/\/www.justiceinfo.net\/fr#website\",\"url\":\"https:\/\/www.justiceinfo.net\/fr\",\"name\":\"JusticeInfo.net\",\"description\":\"La justice doit \u00eatre vue pour \u00eatre rendue\",\"publisher\":{\"@id\":\"https:\/\/www.justiceinfo.net\/fr#organization\"},\"potentialAction\":[{\"@type\":\"SearchAction\",\"target\":{\"@type\":\"EntryPoint\",\"urlTemplate\":\"https:\/\/www.justiceinfo.net\/fr?s={search_term_string}\"},\"query-input\":{\"@type\":\"PropertyValueSpecification\",\"valueRequired\":true,\"valueName\":\"search_term_string\"}}],\"inLanguage\":\"fr-FR\"},{\"@type\":\"Organization\",\"@id\":\"https:\/\/www.justiceinfo.net\/fr#organization\",\"name\":\"Justice Info\",\"url\":\"https:\/\/www.justiceinfo.net\/fr\",\"logo\":{\"@type\":\"ImageObject\",\"inLanguage\":\"fr-FR\",\"@id\":\"https:\/\/www.justiceinfo.net\/fr#\/schema\/logo\/image\/\",\"url\":\"https:\/\/www.justiceinfo.net\/wp-content\/uploads\/justiceinfo_logo-trans_1200x1200px.png\",\"contentUrl\":\"https:\/\/www.justiceinfo.net\/wp-content\/uploads\/justiceinfo_logo-trans_1200x1200px.png\",\"width\":1199,\"height\":1200,\"caption\":\"Justice Info\"},\"image\":{\"@id\":\"https:\/\/www.justiceinfo.net\/fr#\/schema\/logo\/image\/\"},\"sameAs\":[\"https:\/\/www.facebook.com\/JusticeInfo\/\",\"https:\/\/x.com\/justiceinfonet\",\"https:\/\/www.linkedin.com\/company\/justice-info\",\"https:\/\/www.youtube.com\/channel\/UCyCEsARodyuWtkWyhn-e7pA\"]},{\"@type\":\"Person\",\"name\":\"solivri\",\"url\":\"\/fr\/?s=solivri\"}]}<\/script>\n<!-- \/ Yoast SEO Premium plugin. -->","yoast_head_json":{"title":"01.04.11 - TPIR\/MILITAIRES I - LE COLONEL BAGOSORA RECONNAIT LA REALITE DU GENOCIDE - JusticeInfo.net","robots":{"index":"index","follow":"follow","max-snippet":"max-snippet:-1","max-image-preview":"max-image-preview:large","max-video-preview":"max-video-preview:-1"},"canonical":"https:\/\/www.justiceinfo.net\/fr\/12909-010411-tpirmilitaires-i-le-colonel-bagosora-reconnait-la-realite-du-genocide9718.html","og_locale":"fr_FR","og_type":"article","og_title":"01.04.11 - TPIR\/MILITAIRES I - LE COLONEL BAGOSORA RECONNAIT LA REALITE DU GENOCIDE","og_description":"Arusha, 1er&nbsp;avril 2011 (FH) - Le d&eacute;tenu&nbsp; phare du Tribunal p&eacute;nal international pour le Rwanda (TPIR), l'ancien directeur de cabinet au minist&egrave;re de la d&eacute;fense, le colonel Th&eacute;oneste Bagosora, a finalement reconnu explicitement qu'un g&eacute;nocide s'&eacute;tait produit en 1994 dans son pays.","og_url":"https:\/\/www.justiceinfo.net\/fr\/12909-010411-tpirmilitaires-i-le-colonel-bagosora-reconnait-la-realite-du-genocide9718.html","og_site_name":"JusticeInfo.net","article_publisher":"https:\/\/www.facebook.com\/JusticeInfo\/","article_published_time":"2011-03-31T22:00:00+00:00","og_image":[{"width":1200,"height":630,"url":"https:\/\/www.justiceinfo.net\/wp-content\/uploads\/JusticeInfoNet_logo_1200x630px.jpg","type":"image\/jpeg"}],"author":"solivri","twitter_card":"summary_large_image","twitter_creator":"@justiceinfonet","twitter_site":"@justiceinfonet","twitter_misc":{"\u00c9crit par":"solivri","Dur\u00e9e de lecture estim\u00e9e":"3 minutes"},"schema":{"@context":"https:\/\/schema.org","@graph":[{"@type":"NewsArticle","@id":"https:\/\/www.justiceinfo.net\/fr\/12909-010411-tpirmilitaires-i-le-colonel-bagosora-reconnait-la-realite-du-genocide9718.html#article","isPartOf":{"@id":"https:\/\/www.justiceinfo.net\/fr\/12909-010411-tpirmilitaires-i-le-colonel-bagosora-reconnait-la-realite-du-genocide9718.html"},"author":{"name":"solivri","@id":"https:\/\/www.justiceinfo.net\/fr#\/schema\/person\/6e53cba1629e2e66f3fc1821d3091865"},"headline":"01.04.11 - TPIR\/MILITAIRES I - LE COLONEL BAGOSORA RECONNAIT LA REALITE DU GENOCIDE","datePublished":"2011-03-31T22:00:00+00:00","mainEntityOfPage":{"@id":"https:\/\/www.justiceinfo.net\/fr\/12909-010411-tpirmilitaires-i-le-colonel-bagosora-reconnait-la-realite-du-genocide9718.html"},"wordCount":611,"commentCount":0,"publisher":{"@id":"https:\/\/www.justiceinfo.net\/fr#organization"},"articleSection":["Hirondelle News"],"inLanguage":"fr-FR","potentialAction":[{"@type":"CommentAction","name":"Comment","target":["https:\/\/www.justiceinfo.net\/fr\/12909-010411-tpirmilitaires-i-le-colonel-bagosora-reconnait-la-realite-du-genocide9718.html#respond"]}]},{"@type":"WebPage","@id":"https:\/\/www.justiceinfo.net\/fr\/12909-010411-tpirmilitaires-i-le-colonel-bagosora-reconnait-la-realite-du-genocide9718.html","url":"https:\/\/www.justiceinfo.net\/fr\/12909-010411-tpirmilitaires-i-le-colonel-bagosora-reconnait-la-realite-du-genocide9718.html","name":"01.04.11 - TPIR\/MILITAIRES I - LE COLONEL BAGOSORA RECONNAIT LA REALITE DU GENOCIDE - JusticeInfo.net","isPartOf":{"@id":"https:\/\/www.justiceinfo.net\/fr#website"},"datePublished":"2011-03-31T22:00:00+00:00","breadcrumb":{"@id":"https:\/\/www.justiceinfo.net\/fr\/12909-010411-tpirmilitaires-i-le-colonel-bagosora-reconnait-la-realite-du-genocide9718.html#breadcrumb"},"inLanguage":"fr-FR","potentialAction":[{"@type":"ReadAction","target":["https:\/\/www.justiceinfo.net\/fr\/12909-010411-tpirmilitaires-i-le-colonel-bagosora-reconnait-la-realite-du-genocide9718.html"]}]},{"@type":"BreadcrumbList","@id":"https:\/\/www.justiceinfo.net\/fr\/12909-010411-tpirmilitaires-i-le-colonel-bagosora-reconnait-la-realite-du-genocide9718.html#breadcrumb","itemListElement":[{"@type":"ListItem","position":1,"name":"Home","item":"https:\/\/www.justiceinfo.net\/fr"},{"@type":"ListItem","position":2,"name":"01.04.11 - TPIR\/MILITAIRES I - LE COLONEL BAGOSORA RECONNAIT LA REALITE DU GENOCIDE"}]},{"@type":"WebSite","@id":"https:\/\/www.justiceinfo.net\/fr#website","url":"https:\/\/www.justiceinfo.net\/fr","name":"JusticeInfo.net","description":"La justice doit \u00eatre vue pour \u00eatre rendue","publisher":{"@id":"https:\/\/www.justiceinfo.net\/fr#organization"},"potentialAction":[{"@type":"SearchAction","target":{"@type":"EntryPoint","urlTemplate":"https:\/\/www.justiceinfo.net\/fr?s={search_term_string}"},"query-input":{"@type":"PropertyValueSpecification","valueRequired":true,"valueName":"search_term_string"}}],"inLanguage":"fr-FR"},{"@type":"Organization","@id":"https:\/\/www.justiceinfo.net\/fr#organization","name":"Justice Info","url":"https:\/\/www.justiceinfo.net\/fr","logo":{"@type":"ImageObject","inLanguage":"fr-FR","@id":"https:\/\/www.justiceinfo.net\/fr#\/schema\/logo\/image\/","url":"https:\/\/www.justiceinfo.net\/wp-content\/uploads\/justiceinfo_logo-trans_1200x1200px.png","contentUrl":"https:\/\/www.justiceinfo.net\/wp-content\/uploads\/justiceinfo_logo-trans_1200x1200px.png","width":1199,"height":1200,"caption":"Justice Info"},"image":{"@id":"https:\/\/www.justiceinfo.net\/fr#\/schema\/logo\/image\/"},"sameAs":["https:\/\/www.facebook.com\/JusticeInfo\/","https:\/\/x.com\/justiceinfonet","https:\/\/www.linkedin.com\/company\/justice-info","https:\/\/www.youtube.com\/channel\/UCyCEsARodyuWtkWyhn-e7pA"]},{"@type":"Person","name":"solivri","url":"\/fr\/?s=solivri"}]}},"_links":{"self":[{"href":"https:\/\/www.justiceinfo.net\/fr\/wp-json\/wp\/v2\/posts\/12909","targetHints":{"allow":["GET"]}}],"collection":[{"href":"https:\/\/www.justiceinfo.net\/fr\/wp-json\/wp\/v2\/posts"}],"about":[{"href":"https:\/\/www.justiceinfo.net\/fr\/wp-json\/wp\/v2\/types\/post"}],"author":[{"embeddable":true,"href":"https:\/\/www.justiceinfo.net\/fr\/wp-json\/wp\/v2\/users\/64"}],"replies":[{"embeddable":true,"href":"https:\/\/www.justiceinfo.net\/fr\/wp-json\/wp\/v2\/comments?post=12909"}],"version-history":[{"count":0,"href":"https:\/\/www.justiceinfo.net\/fr\/wp-json\/wp\/v2\/posts\/12909\/revisions"}],"wp:attachment":[{"href":"https:\/\/www.justiceinfo.net\/fr\/wp-json\/wp\/v2\/media?parent=12909"}],"wp:term":[{"taxonomy":"category","embeddable":true,"href":"https:\/\/www.justiceinfo.net\/fr\/wp-json\/wp\/v2\/categories?post=12909"},{"taxonomy":"post_tag","embeddable":true,"href":"https:\/\/www.justiceinfo.net\/fr\/wp-json\/wp\/v2\/tags?post=12909"},{"taxonomy":"ji_location","embeddable":true,"href":"https:\/\/www.justiceinfo.net\/fr\/wp-json\/wp\/v2\/ji_location?post=12909"}],"curies":[{"name":"wp","href":"https:\/\/api.w.org\/{rel}","templated":true}]}}