{"id":12928,"date":"2011-04-04T00:00:00","date_gmt":"2011-04-03T22:00:00","guid":{"rendered":"https:\/\/www.justiceinfo.net\/12928-040411-francerwanda-arrestation-a-toulouse-dun-presume-genocidaire-rwandais9737.html"},"modified":"2011-04-04T00:00:00","modified_gmt":"2011-04-03T22:00:00","slug":"040411-francerwanda-arrestation-a-toulouse-dun-presume-genocidaire-rwandais9737","status":"publish","type":"post","link":"https:\/\/www.justiceinfo.net\/fr\/12928-040411-francerwanda-arrestation-a-toulouse-dun-presume-genocidaire-rwandais9737.html","title":{"rendered":"04.04.11 - FRANCE\/RWANDA - ARRESTATION A TOULOUSE D'UN PRESUME GENOCIDAIRE RWANDAIS"},"content":{"rendered":"<p>\nParis, 4 avril 2011 - La Cour d'appel de Toulouse a confirm&eacute; aujourd'hui &agrave; l'agence Hirondelle l'interpellation, le 16 mars, d'un rwandais r&eacute;sidant dans cette ville, sous le coup d'un mandat d'arr&ecirc;t international&nbsp; &eacute;mis le 31 ao&ucirc;t 2009 par le Rwanda, pour g&eacute;nocide et crimes contre&nbsp; l'humanit&eacute;.\n<\/p>\n<p><!--more--><\/p>\n<p >\n<p >\n<p >\n&Acirc;g&eacute; de 53 ans selon sa fiche Interpol, l'homme vivait dans le sud-ouest de la France sous le nom de Tite Barahirwa. Sa v&eacute;ritable identit&eacute; serait&nbsp; Tito Barahira, ancien bourgmestre de la commune de Kabarondo, dans la&nbsp; pr&eacute;fecture de Kibungo (Est du Rwanda).\n<\/p>\n<p >\n<p >\nUne demande de mise en libert&eacute; le concernant sera entendue ce mardi,&nbsp; pr&eacute;cise la Cour d'appel de Toulouse.\n<\/p>\n<p >\n<p >\nAlain Gauthier, pr&eacute;sident du Collectif des parties civiles pour le&nbsp; Rwanda (CPCR) a appris son arrestation alors qu'il d&eacute;posait une&nbsp; plainte contre le m&ecirc;me Barahira, la semaine pass&eacute;e, devant le doyen des juges d'instruction du tribunal de Toulouse.\n<\/p>\n<p >\n<p >\n&laquo; &Agrave; chaque fois que j'enqu&ecirc;tais sur son successeur &agrave; la mairie de Kabarondo, Octavien Ngenzi, les t&eacute;moins me parlaient aussi des crimes de Barahira &raquo;, explique Alain Gauthier, qui collecte au Rwanda et en France des t&eacute;moignages &agrave; charge afin de nourrir les plaintes d&eacute;pos&eacute;es par son association. Mis en examen &agrave; Mayotte le 4 juin 2010 pour crimes contre l'humanit&eacute;, Octavien Ngenzi est&nbsp; actuellement &eacute;crou&eacute; &agrave; la maison d'arr&ecirc;t de Fleury-M&eacute;rogis, en r&eacute;gion parisienne. Son dossier est en cours d'instruction.\n<\/p>\n<p >\n<p >\nLes chances de succ&egrave;s de&nbsp; la demande d'extradition rwandaise sont tr&egrave;s faibles, la jurisprudence fran&ccedil;aise ayant&nbsp; jusqu'&agrave; pr&eacute;sent toujours estim&eacute; que les garanties d'un proc&egrave;s&nbsp; &eacute;quitable ne sont pas r&eacute;unies au Rwanda.\n<\/p>\n<p >\n<p >\n&laquo;En attendant, estime Alain Gauthier, cela&nbsp; fera parler du sujet, et la plainte d&eacute;pos&eacute;e devrait permettre le transfert et l'instruction du dossier de&nbsp; Barahira par les magistrats sp&eacute;cialis&eacute;s du tribunal de Paris. &raquo;\n<\/p>\n<p >\n<p >\nLe 15 juin 2010, le CPCR avait d&eacute;pos&eacute; une plainte contre un autre&nbsp; Rwandais r&eacute;sidant pr&egrave;s de Toulouse, Joseph Habyarimana, que les&nbsp; magistrats toulousains n'ont pas encore transmis &agrave; Paris.\n<\/p>\n<p >\n<p >\n<p>\nFP\/GF\n<\/p>\n<p>\n&copy; Agence Hirondelle<\/p>\n","protected":false},"excerpt":{"rendered":"<p>Paris, 4 avril 2011 - La Cour d'appel de Toulouse a confirm&eacute; aujourd'hui &agrave; l'agence Hirondelle l'interpellation, le 16 mars, d'un rwandais r&eacute;sidant dans cette ville, sous le coup d'un mandat d'arr&ecirc;t international&nbsp; &eacute;mis le 31 ao&ucirc;t 2009 par le Rwanda, pour g&eacute;nocide et crimes contre&nbsp; l'humanit&eacute;.<\/p>\n","protected":false},"author":64,"featured_media":0,"comment_status":"open","ping_status":"closed","sticky":false,"template":"","format":"standard","meta":{"_acf_changed":false,"footnotes":""},"categories":[554],"tags":[],"ji_location":[],"class_list":["post-12928","post","type-post","status-publish","format-standard","hentry","category-hirondellenews"],"acf":[],"yoast_head":"<!-- This site is optimized with the Yoast SEO Premium plugin v25.3.1 (Yoast SEO v25.3.1) - https:\/\/yoast.com\/wordpress\/plugins\/seo\/ -->\n<title>04.04.11 - FRANCE\/RWANDA - ARRESTATION A TOULOUSE D&#039;UN PRESUME GENOCIDAIRE RWANDAIS - JusticeInfo.net<\/title>\n<meta name=\"robots\" content=\"index, follow, max-snippet:-1, max-image-preview:large, max-video-preview:-1\" \/>\n<link rel=\"canonical\" href=\"https:\/\/www.justiceinfo.net\/fr\/12928-040411-francerwanda-arrestation-a-toulouse-dun-presume-genocidaire-rwandais9737.html\" \/>\n<meta property=\"og:locale\" content=\"fr_FR\" \/>\n<meta property=\"og:type\" content=\"article\" \/>\n<meta property=\"og:title\" content=\"04.04.11 - FRANCE\/RWANDA - ARRESTATION A TOULOUSE D&#039;UN PRESUME GENOCIDAIRE RWANDAIS\" \/>\n<meta property=\"og:description\" content=\"Paris, 4 avril 2011 - La Cour d&#039;appel de Toulouse a confirm&eacute; aujourd&#039;hui &agrave; l&#039;agence Hirondelle l&#039;interpellation, le 16 mars, d&#039;un rwandais r&eacute;sidant dans cette ville, sous le coup d&#039;un mandat d&#039;arr&ecirc;t international&nbsp; &eacute;mis le 31 ao&ucirc;t 2009 par le Rwanda, pour g&eacute;nocide et crimes contre&nbsp; l&#039;humanit&eacute;.\" \/>\n<meta property=\"og:url\" content=\"https:\/\/www.justiceinfo.net\/fr\/12928-040411-francerwanda-arrestation-a-toulouse-dun-presume-genocidaire-rwandais9737.html\" \/>\n<meta property=\"og:site_name\" content=\"JusticeInfo.net\" \/>\n<meta property=\"article:publisher\" content=\"https:\/\/www.facebook.com\/JusticeInfo\/\" \/>\n<meta property=\"article:published_time\" content=\"2011-04-03T22:00:00+00:00\" \/>\n<meta property=\"og:image\" content=\"https:\/\/www.justiceinfo.net\/wp-content\/uploads\/JusticeInfoNet_logo_1200x630px.jpg\" \/>\n\t<meta property=\"og:image:width\" content=\"1200\" \/>\n\t<meta property=\"og:image:height\" content=\"630\" \/>\n\t<meta property=\"og:image:type\" content=\"image\/jpeg\" \/>\n<meta name=\"author\" content=\"solivri\" \/>\n<meta name=\"twitter:card\" content=\"summary_large_image\" \/>\n<meta name=\"twitter:creator\" content=\"@justiceinfonet\" \/>\n<meta name=\"twitter:site\" content=\"@justiceinfonet\" \/>\n<meta name=\"twitter:label1\" content=\"\u00c9crit par\" \/>\n\t<meta name=\"twitter:data1\" content=\"solivri\" \/>\n\t<meta name=\"twitter:label2\" content=\"Dur\u00e9e de lecture estim\u00e9e\" \/>\n\t<meta name=\"twitter:data2\" content=\"2 minutes\" \/>\n<script type=\"application\/ld+json\" class=\"yoast-schema-graph\">{\"@context\":\"https:\/\/schema.org\",\"@graph\":[{\"@type\":\"NewsArticle\",\"@id\":\"https:\/\/www.justiceinfo.net\/fr\/12928-040411-francerwanda-arrestation-a-toulouse-dun-presume-genocidaire-rwandais9737.html#article\",\"isPartOf\":{\"@id\":\"https:\/\/www.justiceinfo.net\/fr\/12928-040411-francerwanda-arrestation-a-toulouse-dun-presume-genocidaire-rwandais9737.html\"},\"author\":{\"name\":\"solivri\",\"@id\":\"https:\/\/www.justiceinfo.net\/fr#\/schema\/person\/6e53cba1629e2e66f3fc1821d3091865\"},\"headline\":\"04.04.11 - FRANCE\/RWANDA - ARRESTATION A TOULOUSE D'UN PRESUME GENOCIDAIRE RWANDAIS\",\"datePublished\":\"2011-04-03T22:00:00+00:00\",\"mainEntityOfPage\":{\"@id\":\"https:\/\/www.justiceinfo.net\/fr\/12928-040411-francerwanda-arrestation-a-toulouse-dun-presume-genocidaire-rwandais9737.html\"},\"wordCount\":444,\"commentCount\":0,\"publisher\":{\"@id\":\"https:\/\/www.justiceinfo.net\/fr#organization\"},\"articleSection\":[\"Hirondelle News\"],\"inLanguage\":\"fr-FR\",\"potentialAction\":[{\"@type\":\"CommentAction\",\"name\":\"Comment\",\"target\":[\"https:\/\/www.justiceinfo.net\/fr\/12928-040411-francerwanda-arrestation-a-toulouse-dun-presume-genocidaire-rwandais9737.html#respond\"]}]},{\"@type\":\"WebPage\",\"@id\":\"https:\/\/www.justiceinfo.net\/fr\/12928-040411-francerwanda-arrestation-a-toulouse-dun-presume-genocidaire-rwandais9737.html\",\"url\":\"https:\/\/www.justiceinfo.net\/fr\/12928-040411-francerwanda-arrestation-a-toulouse-dun-presume-genocidaire-rwandais9737.html\",\"name\":\"04.04.11 - FRANCE\/RWANDA - ARRESTATION A TOULOUSE D'UN PRESUME GENOCIDAIRE RWANDAIS - JusticeInfo.net\",\"isPartOf\":{\"@id\":\"https:\/\/www.justiceinfo.net\/fr#website\"},\"datePublished\":\"2011-04-03T22:00:00+00:00\",\"breadcrumb\":{\"@id\":\"https:\/\/www.justiceinfo.net\/fr\/12928-040411-francerwanda-arrestation-a-toulouse-dun-presume-genocidaire-rwandais9737.html#breadcrumb\"},\"inLanguage\":\"fr-FR\",\"potentialAction\":[{\"@type\":\"ReadAction\",\"target\":[\"https:\/\/www.justiceinfo.net\/fr\/12928-040411-francerwanda-arrestation-a-toulouse-dun-presume-genocidaire-rwandais9737.html\"]}]},{\"@type\":\"BreadcrumbList\",\"@id\":\"https:\/\/www.justiceinfo.net\/fr\/12928-040411-francerwanda-arrestation-a-toulouse-dun-presume-genocidaire-rwandais9737.html#breadcrumb\",\"itemListElement\":[{\"@type\":\"ListItem\",\"position\":1,\"name\":\"Home\",\"item\":\"https:\/\/www.justiceinfo.net\/fr\"},{\"@type\":\"ListItem\",\"position\":2,\"name\":\"04.04.11 - FRANCE\/RWANDA - ARRESTATION A TOULOUSE D'UN PRESUME GENOCIDAIRE RWANDAIS\"}]},{\"@type\":\"WebSite\",\"@id\":\"https:\/\/www.justiceinfo.net\/fr#website\",\"url\":\"https:\/\/www.justiceinfo.net\/fr\",\"name\":\"JusticeInfo.net\",\"description\":\"La justice doit \u00eatre vue pour \u00eatre rendue\",\"publisher\":{\"@id\":\"https:\/\/www.justiceinfo.net\/fr#organization\"},\"potentialAction\":[{\"@type\":\"SearchAction\",\"target\":{\"@type\":\"EntryPoint\",\"urlTemplate\":\"https:\/\/www.justiceinfo.net\/fr?s={search_term_string}\"},\"query-input\":{\"@type\":\"PropertyValueSpecification\",\"valueRequired\":true,\"valueName\":\"search_term_string\"}}],\"inLanguage\":\"fr-FR\"},{\"@type\":\"Organization\",\"@id\":\"https:\/\/www.justiceinfo.net\/fr#organization\",\"name\":\"Justice Info\",\"url\":\"https:\/\/www.justiceinfo.net\/fr\",\"logo\":{\"@type\":\"ImageObject\",\"inLanguage\":\"fr-FR\",\"@id\":\"https:\/\/www.justiceinfo.net\/fr#\/schema\/logo\/image\/\",\"url\":\"https:\/\/www.justiceinfo.net\/wp-content\/uploads\/justiceinfo_logo-trans_1200x1200px.png\",\"contentUrl\":\"https:\/\/www.justiceinfo.net\/wp-content\/uploads\/justiceinfo_logo-trans_1200x1200px.png\",\"width\":1199,\"height\":1200,\"caption\":\"Justice Info\"},\"image\":{\"@id\":\"https:\/\/www.justiceinfo.net\/fr#\/schema\/logo\/image\/\"},\"sameAs\":[\"https:\/\/www.facebook.com\/JusticeInfo\/\",\"https:\/\/x.com\/justiceinfonet\",\"https:\/\/www.linkedin.com\/company\/justice-info\",\"https:\/\/www.youtube.com\/channel\/UCyCEsARodyuWtkWyhn-e7pA\"]},{\"@type\":\"Person\",\"name\":\"solivri\",\"url\":\"\/fr\/?s=solivri\"}]}<\/script>\n<!-- \/ Yoast SEO Premium plugin. -->","yoast_head_json":{"title":"04.04.11 - FRANCE\/RWANDA - ARRESTATION A TOULOUSE D'UN PRESUME GENOCIDAIRE RWANDAIS - JusticeInfo.net","robots":{"index":"index","follow":"follow","max-snippet":"max-snippet:-1","max-image-preview":"max-image-preview:large","max-video-preview":"max-video-preview:-1"},"canonical":"https:\/\/www.justiceinfo.net\/fr\/12928-040411-francerwanda-arrestation-a-toulouse-dun-presume-genocidaire-rwandais9737.html","og_locale":"fr_FR","og_type":"article","og_title":"04.04.11 - FRANCE\/RWANDA - ARRESTATION A TOULOUSE D'UN PRESUME GENOCIDAIRE RWANDAIS","og_description":"Paris, 4 avril 2011 - La Cour d'appel de Toulouse a confirm&eacute; aujourd'hui &agrave; l'agence Hirondelle l'interpellation, le 16 mars, d'un rwandais r&eacute;sidant dans cette ville, sous le coup d'un mandat d'arr&ecirc;t international&nbsp; &eacute;mis le 31 ao&ucirc;t 2009 par le Rwanda, pour g&eacute;nocide et crimes contre&nbsp; l'humanit&eacute;.","og_url":"https:\/\/www.justiceinfo.net\/fr\/12928-040411-francerwanda-arrestation-a-toulouse-dun-presume-genocidaire-rwandais9737.html","og_site_name":"JusticeInfo.net","article_publisher":"https:\/\/www.facebook.com\/JusticeInfo\/","article_published_time":"2011-04-03T22:00:00+00:00","og_image":[{"width":1200,"height":630,"url":"https:\/\/www.justiceinfo.net\/wp-content\/uploads\/JusticeInfoNet_logo_1200x630px.jpg","type":"image\/jpeg"}],"author":"solivri","twitter_card":"summary_large_image","twitter_creator":"@justiceinfonet","twitter_site":"@justiceinfonet","twitter_misc":{"\u00c9crit par":"solivri","Dur\u00e9e de lecture estim\u00e9e":"2 minutes"},"schema":{"@context":"https:\/\/schema.org","@graph":[{"@type":"NewsArticle","@id":"https:\/\/www.justiceinfo.net\/fr\/12928-040411-francerwanda-arrestation-a-toulouse-dun-presume-genocidaire-rwandais9737.html#article","isPartOf":{"@id":"https:\/\/www.justiceinfo.net\/fr\/12928-040411-francerwanda-arrestation-a-toulouse-dun-presume-genocidaire-rwandais9737.html"},"author":{"name":"solivri","@id":"https:\/\/www.justiceinfo.net\/fr#\/schema\/person\/6e53cba1629e2e66f3fc1821d3091865"},"headline":"04.04.11 - FRANCE\/RWANDA - ARRESTATION A TOULOUSE D'UN PRESUME GENOCIDAIRE RWANDAIS","datePublished":"2011-04-03T22:00:00+00:00","mainEntityOfPage":{"@id":"https:\/\/www.justiceinfo.net\/fr\/12928-040411-francerwanda-arrestation-a-toulouse-dun-presume-genocidaire-rwandais9737.html"},"wordCount":444,"commentCount":0,"publisher":{"@id":"https:\/\/www.justiceinfo.net\/fr#organization"},"articleSection":["Hirondelle News"],"inLanguage":"fr-FR","potentialAction":[{"@type":"CommentAction","name":"Comment","target":["https:\/\/www.justiceinfo.net\/fr\/12928-040411-francerwanda-arrestation-a-toulouse-dun-presume-genocidaire-rwandais9737.html#respond"]}]},{"@type":"WebPage","@id":"https:\/\/www.justiceinfo.net\/fr\/12928-040411-francerwanda-arrestation-a-toulouse-dun-presume-genocidaire-rwandais9737.html","url":"https:\/\/www.justiceinfo.net\/fr\/12928-040411-francerwanda-arrestation-a-toulouse-dun-presume-genocidaire-rwandais9737.html","name":"04.04.11 - FRANCE\/RWANDA - ARRESTATION A TOULOUSE D'UN PRESUME GENOCIDAIRE RWANDAIS - JusticeInfo.net","isPartOf":{"@id":"https:\/\/www.justiceinfo.net\/fr#website"},"datePublished":"2011-04-03T22:00:00+00:00","breadcrumb":{"@id":"https:\/\/www.justiceinfo.net\/fr\/12928-040411-francerwanda-arrestation-a-toulouse-dun-presume-genocidaire-rwandais9737.html#breadcrumb"},"inLanguage":"fr-FR","potentialAction":[{"@type":"ReadAction","target":["https:\/\/www.justiceinfo.net\/fr\/12928-040411-francerwanda-arrestation-a-toulouse-dun-presume-genocidaire-rwandais9737.html"]}]},{"@type":"BreadcrumbList","@id":"https:\/\/www.justiceinfo.net\/fr\/12928-040411-francerwanda-arrestation-a-toulouse-dun-presume-genocidaire-rwandais9737.html#breadcrumb","itemListElement":[{"@type":"ListItem","position":1,"name":"Home","item":"https:\/\/www.justiceinfo.net\/fr"},{"@type":"ListItem","position":2,"name":"04.04.11 - FRANCE\/RWANDA - ARRESTATION A TOULOUSE D'UN PRESUME GENOCIDAIRE RWANDAIS"}]},{"@type":"WebSite","@id":"https:\/\/www.justiceinfo.net\/fr#website","url":"https:\/\/www.justiceinfo.net\/fr","name":"JusticeInfo.net","description":"La justice doit \u00eatre vue pour \u00eatre rendue","publisher":{"@id":"https:\/\/www.justiceinfo.net\/fr#organization"},"potentialAction":[{"@type":"SearchAction","target":{"@type":"EntryPoint","urlTemplate":"https:\/\/www.justiceinfo.net\/fr?s={search_term_string}"},"query-input":{"@type":"PropertyValueSpecification","valueRequired":true,"valueName":"search_term_string"}}],"inLanguage":"fr-FR"},{"@type":"Organization","@id":"https:\/\/www.justiceinfo.net\/fr#organization","name":"Justice Info","url":"https:\/\/www.justiceinfo.net\/fr","logo":{"@type":"ImageObject","inLanguage":"fr-FR","@id":"https:\/\/www.justiceinfo.net\/fr#\/schema\/logo\/image\/","url":"https:\/\/www.justiceinfo.net\/wp-content\/uploads\/justiceinfo_logo-trans_1200x1200px.png","contentUrl":"https:\/\/www.justiceinfo.net\/wp-content\/uploads\/justiceinfo_logo-trans_1200x1200px.png","width":1199,"height":1200,"caption":"Justice Info"},"image":{"@id":"https:\/\/www.justiceinfo.net\/fr#\/schema\/logo\/image\/"},"sameAs":["https:\/\/www.facebook.com\/JusticeInfo\/","https:\/\/x.com\/justiceinfonet","https:\/\/www.linkedin.com\/company\/justice-info","https:\/\/www.youtube.com\/channel\/UCyCEsARodyuWtkWyhn-e7pA"]},{"@type":"Person","name":"solivri","url":"\/fr\/?s=solivri"}]}},"_links":{"self":[{"href":"https:\/\/www.justiceinfo.net\/fr\/wp-json\/wp\/v2\/posts\/12928","targetHints":{"allow":["GET"]}}],"collection":[{"href":"https:\/\/www.justiceinfo.net\/fr\/wp-json\/wp\/v2\/posts"}],"about":[{"href":"https:\/\/www.justiceinfo.net\/fr\/wp-json\/wp\/v2\/types\/post"}],"author":[{"embeddable":true,"href":"https:\/\/www.justiceinfo.net\/fr\/wp-json\/wp\/v2\/users\/64"}],"replies":[{"embeddable":true,"href":"https:\/\/www.justiceinfo.net\/fr\/wp-json\/wp\/v2\/comments?post=12928"}],"version-history":[{"count":0,"href":"https:\/\/www.justiceinfo.net\/fr\/wp-json\/wp\/v2\/posts\/12928\/revisions"}],"wp:attachment":[{"href":"https:\/\/www.justiceinfo.net\/fr\/wp-json\/wp\/v2\/media?parent=12928"}],"wp:term":[{"taxonomy":"category","embeddable":true,"href":"https:\/\/www.justiceinfo.net\/fr\/wp-json\/wp\/v2\/categories?post=12928"},{"taxonomy":"post_tag","embeddable":true,"href":"https:\/\/www.justiceinfo.net\/fr\/wp-json\/wp\/v2\/tags?post=12928"},{"taxonomy":"ji_location","embeddable":true,"href":"https:\/\/www.justiceinfo.net\/fr\/wp-json\/wp\/v2\/ji_location?post=12928"}],"curies":[{"name":"wp","href":"https:\/\/api.w.org\/{rel}","templated":true}]}}