{"id":12932,"date":"2011-04-05T00:00:00","date_gmt":"2011-04-04T22:00:00","guid":{"rendered":"https:\/\/www.justiceinfo.net\/12932-050411-cpibemba-l-paul-barril-a-roule-patasse-dans-la-farine-r9741.html"},"modified":"2011-04-05T00:00:00","modified_gmt":"2011-04-04T22:00:00","slug":"050411-cpibemba-l-paul-barril-a-roule-patasse-dans-la-farine-r9741","status":"publish","type":"post","link":"https:\/\/www.justiceinfo.net\/fr\/12932-050411-cpibemba-l-paul-barril-a-roule-patasse-dans-la-farine-r9741.html","title":{"rendered":"05.04.11 - CPI\/BEMBA - \u00ab PAUL BARRIL A ROULE PATASSE DANS LA FARINE \u00bb"},"content":{"rendered":"<p >\nLa Haye, 5 avril 2011 - Le procureur g&eacute;n&eacute;ral du tribunal de Bangui, Firmin Feindiro, a commenc&eacute;, lundi 4 avril, sa d&eacute;position contre Jean-Pierre Bemba, accus&eacute; de crimes contre l'humanit&eacute; et crimes de guerre par le procureur de la Cour p&eacute;nale internationale (CPI). Le t&eacute;moin a &laquo; bross&eacute; un tableau g&eacute;n&eacute;ral &raquo; de la guerre en Centrafrique entre octobre 2002 et mars 2003, au cours de laquelle &laquo; les hommes &raquo; de Bemba, appel&eacute;s en renfort par le pr&eacute;sident centrafricain d'alors, Ange-F&eacute;lix Patass&eacute;, auraient commis des meurtres, des viols et des pillages. En 2003, Firmin Feindiro avait &eacute;t&eacute; charg&eacute; par le minist&egrave;re de la Justice d'enqu&ecirc;ter sur les auteurs des crimes commis durant la guerre.\n<\/p>\n<p><!--more--><\/p>\n<p >\nTr&egrave;s rapidement, a-t-il expliqu&eacute;, le pouvoir a &eacute;t&eacute; confi&eacute; &agrave; l'Unit&eacute; de la s&eacute;curit&eacute; pr&eacute;sidentielle (USP) et aux troupes du Mouvement pour la lib&eacute;ration du Congo (MLC), dirig&eacute; par l'accus&eacute;. Interrog&eacute; sur les diff&eacute;rences entre les deux groupes, le t&eacute;moin a estim&eacute; qu'&laquo; il y a une distinction nette, entre le MLC et l'USP. L'USP est constitu&eacute;e de militaires form&eacute;s, qui r&eacute;pondent &agrave; la charge de l'Etat, qui sont habill&eacute;s, qui ont des insignes distinctifs, un b&eacute;ret vert. Les militaires de l'USP sont des Centrafricains qui parlent Sango. &raquo; Confirmant les r&eacute;cits des t&eacute;moins venus d&eacute;poser avant lui, il a rappel&eacute; que &laquo; du cot&eacute; des troupes du MLC, les tenues sont disparates, les tailles de certaines tenues ne correspondent pas &agrave; leur porteur, les chaussures sont disparates, c'est des paires de pantoufles, des tapettes. (...) Les rebelles du MLC ne parlent pas Sango. &raquo; Parmi eux, &laquo; vous pouvez trouver des barbus, genre Oussama Bin Laden &raquo;.\n<\/p>\n<p >\nDe nombreuses milices avaient &eacute;t&eacute; appel&eacute;es pour contrer les rebelles du colonel Fran&ccedil;ois Boziz&eacute;: &laquo; Il y avait aussi les forces libyennes (...) Ils avaient des petits avions et ils larguaient des obus &raquo; a racont&eacute; le t&eacute;moin, selon lequel les pilonnages sont les seuls crimes commis par ces forces, qui n'ont ni tu&eacute;, ni pill&eacute;, ni viol&eacute;.\n<\/p>\n<p >\nLe pr&eacute;sident Patass&eacute; s'&eacute;tait aussi assur&eacute; le soutien d'Abdulaye Miskine, un &laquo; escroc &raquo; selon le procureur g&eacute;n&eacute;ral de Bangui. &laquo; Il disait qu'il allait combattre les coupeurs de route &raquo; mais &laquo;Abdulaye Miskine proc&eacute;dait &agrave; des ex&eacute;cutions sommaires &raquo;. Avec le temps, &laquo; il &eacute;tait devenu la pomme de discorde entre le pr&eacute;sident Idriss Deby du Tchad, et le pr&eacute;sident Patass&eacute;. Du cot&eacute; de Ndjamena, on le traitait de mercenaire tchadien, engag&eacute; par Patass&eacute; pour d&eacute;stabiliser le Tchad. Et du cot&eacute; d'Ange-F&eacute;lix Patass&eacute;, on disait qu'il &eacute;tait un patriote centrafricain, charg&eacute; de lutter contre les coupeurs de route &raquo;. Pour le t&eacute;moin, les hommes de Miskine n'ont pas viol&eacute;, mais &laquo; les charniers du PK13 sont le travail de ses troupes &raquo;.\n<\/p>\n<p >\nDeux compagnies de s&eacute;curit&eacute; &eacute;taient notamment charg&eacute;es de surveiller la r&eacute;sidence pr&eacute;sidentielle. La Soci&eacute;t&eacute; centrafricaine de protection et de surveillance (SCPS) &eacute;tait &laquo; dirig&eacute;e par le chauffeur du pr&eacute;sident Patass&eacute;, un ancien chauffeur de taxi. &raquo; Puis l'ex-gendarme fran&ccedil;ais Paul Barril, charg&eacute; de la &laquo; lutte contre le terrorisme international &raquo;, chapeauta les op&eacute;rations de surveillance. &laquo; On avait mis sous son aile la SCPS et les &eacute;l&eacute;ments d'Abdulaye Miskine. &raquo;\n<\/p>\n<p >\nLe t&eacute;moin a racont&eacute; sa rencontre avec Paul Barril. &laquo; Un soir, je travaillais &agrave; Bouar, et on a re&ccedil;u la visite d'&eacute;l&eacute;ments &eacute;trangers, je crois qu'ils &eacute;taient yougoslaves. Ils parlaient fran&ccedil;ais avec un fort accent russe. Ils &eacute;taient &eacute;quip&eacute;s comme des commandos (...) Paul Barril a tenu un meeting et il disait &agrave; la population qu'il avait besoin de soutiens, qu'il venait pour combattre les rebelles de Bozize qui avan&ccedil;aient.&raquo; Mais pour le t&eacute;moin, Paul Barril ne conduisait pas la guerre. &laquo; Il a roul&eacute; Patass&eacute; dans la farine &raquo;.\n<\/p>\n<p >\nSelon Firmin Feindiro, &laquo; ils ont impos&eacute; au pompiste de leur donner les recettes, puis le carburant qui &eacute;tait dans la soute a &eacute;t&eacute; vendu et l'argent leur &eacute;tait vers&eacute; directement. Est-ce qu'ils &eacute;taient venus pour vendre le carburant ou bien pour faire la guerre ? &raquo;, a-t-il interrog&eacute;. Son t&eacute;moignage se poursuivra demain.&nbsp; &nbsp;\n<\/p>\n<p >\nLe proc&egrave;s de Jean-Pierre Bemba a d&eacute;but&eacute; le 22 novembre 2010. Le s&eacute;nateur congolais avait &eacute;t&eacute; arr&ecirc;t&eacute; en Belgique le 24 mai 2008 puis transf&eacute;r&eacute; &agrave; la Cour d&eacute;but juillet.\n<\/p>\n<p >\nSM\/GF\n<\/p>\n<p>\n&copy; Agence Hirondelle<\/p>\n","protected":false},"excerpt":{"rendered":"<p>La Haye, 5 avril 2011 - Le procureur g&eacute;n&eacute;ral du tribunal de Bangui, Firmin Feindiro, a commenc&eacute;, lundi 4 avril, sa d&eacute;position contre Jean-Pierre Bemba, accus&eacute; de crimes contre l'humanit&eacute; et crimes de guerre par le procureur de la Cour p&eacute;nale internationale (CPI). Le t&eacute;moin a &laquo; bross&eacute; un tableau g&eacute;n&eacute;ral &raquo; de la guerre [&hellip;]<\/p>\n","protected":false},"author":64,"featured_media":0,"comment_status":"open","ping_status":"closed","sticky":false,"template":"","format":"standard","meta":{"_acf_changed":false,"footnotes":""},"categories":[554],"tags":[],"ji_location":[],"class_list":["post-12932","post","type-post","status-publish","format-standard","hentry","category-hirondellenews"],"acf":[],"yoast_head":"<!-- This site is optimized with the Yoast SEO Premium plugin v25.3.1 (Yoast SEO v25.3.1) - https:\/\/yoast.com\/wordpress\/plugins\/seo\/ -->\n<title>05.04.11 - CPI\/BEMBA - \u00ab PAUL BARRIL A ROULE PATASSE DANS LA FARINE \u00bb - JusticeInfo.net<\/title>\n<meta name=\"robots\" content=\"index, follow, max-snippet:-1, max-image-preview:large, max-video-preview:-1\" \/>\n<link rel=\"canonical\" href=\"https:\/\/www.justiceinfo.net\/fr\/12932-050411-cpibemba-l-paul-barril-a-roule-patasse-dans-la-farine-r9741.html\" \/>\n<meta property=\"og:locale\" content=\"fr_FR\" \/>\n<meta property=\"og:type\" content=\"article\" \/>\n<meta property=\"og:title\" content=\"05.04.11 - CPI\/BEMBA - \u00ab PAUL BARRIL A ROULE PATASSE DANS LA FARINE \u00bb\" \/>\n<meta property=\"og:description\" content=\"La Haye, 5 avril 2011 - Le procureur g&eacute;n&eacute;ral du tribunal de Bangui, Firmin Feindiro, a commenc&eacute;, lundi 4 avril, sa d&eacute;position contre Jean-Pierre Bemba, accus&eacute; de crimes contre l&#039;humanit&eacute; et crimes de guerre par le procureur de la Cour p&eacute;nale internationale (CPI). Le t&eacute;moin a &laquo; bross&eacute; un tableau g&eacute;n&eacute;ral &raquo; de la guerre [&hellip;]\" \/>\n<meta property=\"og:url\" content=\"https:\/\/www.justiceinfo.net\/fr\/12932-050411-cpibemba-l-paul-barril-a-roule-patasse-dans-la-farine-r9741.html\" \/>\n<meta property=\"og:site_name\" content=\"JusticeInfo.net\" \/>\n<meta property=\"article:publisher\" content=\"https:\/\/www.facebook.com\/JusticeInfo\/\" \/>\n<meta property=\"article:published_time\" content=\"2011-04-04T22:00:00+00:00\" \/>\n<meta property=\"og:image\" content=\"https:\/\/www.justiceinfo.net\/wp-content\/uploads\/JusticeInfoNet_logo_1200x630px.jpg\" \/>\n\t<meta property=\"og:image:width\" content=\"1200\" \/>\n\t<meta property=\"og:image:height\" content=\"630\" \/>\n\t<meta property=\"og:image:type\" content=\"image\/jpeg\" \/>\n<meta name=\"author\" content=\"solivri\" \/>\n<meta name=\"twitter:card\" content=\"summary_large_image\" \/>\n<meta name=\"twitter:creator\" content=\"@justiceinfonet\" \/>\n<meta name=\"twitter:site\" content=\"@justiceinfonet\" \/>\n<meta name=\"twitter:label1\" content=\"\u00c9crit par\" \/>\n\t<meta name=\"twitter:data1\" content=\"solivri\" \/>\n\t<meta name=\"twitter:label2\" content=\"Dur\u00e9e de lecture estim\u00e9e\" \/>\n\t<meta name=\"twitter:data2\" content=\"4 minutes\" \/>\n<script type=\"application\/ld+json\" class=\"yoast-schema-graph\">{\"@context\":\"https:\/\/schema.org\",\"@graph\":[{\"@type\":\"NewsArticle\",\"@id\":\"https:\/\/www.justiceinfo.net\/fr\/12932-050411-cpibemba-l-paul-barril-a-roule-patasse-dans-la-farine-r9741.html#article\",\"isPartOf\":{\"@id\":\"https:\/\/www.justiceinfo.net\/fr\/12932-050411-cpibemba-l-paul-barril-a-roule-patasse-dans-la-farine-r9741.html\"},\"author\":{\"name\":\"solivri\",\"@id\":\"https:\/\/www.justiceinfo.net\/fr#\/schema\/person\/6e53cba1629e2e66f3fc1821d3091865\"},\"headline\":\"05.04.11 - CPI\/BEMBA - \u00ab PAUL BARRIL A ROULE PATASSE DANS LA FARINE \u00bb\",\"datePublished\":\"2011-04-04T22:00:00+00:00\",\"mainEntityOfPage\":{\"@id\":\"https:\/\/www.justiceinfo.net\/fr\/12932-050411-cpibemba-l-paul-barril-a-roule-patasse-dans-la-farine-r9741.html\"},\"wordCount\":927,\"commentCount\":0,\"publisher\":{\"@id\":\"https:\/\/www.justiceinfo.net\/fr#organization\"},\"articleSection\":[\"Hirondelle News\"],\"inLanguage\":\"fr-FR\",\"potentialAction\":[{\"@type\":\"CommentAction\",\"name\":\"Comment\",\"target\":[\"https:\/\/www.justiceinfo.net\/fr\/12932-050411-cpibemba-l-paul-barril-a-roule-patasse-dans-la-farine-r9741.html#respond\"]}]},{\"@type\":\"WebPage\",\"@id\":\"https:\/\/www.justiceinfo.net\/fr\/12932-050411-cpibemba-l-paul-barril-a-roule-patasse-dans-la-farine-r9741.html\",\"url\":\"https:\/\/www.justiceinfo.net\/fr\/12932-050411-cpibemba-l-paul-barril-a-roule-patasse-dans-la-farine-r9741.html\",\"name\":\"05.04.11 - CPI\/BEMBA - \u00ab PAUL BARRIL A ROULE PATASSE DANS LA FARINE \u00bb - JusticeInfo.net\",\"isPartOf\":{\"@id\":\"https:\/\/www.justiceinfo.net\/fr#website\"},\"datePublished\":\"2011-04-04T22:00:00+00:00\",\"breadcrumb\":{\"@id\":\"https:\/\/www.justiceinfo.net\/fr\/12932-050411-cpibemba-l-paul-barril-a-roule-patasse-dans-la-farine-r9741.html#breadcrumb\"},\"inLanguage\":\"fr-FR\",\"potentialAction\":[{\"@type\":\"ReadAction\",\"target\":[\"https:\/\/www.justiceinfo.net\/fr\/12932-050411-cpibemba-l-paul-barril-a-roule-patasse-dans-la-farine-r9741.html\"]}]},{\"@type\":\"BreadcrumbList\",\"@id\":\"https:\/\/www.justiceinfo.net\/fr\/12932-050411-cpibemba-l-paul-barril-a-roule-patasse-dans-la-farine-r9741.html#breadcrumb\",\"itemListElement\":[{\"@type\":\"ListItem\",\"position\":1,\"name\":\"Home\",\"item\":\"https:\/\/www.justiceinfo.net\/fr\"},{\"@type\":\"ListItem\",\"position\":2,\"name\":\"05.04.11 - CPI\/BEMBA - \u00ab PAUL BARRIL A ROULE PATASSE DANS LA FARINE \u00bb\"}]},{\"@type\":\"WebSite\",\"@id\":\"https:\/\/www.justiceinfo.net\/fr#website\",\"url\":\"https:\/\/www.justiceinfo.net\/fr\",\"name\":\"JusticeInfo.net\",\"description\":\"La justice doit \u00eatre vue pour \u00eatre rendue\",\"publisher\":{\"@id\":\"https:\/\/www.justiceinfo.net\/fr#organization\"},\"potentialAction\":[{\"@type\":\"SearchAction\",\"target\":{\"@type\":\"EntryPoint\",\"urlTemplate\":\"https:\/\/www.justiceinfo.net\/fr?s={search_term_string}\"},\"query-input\":{\"@type\":\"PropertyValueSpecification\",\"valueRequired\":true,\"valueName\":\"search_term_string\"}}],\"inLanguage\":\"fr-FR\"},{\"@type\":\"Organization\",\"@id\":\"https:\/\/www.justiceinfo.net\/fr#organization\",\"name\":\"Justice Info\",\"url\":\"https:\/\/www.justiceinfo.net\/fr\",\"logo\":{\"@type\":\"ImageObject\",\"inLanguage\":\"fr-FR\",\"@id\":\"https:\/\/www.justiceinfo.net\/fr#\/schema\/logo\/image\/\",\"url\":\"https:\/\/www.justiceinfo.net\/wp-content\/uploads\/justiceinfo_logo-trans_1200x1200px.png\",\"contentUrl\":\"https:\/\/www.justiceinfo.net\/wp-content\/uploads\/justiceinfo_logo-trans_1200x1200px.png\",\"width\":1199,\"height\":1200,\"caption\":\"Justice Info\"},\"image\":{\"@id\":\"https:\/\/www.justiceinfo.net\/fr#\/schema\/logo\/image\/\"},\"sameAs\":[\"https:\/\/www.facebook.com\/JusticeInfo\/\",\"https:\/\/x.com\/justiceinfonet\",\"https:\/\/www.linkedin.com\/company\/justice-info\",\"https:\/\/www.youtube.com\/channel\/UCyCEsARodyuWtkWyhn-e7pA\"]},{\"@type\":\"Person\",\"name\":\"solivri\",\"url\":\"\/fr\/?s=solivri\"}]}<\/script>\n<!-- \/ Yoast SEO Premium plugin. -->","yoast_head_json":{"title":"05.04.11 - CPI\/BEMBA - \u00ab PAUL BARRIL A ROULE PATASSE DANS LA FARINE \u00bb - JusticeInfo.net","robots":{"index":"index","follow":"follow","max-snippet":"max-snippet:-1","max-image-preview":"max-image-preview:large","max-video-preview":"max-video-preview:-1"},"canonical":"https:\/\/www.justiceinfo.net\/fr\/12932-050411-cpibemba-l-paul-barril-a-roule-patasse-dans-la-farine-r9741.html","og_locale":"fr_FR","og_type":"article","og_title":"05.04.11 - CPI\/BEMBA - \u00ab PAUL BARRIL A ROULE PATASSE DANS LA FARINE \u00bb","og_description":"La Haye, 5 avril 2011 - Le procureur g&eacute;n&eacute;ral du tribunal de Bangui, Firmin Feindiro, a commenc&eacute;, lundi 4 avril, sa d&eacute;position contre Jean-Pierre Bemba, accus&eacute; de crimes contre l'humanit&eacute; et crimes de guerre par le procureur de la Cour p&eacute;nale internationale (CPI). Le t&eacute;moin a &laquo; bross&eacute; un tableau g&eacute;n&eacute;ral &raquo; de la guerre [&hellip;]","og_url":"https:\/\/www.justiceinfo.net\/fr\/12932-050411-cpibemba-l-paul-barril-a-roule-patasse-dans-la-farine-r9741.html","og_site_name":"JusticeInfo.net","article_publisher":"https:\/\/www.facebook.com\/JusticeInfo\/","article_published_time":"2011-04-04T22:00:00+00:00","og_image":[{"width":1200,"height":630,"url":"https:\/\/www.justiceinfo.net\/wp-content\/uploads\/JusticeInfoNet_logo_1200x630px.jpg","type":"image\/jpeg"}],"author":"solivri","twitter_card":"summary_large_image","twitter_creator":"@justiceinfonet","twitter_site":"@justiceinfonet","twitter_misc":{"\u00c9crit par":"solivri","Dur\u00e9e de lecture estim\u00e9e":"4 minutes"},"schema":{"@context":"https:\/\/schema.org","@graph":[{"@type":"NewsArticle","@id":"https:\/\/www.justiceinfo.net\/fr\/12932-050411-cpibemba-l-paul-barril-a-roule-patasse-dans-la-farine-r9741.html#article","isPartOf":{"@id":"https:\/\/www.justiceinfo.net\/fr\/12932-050411-cpibemba-l-paul-barril-a-roule-patasse-dans-la-farine-r9741.html"},"author":{"name":"solivri","@id":"https:\/\/www.justiceinfo.net\/fr#\/schema\/person\/6e53cba1629e2e66f3fc1821d3091865"},"headline":"05.04.11 - CPI\/BEMBA - \u00ab PAUL BARRIL A ROULE PATASSE DANS LA FARINE \u00bb","datePublished":"2011-04-04T22:00:00+00:00","mainEntityOfPage":{"@id":"https:\/\/www.justiceinfo.net\/fr\/12932-050411-cpibemba-l-paul-barril-a-roule-patasse-dans-la-farine-r9741.html"},"wordCount":927,"commentCount":0,"publisher":{"@id":"https:\/\/www.justiceinfo.net\/fr#organization"},"articleSection":["Hirondelle News"],"inLanguage":"fr-FR","potentialAction":[{"@type":"CommentAction","name":"Comment","target":["https:\/\/www.justiceinfo.net\/fr\/12932-050411-cpibemba-l-paul-barril-a-roule-patasse-dans-la-farine-r9741.html#respond"]}]},{"@type":"WebPage","@id":"https:\/\/www.justiceinfo.net\/fr\/12932-050411-cpibemba-l-paul-barril-a-roule-patasse-dans-la-farine-r9741.html","url":"https:\/\/www.justiceinfo.net\/fr\/12932-050411-cpibemba-l-paul-barril-a-roule-patasse-dans-la-farine-r9741.html","name":"05.04.11 - CPI\/BEMBA - \u00ab PAUL BARRIL A ROULE PATASSE DANS LA FARINE \u00bb - JusticeInfo.net","isPartOf":{"@id":"https:\/\/www.justiceinfo.net\/fr#website"},"datePublished":"2011-04-04T22:00:00+00:00","breadcrumb":{"@id":"https:\/\/www.justiceinfo.net\/fr\/12932-050411-cpibemba-l-paul-barril-a-roule-patasse-dans-la-farine-r9741.html#breadcrumb"},"inLanguage":"fr-FR","potentialAction":[{"@type":"ReadAction","target":["https:\/\/www.justiceinfo.net\/fr\/12932-050411-cpibemba-l-paul-barril-a-roule-patasse-dans-la-farine-r9741.html"]}]},{"@type":"BreadcrumbList","@id":"https:\/\/www.justiceinfo.net\/fr\/12932-050411-cpibemba-l-paul-barril-a-roule-patasse-dans-la-farine-r9741.html#breadcrumb","itemListElement":[{"@type":"ListItem","position":1,"name":"Home","item":"https:\/\/www.justiceinfo.net\/fr"},{"@type":"ListItem","position":2,"name":"05.04.11 - CPI\/BEMBA - \u00ab PAUL BARRIL A ROULE PATASSE DANS LA FARINE \u00bb"}]},{"@type":"WebSite","@id":"https:\/\/www.justiceinfo.net\/fr#website","url":"https:\/\/www.justiceinfo.net\/fr","name":"JusticeInfo.net","description":"La justice doit \u00eatre vue pour \u00eatre rendue","publisher":{"@id":"https:\/\/www.justiceinfo.net\/fr#organization"},"potentialAction":[{"@type":"SearchAction","target":{"@type":"EntryPoint","urlTemplate":"https:\/\/www.justiceinfo.net\/fr?s={search_term_string}"},"query-input":{"@type":"PropertyValueSpecification","valueRequired":true,"valueName":"search_term_string"}}],"inLanguage":"fr-FR"},{"@type":"Organization","@id":"https:\/\/www.justiceinfo.net\/fr#organization","name":"Justice Info","url":"https:\/\/www.justiceinfo.net\/fr","logo":{"@type":"ImageObject","inLanguage":"fr-FR","@id":"https:\/\/www.justiceinfo.net\/fr#\/schema\/logo\/image\/","url":"https:\/\/www.justiceinfo.net\/wp-content\/uploads\/justiceinfo_logo-trans_1200x1200px.png","contentUrl":"https:\/\/www.justiceinfo.net\/wp-content\/uploads\/justiceinfo_logo-trans_1200x1200px.png","width":1199,"height":1200,"caption":"Justice Info"},"image":{"@id":"https:\/\/www.justiceinfo.net\/fr#\/schema\/logo\/image\/"},"sameAs":["https:\/\/www.facebook.com\/JusticeInfo\/","https:\/\/x.com\/justiceinfonet","https:\/\/www.linkedin.com\/company\/justice-info","https:\/\/www.youtube.com\/channel\/UCyCEsARodyuWtkWyhn-e7pA"]},{"@type":"Person","name":"solivri","url":"\/fr\/?s=solivri"}]}},"_links":{"self":[{"href":"https:\/\/www.justiceinfo.net\/fr\/wp-json\/wp\/v2\/posts\/12932","targetHints":{"allow":["GET"]}}],"collection":[{"href":"https:\/\/www.justiceinfo.net\/fr\/wp-json\/wp\/v2\/posts"}],"about":[{"href":"https:\/\/www.justiceinfo.net\/fr\/wp-json\/wp\/v2\/types\/post"}],"author":[{"embeddable":true,"href":"https:\/\/www.justiceinfo.net\/fr\/wp-json\/wp\/v2\/users\/64"}],"replies":[{"embeddable":true,"href":"https:\/\/www.justiceinfo.net\/fr\/wp-json\/wp\/v2\/comments?post=12932"}],"version-history":[{"count":0,"href":"https:\/\/www.justiceinfo.net\/fr\/wp-json\/wp\/v2\/posts\/12932\/revisions"}],"wp:attachment":[{"href":"https:\/\/www.justiceinfo.net\/fr\/wp-json\/wp\/v2\/media?parent=12932"}],"wp:term":[{"taxonomy":"category","embeddable":true,"href":"https:\/\/www.justiceinfo.net\/fr\/wp-json\/wp\/v2\/categories?post=12932"},{"taxonomy":"post_tag","embeddable":true,"href":"https:\/\/www.justiceinfo.net\/fr\/wp-json\/wp\/v2\/tags?post=12932"},{"taxonomy":"ji_location","embeddable":true,"href":"https:\/\/www.justiceinfo.net\/fr\/wp-json\/wp\/v2\/ji_location?post=12932"}],"curies":[{"name":"wp","href":"https:\/\/api.w.org\/{rel}","templated":true}]}}