{"id":129349,"date":"2024-03-11T06:56:43","date_gmt":"2024-03-11T05:56:43","guid":{"rendered":"https:\/\/www.justiceinfo.net\/?p=129349"},"modified":"2024-03-11T06:56:46","modified_gmt":"2024-03-11T05:56:46","slug":"regime-sanctions-colombie-comment-bien-faire","status":"publish","type":"post","link":"https:\/\/www.justiceinfo.net\/fr\/129349-regime-sanctions-colombie-comment-bien-faire.html","title":{"rendered":"Le r\u00e9gime des sanctions en Colombie : comment bien faire"},"content":{"rendered":"\n<p><strong>La mani\u00e8re dont la Juridiction sp\u00e9ciale pour la paix en Colombie imposera des sanctions \u00e0 ceux qu'elle a jug\u00e9s responsables de crimes graves est cruciale pour le mod\u00e8le de justice transitionnelle. Or, elle n\u2019a pas \u00e9t\u00e9 clarifi\u00e9e par le tribunal. Juanita Goebertus et Juan Pappier, de l\u2019ONG Human Rights Watch, rappellent les principes de l'accord de paix. Et demandent \u00e0 toutes les parties prenantes - le tribunal, le gouvernement et l\u2019Onu - de prendre leurs responsabilit\u00e9s.<\/strong><\/p>\n\n\n\n<!--more-->\n\n\n\n<p>D'anciens commandants d\u00e9mobilis\u00e9s de la gu\u00e9rilla des Forces arm\u00e9es r\u00e9volutionnaires de Colombie (FARC) ont r\u00e9cemment <a href=\"https:\/\/www.elespectador.com\/colombia-20\/jep-y-desaparecidos\/carta-de-exsecretariado-de-las-farc-dice-que-la-jep-se-esta-descarrilando\/\">critiqu\u00e9<\/a> publiquement la <a href=\"https:\/\/www.justiceinfo.net\/fr\/tag\/juridiction-speciale-paix\">Juridiction sp\u00e9ciale pour la paix (JEP)<\/a>, bras judiciaire du syst\u00e8me de <a href=\"https:\/\/www.justiceinfo.net\/fr\/justice-transitionnelle\">justice transitionnelle<\/a> du pays, affirmant que les juges s'\u00e9cartaient de l'accord de paix de 2016.<\/p>\n\n\n\n<p>Parmi les critiques \u00e9num\u00e9r\u00e9es dans deux lettres envoy\u00e9es au pr\u00e9sident Gustavo Petro et \u00e0 d'anciens membres des FARC entre le 7 et le 19 f\u00e9vrier, les anciens commandants expriment une pr\u00e9occupation apparemment pr\u00e9ventive \u00e0 propos des \"sanctions\" que la Juridiction sp\u00e9ciale doit encore imposer. La mise en place de ces sanctions, c'est-\u00e0-dire les peines qui seront attach\u00e9es aux aveux individuels de responsabilit\u00e9, constituera un test critique pour la cr\u00e9dibilit\u00e9 du syst\u00e8me judiciaire de transition. Il convient donc de rappeler aux anciens commandants des FARC - et \u00e0 tout le monde - ce que pr\u00e9voit l'accord de paix colombien.<\/p>\n\n\n\n<p>En vertu de <a href=\"https:\/\/www.peaceagreements.org\/viewmasterdocument\/1845\">l'accord de paix<\/a>, les responsables d'abus graves qui avouent rapidement leurs crimes, disent la v\u00e9rit\u00e9 et offrent des r\u00e9parations ne seront pas condamn\u00e9s \u00e0 des peines de prison, mais \u00e0 des \"sanctions sp\u00e9ciales\" d'une dur\u00e9e de 5 \u00e0 8 ans. Ceux qui ne coop\u00e8rent pas avec la justice ou ne contribuent pas aux droits des victimes, ou qui le font tardivement, peuvent \u00eatre condamn\u00e9s \u00e0 des peines de prison allant de 5 \u00e0 20 ans.<\/p>\n\n\n\n<p>Comme le pr\u00e9cise l'accord, les sanctions sp\u00e9ciales comportent une composante r\u00e9paratrice - consistant en \"t\u00e2ches, travaux ou activit\u00e9s ayant un contenu r\u00e9parateur\" - et une composante punitive de \"restriction effective de la libert\u00e9\". Il ne s'agit pas, comme le sugg\u00e8rent les anciens commandants des FARC dans leur lettre, uniquement de \"sanctions r\u00e9paratrices\".<\/p>\n\n\n\n<h2 class=\"wp-block-heading\" id=\"h-une-supervision-tres-stricte\">Une supervision \"tr\u00e8s stricte\"<\/h2>\n\n\n\n<p>Bien que l'accord soit intentionnellement ambigu en ce qui concerne les \"restrictions effectives \u00e0 la libert\u00e9\", il d\u00e9taille plusieurs exigences. L'accord \u00e9tablit qu'il doit y avoir des \"m\u00e9canismes de contr\u00f4le et de supervision appropri\u00e9s\" par la Mission des Nations unies en Colombie et la JEP pour assurer \"la bonne foi du respect des restrictions\". Analysant le r\u00e8glement de proc\u00e9dure de la JEP, la Cour constitutionnelle a d\u00e9clar\u00e9 que cette supervision devrait \u00eatre \"tr\u00e8s stricte\" et effectu\u00e9e avec \"ind\u00e9pendance et impartialit\u00e9\".<\/p>\n\n\n\n<p>L'accord initial avait \u00e9t\u00e9 rejet\u00e9 lorsqu'une faible majorit\u00e9 de Colombiens avait vot\u00e9 contre, lors d'un pl\u00e9biscite en octobre 2016. Lorsque l'accord a \u00e9t\u00e9 ren\u00e9goci\u00e9, <a href=\"https:\/\/www.hrw.org\/news\/2016\/11\/23\/letter-president-santos-new-peace-agreement-farc\">les parties ont accept\u00e9 d'inclure des exigences suppl\u00e9mentaires<\/a>. Elles se sont notamment entendues sur des \"zones territoriales\" o\u00f9 les personnes purgeant des peines resteraient, ainsi que sur la restriction de leur \"lieu de r\u00e9sidence [...] tant que la sanction est mise en \u0153uvre\". L'accord indique que ces \"espaces territoriaux\" doivent avoir une \"taille maximale \u00e9quivalente aux zones locales transitoires pour la normalisation\", les zones o\u00f9 les membres des FARC ont d\u00e9sarm\u00e9, qui \u00e9taient comprises entre 5 et 15 hectares.<\/p>\n\n\n\n<p>L'accord ren\u00e9goci\u00e9 indique que la JEP doit autoriser \"tout d\u00e9placement de la personne sanctionn\u00e9e pour toute question en dehors de l'ex\u00e9cution de la sanction\". La Cour constitutionnelle a d\u00e9clar\u00e9 que ce m\u00e9canisme ne devait pas \u00eatre \"laxiste ou incontr\u00f4l\u00e9, ni lib\u00e9ral\", mais qu'il devait plut\u00f4t \"ob\u00e9ir \u00e0 des r\u00e8gles tr\u00e8s strictes et autoris\u00e9es\".<\/p>\n\n\n\n<p>Les anciens commandants des FARC semblent craindre que les sanctions soient trop strictes. Mais il y a plut\u00f4t lieu de craindre qu'elles soient trop cl\u00e9mentes.<\/p>\n\n\n\n<h2 class=\"wp-block-heading\" id=\"h-gouvernement-systeme-judiciaire-onu-qui-est-pret\">Gouvernement, syst\u00e8me judiciaire, Onu : qui est pr\u00eat ?<\/h2>\n\n\n\n<p>La Colombie ne semble pas offrir les pr\u00e9paratifs n\u00e9cessaires \u00e0 la mise en \u0153uvre de ces sanctions. Dans des jugements concernant \u00e0 la fois l'arm\u00e9e et les FARC, la JEP s'est inqui\u00e9t\u00e9e du manque de financement de l'\u00c9tat et de \"soutien institutionnel\" pour mettre en \u0153uvre les sanctions. L'administration du pr\u00e9sident Petro, <a href=\"https:\/\/www.cancilleria.gov.co\/newsroom\/news\/comunicado-prensa-25\">qui s'est engag\u00e9e \u00e0 appliquer l'accord de paix et a exhort\u00e9 la juridiction sp\u00e9ciale \u00e0 faire de m\u00eame<\/a>, n'a inclus que de vagues r\u00e9f\u00e9rences aux sanctions sp\u00e9ciales dans son <a href=\"https:\/\/colaboracion.dnp.gov.co\/CDT\/Prensa\/Publicaciones\/plan-nacional-de-desarrollo-2022-2026-colombia-potencia-mundial-de-la-vida.pdf\">plan de d\u00e9veloppement national 2022-2026<\/a>.<\/p>\n\n\n\n<p>Dans le m\u00eame temps, la juridiction sp\u00e9ciale semble tra\u00eener les pieds dans ses discussions internes sur la mani\u00e8re de r\u00e9gler les ambigu\u00eft\u00e9s de l\u2019accord au sujet des sanctions - et dans sa pr\u00e9paration \u00e0 leur mise en \u0153uvre. Quant \u00e0 la Mission des Nations unies en Colombie, qui est tenue de superviser le respect de l'accord, <a href=\"https:\/\/www.jep.gov.co\/Sala-de-Prensa\/Paginas\/La-JEP-y-la-Misi%C3%B3n-de-la-ONU-firman-protocolo-que-activa-el-Mecanismo-de-Monitoreo-y-Verificaci%C3%B3n-de-las-Sanciones-Propias-.aspx\">elle a d\u00e9clar\u00e9 qu'elle ne pouvait pas superviser toutes les sanctions mais seulement se concentrer sur les \"tendances\" et les \"cas individuels concrets\"<\/a>.<\/p>\n\n\n\n<p>L'imposition de \"sanctions sp\u00e9ciales\" est un d\u00e9fi - sur les plans juridique, politique et logistique. Mais toutes les parties prenantes doivent relever ce d\u00e9fi avec s\u00e9rieux et sans plus attendre, car les droits des victimes d'abus odieux commis par les FARC et l'arm\u00e9e en d\u00e9pendent.<\/p>\n\n\n\n<p>La juridiction sp\u00e9ciale a pris des mesures d\u00e9cisives pour faire en sorte que les responsables de ces exactions r\u00e9pondent de leurs actes. Les juges ont inculp\u00e9 les hauts commandants des FARC pour des enl\u00e8vements et accus\u00e9 des militaires de haut rang pour leur responsabilit\u00e9 dans les ex\u00e9cutions extrajudiciaires des \"faux positifs\". Mais la cr\u00e9dibilit\u00e9 du m\u00e9canisme devant offrir un minimum de justice aux victimes des abus commis par toutes les parties au conflit risque d'\u00eatre s\u00e9rieusement entam\u00e9e s'il ne pr\u00e9voit pas de sanctions significatives.<\/p>\n\n\n\n<h2 class=\"wp-block-heading\" id=\"h-eviter-les-messages-trompeurs\">\u00c9viter les messages trompeurs<\/h2>\n\n\n\n<p>Le fait de ne pas appliquer correctement les sanctions sp\u00e9ciales devrait susciter des inqui\u00e9tudes au sein du Bureau du procureur de la <a href=\"https:\/\/www.justiceinfo.net\/fr\/tribunaux\/cpi\">Cour p\u00e9nale internationale (CPI)<\/a>, qui a cl\u00f4tur\u00e9 son examen pr\u00e9liminaire concernant la Colombie en 2021. En 2017, Fatou Bensouda, alors procureure, avait d\u00e9clar\u00e9 dans un <a href=\"https:\/\/cr00.epimg.net\/descargables\/2017\/10\/21\/17135b6061c7a5066ea86fe7e37ce26a.pdf?int=masinfo\">m\u00e9moire d'amicus curiae<\/a> pr\u00e9sent\u00e9 \u00e0 la Cour constitutionnelle colombienne que, bien que le Statut de Rome ne prescrive pas un \"type ou une dur\u00e9e\" sp\u00e9cifique de sanctions pour les crimes internationaux, celles-ci devraient viser \u00e0 servir les objectifs g\u00e9n\u00e9raux d\u2019une condamnation qui sont \"la dissuasion, la r\u00e9tribution, la r\u00e9adaptation et la restitution\". Elle avait ajout\u00e9 que la r\u00e9alisation de ces objectifs d\u00e9pendrait, entre autres, de la \"mise en \u0153uvre effective des restrictions\" et de la mise en place d'un \"syst\u00e8me de v\u00e9rification rigoureux\".<\/p>\n\n\n\n<p><a href=\"https:\/\/www.justiceinfo.net\/fr\/84111-cpi-enterine-modele-justice-transitionnelle-colombie.html\">Lorsque le procureur actuel Karim Khan a clos l'enqu\u00eate sur la Colombie en 2021<\/a>, il a sign\u00e9 un <a href=\"https:\/\/www.icc-cpi.int\/sites\/default\/files\/itemsDocuments\/20211028-OTP-COL-Cooperation-Agreement-ENG.pdf\">accord de coop\u00e9ration avec le gouvernement<\/a> qui stipule que son bureau peut reconsid\u00e9rer la cl\u00f4ture de l'enqu\u00eate sur la base de \"tout changement significatif des circonstances\", y compris, entre autres, des mesures affectant \"l'application de sanctions p\u00e9nales efficaces et proportionn\u00e9es, de nature punitive et r\u00e9paratrice.\"<\/p>\n\n\n\n<p>Ne pas appliquer correctement les sanctions sp\u00e9ciales enverrait \u00e9galement un message trompeur \u00e0 la gu\u00e9rilla de l'Arm\u00e9e de lib\u00e9ration nationale (ELN) et \u00e0 d'autres groupes arm\u00e9s qui m\u00e8nent actuellement des pourparlers de paix avec le gouvernement colombien. Les gouvernements \u00e9trangers qui ont soutenu le processus de paix en Colombie, tels que l'Union europ\u00e9enne et l'administration Biden, devraient faire pression pour que la juridiction sp\u00e9ciale et le gouvernement colombien progressent sur cet aspect critique de la composante justice de l'accord de paix, et soutenir les efforts significatifs en ce sens.<\/p>\n\n\n\n<p>Le respect de l'accord de paix passe \u00e9galement par le respect de ses dispositions en mati\u00e8re de sanctions.<\/p>\n\n\n<div class=\"articleLink articleLink--editorRecommanded articleLink--textInImage articleLink--textTop\" style=\"\">\r\n\t\t\t\t\t\r\n\t\t\t<div class=\"articleLinkSurTitle\">Recommand\u00e9 par la r\u00e9daction<\/div>\r\n\t\t\t<a class=\"articleLinkImageLink\" href=\"https:\/\/www.justiceinfo.net\/fr\/128969-colombie-peche-originel-interne-jep.html\"><div class=\"articleLinkImageContainer \"><img loading=\"lazy\" decoding=\"async\" width=\"540\" height=\"360\" src=\"https:\/\/www.justiceinfo.net\/wp-content\/uploads\/Colombia_Jurisdiccion-especial-para-la-paz_@JEP-540x360.jpg\" class=\"articleLinkImage backgroundImageTag w-100 wp-post-image\" alt=\"Un juriste principal de la Juridiction sp\u00e9ciale pour la paix (JEP) \u00e9coute une victime en Colombie.\" srcset=\"\" sizes=\"auto, (max-width: 540px) 100vw, 540px\" \/><\/div><\/a>\r\n\t\t\t<a href=\"https:\/\/www.justiceinfo.net\/fr\/128969-colombie-peche-originel-interne-jep.html\" class=\"articleLinkTitle articleLinkTitle--default\">\r\n\t\t\tColombie : le p\u00e9ch\u00e9 originel interne de la JEP\r\n\t\t<\/a>\r\n\t\t\r\n\t\t\t\t<\/div>\n\n\n<div class=\"content-encadre\">\r\n\t<p><strong> <img loading=\"lazy\" decoding=\"async\" class=\" wp-image-129362 alignleft\" src=\"https:\/\/www.justiceinfo.net\/wp-content\/uploads\/Juanita-Goebertus.jpg\" alt=\"Juanita Goebertus\" width=\"201\" height=\"201\" srcset=\"https:\/\/www.justiceinfo.net\/wp-content\/uploads\/Juanita-Goebertus.jpg 500w, https:\/\/www.justiceinfo.net\/wp-content\/uploads\/Juanita-Goebertus-150x150.jpg 150w\" sizes=\"auto, (max-width: 201px) 100vw, 201px\" \/>JUANITA GOEBERTUS<\/strong><\/p>\n<p>Juanita Goebertus est directrice pour les Am\u00e9riques \u00e0 Human Rights Watch. Entre 2012 et 2016, elle a fait partie de la d\u00e9l\u00e9gation gouvernementale colombienne lors des n\u00e9gociations qui ont abouti \u00e0 l'accord de paix de 2016.<\/p>\n<hr \/>\n<p><strong><img loading=\"lazy\" decoding=\"async\" class=\" wp-image-129367 alignleft\" src=\"https:\/\/www.justiceinfo.net\/wp-content\/uploads\/Juan-Pappier.jpg\" alt=\"Juan Pappier\" width=\"201\" height=\"201\" srcset=\"https:\/\/www.justiceinfo.net\/wp-content\/uploads\/Juan-Pappier.jpg 500w, https:\/\/www.justiceinfo.net\/wp-content\/uploads\/Juan-Pappier-150x150.jpg 150w\" sizes=\"auto, (max-width: 201px) 100vw, 201px\" \/>JUAN PAPPIER<\/strong><\/p>\n<p>Juan Pappier est directeur adjoint pour les Am\u00e9riques \u00e0 Human Rights Watch, o\u00f9 il a men\u00e9 des recherches sur la Colombie entre 2016 et 2022.<\/p>\n<\/div>","protected":false},"excerpt":{"rendered":"<p>La mani\u00e8re dont la Juridiction sp\u00e9ciale pour la paix en Colombie imposera des sanctions \u00e0 ceux qu'elle a jug\u00e9s responsables de crimes graves est cruciale pour le mod\u00e8le de justice transitionnelle. Or, elle n\u2019a pas \u00e9t\u00e9 clarifi\u00e9e par le tribunal. Juanita Goebertus et Juan Pappier, de l\u2019ONG Human Rights Watch, rappellent les principes de l'accord [&hellip;]<\/p>\n","protected":false},"author":117,"featured_media":129375,"comment_status":"open","ping_status":"closed","sticky":false,"template":"","format":"standard","meta":{"_acf_changed":false,"footnotes":""},"categories":[575,574],"tags":[2676],"ji_location":[2176],"class_list":["post-129349","post","type-post","status-publish","format-standard","has-post-thumbnail","hentry","category-opinions","category-tribunaux-nationaux","tag-juridiction-speciale-paix","ji_location-colombie"],"acf":[],"yoast_head":"<!-- This site is optimized with the Yoast SEO Premium plugin v25.3.1 (Yoast SEO v25.3.1) - https:\/\/yoast.com\/wordpress\/plugins\/seo\/ -->\n<title>Colombie : comment concilier paix et sanctions pour les crimes graves<\/title>\n<meta name=\"description\" content=\"La mani\u00e8re dont la Juridiction sp\u00e9ciale pour la paix (JEP) en Colombie imposera des sanctions \u00e0 ceux qu&#039;elle a jug\u00e9s responsables de crimes graves est cruciale pour le mod\u00e8le de justice transitionnelle. Comment bien faire ?\" \/>\n<meta name=\"robots\" content=\"index, follow, max-snippet:-1, max-image-preview:large, max-video-preview:-1\" \/>\n<link rel=\"canonical\" href=\"https:\/\/www.justiceinfo.net\/fr\/129349-regime-sanctions-colombie-comment-bien-faire.html\" \/>\n<meta property=\"og:locale\" content=\"fr_FR\" \/>\n<meta property=\"og:type\" content=\"article\" \/>\n<meta property=\"og:title\" content=\"Le r\u00e9gime des sanctions en Colombie : comment bien faire\" \/>\n<meta property=\"og:description\" content=\"La mani\u00e8re dont la Juridiction sp\u00e9ciale pour la paix (JEP) en Colombie imposera des sanctions \u00e0 ceux qu&#039;elle a jug\u00e9s responsables de crimes graves est cruciale pour le mod\u00e8le de justice transitionnelle. Comment bien faire ?\" \/>\n<meta property=\"og:url\" content=\"https:\/\/www.justiceinfo.net\/fr\/129349-regime-sanctions-colombie-comment-bien-faire.html\" \/>\n<meta property=\"og:site_name\" content=\"JusticeInfo.net\" \/>\n<meta property=\"article:publisher\" content=\"https:\/\/www.facebook.com\/JusticeInfo\/\" \/>\n<meta property=\"article:published_time\" content=\"2024-03-11T05:56:43+00:00\" \/>\n<meta property=\"article:modified_time\" content=\"2024-03-11T05:56:46+00:00\" \/>\n<meta property=\"og:image\" content=\"https:\/\/www.justiceinfo.net\/wp-content\/uploads\/Colombia_Cuba-peace-agreement_@Adalberto-Roque-AFP.jpg\" \/>\n\t<meta property=\"og:image:width\" content=\"1200\" \/>\n\t<meta property=\"og:image:height\" content=\"801\" \/>\n\t<meta property=\"og:image:type\" content=\"image\/jpeg\" \/>\n<meta name=\"author\" content=\"Juanita Goebertus\" \/>\n<meta name=\"twitter:card\" content=\"summary_large_image\" \/>\n<meta name=\"twitter:creator\" content=\"@justiceinfonet\" \/>\n<meta name=\"twitter:site\" content=\"@justiceinfonet\" \/>\n<meta name=\"twitter:label1\" content=\"\u00c9crit par\" \/>\n\t<meta name=\"twitter:data1\" content=\"Juanita Goebertus\" \/>\n\t<meta name=\"twitter:label2\" content=\"Dur\u00e9e de lecture estim\u00e9e\" \/>\n\t<meta name=\"twitter:data2\" content=\"7 minutes\" \/>\n<script type=\"application\/ld+json\" class=\"yoast-schema-graph\">{\"@context\":\"https:\/\/schema.org\",\"@graph\":[{\"@type\":\"NewsArticle\",\"@id\":\"https:\/\/www.justiceinfo.net\/fr\/129349-regime-sanctions-colombie-comment-bien-faire.html#article\",\"isPartOf\":{\"@id\":\"https:\/\/www.justiceinfo.net\/fr\/129349-regime-sanctions-colombie-comment-bien-faire.html\"},\"author\":{\"name\":\"Juanita Goebertus\",\"@id\":\"https:\/\/www.justiceinfo.net\/fr#\/schema\/person\/34fed6b5d62e073932351e158477e415\"},\"headline\":\"Le r\u00e9gime des sanctions en Colombie : comment bien faire\",\"datePublished\":\"2024-03-11T05:56:43+00:00\",\"dateModified\":\"2024-03-11T05:56:46+00:00\",\"mainEntityOfPage\":{\"@id\":\"https:\/\/www.justiceinfo.net\/fr\/129349-regime-sanctions-colombie-comment-bien-faire.html\"},\"wordCount\":1398,\"commentCount\":0,\"publisher\":{\"@id\":\"https:\/\/www.justiceinfo.net\/fr#organization\"},\"image\":{\"@id\":\"https:\/\/www.justiceinfo.net\/fr\/129349-regime-sanctions-colombie-comment-bien-faire.html#primaryimage\"},\"thumbnailUrl\":\"https:\/\/www.justiceinfo.net\/wp-content\/uploads\/Colombia_Cuba-peace-agreement_@Adalberto-Roque-AFP.jpg\",\"keywords\":[\"Juridiction sp\u00e9ciale pour la paix\"],\"articleSection\":[\"Opinions\",\"Tribunaux nationaux\"],\"inLanguage\":\"fr-FR\",\"potentialAction\":[{\"@type\":\"CommentAction\",\"name\":\"Comment\",\"target\":[\"https:\/\/www.justiceinfo.net\/fr\/129349-regime-sanctions-colombie-comment-bien-faire.html#respond\"]}]},{\"@type\":\"WebPage\",\"@id\":\"https:\/\/www.justiceinfo.net\/fr\/129349-regime-sanctions-colombie-comment-bien-faire.html\",\"url\":\"https:\/\/www.justiceinfo.net\/fr\/129349-regime-sanctions-colombie-comment-bien-faire.html\",\"name\":\"Colombie : comment concilier paix et sanctions pour les crimes graves\",\"isPartOf\":{\"@id\":\"https:\/\/www.justiceinfo.net\/fr#website\"},\"primaryImageOfPage\":{\"@id\":\"https:\/\/www.justiceinfo.net\/fr\/129349-regime-sanctions-colombie-comment-bien-faire.html#primaryimage\"},\"image\":{\"@id\":\"https:\/\/www.justiceinfo.net\/fr\/129349-regime-sanctions-colombie-comment-bien-faire.html#primaryimage\"},\"thumbnailUrl\":\"https:\/\/www.justiceinfo.net\/wp-content\/uploads\/Colombia_Cuba-peace-agreement_@Adalberto-Roque-AFP.jpg\",\"datePublished\":\"2024-03-11T05:56:43+00:00\",\"dateModified\":\"2024-03-11T05:56:46+00:00\",\"description\":\"La mani\u00e8re dont la Juridiction sp\u00e9ciale pour la paix (JEP) en Colombie imposera des sanctions \u00e0 ceux qu'elle a jug\u00e9s responsables de crimes graves est cruciale pour le mod\u00e8le de justice transitionnelle. Comment bien faire ?\",\"breadcrumb\":{\"@id\":\"https:\/\/www.justiceinfo.net\/fr\/129349-regime-sanctions-colombie-comment-bien-faire.html#breadcrumb\"},\"inLanguage\":\"fr-FR\",\"potentialAction\":[{\"@type\":\"ReadAction\",\"target\":[\"https:\/\/www.justiceinfo.net\/fr\/129349-regime-sanctions-colombie-comment-bien-faire.html\"]}]},{\"@type\":\"ImageObject\",\"inLanguage\":\"fr-FR\",\"@id\":\"https:\/\/www.justiceinfo.net\/fr\/129349-regime-sanctions-colombie-comment-bien-faire.html#primaryimage\",\"url\":\"https:\/\/www.justiceinfo.net\/wp-content\/uploads\/Colombia_Cuba-peace-agreement_@Adalberto-Roque-AFP.jpg\",\"contentUrl\":\"https:\/\/www.justiceinfo.net\/wp-content\/uploads\/Colombia_Cuba-peace-agreement_@Adalberto-Roque-AFP.jpg\",\"width\":1200,\"height\":801,\"caption\":\"Des responsables des FARC lors de la signature d\u2019une partie de l\u2019accord de paix, en d\u00e9cembre 2015 \u00e0 Cuba. La justice colombienne semble aujourd\u2019hui sous pression pour mettre en \u0153uvre un r\u00e9gime de sanctions judiciaires plus cl\u00e9ment que ce que les accords ont pr\u00e9vu. Photo : \u00a9 Adalberto Roque \/ AFP\"},{\"@type\":\"BreadcrumbList\",\"@id\":\"https:\/\/www.justiceinfo.net\/fr\/129349-regime-sanctions-colombie-comment-bien-faire.html#breadcrumb\",\"itemListElement\":[{\"@type\":\"ListItem\",\"position\":1,\"name\":\"Home\",\"item\":\"https:\/\/www.justiceinfo.net\/fr\"},{\"@type\":\"ListItem\",\"position\":2,\"name\":\"Le r\u00e9gime des sanctions en Colombie : comment bien faire\"}]},{\"@type\":\"WebSite\",\"@id\":\"https:\/\/www.justiceinfo.net\/fr#website\",\"url\":\"https:\/\/www.justiceinfo.net\/fr\",\"name\":\"JusticeInfo.net\",\"description\":\"La justice doit \u00eatre vue pour \u00eatre rendue\",\"publisher\":{\"@id\":\"https:\/\/www.justiceinfo.net\/fr#organization\"},\"potentialAction\":[{\"@type\":\"SearchAction\",\"target\":{\"@type\":\"EntryPoint\",\"urlTemplate\":\"https:\/\/www.justiceinfo.net\/fr?s={search_term_string}\"},\"query-input\":{\"@type\":\"PropertyValueSpecification\",\"valueRequired\":true,\"valueName\":\"search_term_string\"}}],\"inLanguage\":\"fr-FR\"},{\"@type\":\"Organization\",\"@id\":\"https:\/\/www.justiceinfo.net\/fr#organization\",\"name\":\"Justice Info\",\"url\":\"https:\/\/www.justiceinfo.net\/fr\",\"logo\":{\"@type\":\"ImageObject\",\"inLanguage\":\"fr-FR\",\"@id\":\"https:\/\/www.justiceinfo.net\/fr#\/schema\/logo\/image\/\",\"url\":\"https:\/\/www.justiceinfo.net\/wp-content\/uploads\/justiceinfo_logo-trans_1200x1200px.png\",\"contentUrl\":\"https:\/\/www.justiceinfo.net\/wp-content\/uploads\/justiceinfo_logo-trans_1200x1200px.png\",\"width\":1199,\"height\":1200,\"caption\":\"Justice Info\"},\"image\":{\"@id\":\"https:\/\/www.justiceinfo.net\/fr#\/schema\/logo\/image\/\"},\"sameAs\":[\"https:\/\/www.facebook.com\/JusticeInfo\/\",\"https:\/\/x.com\/justiceinfonet\",\"https:\/\/www.linkedin.com\/company\/justice-info\",\"https:\/\/www.youtube.com\/channel\/UCyCEsARodyuWtkWyhn-e7pA\"]},{\"@type\":\"Person\",\"name\":\"Juanita Goebertus\",\"url\":\"\/fr\/?s=Juanita Goebertus\"}]}<\/script>\n<!-- \/ Yoast SEO Premium plugin. -->","yoast_head_json":{"title":"Colombie : comment concilier paix et sanctions pour les crimes graves","description":"La mani\u00e8re dont la Juridiction sp\u00e9ciale pour la paix (JEP) en Colombie imposera des sanctions \u00e0 ceux qu'elle a jug\u00e9s responsables de crimes graves est cruciale pour le mod\u00e8le de justice transitionnelle. Comment bien faire ?","robots":{"index":"index","follow":"follow","max-snippet":"max-snippet:-1","max-image-preview":"max-image-preview:large","max-video-preview":"max-video-preview:-1"},"canonical":"https:\/\/www.justiceinfo.net\/fr\/129349-regime-sanctions-colombie-comment-bien-faire.html","og_locale":"fr_FR","og_type":"article","og_title":"Le r\u00e9gime des sanctions en Colombie : comment bien faire","og_description":"La mani\u00e8re dont la Juridiction sp\u00e9ciale pour la paix (JEP) en Colombie imposera des sanctions \u00e0 ceux qu'elle a jug\u00e9s responsables de crimes graves est cruciale pour le mod\u00e8le de justice transitionnelle. Comment bien faire ?","og_url":"https:\/\/www.justiceinfo.net\/fr\/129349-regime-sanctions-colombie-comment-bien-faire.html","og_site_name":"JusticeInfo.net","article_publisher":"https:\/\/www.facebook.com\/JusticeInfo\/","article_published_time":"2024-03-11T05:56:43+00:00","article_modified_time":"2024-03-11T05:56:46+00:00","og_image":[{"width":1200,"height":801,"url":"https:\/\/www.justiceinfo.net\/wp-content\/uploads\/Colombia_Cuba-peace-agreement_@Adalberto-Roque-AFP.jpg","type":"image\/jpeg"}],"author":"Juanita Goebertus","twitter_card":"summary_large_image","twitter_creator":"@justiceinfonet","twitter_site":"@justiceinfonet","twitter_misc":{"\u00c9crit par":"Juanita Goebertus","Dur\u00e9e de lecture estim\u00e9e":"7 minutes"},"schema":{"@context":"https:\/\/schema.org","@graph":[{"@type":"NewsArticle","@id":"https:\/\/www.justiceinfo.net\/fr\/129349-regime-sanctions-colombie-comment-bien-faire.html#article","isPartOf":{"@id":"https:\/\/www.justiceinfo.net\/fr\/129349-regime-sanctions-colombie-comment-bien-faire.html"},"author":{"name":"Juanita Goebertus","@id":"https:\/\/www.justiceinfo.net\/fr#\/schema\/person\/34fed6b5d62e073932351e158477e415"},"headline":"Le r\u00e9gime des sanctions en Colombie : comment bien faire","datePublished":"2024-03-11T05:56:43+00:00","dateModified":"2024-03-11T05:56:46+00:00","mainEntityOfPage":{"@id":"https:\/\/www.justiceinfo.net\/fr\/129349-regime-sanctions-colombie-comment-bien-faire.html"},"wordCount":1398,"commentCount":0,"publisher":{"@id":"https:\/\/www.justiceinfo.net\/fr#organization"},"image":{"@id":"https:\/\/www.justiceinfo.net\/fr\/129349-regime-sanctions-colombie-comment-bien-faire.html#primaryimage"},"thumbnailUrl":"https:\/\/www.justiceinfo.net\/wp-content\/uploads\/Colombia_Cuba-peace-agreement_@Adalberto-Roque-AFP.jpg","keywords":["Juridiction sp\u00e9ciale pour la paix"],"articleSection":["Opinions","Tribunaux nationaux"],"inLanguage":"fr-FR","potentialAction":[{"@type":"CommentAction","name":"Comment","target":["https:\/\/www.justiceinfo.net\/fr\/129349-regime-sanctions-colombie-comment-bien-faire.html#respond"]}]},{"@type":"WebPage","@id":"https:\/\/www.justiceinfo.net\/fr\/129349-regime-sanctions-colombie-comment-bien-faire.html","url":"https:\/\/www.justiceinfo.net\/fr\/129349-regime-sanctions-colombie-comment-bien-faire.html","name":"Colombie : comment concilier paix et sanctions pour les crimes graves","isPartOf":{"@id":"https:\/\/www.justiceinfo.net\/fr#website"},"primaryImageOfPage":{"@id":"https:\/\/www.justiceinfo.net\/fr\/129349-regime-sanctions-colombie-comment-bien-faire.html#primaryimage"},"image":{"@id":"https:\/\/www.justiceinfo.net\/fr\/129349-regime-sanctions-colombie-comment-bien-faire.html#primaryimage"},"thumbnailUrl":"https:\/\/www.justiceinfo.net\/wp-content\/uploads\/Colombia_Cuba-peace-agreement_@Adalberto-Roque-AFP.jpg","datePublished":"2024-03-11T05:56:43+00:00","dateModified":"2024-03-11T05:56:46+00:00","description":"La mani\u00e8re dont la Juridiction sp\u00e9ciale pour la paix (JEP) en Colombie imposera des sanctions \u00e0 ceux qu'elle a jug\u00e9s responsables de crimes graves est cruciale pour le mod\u00e8le de justice transitionnelle. Comment bien faire ?","breadcrumb":{"@id":"https:\/\/www.justiceinfo.net\/fr\/129349-regime-sanctions-colombie-comment-bien-faire.html#breadcrumb"},"inLanguage":"fr-FR","potentialAction":[{"@type":"ReadAction","target":["https:\/\/www.justiceinfo.net\/fr\/129349-regime-sanctions-colombie-comment-bien-faire.html"]}]},{"@type":"ImageObject","inLanguage":"fr-FR","@id":"https:\/\/www.justiceinfo.net\/fr\/129349-regime-sanctions-colombie-comment-bien-faire.html#primaryimage","url":"https:\/\/www.justiceinfo.net\/wp-content\/uploads\/Colombia_Cuba-peace-agreement_@Adalberto-Roque-AFP.jpg","contentUrl":"https:\/\/www.justiceinfo.net\/wp-content\/uploads\/Colombia_Cuba-peace-agreement_@Adalberto-Roque-AFP.jpg","width":1200,"height":801,"caption":"Des responsables des FARC lors de la signature d\u2019une partie de l\u2019accord de paix, en d\u00e9cembre 2015 \u00e0 Cuba. La justice colombienne semble aujourd\u2019hui sous pression pour mettre en \u0153uvre un r\u00e9gime de sanctions judiciaires plus cl\u00e9ment que ce que les accords ont pr\u00e9vu. Photo : \u00a9 Adalberto Roque \/ AFP"},{"@type":"BreadcrumbList","@id":"https:\/\/www.justiceinfo.net\/fr\/129349-regime-sanctions-colombie-comment-bien-faire.html#breadcrumb","itemListElement":[{"@type":"ListItem","position":1,"name":"Home","item":"https:\/\/www.justiceinfo.net\/fr"},{"@type":"ListItem","position":2,"name":"Le r\u00e9gime des sanctions en Colombie : comment bien faire"}]},{"@type":"WebSite","@id":"https:\/\/www.justiceinfo.net\/fr#website","url":"https:\/\/www.justiceinfo.net\/fr","name":"JusticeInfo.net","description":"La justice doit \u00eatre vue pour \u00eatre rendue","publisher":{"@id":"https:\/\/www.justiceinfo.net\/fr#organization"},"potentialAction":[{"@type":"SearchAction","target":{"@type":"EntryPoint","urlTemplate":"https:\/\/www.justiceinfo.net\/fr?s={search_term_string}"},"query-input":{"@type":"PropertyValueSpecification","valueRequired":true,"valueName":"search_term_string"}}],"inLanguage":"fr-FR"},{"@type":"Organization","@id":"https:\/\/www.justiceinfo.net\/fr#organization","name":"Justice Info","url":"https:\/\/www.justiceinfo.net\/fr","logo":{"@type":"ImageObject","inLanguage":"fr-FR","@id":"https:\/\/www.justiceinfo.net\/fr#\/schema\/logo\/image\/","url":"https:\/\/www.justiceinfo.net\/wp-content\/uploads\/justiceinfo_logo-trans_1200x1200px.png","contentUrl":"https:\/\/www.justiceinfo.net\/wp-content\/uploads\/justiceinfo_logo-trans_1200x1200px.png","width":1199,"height":1200,"caption":"Justice Info"},"image":{"@id":"https:\/\/www.justiceinfo.net\/fr#\/schema\/logo\/image\/"},"sameAs":["https:\/\/www.facebook.com\/JusticeInfo\/","https:\/\/x.com\/justiceinfonet","https:\/\/www.linkedin.com\/company\/justice-info","https:\/\/www.youtube.com\/channel\/UCyCEsARodyuWtkWyhn-e7pA"]},{"@type":"Person","name":"Juanita Goebertus","url":"\/fr\/?s=Juanita Goebertus"}]}},"_links":{"self":[{"href":"https:\/\/www.justiceinfo.net\/fr\/wp-json\/wp\/v2\/posts\/129349","targetHints":{"allow":["GET"]}}],"collection":[{"href":"https:\/\/www.justiceinfo.net\/fr\/wp-json\/wp\/v2\/posts"}],"about":[{"href":"https:\/\/www.justiceinfo.net\/fr\/wp-json\/wp\/v2\/types\/post"}],"author":[{"embeddable":true,"href":"https:\/\/www.justiceinfo.net\/fr\/wp-json\/wp\/v2\/users\/117"}],"replies":[{"embeddable":true,"href":"https:\/\/www.justiceinfo.net\/fr\/wp-json\/wp\/v2\/comments?post=129349"}],"version-history":[{"count":9,"href":"https:\/\/www.justiceinfo.net\/fr\/wp-json\/wp\/v2\/posts\/129349\/revisions"}],"predecessor-version":[{"id":129393,"href":"https:\/\/www.justiceinfo.net\/fr\/wp-json\/wp\/v2\/posts\/129349\/revisions\/129393"}],"wp:featuredmedia":[{"embeddable":true,"href":"https:\/\/www.justiceinfo.net\/fr\/wp-json\/wp\/v2\/media\/129375"}],"wp:attachment":[{"href":"https:\/\/www.justiceinfo.net\/fr\/wp-json\/wp\/v2\/media?parent=129349"}],"wp:term":[{"taxonomy":"category","embeddable":true,"href":"https:\/\/www.justiceinfo.net\/fr\/wp-json\/wp\/v2\/categories?post=129349"},{"taxonomy":"post_tag","embeddable":true,"href":"https:\/\/www.justiceinfo.net\/fr\/wp-json\/wp\/v2\/tags?post=129349"},{"taxonomy":"ji_location","embeddable":true,"href":"https:\/\/www.justiceinfo.net\/fr\/wp-json\/wp\/v2\/ji_location?post=129349"}],"curies":[{"name":"wp","href":"https:\/\/api.w.org\/{rel}","templated":true}]}}