{"id":12940,"date":"2011-04-07T00:00:00","date_gmt":"2011-04-06T22:00:00","guid":{"rendered":"https:\/\/www.justiceinfo.net\/12940-070411-rwandagenocide-une-exposition-a-kigali-fait-revivre-le-genocide-des-tutsis-9749.html"},"modified":"2011-04-07T00:00:00","modified_gmt":"2011-04-06T22:00:00","slug":"070411-rwandagenocide-une-exposition-a-kigali-fait-revivre-le-genocide-des-tutsis-9749","status":"publish","type":"post","link":"https:\/\/www.justiceinfo.net\/fr\/12940-070411-rwandagenocide-une-exposition-a-kigali-fait-revivre-le-genocide-des-tutsis-9749.html","title":{"rendered":"07.04.11 - RWANDA\/GENOCIDE - UNE EXPOSITION A KIGALI FAIT REVIVRE LE GENOCIDE DES TUTSIS"},"content":{"rendered":"<p >\nKigali, 7 avril 2011 (FH) - Dans le cadre de la 17&egrave;me&nbsp;comm&eacute;moration annuelle du g&eacute;nocide perp&eacute;tr&eacute; contre les Tutsis, le Rwanda organise au stade national &agrave; Kigali, sa premi&egrave;re exposition sur l'histoire de ce g&eacute;nocide perp&eacute;tr&eacute; d'avril &agrave; juillet 1994.\n<\/p>\n<p >\n<p><!--more--><\/p>\n<p >\n<p >\nFaisant alterner photos, livres, projections de films, messages &eacute;crits, dessins d'enfants, l'exposition offre une vari&eacute;t&eacute; poignante qui replonge dans l'angoisse, l'horreur et les douleurs du Rwanda de 1994.&nbsp;&nbsp;\n<\/p>\n<p >\n&laquo; J'ai perdu ma vie pendant le g&eacute;nocide &raquo;. En gros caract&egrave;re au dessus d'une grande photo d'un gar&ccedil;on de 7 ans tu&eacute; le 11 avril 1994, ce message d'outre-tombe accueille les visiteurs &agrave; l'entr&eacute;e de l'exposition. Pas de nom, l&egrave;vres s&egrave;ches comme rong&eacute;es par la peur d'un danger proche, l'innocence dans ses yeux. A sa famille, il avait promis de devenir m&eacute;decin. Freddy Mutanguha, qui sert de guide, explique que lorsqu'il a vu approcher les miliciens et les gendarmes en avril 1994, il a dit courageusement &agrave; sa m&egrave;re : &laquo; N'aie pas peur, la MINUAR (Mission de l'ONU au Rwanda) va nous secourir &raquo;.&nbsp;&nbsp;\n<\/p>\n<p >\nL'enfant faisait partie des 5.000 Tutsis qui s'&eacute;taient r&eacute;fugi&eacute;s &agrave; l'Ecole technique officielle (ETO) &agrave; Kigali et qui furent abandonn&eacute;s &agrave; la merci des tueurs par le contingent belge de la force des Nations Unies.&nbsp;&nbsp;\n<\/p>\n<p >\nLa descente aux enfers continue avec des photos et des messages illustrant le climat haineux pr&eacute;c&eacute;dent le g&eacute;nocide : discours incendiaires, articles du journal extr&eacute;miste hutu Kangura et &eacute;missions de la tristement c&eacute;l&egrave;bre Radio libre des mille collines (RTLM).&nbsp;&nbsp;&nbsp;\n<\/p>\n<p >\nPlus loin, une grande photo qui a d&eacute;j&agrave; fait le tour du monde accroche le regard. Elle montre une jeune femme tenant une &eacute;norme massue dans la main droite, une machette et un poignard pendant &agrave; sa ceinture. La l&eacute;gende indique simplement que la photo a &eacute;t&eacute; prise le 12 juin 1994, &agrave; un barrage sur la route Kigali-Gitarama.&nbsp;&nbsp;&nbsp;\n<\/p>\n<p >\nLa phase d'ex&eacute;cution du g&eacute;nocide surgit alors dans toute sa brutalit&eacute; : des sc&egrave;nes de miliciens taillant en pi&egrave;ces leurs victimes, des monceaux de cadavres servant de barrages routiers, des &eacute;glises transform&eacute;es en boucheries, etc.&nbsp;&nbsp;&nbsp;\n<\/p>\n<p >\nOn voit aussi quelques images de &laquo; justes &raquo;, des Hutus, risquant leur propre vie, pour sauver des Tutsis. Puis les rebelles du FPR qui arrivent et arr&ecirc;tent le g&eacute;nocide.&nbsp;&nbsp;&nbsp;\n<\/p>\n<p >\nSuivent des images de l'apr&egrave;s-g&eacute;nocide : veuves et orphelins en proie aux affres de la vie. Certaines, parmi ces femmes ont &eacute;t&eacute; viol&eacute;es en 1994 et contamin&eacute;es par le VIH alors que des enfants eux m&ecirc;me contamin&eacute;s, devenus chefs de famille, se d&eacute;battent dans un total d&eacute;nuement.&nbsp;&nbsp;&nbsp;\n<\/p>\n<p >\nL'apr&egrave;s-g&eacute;nocide, c'est aussi la justice. Ici l'exposition pr&eacute;sente des images du Tribunal p&eacute;nal international pour le Rwanda (TPIR) bas&eacute; &agrave; Arusha, en Tanzanie, et des juridictions semi-traditionnelles gacacas.&nbsp;&nbsp;&nbsp;\n<\/p>\n<p >\nEnfin, au bout de la galerie, &laquo; la photo de l'espoir &raquo; illustrant un Rwanda qui rena&icirc;t des cendres, illumin&eacute; par un soleil levant, et la capitale Kigali en plein essor de d&eacute;veloppement. Cet espoir en l'avenir est incarn&eacute; par des rescap&eacute;s qui, dans le film &laquo; Dreams of future&raquo; (R&ecirc;ves d'avenir), t&eacute;moignent que, 17 ans apr&egrave;s le g&eacute;nocide, le pr&eacute;sent est meilleur et l'avenir plein de promesses.&nbsp;&nbsp;&nbsp;\n<\/p>\n<p >\nL'exposition durera jusqu'&agrave; la fin du mois.&nbsp;&nbsp;&nbsp;\n<\/p>\n<p >\nSRE\/ER\/GF&nbsp;&nbsp;&nbsp;\n<\/p>\n<p>\n&copy; Agence Hirondelle<\/p>\n","protected":false},"excerpt":{"rendered":"<p>Kigali, 7 avril 2011 (FH) - Dans le cadre de la 17&egrave;me&nbsp;comm&eacute;moration annuelle du g&eacute;nocide perp&eacute;tr&eacute; contre les Tutsis, le Rwanda organise au stade national &agrave; Kigali, sa premi&egrave;re exposition sur l'histoire de ce g&eacute;nocide perp&eacute;tr&eacute; d'avril &agrave; juillet 1994.<\/p>\n","protected":false},"author":64,"featured_media":0,"comment_status":"open","ping_status":"closed","sticky":false,"template":"","format":"standard","meta":{"_acf_changed":false,"footnotes":""},"categories":[554],"tags":[],"ji_location":[],"class_list":["post-12940","post","type-post","status-publish","format-standard","hentry","category-hirondellenews"],"acf":[],"yoast_head":"<!-- This site is optimized with the Yoast SEO Premium plugin v25.3.1 (Yoast SEO v25.3.1) - https:\/\/yoast.com\/wordpress\/plugins\/seo\/ -->\n<title>07.04.11 - RWANDA\/GENOCIDE - UNE EXPOSITION A KIGALI FAIT REVIVRE LE GENOCIDE DES TUTSIS - JusticeInfo.net<\/title>\n<meta name=\"robots\" content=\"index, follow, max-snippet:-1, max-image-preview:large, max-video-preview:-1\" \/>\n<link rel=\"canonical\" href=\"https:\/\/www.justiceinfo.net\/fr\/12940-070411-rwandagenocide-une-exposition-a-kigali-fait-revivre-le-genocide-des-tutsis-9749.html\" \/>\n<meta property=\"og:locale\" content=\"fr_FR\" \/>\n<meta property=\"og:type\" content=\"article\" \/>\n<meta property=\"og:title\" content=\"07.04.11 - RWANDA\/GENOCIDE - UNE EXPOSITION A KIGALI FAIT REVIVRE LE GENOCIDE DES TUTSIS\" \/>\n<meta property=\"og:description\" content=\"Kigali, 7 avril 2011 (FH) - Dans le cadre de la 17&egrave;me&nbsp;comm&eacute;moration annuelle du g&eacute;nocide perp&eacute;tr&eacute; contre les Tutsis, le Rwanda organise au stade national &agrave; Kigali, sa premi&egrave;re exposition sur l&#039;histoire de ce g&eacute;nocide perp&eacute;tr&eacute; d&#039;avril &agrave; juillet 1994.\" \/>\n<meta property=\"og:url\" content=\"https:\/\/www.justiceinfo.net\/fr\/12940-070411-rwandagenocide-une-exposition-a-kigali-fait-revivre-le-genocide-des-tutsis-9749.html\" \/>\n<meta property=\"og:site_name\" content=\"JusticeInfo.net\" \/>\n<meta property=\"article:publisher\" content=\"https:\/\/www.facebook.com\/JusticeInfo\/\" \/>\n<meta property=\"article:published_time\" content=\"2011-04-06T22:00:00+00:00\" \/>\n<meta property=\"og:image\" content=\"https:\/\/www.justiceinfo.net\/wp-content\/uploads\/JusticeInfoNet_logo_1200x630px.jpg\" \/>\n\t<meta property=\"og:image:width\" content=\"1200\" \/>\n\t<meta property=\"og:image:height\" content=\"630\" \/>\n\t<meta property=\"og:image:type\" content=\"image\/jpeg\" \/>\n<meta name=\"author\" content=\"solivri\" \/>\n<meta name=\"twitter:card\" content=\"summary_large_image\" \/>\n<meta name=\"twitter:creator\" content=\"@justiceinfonet\" \/>\n<meta name=\"twitter:site\" content=\"@justiceinfonet\" \/>\n<meta name=\"twitter:label1\" content=\"\u00c9crit par\" \/>\n\t<meta name=\"twitter:data1\" content=\"solivri\" \/>\n\t<meta name=\"twitter:label2\" content=\"Dur\u00e9e de lecture estim\u00e9e\" \/>\n\t<meta name=\"twitter:data2\" content=\"3 minutes\" \/>\n<script type=\"application\/ld+json\" class=\"yoast-schema-graph\">{\"@context\":\"https:\/\/schema.org\",\"@graph\":[{\"@type\":\"NewsArticle\",\"@id\":\"https:\/\/www.justiceinfo.net\/fr\/12940-070411-rwandagenocide-une-exposition-a-kigali-fait-revivre-le-genocide-des-tutsis-9749.html#article\",\"isPartOf\":{\"@id\":\"https:\/\/www.justiceinfo.net\/fr\/12940-070411-rwandagenocide-une-exposition-a-kigali-fait-revivre-le-genocide-des-tutsis-9749.html\"},\"author\":{\"name\":\"solivri\",\"@id\":\"https:\/\/www.justiceinfo.net\/fr#\/schema\/person\/6e53cba1629e2e66f3fc1821d3091865\"},\"headline\":\"07.04.11 - RWANDA\/GENOCIDE - UNE EXPOSITION A KIGALI FAIT REVIVRE LE GENOCIDE DES TUTSIS\",\"datePublished\":\"2011-04-06T22:00:00+00:00\",\"mainEntityOfPage\":{\"@id\":\"https:\/\/www.justiceinfo.net\/fr\/12940-070411-rwandagenocide-une-exposition-a-kigali-fait-revivre-le-genocide-des-tutsis-9749.html\"},\"wordCount\":719,\"commentCount\":0,\"publisher\":{\"@id\":\"https:\/\/www.justiceinfo.net\/fr#organization\"},\"articleSection\":[\"Hirondelle News\"],\"inLanguage\":\"fr-FR\",\"potentialAction\":[{\"@type\":\"CommentAction\",\"name\":\"Comment\",\"target\":[\"https:\/\/www.justiceinfo.net\/fr\/12940-070411-rwandagenocide-une-exposition-a-kigali-fait-revivre-le-genocide-des-tutsis-9749.html#respond\"]}]},{\"@type\":\"WebPage\",\"@id\":\"https:\/\/www.justiceinfo.net\/fr\/12940-070411-rwandagenocide-une-exposition-a-kigali-fait-revivre-le-genocide-des-tutsis-9749.html\",\"url\":\"https:\/\/www.justiceinfo.net\/fr\/12940-070411-rwandagenocide-une-exposition-a-kigali-fait-revivre-le-genocide-des-tutsis-9749.html\",\"name\":\"07.04.11 - RWANDA\/GENOCIDE - UNE EXPOSITION A KIGALI FAIT REVIVRE LE GENOCIDE DES TUTSIS - JusticeInfo.net\",\"isPartOf\":{\"@id\":\"https:\/\/www.justiceinfo.net\/fr#website\"},\"datePublished\":\"2011-04-06T22:00:00+00:00\",\"breadcrumb\":{\"@id\":\"https:\/\/www.justiceinfo.net\/fr\/12940-070411-rwandagenocide-une-exposition-a-kigali-fait-revivre-le-genocide-des-tutsis-9749.html#breadcrumb\"},\"inLanguage\":\"fr-FR\",\"potentialAction\":[{\"@type\":\"ReadAction\",\"target\":[\"https:\/\/www.justiceinfo.net\/fr\/12940-070411-rwandagenocide-une-exposition-a-kigali-fait-revivre-le-genocide-des-tutsis-9749.html\"]}]},{\"@type\":\"BreadcrumbList\",\"@id\":\"https:\/\/www.justiceinfo.net\/fr\/12940-070411-rwandagenocide-une-exposition-a-kigali-fait-revivre-le-genocide-des-tutsis-9749.html#breadcrumb\",\"itemListElement\":[{\"@type\":\"ListItem\",\"position\":1,\"name\":\"Home\",\"item\":\"https:\/\/www.justiceinfo.net\/fr\"},{\"@type\":\"ListItem\",\"position\":2,\"name\":\"07.04.11 - RWANDA\/GENOCIDE - UNE EXPOSITION A KIGALI FAIT REVIVRE LE GENOCIDE DES TUTSIS\"}]},{\"@type\":\"WebSite\",\"@id\":\"https:\/\/www.justiceinfo.net\/fr#website\",\"url\":\"https:\/\/www.justiceinfo.net\/fr\",\"name\":\"JusticeInfo.net\",\"description\":\"La justice doit \u00eatre vue pour \u00eatre rendue\",\"publisher\":{\"@id\":\"https:\/\/www.justiceinfo.net\/fr#organization\"},\"potentialAction\":[{\"@type\":\"SearchAction\",\"target\":{\"@type\":\"EntryPoint\",\"urlTemplate\":\"https:\/\/www.justiceinfo.net\/fr?s={search_term_string}\"},\"query-input\":{\"@type\":\"PropertyValueSpecification\",\"valueRequired\":true,\"valueName\":\"search_term_string\"}}],\"inLanguage\":\"fr-FR\"},{\"@type\":\"Organization\",\"@id\":\"https:\/\/www.justiceinfo.net\/fr#organization\",\"name\":\"Justice Info\",\"url\":\"https:\/\/www.justiceinfo.net\/fr\",\"logo\":{\"@type\":\"ImageObject\",\"inLanguage\":\"fr-FR\",\"@id\":\"https:\/\/www.justiceinfo.net\/fr#\/schema\/logo\/image\/\",\"url\":\"https:\/\/www.justiceinfo.net\/wp-content\/uploads\/justiceinfo_logo-trans_1200x1200px.png\",\"contentUrl\":\"https:\/\/www.justiceinfo.net\/wp-content\/uploads\/justiceinfo_logo-trans_1200x1200px.png\",\"width\":1199,\"height\":1200,\"caption\":\"Justice Info\"},\"image\":{\"@id\":\"https:\/\/www.justiceinfo.net\/fr#\/schema\/logo\/image\/\"},\"sameAs\":[\"https:\/\/www.facebook.com\/JusticeInfo\/\",\"https:\/\/x.com\/justiceinfonet\",\"https:\/\/www.linkedin.com\/company\/justice-info\",\"https:\/\/www.youtube.com\/channel\/UCyCEsARodyuWtkWyhn-e7pA\"]},{\"@type\":\"Person\",\"name\":\"solivri\",\"url\":\"\/fr\/?s=solivri\"}]}<\/script>\n<!-- \/ Yoast SEO Premium plugin. -->","yoast_head_json":{"title":"07.04.11 - RWANDA\/GENOCIDE - UNE EXPOSITION A KIGALI FAIT REVIVRE LE GENOCIDE DES TUTSIS - JusticeInfo.net","robots":{"index":"index","follow":"follow","max-snippet":"max-snippet:-1","max-image-preview":"max-image-preview:large","max-video-preview":"max-video-preview:-1"},"canonical":"https:\/\/www.justiceinfo.net\/fr\/12940-070411-rwandagenocide-une-exposition-a-kigali-fait-revivre-le-genocide-des-tutsis-9749.html","og_locale":"fr_FR","og_type":"article","og_title":"07.04.11 - RWANDA\/GENOCIDE - UNE EXPOSITION A KIGALI FAIT REVIVRE LE GENOCIDE DES TUTSIS","og_description":"Kigali, 7 avril 2011 (FH) - Dans le cadre de la 17&egrave;me&nbsp;comm&eacute;moration annuelle du g&eacute;nocide perp&eacute;tr&eacute; contre les Tutsis, le Rwanda organise au stade national &agrave; Kigali, sa premi&egrave;re exposition sur l'histoire de ce g&eacute;nocide perp&eacute;tr&eacute; d'avril &agrave; juillet 1994.","og_url":"https:\/\/www.justiceinfo.net\/fr\/12940-070411-rwandagenocide-une-exposition-a-kigali-fait-revivre-le-genocide-des-tutsis-9749.html","og_site_name":"JusticeInfo.net","article_publisher":"https:\/\/www.facebook.com\/JusticeInfo\/","article_published_time":"2011-04-06T22:00:00+00:00","og_image":[{"width":1200,"height":630,"url":"https:\/\/www.justiceinfo.net\/wp-content\/uploads\/JusticeInfoNet_logo_1200x630px.jpg","type":"image\/jpeg"}],"author":"solivri","twitter_card":"summary_large_image","twitter_creator":"@justiceinfonet","twitter_site":"@justiceinfonet","twitter_misc":{"\u00c9crit par":"solivri","Dur\u00e9e de lecture estim\u00e9e":"3 minutes"},"schema":{"@context":"https:\/\/schema.org","@graph":[{"@type":"NewsArticle","@id":"https:\/\/www.justiceinfo.net\/fr\/12940-070411-rwandagenocide-une-exposition-a-kigali-fait-revivre-le-genocide-des-tutsis-9749.html#article","isPartOf":{"@id":"https:\/\/www.justiceinfo.net\/fr\/12940-070411-rwandagenocide-une-exposition-a-kigali-fait-revivre-le-genocide-des-tutsis-9749.html"},"author":{"name":"solivri","@id":"https:\/\/www.justiceinfo.net\/fr#\/schema\/person\/6e53cba1629e2e66f3fc1821d3091865"},"headline":"07.04.11 - RWANDA\/GENOCIDE - UNE EXPOSITION A KIGALI FAIT REVIVRE LE GENOCIDE DES TUTSIS","datePublished":"2011-04-06T22:00:00+00:00","mainEntityOfPage":{"@id":"https:\/\/www.justiceinfo.net\/fr\/12940-070411-rwandagenocide-une-exposition-a-kigali-fait-revivre-le-genocide-des-tutsis-9749.html"},"wordCount":719,"commentCount":0,"publisher":{"@id":"https:\/\/www.justiceinfo.net\/fr#organization"},"articleSection":["Hirondelle News"],"inLanguage":"fr-FR","potentialAction":[{"@type":"CommentAction","name":"Comment","target":["https:\/\/www.justiceinfo.net\/fr\/12940-070411-rwandagenocide-une-exposition-a-kigali-fait-revivre-le-genocide-des-tutsis-9749.html#respond"]}]},{"@type":"WebPage","@id":"https:\/\/www.justiceinfo.net\/fr\/12940-070411-rwandagenocide-une-exposition-a-kigali-fait-revivre-le-genocide-des-tutsis-9749.html","url":"https:\/\/www.justiceinfo.net\/fr\/12940-070411-rwandagenocide-une-exposition-a-kigali-fait-revivre-le-genocide-des-tutsis-9749.html","name":"07.04.11 - RWANDA\/GENOCIDE - UNE EXPOSITION A KIGALI FAIT REVIVRE LE GENOCIDE DES TUTSIS - JusticeInfo.net","isPartOf":{"@id":"https:\/\/www.justiceinfo.net\/fr#website"},"datePublished":"2011-04-06T22:00:00+00:00","breadcrumb":{"@id":"https:\/\/www.justiceinfo.net\/fr\/12940-070411-rwandagenocide-une-exposition-a-kigali-fait-revivre-le-genocide-des-tutsis-9749.html#breadcrumb"},"inLanguage":"fr-FR","potentialAction":[{"@type":"ReadAction","target":["https:\/\/www.justiceinfo.net\/fr\/12940-070411-rwandagenocide-une-exposition-a-kigali-fait-revivre-le-genocide-des-tutsis-9749.html"]}]},{"@type":"BreadcrumbList","@id":"https:\/\/www.justiceinfo.net\/fr\/12940-070411-rwandagenocide-une-exposition-a-kigali-fait-revivre-le-genocide-des-tutsis-9749.html#breadcrumb","itemListElement":[{"@type":"ListItem","position":1,"name":"Home","item":"https:\/\/www.justiceinfo.net\/fr"},{"@type":"ListItem","position":2,"name":"07.04.11 - RWANDA\/GENOCIDE - UNE EXPOSITION A KIGALI FAIT REVIVRE LE GENOCIDE DES TUTSIS"}]},{"@type":"WebSite","@id":"https:\/\/www.justiceinfo.net\/fr#website","url":"https:\/\/www.justiceinfo.net\/fr","name":"JusticeInfo.net","description":"La justice doit \u00eatre vue pour \u00eatre rendue","publisher":{"@id":"https:\/\/www.justiceinfo.net\/fr#organization"},"potentialAction":[{"@type":"SearchAction","target":{"@type":"EntryPoint","urlTemplate":"https:\/\/www.justiceinfo.net\/fr?s={search_term_string}"},"query-input":{"@type":"PropertyValueSpecification","valueRequired":true,"valueName":"search_term_string"}}],"inLanguage":"fr-FR"},{"@type":"Organization","@id":"https:\/\/www.justiceinfo.net\/fr#organization","name":"Justice Info","url":"https:\/\/www.justiceinfo.net\/fr","logo":{"@type":"ImageObject","inLanguage":"fr-FR","@id":"https:\/\/www.justiceinfo.net\/fr#\/schema\/logo\/image\/","url":"https:\/\/www.justiceinfo.net\/wp-content\/uploads\/justiceinfo_logo-trans_1200x1200px.png","contentUrl":"https:\/\/www.justiceinfo.net\/wp-content\/uploads\/justiceinfo_logo-trans_1200x1200px.png","width":1199,"height":1200,"caption":"Justice Info"},"image":{"@id":"https:\/\/www.justiceinfo.net\/fr#\/schema\/logo\/image\/"},"sameAs":["https:\/\/www.facebook.com\/JusticeInfo\/","https:\/\/x.com\/justiceinfonet","https:\/\/www.linkedin.com\/company\/justice-info","https:\/\/www.youtube.com\/channel\/UCyCEsARodyuWtkWyhn-e7pA"]},{"@type":"Person","name":"solivri","url":"\/fr\/?s=solivri"}]}},"_links":{"self":[{"href":"https:\/\/www.justiceinfo.net\/fr\/wp-json\/wp\/v2\/posts\/12940","targetHints":{"allow":["GET"]}}],"collection":[{"href":"https:\/\/www.justiceinfo.net\/fr\/wp-json\/wp\/v2\/posts"}],"about":[{"href":"https:\/\/www.justiceinfo.net\/fr\/wp-json\/wp\/v2\/types\/post"}],"author":[{"embeddable":true,"href":"https:\/\/www.justiceinfo.net\/fr\/wp-json\/wp\/v2\/users\/64"}],"replies":[{"embeddable":true,"href":"https:\/\/www.justiceinfo.net\/fr\/wp-json\/wp\/v2\/comments?post=12940"}],"version-history":[{"count":0,"href":"https:\/\/www.justiceinfo.net\/fr\/wp-json\/wp\/v2\/posts\/12940\/revisions"}],"wp:attachment":[{"href":"https:\/\/www.justiceinfo.net\/fr\/wp-json\/wp\/v2\/media?parent=12940"}],"wp:term":[{"taxonomy":"category","embeddable":true,"href":"https:\/\/www.justiceinfo.net\/fr\/wp-json\/wp\/v2\/categories?post=12940"},{"taxonomy":"post_tag","embeddable":true,"href":"https:\/\/www.justiceinfo.net\/fr\/wp-json\/wp\/v2\/tags?post=12940"},{"taxonomy":"ji_location","embeddable":true,"href":"https:\/\/www.justiceinfo.net\/fr\/wp-json\/wp\/v2\/ji_location?post=12940"}],"curies":[{"name":"wp","href":"https:\/\/api.w.org\/{rel}","templated":true}]}}