{"id":12967,"date":"2011-04-13T00:00:00","date_gmt":"2011-04-12T22:00:00","guid":{"rendered":"https:\/\/www.justiceinfo.net\/12967-130411-cpibemba-un-psychiatre-depose-sur-les-consequences-des-viols-en-centrafrique-9777.html"},"modified":"2011-04-13T00:00:00","modified_gmt":"2011-04-12T22:00:00","slug":"130411-cpibemba-un-psychiatre-depose-sur-les-consequences-des-viols-en-centrafrique-9777","status":"publish","type":"post","link":"https:\/\/www.justiceinfo.net\/fr\/12967-130411-cpibemba-un-psychiatre-depose-sur-les-consequences-des-viols-en-centrafrique-9777.html","title":{"rendered":"13.04.11 - CPI\/BEMBA - UN PSYCHIATRE DEPOSE SUR LES CONSEQUENCES DES VIOLS EN CENTRAFRIQUE"},"content":{"rendered":"<p >\nLa Haye, 13 avril 2011 (FH) - Le m&eacute;decin chef du service de psychiatrie de l'h&ocirc;pital de Bangui d&eacute;pose depuis mardi, &agrave; la demande du procureur, contre Jean-Pierre Bemba. Andr&eacute; Tabo a suivi pendant plusieurs ann&eacute;es les victimes de viols commis durant la guerre en Centrafrique, en 2002 et 2003. Jean-Pierre Bemba est poursuivi pour crimes contre l'humanit&eacute; et crimes de guerre, notamment pour les viols perp&eacute;tr&eacute;s par ses miliciens du Mouvement de lib&eacute;ration du Congo (MLC), envoy&eacute;s en Centrafrique pour soutenir le pr&eacute;sident d'alors, Ange-F&eacute;lix Patass&eacute;, menac&eacute; par une r&eacute;bellion.\n<\/p>\n<p><!--more--><\/p>\n<p >\nDepuis la guerre, le psychiatre centrafricain a trait&eacute; 371 victimes de viols. Outre les effets psychologiques, de nombreuses femmes viol&eacute;es sont tomb&eacute;es enceintes, et certaines ont contract&eacute; le virus du Sida ou la syphilis.\n<\/p>\n<p >\n<p >\nPar ailleurs, elles sont le plus souvent durement stigmatis&eacute;es par la population, d&eacute;sign&eacute;es comme &laquo; les femmes des banyamulenges &raquo;, nom donn&eacute; aux soldats venus du Congo-Kinshasa voisin. &laquo; Le sentiment de culpabilit&eacute;, de honte &raquo; est pr&eacute;sent. &laquo; L'une m'a dit &lsquo;j'aurais d&ucirc; ne pas &ecirc;tre belle &agrave; ce moment l&agrave;' &raquo; a racont&eacute; le t&eacute;moin. &laquo; C'est un sentiment de culpabilit&eacute;, vis-&agrave;-vis d'elle-m&ecirc;me et de son conjoint &raquo;.\n<\/p>\n<p >\n<p >\nCeux-ci ont souvent rompu le lien conjugal &laquo; parce qu'ils estiment que la personne ne peut plus &ecirc;tre leur conjoint. Dans certains cas, les enfants ont &eacute;t&eacute; retir&eacute;s &raquo;, a d&eacute;clar&eacute; le psychiatre. Interrog&eacute; par le substitut du procureur, Jean-Jacques Badibanga, sur l'impact psychologique sur les t&eacute;moins de ces viols, le psychiatre a estim&eacute; que &laquo; certains enfants ont eu des difficult&eacute;s scolaires, par rapport &agrave; ce qui se dit ou se fait dans le quartier ou &agrave; l'&eacute;cole. Par rapport au conjoint, la difficult&eacute; c'est de rester loyal par rapport &agrave; l'engagement conjugal et supporter la stigmatisation des autres. Ils ne nomment plus &lsquo;Paul', comme &lsquo;Paul', connu du quartier - a donn&eacute; pour exemple le psychiatre - mais comme le mari de la femme qui a &eacute;t&eacute; viol&eacute;e &raquo;.\n<\/p>\n<p >\n<p >\nViol&eacute;es, ces femmes souffrent de d&eacute;pressions graves, ressentent des pulsions suicidaires, certaines &laquo; ont commenc&eacute; &agrave; prendre de l'alcool et des drogues de fa&ccedil;on abusive, pour lutter contre les flashbacks, pour &lsquo;s'&eacute;vader' de leur traumatisme psychologique &raquo;. Pour elles, la peur est pr&eacute;sente au quotidien. &laquo; Peur d'aller au march&eacute;, parce qu'elles pouvaient, en rencontrant un homme en arme, se souvenir de leur viol. Elles pouvaient aussi avoir peur d'&ecirc;tre montr&eacute;es du doigt&quot;.\n<\/p>\n<p >\n<p >\nAu cours des traitements, le psychiatre a aussi not&eacute; que certaines femmes souffrent du &laquo; rituel de lavage &raquo;. Andr&eacute; Tabo estime que plusieurs victimes &laquo; ont &eacute;labor&eacute; un m&eacute;canisme pour se laver plusieurs fois par jour, pour se laver de la souillure qu'elles ont connu. Se laver plusieurs fois lui permet de penser qu'elle n'est plus sale &raquo;. Ces femmes expriment aussi agressivit&eacute; et col&egrave;re, envers leur entourage. &laquo; Cette col&egrave;re est adress&eacute;e contre leurs agresseurs. Ce sont des inconnus, qui les ont viol&eacute;es, qu'elles ne verront jamais. &raquo; Pour Andr&eacute; Tabo, les victimes ne peuvent assouvir un d&eacute;sir de vengeance.\n<\/p>\n<p >\n<p >\nJeudi, les avocats de la d&eacute;fense contre-interrogeront le t&eacute;moin. Le proc&egrave;s de Jean-Pierre Bemba a commenc&eacute; le 22 novembre 2010. Le s&eacute;nateur congolais avait &eacute;t&eacute; arr&ecirc;t&eacute; en Belgique, le 24 mai 2008 et transf&eacute;r&eacute; &agrave; la CPI, aux Pays-Bas o&ugrave; il est incarc&eacute;r&eacute; depuis le 3 juillet 2008.\n<\/p>\n<p >\n<p >\nSM\/ER\/GF&nbsp;&nbsp;\n<\/p>\n<p>\n&copy; Agence Hirondelle<\/p>\n","protected":false},"excerpt":{"rendered":"<p>La Haye, 13 avril 2011 (FH) - Le m&eacute;decin chef du service de psychiatrie de l'h&ocirc;pital de Bangui d&eacute;pose depuis mardi, &agrave; la demande du procureur, contre Jean-Pierre Bemba. Andr&eacute; Tabo a suivi pendant plusieurs ann&eacute;es les victimes de viols commis durant la guerre en Centrafrique, en 2002 et 2003. Jean-Pierre Bemba est poursuivi pour [&hellip;]<\/p>\n","protected":false},"author":64,"featured_media":0,"comment_status":"open","ping_status":"closed","sticky":false,"template":"","format":"standard","meta":{"_acf_changed":false,"footnotes":""},"categories":[554],"tags":[],"ji_location":[],"class_list":["post-12967","post","type-post","status-publish","format-standard","hentry","category-hirondellenews"],"acf":[],"yoast_head":"<!-- This site is optimized with the Yoast SEO Premium plugin v25.3.1 (Yoast SEO v25.3.1) - https:\/\/yoast.com\/wordpress\/plugins\/seo\/ -->\n<title>13.04.11 - CPI\/BEMBA - UN PSYCHIATRE DEPOSE SUR LES CONSEQUENCES DES VIOLS EN CENTRAFRIQUE - JusticeInfo.net<\/title>\n<meta name=\"robots\" content=\"index, follow, max-snippet:-1, max-image-preview:large, max-video-preview:-1\" \/>\n<link rel=\"canonical\" href=\"https:\/\/www.justiceinfo.net\/fr\/12967-130411-cpibemba-un-psychiatre-depose-sur-les-consequences-des-viols-en-centrafrique-9777.html\" \/>\n<meta property=\"og:locale\" content=\"fr_FR\" \/>\n<meta property=\"og:type\" content=\"article\" \/>\n<meta property=\"og:title\" content=\"13.04.11 - CPI\/BEMBA - UN PSYCHIATRE DEPOSE SUR LES CONSEQUENCES DES VIOLS EN CENTRAFRIQUE\" \/>\n<meta property=\"og:description\" content=\"La Haye, 13 avril 2011 (FH) - Le m&eacute;decin chef du service de psychiatrie de l&#039;h&ocirc;pital de Bangui d&eacute;pose depuis mardi, &agrave; la demande du procureur, contre Jean-Pierre Bemba. Andr&eacute; Tabo a suivi pendant plusieurs ann&eacute;es les victimes de viols commis durant la guerre en Centrafrique, en 2002 et 2003. Jean-Pierre Bemba est poursuivi pour [&hellip;]\" \/>\n<meta property=\"og:url\" content=\"https:\/\/www.justiceinfo.net\/fr\/12967-130411-cpibemba-un-psychiatre-depose-sur-les-consequences-des-viols-en-centrafrique-9777.html\" \/>\n<meta property=\"og:site_name\" content=\"JusticeInfo.net\" \/>\n<meta property=\"article:publisher\" content=\"https:\/\/www.facebook.com\/JusticeInfo\/\" \/>\n<meta property=\"article:published_time\" content=\"2011-04-12T22:00:00+00:00\" \/>\n<meta property=\"og:image\" content=\"https:\/\/www.justiceinfo.net\/wp-content\/uploads\/JusticeInfoNet_logo_1200x630px.jpg\" \/>\n\t<meta property=\"og:image:width\" content=\"1200\" \/>\n\t<meta property=\"og:image:height\" content=\"630\" \/>\n\t<meta property=\"og:image:type\" content=\"image\/jpeg\" \/>\n<meta name=\"author\" content=\"solivri\" \/>\n<meta name=\"twitter:card\" content=\"summary_large_image\" \/>\n<meta name=\"twitter:creator\" content=\"@justiceinfonet\" \/>\n<meta name=\"twitter:site\" content=\"@justiceinfonet\" \/>\n<meta name=\"twitter:label1\" content=\"\u00c9crit par\" \/>\n\t<meta name=\"twitter:data1\" content=\"solivri\" \/>\n\t<meta name=\"twitter:label2\" content=\"Dur\u00e9e de lecture estim\u00e9e\" \/>\n\t<meta name=\"twitter:data2\" content=\"3 minutes\" \/>\n<script type=\"application\/ld+json\" class=\"yoast-schema-graph\">{\"@context\":\"https:\/\/schema.org\",\"@graph\":[{\"@type\":\"NewsArticle\",\"@id\":\"https:\/\/www.justiceinfo.net\/fr\/12967-130411-cpibemba-un-psychiatre-depose-sur-les-consequences-des-viols-en-centrafrique-9777.html#article\",\"isPartOf\":{\"@id\":\"https:\/\/www.justiceinfo.net\/fr\/12967-130411-cpibemba-un-psychiatre-depose-sur-les-consequences-des-viols-en-centrafrique-9777.html\"},\"author\":{\"name\":\"solivri\",\"@id\":\"https:\/\/www.justiceinfo.net\/fr#\/schema\/person\/6e53cba1629e2e66f3fc1821d3091865\"},\"headline\":\"13.04.11 - CPI\/BEMBA - UN PSYCHIATRE DEPOSE SUR LES CONSEQUENCES DES VIOLS EN CENTRAFRIQUE\",\"datePublished\":\"2011-04-12T22:00:00+00:00\",\"mainEntityOfPage\":{\"@id\":\"https:\/\/www.justiceinfo.net\/fr\/12967-130411-cpibemba-un-psychiatre-depose-sur-les-consequences-des-viols-en-centrafrique-9777.html\"},\"wordCount\":713,\"commentCount\":0,\"publisher\":{\"@id\":\"https:\/\/www.justiceinfo.net\/fr#organization\"},\"articleSection\":[\"Hirondelle News\"],\"inLanguage\":\"fr-FR\",\"potentialAction\":[{\"@type\":\"CommentAction\",\"name\":\"Comment\",\"target\":[\"https:\/\/www.justiceinfo.net\/fr\/12967-130411-cpibemba-un-psychiatre-depose-sur-les-consequences-des-viols-en-centrafrique-9777.html#respond\"]}]},{\"@type\":\"WebPage\",\"@id\":\"https:\/\/www.justiceinfo.net\/fr\/12967-130411-cpibemba-un-psychiatre-depose-sur-les-consequences-des-viols-en-centrafrique-9777.html\",\"url\":\"https:\/\/www.justiceinfo.net\/fr\/12967-130411-cpibemba-un-psychiatre-depose-sur-les-consequences-des-viols-en-centrafrique-9777.html\",\"name\":\"13.04.11 - CPI\/BEMBA - UN PSYCHIATRE DEPOSE SUR LES CONSEQUENCES DES VIOLS EN CENTRAFRIQUE - JusticeInfo.net\",\"isPartOf\":{\"@id\":\"https:\/\/www.justiceinfo.net\/fr#website\"},\"datePublished\":\"2011-04-12T22:00:00+00:00\",\"breadcrumb\":{\"@id\":\"https:\/\/www.justiceinfo.net\/fr\/12967-130411-cpibemba-un-psychiatre-depose-sur-les-consequences-des-viols-en-centrafrique-9777.html#breadcrumb\"},\"inLanguage\":\"fr-FR\",\"potentialAction\":[{\"@type\":\"ReadAction\",\"target\":[\"https:\/\/www.justiceinfo.net\/fr\/12967-130411-cpibemba-un-psychiatre-depose-sur-les-consequences-des-viols-en-centrafrique-9777.html\"]}]},{\"@type\":\"BreadcrumbList\",\"@id\":\"https:\/\/www.justiceinfo.net\/fr\/12967-130411-cpibemba-un-psychiatre-depose-sur-les-consequences-des-viols-en-centrafrique-9777.html#breadcrumb\",\"itemListElement\":[{\"@type\":\"ListItem\",\"position\":1,\"name\":\"Home\",\"item\":\"https:\/\/www.justiceinfo.net\/fr\"},{\"@type\":\"ListItem\",\"position\":2,\"name\":\"13.04.11 - CPI\/BEMBA - UN PSYCHIATRE DEPOSE SUR LES CONSEQUENCES DES VIOLS EN CENTRAFRIQUE\"}]},{\"@type\":\"WebSite\",\"@id\":\"https:\/\/www.justiceinfo.net\/fr#website\",\"url\":\"https:\/\/www.justiceinfo.net\/fr\",\"name\":\"JusticeInfo.net\",\"description\":\"La justice doit \u00eatre vue pour \u00eatre rendue\",\"publisher\":{\"@id\":\"https:\/\/www.justiceinfo.net\/fr#organization\"},\"potentialAction\":[{\"@type\":\"SearchAction\",\"target\":{\"@type\":\"EntryPoint\",\"urlTemplate\":\"https:\/\/www.justiceinfo.net\/fr?s={search_term_string}\"},\"query-input\":{\"@type\":\"PropertyValueSpecification\",\"valueRequired\":true,\"valueName\":\"search_term_string\"}}],\"inLanguage\":\"fr-FR\"},{\"@type\":\"Organization\",\"@id\":\"https:\/\/www.justiceinfo.net\/fr#organization\",\"name\":\"Justice Info\",\"url\":\"https:\/\/www.justiceinfo.net\/fr\",\"logo\":{\"@type\":\"ImageObject\",\"inLanguage\":\"fr-FR\",\"@id\":\"https:\/\/www.justiceinfo.net\/fr#\/schema\/logo\/image\/\",\"url\":\"https:\/\/www.justiceinfo.net\/wp-content\/uploads\/justiceinfo_logo-trans_1200x1200px.png\",\"contentUrl\":\"https:\/\/www.justiceinfo.net\/wp-content\/uploads\/justiceinfo_logo-trans_1200x1200px.png\",\"width\":1199,\"height\":1200,\"caption\":\"Justice Info\"},\"image\":{\"@id\":\"https:\/\/www.justiceinfo.net\/fr#\/schema\/logo\/image\/\"},\"sameAs\":[\"https:\/\/www.facebook.com\/JusticeInfo\/\",\"https:\/\/x.com\/justiceinfonet\",\"https:\/\/www.linkedin.com\/company\/justice-info\",\"https:\/\/www.youtube.com\/channel\/UCyCEsARodyuWtkWyhn-e7pA\"]},{\"@type\":\"Person\",\"name\":\"solivri\",\"url\":\"\/fr\/?s=solivri\"}]}<\/script>\n<!-- \/ Yoast SEO Premium plugin. -->","yoast_head_json":{"title":"13.04.11 - CPI\/BEMBA - UN PSYCHIATRE DEPOSE SUR LES CONSEQUENCES DES VIOLS EN CENTRAFRIQUE - JusticeInfo.net","robots":{"index":"index","follow":"follow","max-snippet":"max-snippet:-1","max-image-preview":"max-image-preview:large","max-video-preview":"max-video-preview:-1"},"canonical":"https:\/\/www.justiceinfo.net\/fr\/12967-130411-cpibemba-un-psychiatre-depose-sur-les-consequences-des-viols-en-centrafrique-9777.html","og_locale":"fr_FR","og_type":"article","og_title":"13.04.11 - CPI\/BEMBA - UN PSYCHIATRE DEPOSE SUR LES CONSEQUENCES DES VIOLS EN CENTRAFRIQUE","og_description":"La Haye, 13 avril 2011 (FH) - Le m&eacute;decin chef du service de psychiatrie de l'h&ocirc;pital de Bangui d&eacute;pose depuis mardi, &agrave; la demande du procureur, contre Jean-Pierre Bemba. Andr&eacute; Tabo a suivi pendant plusieurs ann&eacute;es les victimes de viols commis durant la guerre en Centrafrique, en 2002 et 2003. Jean-Pierre Bemba est poursuivi pour [&hellip;]","og_url":"https:\/\/www.justiceinfo.net\/fr\/12967-130411-cpibemba-un-psychiatre-depose-sur-les-consequences-des-viols-en-centrafrique-9777.html","og_site_name":"JusticeInfo.net","article_publisher":"https:\/\/www.facebook.com\/JusticeInfo\/","article_published_time":"2011-04-12T22:00:00+00:00","og_image":[{"width":1200,"height":630,"url":"https:\/\/www.justiceinfo.net\/wp-content\/uploads\/JusticeInfoNet_logo_1200x630px.jpg","type":"image\/jpeg"}],"author":"solivri","twitter_card":"summary_large_image","twitter_creator":"@justiceinfonet","twitter_site":"@justiceinfonet","twitter_misc":{"\u00c9crit par":"solivri","Dur\u00e9e de lecture estim\u00e9e":"3 minutes"},"schema":{"@context":"https:\/\/schema.org","@graph":[{"@type":"NewsArticle","@id":"https:\/\/www.justiceinfo.net\/fr\/12967-130411-cpibemba-un-psychiatre-depose-sur-les-consequences-des-viols-en-centrafrique-9777.html#article","isPartOf":{"@id":"https:\/\/www.justiceinfo.net\/fr\/12967-130411-cpibemba-un-psychiatre-depose-sur-les-consequences-des-viols-en-centrafrique-9777.html"},"author":{"name":"solivri","@id":"https:\/\/www.justiceinfo.net\/fr#\/schema\/person\/6e53cba1629e2e66f3fc1821d3091865"},"headline":"13.04.11 - CPI\/BEMBA - UN PSYCHIATRE DEPOSE SUR LES CONSEQUENCES DES VIOLS EN CENTRAFRIQUE","datePublished":"2011-04-12T22:00:00+00:00","mainEntityOfPage":{"@id":"https:\/\/www.justiceinfo.net\/fr\/12967-130411-cpibemba-un-psychiatre-depose-sur-les-consequences-des-viols-en-centrafrique-9777.html"},"wordCount":713,"commentCount":0,"publisher":{"@id":"https:\/\/www.justiceinfo.net\/fr#organization"},"articleSection":["Hirondelle News"],"inLanguage":"fr-FR","potentialAction":[{"@type":"CommentAction","name":"Comment","target":["https:\/\/www.justiceinfo.net\/fr\/12967-130411-cpibemba-un-psychiatre-depose-sur-les-consequences-des-viols-en-centrafrique-9777.html#respond"]}]},{"@type":"WebPage","@id":"https:\/\/www.justiceinfo.net\/fr\/12967-130411-cpibemba-un-psychiatre-depose-sur-les-consequences-des-viols-en-centrafrique-9777.html","url":"https:\/\/www.justiceinfo.net\/fr\/12967-130411-cpibemba-un-psychiatre-depose-sur-les-consequences-des-viols-en-centrafrique-9777.html","name":"13.04.11 - CPI\/BEMBA - UN PSYCHIATRE DEPOSE SUR LES CONSEQUENCES DES VIOLS EN CENTRAFRIQUE - JusticeInfo.net","isPartOf":{"@id":"https:\/\/www.justiceinfo.net\/fr#website"},"datePublished":"2011-04-12T22:00:00+00:00","breadcrumb":{"@id":"https:\/\/www.justiceinfo.net\/fr\/12967-130411-cpibemba-un-psychiatre-depose-sur-les-consequences-des-viols-en-centrafrique-9777.html#breadcrumb"},"inLanguage":"fr-FR","potentialAction":[{"@type":"ReadAction","target":["https:\/\/www.justiceinfo.net\/fr\/12967-130411-cpibemba-un-psychiatre-depose-sur-les-consequences-des-viols-en-centrafrique-9777.html"]}]},{"@type":"BreadcrumbList","@id":"https:\/\/www.justiceinfo.net\/fr\/12967-130411-cpibemba-un-psychiatre-depose-sur-les-consequences-des-viols-en-centrafrique-9777.html#breadcrumb","itemListElement":[{"@type":"ListItem","position":1,"name":"Home","item":"https:\/\/www.justiceinfo.net\/fr"},{"@type":"ListItem","position":2,"name":"13.04.11 - CPI\/BEMBA - UN PSYCHIATRE DEPOSE SUR LES CONSEQUENCES DES VIOLS EN CENTRAFRIQUE"}]},{"@type":"WebSite","@id":"https:\/\/www.justiceinfo.net\/fr#website","url":"https:\/\/www.justiceinfo.net\/fr","name":"JusticeInfo.net","description":"La justice doit \u00eatre vue pour \u00eatre rendue","publisher":{"@id":"https:\/\/www.justiceinfo.net\/fr#organization"},"potentialAction":[{"@type":"SearchAction","target":{"@type":"EntryPoint","urlTemplate":"https:\/\/www.justiceinfo.net\/fr?s={search_term_string}"},"query-input":{"@type":"PropertyValueSpecification","valueRequired":true,"valueName":"search_term_string"}}],"inLanguage":"fr-FR"},{"@type":"Organization","@id":"https:\/\/www.justiceinfo.net\/fr#organization","name":"Justice Info","url":"https:\/\/www.justiceinfo.net\/fr","logo":{"@type":"ImageObject","inLanguage":"fr-FR","@id":"https:\/\/www.justiceinfo.net\/fr#\/schema\/logo\/image\/","url":"https:\/\/www.justiceinfo.net\/wp-content\/uploads\/justiceinfo_logo-trans_1200x1200px.png","contentUrl":"https:\/\/www.justiceinfo.net\/wp-content\/uploads\/justiceinfo_logo-trans_1200x1200px.png","width":1199,"height":1200,"caption":"Justice Info"},"image":{"@id":"https:\/\/www.justiceinfo.net\/fr#\/schema\/logo\/image\/"},"sameAs":["https:\/\/www.facebook.com\/JusticeInfo\/","https:\/\/x.com\/justiceinfonet","https:\/\/www.linkedin.com\/company\/justice-info","https:\/\/www.youtube.com\/channel\/UCyCEsARodyuWtkWyhn-e7pA"]},{"@type":"Person","name":"solivri","url":"\/fr\/?s=solivri"}]}},"_links":{"self":[{"href":"https:\/\/www.justiceinfo.net\/fr\/wp-json\/wp\/v2\/posts\/12967","targetHints":{"allow":["GET"]}}],"collection":[{"href":"https:\/\/www.justiceinfo.net\/fr\/wp-json\/wp\/v2\/posts"}],"about":[{"href":"https:\/\/www.justiceinfo.net\/fr\/wp-json\/wp\/v2\/types\/post"}],"author":[{"embeddable":true,"href":"https:\/\/www.justiceinfo.net\/fr\/wp-json\/wp\/v2\/users\/64"}],"replies":[{"embeddable":true,"href":"https:\/\/www.justiceinfo.net\/fr\/wp-json\/wp\/v2\/comments?post=12967"}],"version-history":[{"count":0,"href":"https:\/\/www.justiceinfo.net\/fr\/wp-json\/wp\/v2\/posts\/12967\/revisions"}],"wp:attachment":[{"href":"https:\/\/www.justiceinfo.net\/fr\/wp-json\/wp\/v2\/media?parent=12967"}],"wp:term":[{"taxonomy":"category","embeddable":true,"href":"https:\/\/www.justiceinfo.net\/fr\/wp-json\/wp\/v2\/categories?post=12967"},{"taxonomy":"post_tag","embeddable":true,"href":"https:\/\/www.justiceinfo.net\/fr\/wp-json\/wp\/v2\/tags?post=12967"},{"taxonomy":"ji_location","embeddable":true,"href":"https:\/\/www.justiceinfo.net\/fr\/wp-json\/wp\/v2\/ji_location?post=12967"}],"curies":[{"name":"wp","href":"https:\/\/api.w.org\/{rel}","templated":true}]}}