{"id":12980,"date":"2011-04-15T00:00:00","date_gmt":"2011-04-14T22:00:00","guid":{"rendered":"https:\/\/www.justiceinfo.net\/12980-150411-synthese-hebdomadaire-des-pieces-versees-au-proces-militaires-ii-a-un-mois-du-jugement-9790.html"},"modified":"2011-04-15T00:00:00","modified_gmt":"2011-04-14T22:00:00","slug":"150411-synthese-hebdomadaire-des-pieces-versees-au-proces-militaires-ii-a-un-mois-du-jugement-9790","status":"publish","type":"post","link":"https:\/\/www.justiceinfo.net\/fr\/12980-150411-synthese-hebdomadaire-des-pieces-versees-au-proces-militaires-ii-a-un-mois-du-jugement-9790.html","title":{"rendered":"15.04.11 - SYNTHESE HEBDOMADAIRE - DES PIECES VERSEES AU PROCES MILITAIRES II A UN MOIS DU JUGEMENT"},"content":{"rendered":"<p >\nArusha, 15 avril 2011 (FH) - A un mois du jugement, une douzaine de documents confidentiels ont &eacute;t&eacute; admis comme &eacute;l&eacute;ments de preuve de la d&eacute;fense de l'ancien chef de la gendarmerie rwandaise, le g&eacute;n&eacute;ral Augustin Ndindiyilimana. Il a comparu au Tribunal p&eacute;nal international pour le Rwanda avec trois autres accus&eacute;s. Parmi eux, l'ancien chef d'&eacute;tat-major de l'arm&eacute;e, le g&eacute;n&eacute;ral Augustin Bizimungu. Le jugement est attendu le 17 mai.\n<\/p>\n<p><!--more--><\/p>\n<p >\nSelon une d&eacute;cision de la chambre dat&eacute;e de mardi, l'admission de ces pi&egrave;ces vise &agrave; r&eacute;parer le tort caus&eacute; par le procureur au g&eacute;n&eacute;ral Ndindiliyimana.\n<\/p>\n<p >\n<p >\nPar ailleurs, dans le proc&egrave;s de l'ex-ministre du Plan Augustin Ngirabatware, les juges ont ordonn&eacute; au procureur de divulguer une s&eacute;rie d'&eacute;missions de la radio gouvernementale rwandaise en avril et mai 1994.\n<\/p>\n<p >\n<p >\nSelon l'ordonnance, ces &eacute;missions pourraient corroborer la d&eacute;fense d'alibi de l'ex-ministre.\n<\/p>\n<p >\n<p >\nA la CPI, le proc&egrave;s du chef milicien congolais Thomas Lubanga est entr&eacute; jeudi dans sa derni&egrave;re ligne droite. Le dernier t&eacute;moin de la d&eacute;fense a entam&eacute; sa d&eacute;position qui se poursuivra la semaine prochaine. Le r&eacute;quisitoire du procureur et les plaidoiries de la d&eacute;fense seront plaid&eacute;s les 25 et 26 ao&ucirc;t. Lubanga est accus&eacute; de crimes de guerre pour avoir enr&ocirc;l&eacute; des enfants de moins de 15 ans dans ses troupes.&nbsp;&nbsp;&nbsp;\n<\/p>\n<p >\nToujours &agrave; La Haye, le proc&egrave;s du s&eacute;nateur congolais Jean Pierre Bemba a &eacute;t&eacute; report&eacute; jeudi au 3 mai prochain. Cette semaine, la chambre a notamment entendu le m&eacute;decin chef du service de psychiatrie de l'h&ocirc;pital de Bangui. Le docteur Andr&eacute; Tabo a longuement &eacute;voqu&eacute; la situation actuelle des femmes viol&eacute;es durant la guerre en Centrafrique, en 2002 et 2003. Bemba est poursuivi pour crimes contre l'humanit&eacute; et crimes de guerre perp&eacute;tr&eacute;s par ses miliciens du Mouvement de lib&eacute;ration du Congo (MLC). Ils avaient &eacute;t&eacute; envoy&eacute;s en Centrafrique pour soutenir le pr&eacute;sident d'alors, Ange-F&eacute;lix Patass&eacute;, qui &eacute;tait menac&eacute; par une r&eacute;bellion.\n<\/p>\n<p >\n<p >\nER\/GF\n<\/p>\n<p >\n<p>\n&copy; Agence Hirondelle<\/p>\n","protected":false},"excerpt":{"rendered":"<p>Arusha, 15 avril 2011 (FH) - A un mois du jugement, une douzaine de documents confidentiels ont &eacute;t&eacute; admis comme &eacute;l&eacute;ments de preuve de la d&eacute;fense de l'ancien chef de la gendarmerie rwandaise, le g&eacute;n&eacute;ral Augustin Ndindiyilimana. Il a comparu au Tribunal p&eacute;nal international pour le Rwanda avec trois autres accus&eacute;s. Parmi eux, l'ancien chef [&hellip;]<\/p>\n","protected":false},"author":64,"featured_media":0,"comment_status":"open","ping_status":"closed","sticky":false,"template":"","format":"standard","meta":{"_acf_changed":false,"footnotes":""},"categories":[554],"tags":[],"ji_location":[],"class_list":["post-12980","post","type-post","status-publish","format-standard","hentry","category-hirondellenews"],"acf":[],"yoast_head":"<!-- This site is optimized with the Yoast SEO Premium plugin v25.3.1 (Yoast SEO v25.3.1) - https:\/\/yoast.com\/wordpress\/plugins\/seo\/ -->\n<title>15.04.11 - SYNTHESE HEBDOMADAIRE - DES PIECES VERSEES AU PROCES MILITAIRES II A UN MOIS DU JUGEMENT - JusticeInfo.net<\/title>\n<meta name=\"robots\" content=\"index, follow, max-snippet:-1, max-image-preview:large, max-video-preview:-1\" \/>\n<link rel=\"canonical\" href=\"https:\/\/www.justiceinfo.net\/fr\/12980-150411-synthese-hebdomadaire-des-pieces-versees-au-proces-militaires-ii-a-un-mois-du-jugement-9790.html\" \/>\n<meta property=\"og:locale\" content=\"fr_FR\" \/>\n<meta property=\"og:type\" content=\"article\" \/>\n<meta property=\"og:title\" content=\"15.04.11 - SYNTHESE HEBDOMADAIRE - DES PIECES VERSEES AU PROCES MILITAIRES II A UN MOIS DU JUGEMENT\" \/>\n<meta property=\"og:description\" content=\"Arusha, 15 avril 2011 (FH) - A un mois du jugement, une douzaine de documents confidentiels ont &eacute;t&eacute; admis comme &eacute;l&eacute;ments de preuve de la d&eacute;fense de l&#039;ancien chef de la gendarmerie rwandaise, le g&eacute;n&eacute;ral Augustin Ndindiyilimana. Il a comparu au Tribunal p&eacute;nal international pour le Rwanda avec trois autres accus&eacute;s. Parmi eux, l&#039;ancien chef [&hellip;]\" \/>\n<meta property=\"og:url\" content=\"https:\/\/www.justiceinfo.net\/fr\/12980-150411-synthese-hebdomadaire-des-pieces-versees-au-proces-militaires-ii-a-un-mois-du-jugement-9790.html\" \/>\n<meta property=\"og:site_name\" content=\"JusticeInfo.net\" \/>\n<meta property=\"article:publisher\" content=\"https:\/\/www.facebook.com\/JusticeInfo\/\" \/>\n<meta property=\"article:published_time\" content=\"2011-04-14T22:00:00+00:00\" \/>\n<meta property=\"og:image\" content=\"https:\/\/www.justiceinfo.net\/wp-content\/uploads\/JusticeInfoNet_logo_1200x630px.jpg\" \/>\n\t<meta property=\"og:image:width\" content=\"1200\" \/>\n\t<meta property=\"og:image:height\" content=\"630\" \/>\n\t<meta property=\"og:image:type\" content=\"image\/jpeg\" \/>\n<meta name=\"author\" content=\"solivri\" \/>\n<meta name=\"twitter:card\" content=\"summary_large_image\" \/>\n<meta name=\"twitter:creator\" content=\"@justiceinfonet\" \/>\n<meta name=\"twitter:site\" content=\"@justiceinfonet\" \/>\n<meta name=\"twitter:label1\" content=\"\u00c9crit par\" \/>\n\t<meta name=\"twitter:data1\" content=\"solivri\" \/>\n\t<meta name=\"twitter:label2\" content=\"Dur\u00e9e de lecture estim\u00e9e\" \/>\n\t<meta name=\"twitter:data2\" content=\"2 minutes\" \/>\n<script type=\"application\/ld+json\" class=\"yoast-schema-graph\">{\"@context\":\"https:\/\/schema.org\",\"@graph\":[{\"@type\":\"NewsArticle\",\"@id\":\"https:\/\/www.justiceinfo.net\/fr\/12980-150411-synthese-hebdomadaire-des-pieces-versees-au-proces-militaires-ii-a-un-mois-du-jugement-9790.html#article\",\"isPartOf\":{\"@id\":\"https:\/\/www.justiceinfo.net\/fr\/12980-150411-synthese-hebdomadaire-des-pieces-versees-au-proces-militaires-ii-a-un-mois-du-jugement-9790.html\"},\"author\":{\"name\":\"solivri\",\"@id\":\"https:\/\/www.justiceinfo.net\/fr#\/schema\/person\/6e53cba1629e2e66f3fc1821d3091865\"},\"headline\":\"15.04.11 - SYNTHESE HEBDOMADAIRE - DES PIECES VERSEES AU PROCES MILITAIRES II A UN MOIS DU JUGEMENT\",\"datePublished\":\"2011-04-14T22:00:00+00:00\",\"mainEntityOfPage\":{\"@id\":\"https:\/\/www.justiceinfo.net\/fr\/12980-150411-synthese-hebdomadaire-des-pieces-versees-au-proces-militaires-ii-a-un-mois-du-jugement-9790.html\"},\"wordCount\":441,\"commentCount\":0,\"publisher\":{\"@id\":\"https:\/\/www.justiceinfo.net\/fr#organization\"},\"articleSection\":[\"Hirondelle News\"],\"inLanguage\":\"fr-FR\",\"potentialAction\":[{\"@type\":\"CommentAction\",\"name\":\"Comment\",\"target\":[\"https:\/\/www.justiceinfo.net\/fr\/12980-150411-synthese-hebdomadaire-des-pieces-versees-au-proces-militaires-ii-a-un-mois-du-jugement-9790.html#respond\"]}]},{\"@type\":\"WebPage\",\"@id\":\"https:\/\/www.justiceinfo.net\/fr\/12980-150411-synthese-hebdomadaire-des-pieces-versees-au-proces-militaires-ii-a-un-mois-du-jugement-9790.html\",\"url\":\"https:\/\/www.justiceinfo.net\/fr\/12980-150411-synthese-hebdomadaire-des-pieces-versees-au-proces-militaires-ii-a-un-mois-du-jugement-9790.html\",\"name\":\"15.04.11 - SYNTHESE HEBDOMADAIRE - DES PIECES VERSEES AU PROCES MILITAIRES II A UN MOIS DU JUGEMENT - JusticeInfo.net\",\"isPartOf\":{\"@id\":\"https:\/\/www.justiceinfo.net\/fr#website\"},\"datePublished\":\"2011-04-14T22:00:00+00:00\",\"breadcrumb\":{\"@id\":\"https:\/\/www.justiceinfo.net\/fr\/12980-150411-synthese-hebdomadaire-des-pieces-versees-au-proces-militaires-ii-a-un-mois-du-jugement-9790.html#breadcrumb\"},\"inLanguage\":\"fr-FR\",\"potentialAction\":[{\"@type\":\"ReadAction\",\"target\":[\"https:\/\/www.justiceinfo.net\/fr\/12980-150411-synthese-hebdomadaire-des-pieces-versees-au-proces-militaires-ii-a-un-mois-du-jugement-9790.html\"]}]},{\"@type\":\"BreadcrumbList\",\"@id\":\"https:\/\/www.justiceinfo.net\/fr\/12980-150411-synthese-hebdomadaire-des-pieces-versees-au-proces-militaires-ii-a-un-mois-du-jugement-9790.html#breadcrumb\",\"itemListElement\":[{\"@type\":\"ListItem\",\"position\":1,\"name\":\"Home\",\"item\":\"https:\/\/www.justiceinfo.net\/fr\"},{\"@type\":\"ListItem\",\"position\":2,\"name\":\"15.04.11 - SYNTHESE HEBDOMADAIRE - DES PIECES VERSEES AU PROCES MILITAIRES II A UN MOIS DU JUGEMENT\"}]},{\"@type\":\"WebSite\",\"@id\":\"https:\/\/www.justiceinfo.net\/fr#website\",\"url\":\"https:\/\/www.justiceinfo.net\/fr\",\"name\":\"JusticeInfo.net\",\"description\":\"La justice doit \u00eatre vue pour \u00eatre rendue\",\"publisher\":{\"@id\":\"https:\/\/www.justiceinfo.net\/fr#organization\"},\"potentialAction\":[{\"@type\":\"SearchAction\",\"target\":{\"@type\":\"EntryPoint\",\"urlTemplate\":\"https:\/\/www.justiceinfo.net\/fr?s={search_term_string}\"},\"query-input\":{\"@type\":\"PropertyValueSpecification\",\"valueRequired\":true,\"valueName\":\"search_term_string\"}}],\"inLanguage\":\"fr-FR\"},{\"@type\":\"Organization\",\"@id\":\"https:\/\/www.justiceinfo.net\/fr#organization\",\"name\":\"Justice Info\",\"url\":\"https:\/\/www.justiceinfo.net\/fr\",\"logo\":{\"@type\":\"ImageObject\",\"inLanguage\":\"fr-FR\",\"@id\":\"https:\/\/www.justiceinfo.net\/fr#\/schema\/logo\/image\/\",\"url\":\"https:\/\/www.justiceinfo.net\/wp-content\/uploads\/justiceinfo_logo-trans_1200x1200px.png\",\"contentUrl\":\"https:\/\/www.justiceinfo.net\/wp-content\/uploads\/justiceinfo_logo-trans_1200x1200px.png\",\"width\":1199,\"height\":1200,\"caption\":\"Justice Info\"},\"image\":{\"@id\":\"https:\/\/www.justiceinfo.net\/fr#\/schema\/logo\/image\/\"},\"sameAs\":[\"https:\/\/www.facebook.com\/JusticeInfo\/\",\"https:\/\/x.com\/justiceinfonet\",\"https:\/\/www.linkedin.com\/company\/justice-info\",\"https:\/\/www.youtube.com\/channel\/UCyCEsARodyuWtkWyhn-e7pA\"]},{\"@type\":\"Person\",\"name\":\"solivri\",\"url\":\"\/fr\/?s=solivri\"}]}<\/script>\n<!-- \/ Yoast SEO Premium plugin. -->","yoast_head_json":{"title":"15.04.11 - SYNTHESE HEBDOMADAIRE - DES PIECES VERSEES AU PROCES MILITAIRES II A UN MOIS DU JUGEMENT - JusticeInfo.net","robots":{"index":"index","follow":"follow","max-snippet":"max-snippet:-1","max-image-preview":"max-image-preview:large","max-video-preview":"max-video-preview:-1"},"canonical":"https:\/\/www.justiceinfo.net\/fr\/12980-150411-synthese-hebdomadaire-des-pieces-versees-au-proces-militaires-ii-a-un-mois-du-jugement-9790.html","og_locale":"fr_FR","og_type":"article","og_title":"15.04.11 - SYNTHESE HEBDOMADAIRE - DES PIECES VERSEES AU PROCES MILITAIRES II A UN MOIS DU JUGEMENT","og_description":"Arusha, 15 avril 2011 (FH) - A un mois du jugement, une douzaine de documents confidentiels ont &eacute;t&eacute; admis comme &eacute;l&eacute;ments de preuve de la d&eacute;fense de l'ancien chef de la gendarmerie rwandaise, le g&eacute;n&eacute;ral Augustin Ndindiyilimana. Il a comparu au Tribunal p&eacute;nal international pour le Rwanda avec trois autres accus&eacute;s. Parmi eux, l'ancien chef [&hellip;]","og_url":"https:\/\/www.justiceinfo.net\/fr\/12980-150411-synthese-hebdomadaire-des-pieces-versees-au-proces-militaires-ii-a-un-mois-du-jugement-9790.html","og_site_name":"JusticeInfo.net","article_publisher":"https:\/\/www.facebook.com\/JusticeInfo\/","article_published_time":"2011-04-14T22:00:00+00:00","og_image":[{"width":1200,"height":630,"url":"https:\/\/www.justiceinfo.net\/wp-content\/uploads\/JusticeInfoNet_logo_1200x630px.jpg","type":"image\/jpeg"}],"author":"solivri","twitter_card":"summary_large_image","twitter_creator":"@justiceinfonet","twitter_site":"@justiceinfonet","twitter_misc":{"\u00c9crit par":"solivri","Dur\u00e9e de lecture estim\u00e9e":"2 minutes"},"schema":{"@context":"https:\/\/schema.org","@graph":[{"@type":"NewsArticle","@id":"https:\/\/www.justiceinfo.net\/fr\/12980-150411-synthese-hebdomadaire-des-pieces-versees-au-proces-militaires-ii-a-un-mois-du-jugement-9790.html#article","isPartOf":{"@id":"https:\/\/www.justiceinfo.net\/fr\/12980-150411-synthese-hebdomadaire-des-pieces-versees-au-proces-militaires-ii-a-un-mois-du-jugement-9790.html"},"author":{"name":"solivri","@id":"https:\/\/www.justiceinfo.net\/fr#\/schema\/person\/6e53cba1629e2e66f3fc1821d3091865"},"headline":"15.04.11 - SYNTHESE HEBDOMADAIRE - DES PIECES VERSEES AU PROCES MILITAIRES II A UN MOIS DU JUGEMENT","datePublished":"2011-04-14T22:00:00+00:00","mainEntityOfPage":{"@id":"https:\/\/www.justiceinfo.net\/fr\/12980-150411-synthese-hebdomadaire-des-pieces-versees-au-proces-militaires-ii-a-un-mois-du-jugement-9790.html"},"wordCount":441,"commentCount":0,"publisher":{"@id":"https:\/\/www.justiceinfo.net\/fr#organization"},"articleSection":["Hirondelle News"],"inLanguage":"fr-FR","potentialAction":[{"@type":"CommentAction","name":"Comment","target":["https:\/\/www.justiceinfo.net\/fr\/12980-150411-synthese-hebdomadaire-des-pieces-versees-au-proces-militaires-ii-a-un-mois-du-jugement-9790.html#respond"]}]},{"@type":"WebPage","@id":"https:\/\/www.justiceinfo.net\/fr\/12980-150411-synthese-hebdomadaire-des-pieces-versees-au-proces-militaires-ii-a-un-mois-du-jugement-9790.html","url":"https:\/\/www.justiceinfo.net\/fr\/12980-150411-synthese-hebdomadaire-des-pieces-versees-au-proces-militaires-ii-a-un-mois-du-jugement-9790.html","name":"15.04.11 - SYNTHESE HEBDOMADAIRE - DES PIECES VERSEES AU PROCES MILITAIRES II A UN MOIS DU JUGEMENT - JusticeInfo.net","isPartOf":{"@id":"https:\/\/www.justiceinfo.net\/fr#website"},"datePublished":"2011-04-14T22:00:00+00:00","breadcrumb":{"@id":"https:\/\/www.justiceinfo.net\/fr\/12980-150411-synthese-hebdomadaire-des-pieces-versees-au-proces-militaires-ii-a-un-mois-du-jugement-9790.html#breadcrumb"},"inLanguage":"fr-FR","potentialAction":[{"@type":"ReadAction","target":["https:\/\/www.justiceinfo.net\/fr\/12980-150411-synthese-hebdomadaire-des-pieces-versees-au-proces-militaires-ii-a-un-mois-du-jugement-9790.html"]}]},{"@type":"BreadcrumbList","@id":"https:\/\/www.justiceinfo.net\/fr\/12980-150411-synthese-hebdomadaire-des-pieces-versees-au-proces-militaires-ii-a-un-mois-du-jugement-9790.html#breadcrumb","itemListElement":[{"@type":"ListItem","position":1,"name":"Home","item":"https:\/\/www.justiceinfo.net\/fr"},{"@type":"ListItem","position":2,"name":"15.04.11 - SYNTHESE HEBDOMADAIRE - DES PIECES VERSEES AU PROCES MILITAIRES II A UN MOIS DU JUGEMENT"}]},{"@type":"WebSite","@id":"https:\/\/www.justiceinfo.net\/fr#website","url":"https:\/\/www.justiceinfo.net\/fr","name":"JusticeInfo.net","description":"La justice doit \u00eatre vue pour \u00eatre rendue","publisher":{"@id":"https:\/\/www.justiceinfo.net\/fr#organization"},"potentialAction":[{"@type":"SearchAction","target":{"@type":"EntryPoint","urlTemplate":"https:\/\/www.justiceinfo.net\/fr?s={search_term_string}"},"query-input":{"@type":"PropertyValueSpecification","valueRequired":true,"valueName":"search_term_string"}}],"inLanguage":"fr-FR"},{"@type":"Organization","@id":"https:\/\/www.justiceinfo.net\/fr#organization","name":"Justice Info","url":"https:\/\/www.justiceinfo.net\/fr","logo":{"@type":"ImageObject","inLanguage":"fr-FR","@id":"https:\/\/www.justiceinfo.net\/fr#\/schema\/logo\/image\/","url":"https:\/\/www.justiceinfo.net\/wp-content\/uploads\/justiceinfo_logo-trans_1200x1200px.png","contentUrl":"https:\/\/www.justiceinfo.net\/wp-content\/uploads\/justiceinfo_logo-trans_1200x1200px.png","width":1199,"height":1200,"caption":"Justice Info"},"image":{"@id":"https:\/\/www.justiceinfo.net\/fr#\/schema\/logo\/image\/"},"sameAs":["https:\/\/www.facebook.com\/JusticeInfo\/","https:\/\/x.com\/justiceinfonet","https:\/\/www.linkedin.com\/company\/justice-info","https:\/\/www.youtube.com\/channel\/UCyCEsARodyuWtkWyhn-e7pA"]},{"@type":"Person","name":"solivri","url":"\/fr\/?s=solivri"}]}},"_links":{"self":[{"href":"https:\/\/www.justiceinfo.net\/fr\/wp-json\/wp\/v2\/posts\/12980","targetHints":{"allow":["GET"]}}],"collection":[{"href":"https:\/\/www.justiceinfo.net\/fr\/wp-json\/wp\/v2\/posts"}],"about":[{"href":"https:\/\/www.justiceinfo.net\/fr\/wp-json\/wp\/v2\/types\/post"}],"author":[{"embeddable":true,"href":"https:\/\/www.justiceinfo.net\/fr\/wp-json\/wp\/v2\/users\/64"}],"replies":[{"embeddable":true,"href":"https:\/\/www.justiceinfo.net\/fr\/wp-json\/wp\/v2\/comments?post=12980"}],"version-history":[{"count":0,"href":"https:\/\/www.justiceinfo.net\/fr\/wp-json\/wp\/v2\/posts\/12980\/revisions"}],"wp:attachment":[{"href":"https:\/\/www.justiceinfo.net\/fr\/wp-json\/wp\/v2\/media?parent=12980"}],"wp:term":[{"taxonomy":"category","embeddable":true,"href":"https:\/\/www.justiceinfo.net\/fr\/wp-json\/wp\/v2\/categories?post=12980"},{"taxonomy":"post_tag","embeddable":true,"href":"https:\/\/www.justiceinfo.net\/fr\/wp-json\/wp\/v2\/tags?post=12980"},{"taxonomy":"ji_location","embeddable":true,"href":"https:\/\/www.justiceinfo.net\/fr\/wp-json\/wp\/v2\/ji_location?post=12980"}],"curies":[{"name":"wp","href":"https:\/\/api.w.org\/{rel}","templated":true}]}}