{"id":12990,"date":"2011-04-19T00:00:00","date_gmt":"2011-04-18T22:00:00","guid":{"rendered":"https:\/\/www.justiceinfo.net\/12990-190411-cpibandajerbo-passe-darmes-entre-les-rebelles-du-darfour-et-un-groupe-de-victimes9800.html"},"modified":"2011-04-19T00:00:00","modified_gmt":"2011-04-18T22:00:00","slug":"190411-cpibandajerbo-passe-darmes-entre-les-rebelles-du-darfour-et-un-groupe-de-victimes9800","status":"publish","type":"post","link":"https:\/\/www.justiceinfo.net\/fr\/12990-190411-cpibandajerbo-passe-darmes-entre-les-rebelles-du-darfour-et-un-groupe-de-victimes9800.html","title":{"rendered":"19.04.11 - CPI\/BANDA\/JERBO - PASSE D\u2019ARMES ENTRE LES REBELLES DU DARFOUR ET UN GROUPE DE VICTIMES"},"content":{"rendered":"<p>\nLa Haye, 19 avril 2011 (FH) - Les juges de la Cour p&eacute;nale internationale (CPI) ont tenu une conf&eacute;rence de mise en &eacute;tat pour pr&eacute;parer le futur proc&egrave;s contre Abdallah Banda et Saleh Jerbo. Les deux rebelles darfouris sont accus&eacute;s de crimes de guerre pour avoir, au sein de leurs milices respectives, conduit l'attaque d'une base militaire de la Mission de l'Union africaine au Soudan (MUAS), &agrave; Haskanita, le 29 septembre 2007. Lors de cette attaque, qui s'inscrivait dans le cadre de la guerre qui oppose, depuis 2002, les rebelles du Darfour au pouvoir de Khartoum, douze soldats de la paix avaient notamment &eacute;t&eacute; tu&eacute;s.\n<\/p>\n<p><!--more--><\/p>\n<p>\nCette audience a donn&eacute; lieu &agrave; une rapide passe d'armes entre l'avocat des rebelles, Karim Khan, et l'un des repr&eacute;sentants des victimes, Geoffrey Nice. Plusieurs groupes de victimes sont parties civiles dans cette affaire, dont des proches des soldats de la paix tu&eacute;s. Les victimes repr&eacute;sent&eacute;es par Geoffrey Nice &eacute;taient &agrave; Haskanita au moemt de l'attaque mais sont, elles, proches du r&eacute;gime de Khartoum. Selon l'avocat britannique, elles sont assist&eacute;es par le Groupe international de d&eacute;fense du Soudan (SIDG), un mouvement cr&eacute;&eacute; en juillet 2008 en r&eacute;action au d&eacute;p&ocirc;t d'une demande, par le procureur de la CPI, de d&eacute;livrance d'un mandat d'arr&ecirc;t contre le pr&eacute;sident Omar Al-Bachir (le chef de l'Etat soudanais fait l'objet de deux mandats d'arr&ecirc;t pour g&eacute;nocide et crimes contre l'humanit&eacute;). Leur d&eacute;fense est financ&eacute;e par la F&eacute;d&eacute;ration des syndicats des travailleurs soudanais (SWUTF), proche du pouvoir.\n<\/p>\n<p >\nAu cours de l'audience, ma&icirc;tre Geoffrey Nice a mis en doute le fait que les deux accus&eacute;s ne peuvent suivre leur proc&egrave;s que dans la langue Zaghawa. &laquo; Sur la base d'informations que j'ai re&ccedil;u aujourd'hui, nous sommes un peu surpris &raquo; a d&eacute;clar&eacute; Geoffrey Nice, proposant &agrave; la chambre d'&eacute;valuer leur niveau de langue. L'avocat des accus&eacute;s, ma&icirc;tre Karim Khan, a imm&eacute;diatement r&eacute;agit : &laquo; Des repr&eacute;sentants du gouvernement... &raquo;, a-t-il commenc&eacute;, imm&eacute;diatement repris par la pr&eacute;sidente. &laquo; Que voulez-vous dire par repr&eacute;sentants du gouvernement ? &raquo; &laquo; Je voulais dire les repr&eacute;sentants des victimes &raquo;, s'est-il excus&eacute;, avant de lancer une salve contre le gouvernement soudanais.\n<\/p>\n<p >\n&laquo; Contrairement au gouvernement du Soudan, contrairement au pr&eacute;sident de ce pays, ils [les accus&eacute;s] se sont pr&eacute;sent&eacute;s volontairement devant la Cour. Lorsque des personnes se pr&eacute;sentent volontairement devant la Cour, disent qu'elles parlent le Zaghawa parfaitement, ces d&eacute;clarations devraient &ecirc;tre accept&eacute;es &raquo; a estim&eacute; ma&icirc;tre Karim Kahn avant de rappeler qu'un &laquo; accus&eacute; a le droit &agrave; obtenir les documents dans une langue qu'il comprend parfaitement. &raquo;\n<\/p>\n<p >\nLa question de la langue pourrait passablement entraver la conduite du proc&egrave;s. Au cours de l'audience, le procureur a indiqu&eacute; qu'il aurait boucl&eacute; son enqu&ecirc;te dans le courant de l'&eacute;t&eacute; 2011. Il devrait pr&eacute;senter au moins 21 t&eacute;moins au cours du futur proc&egrave;s. Ces t&eacute;moignages constituent pr&egrave;s de 3700 pages de compte-rendu. Le substitut du procureur, Adebowale Omofade, a estim&eacute; que leur traduction n&eacute;cessiterait 30 mois. Selon un rapport du Greffe, le Zaghawa est une langue orale, qui comprend pr&egrave;s de 5000 mots.\n<\/p>\n<p >\n&nbsp;&laquo; Les charges reproch&eacute;es aux deux accus&eacute;s n'ont pas &eacute;t&eacute; traduites en Zaghawa. Nous avons d&ucirc; translitt&eacute;rer les documents en anglais et donner le document &agrave; un traducteur, qui le lit et le fait enregistrer, a expliqu&eacute; Adebowale Omofade. Mais il y a des difficult&eacute;s. Ceux qui parlent Zaghawa et anglais sont tr&egrave;s peu nombreux. Si nous devons translitt&eacute;rer d'abord les documents en arabe, puis en anglais, cela prend beaucoup de temps. Si nous pouvons nous mettre d'accord sur des r&eacute;sum&eacute;s, cela pourrait nous aider &raquo;, a-t-il demand&eacute;.\n<\/p>\n<p >\nLes deux suspects avaient &eacute;t&eacute; cit&eacute;s &agrave; compara&icirc;tre par la Cour, le 27 ao&ucirc;t 2009, suite &agrave; une demande du procureur, d&eacute;pos&eacute;e en novembre 2008, quelques mois apr&egrave;s avoir adress&eacute; aux juges une demande de mandat d'arr&ecirc;t contre le pr&eacute;sident soudanais, Omar Al-Bachir. Abdallah Banda et Saleh Jerbo avaient comparu devant les juges le 17 juin 2010.\n<\/p>\n<p >\nSM\/GF\n<\/p>\n<p>\n&copy; Agence Hirondelle<\/p>\n","protected":false},"excerpt":{"rendered":"<p>La Haye, 19 avril 2011 (FH) - Les juges de la Cour p&eacute;nale internationale (CPI) ont tenu une conf&eacute;rence de mise en &eacute;tat pour pr&eacute;parer le futur proc&egrave;s contre Abdallah Banda et Saleh Jerbo. Les deux rebelles darfouris sont accus&eacute;s de crimes de guerre pour avoir, au sein de leurs milices respectives, conduit l'attaque d'une [&hellip;]<\/p>\n","protected":false},"author":64,"featured_media":0,"comment_status":"open","ping_status":"closed","sticky":false,"template":"","format":"standard","meta":{"_acf_changed":false,"footnotes":""},"categories":[554],"tags":[],"ji_location":[],"class_list":["post-12990","post","type-post","status-publish","format-standard","hentry","category-hirondellenews"],"acf":[],"yoast_head":"<!-- This site is optimized with the Yoast SEO Premium plugin v25.3.1 (Yoast SEO v25.3.1) - https:\/\/yoast.com\/wordpress\/plugins\/seo\/ -->\n<title>19.04.11 - CPI\/BANDA\/JERBO - PASSE D\u2019ARMES ENTRE LES REBELLES DU DARFOUR ET UN GROUPE DE VICTIMES - JusticeInfo.net<\/title>\n<meta name=\"robots\" content=\"index, follow, max-snippet:-1, max-image-preview:large, max-video-preview:-1\" \/>\n<link rel=\"canonical\" href=\"https:\/\/www.justiceinfo.net\/fr\/12990-190411-cpibandajerbo-passe-darmes-entre-les-rebelles-du-darfour-et-un-groupe-de-victimes9800.html\" \/>\n<meta property=\"og:locale\" content=\"fr_FR\" \/>\n<meta property=\"og:type\" content=\"article\" \/>\n<meta property=\"og:title\" content=\"19.04.11 - CPI\/BANDA\/JERBO - PASSE D\u2019ARMES ENTRE LES REBELLES DU DARFOUR ET UN GROUPE DE VICTIMES\" \/>\n<meta property=\"og:description\" content=\"La Haye, 19 avril 2011 (FH) - Les juges de la Cour p&eacute;nale internationale (CPI) ont tenu une conf&eacute;rence de mise en &eacute;tat pour pr&eacute;parer le futur proc&egrave;s contre Abdallah Banda et Saleh Jerbo. Les deux rebelles darfouris sont accus&eacute;s de crimes de guerre pour avoir, au sein de leurs milices respectives, conduit l&#039;attaque d&#039;une [&hellip;]\" \/>\n<meta property=\"og:url\" content=\"https:\/\/www.justiceinfo.net\/fr\/12990-190411-cpibandajerbo-passe-darmes-entre-les-rebelles-du-darfour-et-un-groupe-de-victimes9800.html\" \/>\n<meta property=\"og:site_name\" content=\"JusticeInfo.net\" \/>\n<meta property=\"article:publisher\" content=\"https:\/\/www.facebook.com\/JusticeInfo\/\" \/>\n<meta property=\"article:published_time\" content=\"2011-04-18T22:00:00+00:00\" \/>\n<meta property=\"og:image\" content=\"https:\/\/www.justiceinfo.net\/wp-content\/uploads\/JusticeInfoNet_logo_1200x630px.jpg\" \/>\n\t<meta property=\"og:image:width\" content=\"1200\" \/>\n\t<meta property=\"og:image:height\" content=\"630\" \/>\n\t<meta property=\"og:image:type\" content=\"image\/jpeg\" \/>\n<meta name=\"author\" content=\"solivri\" \/>\n<meta name=\"twitter:card\" content=\"summary_large_image\" \/>\n<meta name=\"twitter:creator\" content=\"@justiceinfonet\" \/>\n<meta name=\"twitter:site\" content=\"@justiceinfonet\" \/>\n<meta name=\"twitter:label1\" content=\"\u00c9crit par\" \/>\n\t<meta name=\"twitter:data1\" content=\"solivri\" \/>\n\t<meta name=\"twitter:label2\" content=\"Dur\u00e9e de lecture estim\u00e9e\" \/>\n\t<meta name=\"twitter:data2\" content=\"4 minutes\" \/>\n<script type=\"application\/ld+json\" class=\"yoast-schema-graph\">{\"@context\":\"https:\/\/schema.org\",\"@graph\":[{\"@type\":\"NewsArticle\",\"@id\":\"https:\/\/www.justiceinfo.net\/fr\/12990-190411-cpibandajerbo-passe-darmes-entre-les-rebelles-du-darfour-et-un-groupe-de-victimes9800.html#article\",\"isPartOf\":{\"@id\":\"https:\/\/www.justiceinfo.net\/fr\/12990-190411-cpibandajerbo-passe-darmes-entre-les-rebelles-du-darfour-et-un-groupe-de-victimes9800.html\"},\"author\":{\"name\":\"solivri\",\"@id\":\"https:\/\/www.justiceinfo.net\/fr#\/schema\/person\/6e53cba1629e2e66f3fc1821d3091865\"},\"headline\":\"19.04.11 - CPI\/BANDA\/JERBO - PASSE D\u2019ARMES ENTRE LES REBELLES DU DARFOUR ET UN GROUPE DE VICTIMES\",\"datePublished\":\"2011-04-18T22:00:00+00:00\",\"mainEntityOfPage\":{\"@id\":\"https:\/\/www.justiceinfo.net\/fr\/12990-190411-cpibandajerbo-passe-darmes-entre-les-rebelles-du-darfour-et-un-groupe-de-victimes9800.html\"},\"wordCount\":860,\"commentCount\":0,\"publisher\":{\"@id\":\"https:\/\/www.justiceinfo.net\/fr#organization\"},\"articleSection\":[\"Hirondelle News\"],\"inLanguage\":\"fr-FR\",\"potentialAction\":[{\"@type\":\"CommentAction\",\"name\":\"Comment\",\"target\":[\"https:\/\/www.justiceinfo.net\/fr\/12990-190411-cpibandajerbo-passe-darmes-entre-les-rebelles-du-darfour-et-un-groupe-de-victimes9800.html#respond\"]}]},{\"@type\":\"WebPage\",\"@id\":\"https:\/\/www.justiceinfo.net\/fr\/12990-190411-cpibandajerbo-passe-darmes-entre-les-rebelles-du-darfour-et-un-groupe-de-victimes9800.html\",\"url\":\"https:\/\/www.justiceinfo.net\/fr\/12990-190411-cpibandajerbo-passe-darmes-entre-les-rebelles-du-darfour-et-un-groupe-de-victimes9800.html\",\"name\":\"19.04.11 - CPI\/BANDA\/JERBO - PASSE D\u2019ARMES ENTRE LES REBELLES DU DARFOUR ET UN GROUPE DE VICTIMES - JusticeInfo.net\",\"isPartOf\":{\"@id\":\"https:\/\/www.justiceinfo.net\/fr#website\"},\"datePublished\":\"2011-04-18T22:00:00+00:00\",\"breadcrumb\":{\"@id\":\"https:\/\/www.justiceinfo.net\/fr\/12990-190411-cpibandajerbo-passe-darmes-entre-les-rebelles-du-darfour-et-un-groupe-de-victimes9800.html#breadcrumb\"},\"inLanguage\":\"fr-FR\",\"potentialAction\":[{\"@type\":\"ReadAction\",\"target\":[\"https:\/\/www.justiceinfo.net\/fr\/12990-190411-cpibandajerbo-passe-darmes-entre-les-rebelles-du-darfour-et-un-groupe-de-victimes9800.html\"]}]},{\"@type\":\"BreadcrumbList\",\"@id\":\"https:\/\/www.justiceinfo.net\/fr\/12990-190411-cpibandajerbo-passe-darmes-entre-les-rebelles-du-darfour-et-un-groupe-de-victimes9800.html#breadcrumb\",\"itemListElement\":[{\"@type\":\"ListItem\",\"position\":1,\"name\":\"Home\",\"item\":\"https:\/\/www.justiceinfo.net\/fr\"},{\"@type\":\"ListItem\",\"position\":2,\"name\":\"19.04.11 - CPI\/BANDA\/JERBO - PASSE D\u2019ARMES ENTRE LES REBELLES DU DARFOUR ET UN GROUPE DE VICTIMES\"}]},{\"@type\":\"WebSite\",\"@id\":\"https:\/\/www.justiceinfo.net\/fr#website\",\"url\":\"https:\/\/www.justiceinfo.net\/fr\",\"name\":\"JusticeInfo.net\",\"description\":\"La justice doit \u00eatre vue pour \u00eatre rendue\",\"publisher\":{\"@id\":\"https:\/\/www.justiceinfo.net\/fr#organization\"},\"potentialAction\":[{\"@type\":\"SearchAction\",\"target\":{\"@type\":\"EntryPoint\",\"urlTemplate\":\"https:\/\/www.justiceinfo.net\/fr?s={search_term_string}\"},\"query-input\":{\"@type\":\"PropertyValueSpecification\",\"valueRequired\":true,\"valueName\":\"search_term_string\"}}],\"inLanguage\":\"fr-FR\"},{\"@type\":\"Organization\",\"@id\":\"https:\/\/www.justiceinfo.net\/fr#organization\",\"name\":\"Justice Info\",\"url\":\"https:\/\/www.justiceinfo.net\/fr\",\"logo\":{\"@type\":\"ImageObject\",\"inLanguage\":\"fr-FR\",\"@id\":\"https:\/\/www.justiceinfo.net\/fr#\/schema\/logo\/image\/\",\"url\":\"https:\/\/www.justiceinfo.net\/wp-content\/uploads\/justiceinfo_logo-trans_1200x1200px.png\",\"contentUrl\":\"https:\/\/www.justiceinfo.net\/wp-content\/uploads\/justiceinfo_logo-trans_1200x1200px.png\",\"width\":1199,\"height\":1200,\"caption\":\"Justice Info\"},\"image\":{\"@id\":\"https:\/\/www.justiceinfo.net\/fr#\/schema\/logo\/image\/\"},\"sameAs\":[\"https:\/\/www.facebook.com\/JusticeInfo\/\",\"https:\/\/x.com\/justiceinfonet\",\"https:\/\/www.linkedin.com\/company\/justice-info\",\"https:\/\/www.youtube.com\/channel\/UCyCEsARodyuWtkWyhn-e7pA\"]},{\"@type\":\"Person\",\"name\":\"solivri\",\"url\":\"\/fr\/?s=solivri\"}]}<\/script>\n<!-- \/ Yoast SEO Premium plugin. -->","yoast_head_json":{"title":"19.04.11 - CPI\/BANDA\/JERBO - PASSE D\u2019ARMES ENTRE LES REBELLES DU DARFOUR ET UN GROUPE DE VICTIMES - JusticeInfo.net","robots":{"index":"index","follow":"follow","max-snippet":"max-snippet:-1","max-image-preview":"max-image-preview:large","max-video-preview":"max-video-preview:-1"},"canonical":"https:\/\/www.justiceinfo.net\/fr\/12990-190411-cpibandajerbo-passe-darmes-entre-les-rebelles-du-darfour-et-un-groupe-de-victimes9800.html","og_locale":"fr_FR","og_type":"article","og_title":"19.04.11 - CPI\/BANDA\/JERBO - PASSE D\u2019ARMES ENTRE LES REBELLES DU DARFOUR ET UN GROUPE DE VICTIMES","og_description":"La Haye, 19 avril 2011 (FH) - Les juges de la Cour p&eacute;nale internationale (CPI) ont tenu une conf&eacute;rence de mise en &eacute;tat pour pr&eacute;parer le futur proc&egrave;s contre Abdallah Banda et Saleh Jerbo. Les deux rebelles darfouris sont accus&eacute;s de crimes de guerre pour avoir, au sein de leurs milices respectives, conduit l'attaque d'une [&hellip;]","og_url":"https:\/\/www.justiceinfo.net\/fr\/12990-190411-cpibandajerbo-passe-darmes-entre-les-rebelles-du-darfour-et-un-groupe-de-victimes9800.html","og_site_name":"JusticeInfo.net","article_publisher":"https:\/\/www.facebook.com\/JusticeInfo\/","article_published_time":"2011-04-18T22:00:00+00:00","og_image":[{"width":1200,"height":630,"url":"https:\/\/www.justiceinfo.net\/wp-content\/uploads\/JusticeInfoNet_logo_1200x630px.jpg","type":"image\/jpeg"}],"author":"solivri","twitter_card":"summary_large_image","twitter_creator":"@justiceinfonet","twitter_site":"@justiceinfonet","twitter_misc":{"\u00c9crit par":"solivri","Dur\u00e9e de lecture estim\u00e9e":"4 minutes"},"schema":{"@context":"https:\/\/schema.org","@graph":[{"@type":"NewsArticle","@id":"https:\/\/www.justiceinfo.net\/fr\/12990-190411-cpibandajerbo-passe-darmes-entre-les-rebelles-du-darfour-et-un-groupe-de-victimes9800.html#article","isPartOf":{"@id":"https:\/\/www.justiceinfo.net\/fr\/12990-190411-cpibandajerbo-passe-darmes-entre-les-rebelles-du-darfour-et-un-groupe-de-victimes9800.html"},"author":{"name":"solivri","@id":"https:\/\/www.justiceinfo.net\/fr#\/schema\/person\/6e53cba1629e2e66f3fc1821d3091865"},"headline":"19.04.11 - CPI\/BANDA\/JERBO - PASSE D\u2019ARMES ENTRE LES REBELLES DU DARFOUR ET UN GROUPE DE VICTIMES","datePublished":"2011-04-18T22:00:00+00:00","mainEntityOfPage":{"@id":"https:\/\/www.justiceinfo.net\/fr\/12990-190411-cpibandajerbo-passe-darmes-entre-les-rebelles-du-darfour-et-un-groupe-de-victimes9800.html"},"wordCount":860,"commentCount":0,"publisher":{"@id":"https:\/\/www.justiceinfo.net\/fr#organization"},"articleSection":["Hirondelle News"],"inLanguage":"fr-FR","potentialAction":[{"@type":"CommentAction","name":"Comment","target":["https:\/\/www.justiceinfo.net\/fr\/12990-190411-cpibandajerbo-passe-darmes-entre-les-rebelles-du-darfour-et-un-groupe-de-victimes9800.html#respond"]}]},{"@type":"WebPage","@id":"https:\/\/www.justiceinfo.net\/fr\/12990-190411-cpibandajerbo-passe-darmes-entre-les-rebelles-du-darfour-et-un-groupe-de-victimes9800.html","url":"https:\/\/www.justiceinfo.net\/fr\/12990-190411-cpibandajerbo-passe-darmes-entre-les-rebelles-du-darfour-et-un-groupe-de-victimes9800.html","name":"19.04.11 - CPI\/BANDA\/JERBO - PASSE D\u2019ARMES ENTRE LES REBELLES DU DARFOUR ET UN GROUPE DE VICTIMES - JusticeInfo.net","isPartOf":{"@id":"https:\/\/www.justiceinfo.net\/fr#website"},"datePublished":"2011-04-18T22:00:00+00:00","breadcrumb":{"@id":"https:\/\/www.justiceinfo.net\/fr\/12990-190411-cpibandajerbo-passe-darmes-entre-les-rebelles-du-darfour-et-un-groupe-de-victimes9800.html#breadcrumb"},"inLanguage":"fr-FR","potentialAction":[{"@type":"ReadAction","target":["https:\/\/www.justiceinfo.net\/fr\/12990-190411-cpibandajerbo-passe-darmes-entre-les-rebelles-du-darfour-et-un-groupe-de-victimes9800.html"]}]},{"@type":"BreadcrumbList","@id":"https:\/\/www.justiceinfo.net\/fr\/12990-190411-cpibandajerbo-passe-darmes-entre-les-rebelles-du-darfour-et-un-groupe-de-victimes9800.html#breadcrumb","itemListElement":[{"@type":"ListItem","position":1,"name":"Home","item":"https:\/\/www.justiceinfo.net\/fr"},{"@type":"ListItem","position":2,"name":"19.04.11 - CPI\/BANDA\/JERBO - PASSE D\u2019ARMES ENTRE LES REBELLES DU DARFOUR ET UN GROUPE DE VICTIMES"}]},{"@type":"WebSite","@id":"https:\/\/www.justiceinfo.net\/fr#website","url":"https:\/\/www.justiceinfo.net\/fr","name":"JusticeInfo.net","description":"La justice doit \u00eatre vue pour \u00eatre rendue","publisher":{"@id":"https:\/\/www.justiceinfo.net\/fr#organization"},"potentialAction":[{"@type":"SearchAction","target":{"@type":"EntryPoint","urlTemplate":"https:\/\/www.justiceinfo.net\/fr?s={search_term_string}"},"query-input":{"@type":"PropertyValueSpecification","valueRequired":true,"valueName":"search_term_string"}}],"inLanguage":"fr-FR"},{"@type":"Organization","@id":"https:\/\/www.justiceinfo.net\/fr#organization","name":"Justice Info","url":"https:\/\/www.justiceinfo.net\/fr","logo":{"@type":"ImageObject","inLanguage":"fr-FR","@id":"https:\/\/www.justiceinfo.net\/fr#\/schema\/logo\/image\/","url":"https:\/\/www.justiceinfo.net\/wp-content\/uploads\/justiceinfo_logo-trans_1200x1200px.png","contentUrl":"https:\/\/www.justiceinfo.net\/wp-content\/uploads\/justiceinfo_logo-trans_1200x1200px.png","width":1199,"height":1200,"caption":"Justice Info"},"image":{"@id":"https:\/\/www.justiceinfo.net\/fr#\/schema\/logo\/image\/"},"sameAs":["https:\/\/www.facebook.com\/JusticeInfo\/","https:\/\/x.com\/justiceinfonet","https:\/\/www.linkedin.com\/company\/justice-info","https:\/\/www.youtube.com\/channel\/UCyCEsARodyuWtkWyhn-e7pA"]},{"@type":"Person","name":"solivri","url":"\/fr\/?s=solivri"}]}},"_links":{"self":[{"href":"https:\/\/www.justiceinfo.net\/fr\/wp-json\/wp\/v2\/posts\/12990","targetHints":{"allow":["GET"]}}],"collection":[{"href":"https:\/\/www.justiceinfo.net\/fr\/wp-json\/wp\/v2\/posts"}],"about":[{"href":"https:\/\/www.justiceinfo.net\/fr\/wp-json\/wp\/v2\/types\/post"}],"author":[{"embeddable":true,"href":"https:\/\/www.justiceinfo.net\/fr\/wp-json\/wp\/v2\/users\/64"}],"replies":[{"embeddable":true,"href":"https:\/\/www.justiceinfo.net\/fr\/wp-json\/wp\/v2\/comments?post=12990"}],"version-history":[{"count":0,"href":"https:\/\/www.justiceinfo.net\/fr\/wp-json\/wp\/v2\/posts\/12990\/revisions"}],"wp:attachment":[{"href":"https:\/\/www.justiceinfo.net\/fr\/wp-json\/wp\/v2\/media?parent=12990"}],"wp:term":[{"taxonomy":"category","embeddable":true,"href":"https:\/\/www.justiceinfo.net\/fr\/wp-json\/wp\/v2\/categories?post=12990"},{"taxonomy":"post_tag","embeddable":true,"href":"https:\/\/www.justiceinfo.net\/fr\/wp-json\/wp\/v2\/tags?post=12990"},{"taxonomy":"ji_location","embeddable":true,"href":"https:\/\/www.justiceinfo.net\/fr\/wp-json\/wp\/v2\/ji_location?post=12990"}],"curies":[{"name":"wp","href":"https:\/\/api.w.org\/{rel}","templated":true}]}}