{"id":13002,"date":"2011-04-21T00:00:00","date_gmt":"2011-04-20T22:00:00","guid":{"rendered":"https:\/\/www.justiceinfo.net\/13002-210411-cpikatanga-devant-la-cpi-des-temoins-protestent-contre-leur-detention-a-kinshasa9812.html"},"modified":"2011-04-21T00:00:00","modified_gmt":"2011-04-20T22:00:00","slug":"210411-cpikatanga-devant-la-cpi-des-temoins-protestent-contre-leur-detention-a-kinshasa9812","status":"publish","type":"post","link":"https:\/\/www.justiceinfo.net\/fr\/13002-210411-cpikatanga-devant-la-cpi-des-temoins-protestent-contre-leur-detention-a-kinshasa9812.html","title":{"rendered":"21.04.11 - CPI\/KATANGA - DEVANT LA CPI, DES TEMOINS PROTESTENT CONTRE LEUR DETENTION A KINSHASA"},"content":{"rendered":"<p>\nLa Haye, 21 avril 2011 (FH) - Ancien agent des services de renseignements congolais, Pierre Mbodina, dit Pichou, a d&eacute;pos&eacute;, entre le 18 et le 21 avril, en faveur de Germain Katanga. Accus&eacute; de crimes contre l'humanit&eacute; et crimes de guerre commis &agrave; Bogoro, dans l'Ituri, le 24 f&eacute;vrier 2003, Germain Katanga &eacute;tait, selon le procureur, l'un des commandants de la Force de r&eacute;sistance patriotique de l'Ituri (FRPI).\n<\/p>\n<p><!--more--><\/p>\n<p >\n<p >\n<p >\nComme Floribert Njabu avant lui, Pierre Mbodina a d'abord protest&eacute; contre sa d&eacute;tention &agrave; Kinshasa. La d&eacute;fense de Germain Katanga a appel&eacute; trois t&eacute;moins, tous incarc&eacute;r&eacute;s &agrave; la prison de Makala, &agrave; Kinshasa. Ils ont &eacute;t&eacute; transf&eacute;r&eacute;s &agrave; La Haye fin mars.\n<\/p>\n<p >\n<p >\nLors de son audition, Floribert Njabu, ancien pr&eacute;sident du Front des nationalistes et int&eacute;grationnistes (FNI), a expliqu&eacute; ne pas conna&icirc;tre les charges retenues contre lui &agrave; Kinshasa. &laquo; Comme d'habitude dans notre pays, on arr&ecirc;te d'abord quelqu'un et les motifs viennent apr&egrave;s &raquo; a-t-il expliqu&eacute;. &laquo; D'abord, c'&eacute;tait pour l'assassinat des neufs casques bleus de l'Onu [Casques bleus du Bengladesh]. Apr&egrave;s, on nous a dit que nous &eacute;tions poursuivis pour atteinte &agrave; la suret&eacute; de l'Etat. Et comme si cela ne suffisait pas, ils ont encore chang&eacute; et l&agrave;, ils ont mentionn&eacute; le crime contre l'humanit&eacute;. Donc je ne connais pas l'infraction que j'ai commise il y a bient&ocirc;t six ann&eacute;es et vingt jours &raquo;, a-t-il expliqu&eacute; aux trois juges.\n<\/p>\n<p >\n<p >\nLe t&eacute;moin, qui affirme ne pas avoir comparu devant un juge depuis avril 2007, a expliqu&eacute; avoir &laquo; &eacute;t&eacute; surpris par le ministre congolais de la Justice, qui est venu avant notre d&eacute;part [&agrave; La Haye], pour nous traumatiser (...) Vous voyez, apr&egrave;s tant d'ann&eacute;es en prison, ils n'ont pos&eacute; aucun geste. Et alors que nous devons aller dire la v&eacute;rit&eacute;, ils viennent nous intimider &raquo;.\n<\/p>\n<p >\n<p >\nLe 18 avril, alors que la chambre demandait &agrave; ce que la d&eacute;position se concentre les faits pour lesquels Mathieu Ngudjolo et Germain Katanga sont poursuivis, l'ancien agent des services de renseignements congolais, Pierre Mbodina, a protest&eacute;. &laquo; Je comprends que vous n'&ecirc;tes pas sensible &agrave; cette longue p&eacute;riode de prison que j'ai v&eacute;cu &agrave; Kinshasa, six ans et bient&ocirc;t sept ans, dans des conditions d'irr&eacute;gularit&eacute; notoire&quot;, a-t-il lanc&eacute; aux juges.\n<\/p>\n<p >\n<p >\nIl a ensuite expliqu&eacute; qu'il avait longuement r&eacute;fl&eacute;chi avant d'accepter de t&eacute;moigner devant la Cour. &laquo; C'&eacute;tait sous r&eacute;serve de ma s&eacute;curit&eacute;, de ma famille et aussi que je sois accompagn&eacute; d'un avocat &raquo;, mais, a-t-il ajout&eacute;, &laquo; les conditions de s&eacute;curit&eacute; ne rassurent pas.&raquo;\n<\/p>\n<p >\n<p >\nLe pr&eacute;sident de la chambre, Bruno Cotte, a tenu &agrave; rassurer le t&eacute;moin : &laquo; Les conditions dans lesquelles se d&eacute;roule l'instruction judiciaire contre vous et contre d'autres personnes, depuis 2005, peuvent nous int&eacute;resser. Les conditions dans lesquelles vous &ecirc;tes d&eacute;tenu en R&eacute;publique d&eacute;mocratique du Congo peuvent &eacute;galement nous int&eacute;resser &raquo;, mais, a pr&eacute;cis&eacute; le juge, &laquo; nous ne sommes pas comp&eacute;tents pour appr&eacute;cier la r&eacute;gularit&eacute; de la proc&eacute;dure suivie en RDC et de la d&eacute;tention dont vous &ecirc;tes l'objet. &raquo; Sans donner plus de d&eacute;tails, le juge a expliqu&eacute; que la chambre &eacute;tait saisie d'une requ&ecirc;te, &laquo; sur laquelle elle r&eacute;unit des &eacute;l&eacute;ments d'information &raquo;.&nbsp; &nbsp;\n<\/p>\n<p >\n<p >\nLe proc&egrave;s a &eacute;t&eacute; suspendu le 21 avril et reprendra le 2 mai, apr&egrave;s les vacances judiciaires. Plac&eacute; en isolement jusqu'&agrave; la fin de son t&eacute;moignage, le 2 mai, Pierre Mbodina a demand&eacute; l'autorisation de t&eacute;l&eacute;phoner &agrave; sa famille. Le proc&egrave;s de Germain Katanga, co-accus&eacute; avec Mathieu Ngudjolo, a d&eacute;but&eacute; le 24 novembre 2009.\n<\/p>\n<p >\n<p >\nSM\/GF\n<\/p>\n<p>\n&copy; Agence Hirondelle<\/p>\n","protected":false},"excerpt":{"rendered":"<p>La Haye, 21 avril 2011 (FH) - Ancien agent des services de renseignements congolais, Pierre Mbodina, dit Pichou, a d&eacute;pos&eacute;, entre le 18 et le 21 avril, en faveur de Germain Katanga. Accus&eacute; de crimes contre l'humanit&eacute; et crimes de guerre commis &agrave; Bogoro, dans l'Ituri, le 24 f&eacute;vrier 2003, Germain Katanga &eacute;tait, selon le [&hellip;]<\/p>\n","protected":false},"author":64,"featured_media":0,"comment_status":"open","ping_status":"closed","sticky":false,"template":"","format":"standard","meta":{"_acf_changed":false,"footnotes":""},"categories":[554],"tags":[],"ji_location":[],"class_list":["post-13002","post","type-post","status-publish","format-standard","hentry","category-hirondellenews"],"acf":[],"yoast_head":"<!-- This site is optimized with the Yoast SEO Premium plugin v25.3.1 (Yoast SEO v25.3.1) - https:\/\/yoast.com\/wordpress\/plugins\/seo\/ -->\n<title>21.04.11 - CPI\/KATANGA - DEVANT LA CPI, DES TEMOINS PROTESTENT CONTRE LEUR DETENTION A KINSHASA - JusticeInfo.net<\/title>\n<meta name=\"robots\" content=\"index, follow, max-snippet:-1, max-image-preview:large, max-video-preview:-1\" \/>\n<link rel=\"canonical\" href=\"https:\/\/www.justiceinfo.net\/fr\/13002-210411-cpikatanga-devant-la-cpi-des-temoins-protestent-contre-leur-detention-a-kinshasa9812.html\" \/>\n<meta property=\"og:locale\" content=\"fr_FR\" \/>\n<meta property=\"og:type\" content=\"article\" \/>\n<meta property=\"og:title\" content=\"21.04.11 - CPI\/KATANGA - DEVANT LA CPI, DES TEMOINS PROTESTENT CONTRE LEUR DETENTION A KINSHASA\" \/>\n<meta property=\"og:description\" content=\"La Haye, 21 avril 2011 (FH) - Ancien agent des services de renseignements congolais, Pierre Mbodina, dit Pichou, a d&eacute;pos&eacute;, entre le 18 et le 21 avril, en faveur de Germain Katanga. Accus&eacute; de crimes contre l&#039;humanit&eacute; et crimes de guerre commis &agrave; Bogoro, dans l&#039;Ituri, le 24 f&eacute;vrier 2003, Germain Katanga &eacute;tait, selon le [&hellip;]\" \/>\n<meta property=\"og:url\" content=\"https:\/\/www.justiceinfo.net\/fr\/13002-210411-cpikatanga-devant-la-cpi-des-temoins-protestent-contre-leur-detention-a-kinshasa9812.html\" \/>\n<meta property=\"og:site_name\" content=\"JusticeInfo.net\" \/>\n<meta property=\"article:publisher\" content=\"https:\/\/www.facebook.com\/JusticeInfo\/\" \/>\n<meta property=\"article:published_time\" content=\"2011-04-20T22:00:00+00:00\" \/>\n<meta property=\"og:image\" content=\"https:\/\/www.justiceinfo.net\/wp-content\/uploads\/JusticeInfoNet_logo_1200x630px.jpg\" \/>\n\t<meta property=\"og:image:width\" content=\"1200\" \/>\n\t<meta property=\"og:image:height\" content=\"630\" \/>\n\t<meta property=\"og:image:type\" content=\"image\/jpeg\" \/>\n<meta name=\"author\" content=\"solivri\" \/>\n<meta name=\"twitter:card\" content=\"summary_large_image\" \/>\n<meta name=\"twitter:creator\" content=\"@justiceinfonet\" \/>\n<meta name=\"twitter:site\" content=\"@justiceinfonet\" \/>\n<meta name=\"twitter:label1\" content=\"\u00c9crit par\" \/>\n\t<meta name=\"twitter:data1\" content=\"solivri\" \/>\n\t<meta name=\"twitter:label2\" content=\"Dur\u00e9e de lecture estim\u00e9e\" \/>\n\t<meta name=\"twitter:data2\" content=\"4 minutes\" \/>\n<script type=\"application\/ld+json\" class=\"yoast-schema-graph\">{\"@context\":\"https:\/\/schema.org\",\"@graph\":[{\"@type\":\"NewsArticle\",\"@id\":\"https:\/\/www.justiceinfo.net\/fr\/13002-210411-cpikatanga-devant-la-cpi-des-temoins-protestent-contre-leur-detention-a-kinshasa9812.html#article\",\"isPartOf\":{\"@id\":\"https:\/\/www.justiceinfo.net\/fr\/13002-210411-cpikatanga-devant-la-cpi-des-temoins-protestent-contre-leur-detention-a-kinshasa9812.html\"},\"author\":{\"name\":\"solivri\",\"@id\":\"https:\/\/www.justiceinfo.net\/fr#\/schema\/person\/6e53cba1629e2e66f3fc1821d3091865\"},\"headline\":\"21.04.11 - CPI\/KATANGA - DEVANT LA CPI, DES TEMOINS PROTESTENT CONTRE LEUR DETENTION A KINSHASA\",\"datePublished\":\"2011-04-20T22:00:00+00:00\",\"mainEntityOfPage\":{\"@id\":\"https:\/\/www.justiceinfo.net\/fr\/13002-210411-cpikatanga-devant-la-cpi-des-temoins-protestent-contre-leur-detention-a-kinshasa9812.html\"},\"wordCount\":778,\"commentCount\":0,\"publisher\":{\"@id\":\"https:\/\/www.justiceinfo.net\/fr#organization\"},\"articleSection\":[\"Hirondelle News\"],\"inLanguage\":\"fr-FR\",\"potentialAction\":[{\"@type\":\"CommentAction\",\"name\":\"Comment\",\"target\":[\"https:\/\/www.justiceinfo.net\/fr\/13002-210411-cpikatanga-devant-la-cpi-des-temoins-protestent-contre-leur-detention-a-kinshasa9812.html#respond\"]}]},{\"@type\":\"WebPage\",\"@id\":\"https:\/\/www.justiceinfo.net\/fr\/13002-210411-cpikatanga-devant-la-cpi-des-temoins-protestent-contre-leur-detention-a-kinshasa9812.html\",\"url\":\"https:\/\/www.justiceinfo.net\/fr\/13002-210411-cpikatanga-devant-la-cpi-des-temoins-protestent-contre-leur-detention-a-kinshasa9812.html\",\"name\":\"21.04.11 - CPI\/KATANGA - DEVANT LA CPI, DES TEMOINS PROTESTENT CONTRE LEUR DETENTION A KINSHASA - JusticeInfo.net\",\"isPartOf\":{\"@id\":\"https:\/\/www.justiceinfo.net\/fr#website\"},\"datePublished\":\"2011-04-20T22:00:00+00:00\",\"breadcrumb\":{\"@id\":\"https:\/\/www.justiceinfo.net\/fr\/13002-210411-cpikatanga-devant-la-cpi-des-temoins-protestent-contre-leur-detention-a-kinshasa9812.html#breadcrumb\"},\"inLanguage\":\"fr-FR\",\"potentialAction\":[{\"@type\":\"ReadAction\",\"target\":[\"https:\/\/www.justiceinfo.net\/fr\/13002-210411-cpikatanga-devant-la-cpi-des-temoins-protestent-contre-leur-detention-a-kinshasa9812.html\"]}]},{\"@type\":\"BreadcrumbList\",\"@id\":\"https:\/\/www.justiceinfo.net\/fr\/13002-210411-cpikatanga-devant-la-cpi-des-temoins-protestent-contre-leur-detention-a-kinshasa9812.html#breadcrumb\",\"itemListElement\":[{\"@type\":\"ListItem\",\"position\":1,\"name\":\"Home\",\"item\":\"https:\/\/www.justiceinfo.net\/fr\"},{\"@type\":\"ListItem\",\"position\":2,\"name\":\"21.04.11 - CPI\/KATANGA - DEVANT LA CPI, DES TEMOINS PROTESTENT CONTRE LEUR DETENTION A KINSHASA\"}]},{\"@type\":\"WebSite\",\"@id\":\"https:\/\/www.justiceinfo.net\/fr#website\",\"url\":\"https:\/\/www.justiceinfo.net\/fr\",\"name\":\"JusticeInfo.net\",\"description\":\"La justice doit \u00eatre vue pour \u00eatre rendue\",\"publisher\":{\"@id\":\"https:\/\/www.justiceinfo.net\/fr#organization\"},\"potentialAction\":[{\"@type\":\"SearchAction\",\"target\":{\"@type\":\"EntryPoint\",\"urlTemplate\":\"https:\/\/www.justiceinfo.net\/fr?s={search_term_string}\"},\"query-input\":{\"@type\":\"PropertyValueSpecification\",\"valueRequired\":true,\"valueName\":\"search_term_string\"}}],\"inLanguage\":\"fr-FR\"},{\"@type\":\"Organization\",\"@id\":\"https:\/\/www.justiceinfo.net\/fr#organization\",\"name\":\"Justice Info\",\"url\":\"https:\/\/www.justiceinfo.net\/fr\",\"logo\":{\"@type\":\"ImageObject\",\"inLanguage\":\"fr-FR\",\"@id\":\"https:\/\/www.justiceinfo.net\/fr#\/schema\/logo\/image\/\",\"url\":\"https:\/\/www.justiceinfo.net\/wp-content\/uploads\/justiceinfo_logo-trans_1200x1200px.png\",\"contentUrl\":\"https:\/\/www.justiceinfo.net\/wp-content\/uploads\/justiceinfo_logo-trans_1200x1200px.png\",\"width\":1199,\"height\":1200,\"caption\":\"Justice Info\"},\"image\":{\"@id\":\"https:\/\/www.justiceinfo.net\/fr#\/schema\/logo\/image\/\"},\"sameAs\":[\"https:\/\/www.facebook.com\/JusticeInfo\/\",\"https:\/\/x.com\/justiceinfonet\",\"https:\/\/www.linkedin.com\/company\/justice-info\",\"https:\/\/www.youtube.com\/channel\/UCyCEsARodyuWtkWyhn-e7pA\"]},{\"@type\":\"Person\",\"name\":\"solivri\",\"url\":\"\/fr\/?s=solivri\"}]}<\/script>\n<!-- \/ Yoast SEO Premium plugin. -->","yoast_head_json":{"title":"21.04.11 - CPI\/KATANGA - DEVANT LA CPI, DES TEMOINS PROTESTENT CONTRE LEUR DETENTION A KINSHASA - JusticeInfo.net","robots":{"index":"index","follow":"follow","max-snippet":"max-snippet:-1","max-image-preview":"max-image-preview:large","max-video-preview":"max-video-preview:-1"},"canonical":"https:\/\/www.justiceinfo.net\/fr\/13002-210411-cpikatanga-devant-la-cpi-des-temoins-protestent-contre-leur-detention-a-kinshasa9812.html","og_locale":"fr_FR","og_type":"article","og_title":"21.04.11 - CPI\/KATANGA - DEVANT LA CPI, DES TEMOINS PROTESTENT CONTRE LEUR DETENTION A KINSHASA","og_description":"La Haye, 21 avril 2011 (FH) - Ancien agent des services de renseignements congolais, Pierre Mbodina, dit Pichou, a d&eacute;pos&eacute;, entre le 18 et le 21 avril, en faveur de Germain Katanga. Accus&eacute; de crimes contre l'humanit&eacute; et crimes de guerre commis &agrave; Bogoro, dans l'Ituri, le 24 f&eacute;vrier 2003, Germain Katanga &eacute;tait, selon le [&hellip;]","og_url":"https:\/\/www.justiceinfo.net\/fr\/13002-210411-cpikatanga-devant-la-cpi-des-temoins-protestent-contre-leur-detention-a-kinshasa9812.html","og_site_name":"JusticeInfo.net","article_publisher":"https:\/\/www.facebook.com\/JusticeInfo\/","article_published_time":"2011-04-20T22:00:00+00:00","og_image":[{"width":1200,"height":630,"url":"https:\/\/www.justiceinfo.net\/wp-content\/uploads\/JusticeInfoNet_logo_1200x630px.jpg","type":"image\/jpeg"}],"author":"solivri","twitter_card":"summary_large_image","twitter_creator":"@justiceinfonet","twitter_site":"@justiceinfonet","twitter_misc":{"\u00c9crit par":"solivri","Dur\u00e9e de lecture estim\u00e9e":"4 minutes"},"schema":{"@context":"https:\/\/schema.org","@graph":[{"@type":"NewsArticle","@id":"https:\/\/www.justiceinfo.net\/fr\/13002-210411-cpikatanga-devant-la-cpi-des-temoins-protestent-contre-leur-detention-a-kinshasa9812.html#article","isPartOf":{"@id":"https:\/\/www.justiceinfo.net\/fr\/13002-210411-cpikatanga-devant-la-cpi-des-temoins-protestent-contre-leur-detention-a-kinshasa9812.html"},"author":{"name":"solivri","@id":"https:\/\/www.justiceinfo.net\/fr#\/schema\/person\/6e53cba1629e2e66f3fc1821d3091865"},"headline":"21.04.11 - CPI\/KATANGA - DEVANT LA CPI, DES TEMOINS PROTESTENT CONTRE LEUR DETENTION A KINSHASA","datePublished":"2011-04-20T22:00:00+00:00","mainEntityOfPage":{"@id":"https:\/\/www.justiceinfo.net\/fr\/13002-210411-cpikatanga-devant-la-cpi-des-temoins-protestent-contre-leur-detention-a-kinshasa9812.html"},"wordCount":778,"commentCount":0,"publisher":{"@id":"https:\/\/www.justiceinfo.net\/fr#organization"},"articleSection":["Hirondelle News"],"inLanguage":"fr-FR","potentialAction":[{"@type":"CommentAction","name":"Comment","target":["https:\/\/www.justiceinfo.net\/fr\/13002-210411-cpikatanga-devant-la-cpi-des-temoins-protestent-contre-leur-detention-a-kinshasa9812.html#respond"]}]},{"@type":"WebPage","@id":"https:\/\/www.justiceinfo.net\/fr\/13002-210411-cpikatanga-devant-la-cpi-des-temoins-protestent-contre-leur-detention-a-kinshasa9812.html","url":"https:\/\/www.justiceinfo.net\/fr\/13002-210411-cpikatanga-devant-la-cpi-des-temoins-protestent-contre-leur-detention-a-kinshasa9812.html","name":"21.04.11 - CPI\/KATANGA - DEVANT LA CPI, DES TEMOINS PROTESTENT CONTRE LEUR DETENTION A KINSHASA - JusticeInfo.net","isPartOf":{"@id":"https:\/\/www.justiceinfo.net\/fr#website"},"datePublished":"2011-04-20T22:00:00+00:00","breadcrumb":{"@id":"https:\/\/www.justiceinfo.net\/fr\/13002-210411-cpikatanga-devant-la-cpi-des-temoins-protestent-contre-leur-detention-a-kinshasa9812.html#breadcrumb"},"inLanguage":"fr-FR","potentialAction":[{"@type":"ReadAction","target":["https:\/\/www.justiceinfo.net\/fr\/13002-210411-cpikatanga-devant-la-cpi-des-temoins-protestent-contre-leur-detention-a-kinshasa9812.html"]}]},{"@type":"BreadcrumbList","@id":"https:\/\/www.justiceinfo.net\/fr\/13002-210411-cpikatanga-devant-la-cpi-des-temoins-protestent-contre-leur-detention-a-kinshasa9812.html#breadcrumb","itemListElement":[{"@type":"ListItem","position":1,"name":"Home","item":"https:\/\/www.justiceinfo.net\/fr"},{"@type":"ListItem","position":2,"name":"21.04.11 - CPI\/KATANGA - DEVANT LA CPI, DES TEMOINS PROTESTENT CONTRE LEUR DETENTION A KINSHASA"}]},{"@type":"WebSite","@id":"https:\/\/www.justiceinfo.net\/fr#website","url":"https:\/\/www.justiceinfo.net\/fr","name":"JusticeInfo.net","description":"La justice doit \u00eatre vue pour \u00eatre rendue","publisher":{"@id":"https:\/\/www.justiceinfo.net\/fr#organization"},"potentialAction":[{"@type":"SearchAction","target":{"@type":"EntryPoint","urlTemplate":"https:\/\/www.justiceinfo.net\/fr?s={search_term_string}"},"query-input":{"@type":"PropertyValueSpecification","valueRequired":true,"valueName":"search_term_string"}}],"inLanguage":"fr-FR"},{"@type":"Organization","@id":"https:\/\/www.justiceinfo.net\/fr#organization","name":"Justice Info","url":"https:\/\/www.justiceinfo.net\/fr","logo":{"@type":"ImageObject","inLanguage":"fr-FR","@id":"https:\/\/www.justiceinfo.net\/fr#\/schema\/logo\/image\/","url":"https:\/\/www.justiceinfo.net\/wp-content\/uploads\/justiceinfo_logo-trans_1200x1200px.png","contentUrl":"https:\/\/www.justiceinfo.net\/wp-content\/uploads\/justiceinfo_logo-trans_1200x1200px.png","width":1199,"height":1200,"caption":"Justice Info"},"image":{"@id":"https:\/\/www.justiceinfo.net\/fr#\/schema\/logo\/image\/"},"sameAs":["https:\/\/www.facebook.com\/JusticeInfo\/","https:\/\/x.com\/justiceinfonet","https:\/\/www.linkedin.com\/company\/justice-info","https:\/\/www.youtube.com\/channel\/UCyCEsARodyuWtkWyhn-e7pA"]},{"@type":"Person","name":"solivri","url":"\/fr\/?s=solivri"}]}},"_links":{"self":[{"href":"https:\/\/www.justiceinfo.net\/fr\/wp-json\/wp\/v2\/posts\/13002","targetHints":{"allow":["GET"]}}],"collection":[{"href":"https:\/\/www.justiceinfo.net\/fr\/wp-json\/wp\/v2\/posts"}],"about":[{"href":"https:\/\/www.justiceinfo.net\/fr\/wp-json\/wp\/v2\/types\/post"}],"author":[{"embeddable":true,"href":"https:\/\/www.justiceinfo.net\/fr\/wp-json\/wp\/v2\/users\/64"}],"replies":[{"embeddable":true,"href":"https:\/\/www.justiceinfo.net\/fr\/wp-json\/wp\/v2\/comments?post=13002"}],"version-history":[{"count":0,"href":"https:\/\/www.justiceinfo.net\/fr\/wp-json\/wp\/v2\/posts\/13002\/revisions"}],"wp:attachment":[{"href":"https:\/\/www.justiceinfo.net\/fr\/wp-json\/wp\/v2\/media?parent=13002"}],"wp:term":[{"taxonomy":"category","embeddable":true,"href":"https:\/\/www.justiceinfo.net\/fr\/wp-json\/wp\/v2\/categories?post=13002"},{"taxonomy":"post_tag","embeddable":true,"href":"https:\/\/www.justiceinfo.net\/fr\/wp-json\/wp\/v2\/tags?post=13002"},{"taxonomy":"ji_location","embeddable":true,"href":"https:\/\/www.justiceinfo.net\/fr\/wp-json\/wp\/v2\/ji_location?post=13002"}],"curies":[{"name":"wp","href":"https:\/\/api.w.org\/{rel}","templated":true}]}}