{"id":13043,"date":"2011-05-06T00:00:00","date_gmt":"2011-05-05T22:00:00","guid":{"rendered":"https:\/\/www.justiceinfo.net\/13043-060511-tpirgatete-gatete-aurait-du-etre-egalement-condamne-pour-conspiration-procureur9853.html"},"modified":"2011-05-06T00:00:00","modified_gmt":"2011-05-05T22:00:00","slug":"060511-tpirgatete-gatete-aurait-du-etre-egalement-condamne-pour-conspiration-procureur9853","status":"publish","type":"post","link":"https:\/\/www.justiceinfo.net\/fr\/13043-060511-tpirgatete-gatete-aurait-du-etre-egalement-condamne-pour-conspiration-procureur9853.html","title":{"rendered":"06.05.11 - TPIR\/GATETE - GATETE AURAIT DU ETRE EGALEMENT CONDAMNE POUR CONSPIRATION  (PROCUREUR)"},"content":{"rendered":"<p>\nArusha, 6 mai 2011 (FH) - Le procureur aupr&egrave;s du Tribunal p&eacute;nal international pour le Rwanda (TPIR) reproche &agrave; la chambre de premi&egrave;re instance de ne pas avoir condamn&eacute; pour entente en vue de commettre le g&eacute;nocide l'ancien haut fonctionnaire Jean-Baptiste Gatete, qui a &eacute;t&eacute; jug&eacute; coupable de g&eacute;nocide et extermination, le 29 mars.\n<\/p>\n<p><!--more--><\/p>\n<p >\n<p >\n<p>Ing&eacute;nieur agronome de formation, Gatete &eacute;tait, en 1994, directeur au minist&egrave;re de la Famille et de la promotion f&eacute;minine, un poste auquel il avait &eacute;t&eacute; nomm&eacute; une ann&eacute;e auparavant apr&egrave;s avoir dirig&eacute; d'une main de fer sa commune natale de Murambi (pr&eacute;fecture de Byumba, est du pays). <\/p>\n<p >\nLes juges l'ont condamn&eacute; &agrave; la perp&eacute;tuit&eacute; apr&egrave;s avoir conclu &agrave; sa responsabilit&eacute; dans les massacres de Tutsis en trois endroits dans les pr&eacute;fectures de Byumba et Kibungo en avril 1994.\n<\/p>\n<p >\nDans sa notice d'appel d&eacute;pos&eacute;e mardi, Hassan Bubacar Jallow estime que la chambre a err&eacute; en droit en rejetant la condamnation au titre du chef d'entente en vue de commettre le g&eacute;nocide, qui avait pourtant &eacute;t&eacute; jug&eacute; &eacute;tabli.\n<\/p>\n<p >\nLe jugement a conclu &agrave; l'existence d'un &laquo; accord et d'une planification pr&eacute;alables &raquo; entre Gatete et d'autres responsables en vue de la perp&eacute;tration des massacres. Mais, a raisonn&eacute; la chambre, ce sont les m&ecirc;mes faits qui fondent la responsabilit&eacute; de Gatete pour le chef d'entente en vue de commettre le g&eacute;nocide ainsi que celui de g&eacute;nocide.\n<\/p>\n<p >\n<p >\nEstimant qu'il n'&eacute;tait pas permis de retenir deux chefs d'accusation &eacute;tay&eacute;s par les m&ecirc;mes faits, elle a &eacute;cart&eacute; le crime d'entente. Ce que conteste Jallow qui reproche aux juges de n'avoir pas &laquo; correctement appliqu&eacute; la loi en ce qui concerne les d&eacute;clarations de&nbsp; culpabilit&eacute; cumulatives &raquo;.\n<\/p>\n<p >\nDans cette &laquo; notice d'appel &raquo;, le procureur ne fait que donner la couleur, ses arguments devant &ecirc;tre d&eacute;taill&eacute;s dans son m&eacute;moire d'appel proprement dit qui sera d&eacute;pos&eacute; ult&eacute;rieurement.\n<\/p>\n<p >\nLa preuve de la conspiration pose probl&egrave;me devant le TPIR o&ugrave; m&ecirc;me le colonel Th&eacute;oneste Bagosora, qui avait &eacute;t&eacute; pr&eacute;sent&eacute; comme &laquo; le cerveau &raquo; du g&eacute;nocide, a &eacute;t&eacute; acquitt&eacute; de ce chef.\n<\/p>\n<p >\nER\/GF\n<\/p>\n<p>\n&copy; Agence Hirondelle<\/p>\n","protected":false},"excerpt":{"rendered":"<p>Arusha, 6 mai 2011 (FH) - Le procureur aupr&egrave;s du Tribunal p&eacute;nal international pour le Rwanda (TPIR) reproche &agrave; la chambre de premi&egrave;re instance de ne pas avoir condamn&eacute; pour entente en vue de commettre le g&eacute;nocide l'ancien haut fonctionnaire Jean-Baptiste Gatete, qui a &eacute;t&eacute; jug&eacute; coupable de g&eacute;nocide et extermination, le 29 mars.<\/p>\n","protected":false},"author":64,"featured_media":0,"comment_status":"open","ping_status":"closed","sticky":false,"template":"","format":"standard","meta":{"_acf_changed":false,"footnotes":""},"categories":[554],"tags":[],"ji_location":[],"class_list":["post-13043","post","type-post","status-publish","format-standard","hentry","category-hirondellenews"],"acf":[],"yoast_head":"<!-- This site is optimized with the Yoast SEO Premium plugin v25.3.1 (Yoast SEO v25.3.1) - https:\/\/yoast.com\/wordpress\/plugins\/seo\/ -->\n<title>06.05.11 - TPIR\/GATETE - GATETE AURAIT DU ETRE EGALEMENT CONDAMNE POUR CONSPIRATION (PROCUREUR) - JusticeInfo.net<\/title>\n<meta name=\"robots\" content=\"index, follow, max-snippet:-1, max-image-preview:large, max-video-preview:-1\" \/>\n<link rel=\"canonical\" href=\"https:\/\/www.justiceinfo.net\/fr\/13043-060511-tpirgatete-gatete-aurait-du-etre-egalement-condamne-pour-conspiration-procureur9853.html\" \/>\n<meta property=\"og:locale\" content=\"fr_FR\" \/>\n<meta property=\"og:type\" content=\"article\" \/>\n<meta property=\"og:title\" content=\"06.05.11 - TPIR\/GATETE - GATETE AURAIT DU ETRE EGALEMENT CONDAMNE POUR CONSPIRATION (PROCUREUR)\" \/>\n<meta property=\"og:description\" content=\"Arusha, 6 mai 2011 (FH) - Le procureur aupr&egrave;s du Tribunal p&eacute;nal international pour le Rwanda (TPIR) reproche &agrave; la chambre de premi&egrave;re instance de ne pas avoir condamn&eacute; pour entente en vue de commettre le g&eacute;nocide l&#039;ancien haut fonctionnaire Jean-Baptiste Gatete, qui a &eacute;t&eacute; jug&eacute; coupable de g&eacute;nocide et extermination, le 29 mars.\" \/>\n<meta property=\"og:url\" content=\"https:\/\/www.justiceinfo.net\/fr\/13043-060511-tpirgatete-gatete-aurait-du-etre-egalement-condamne-pour-conspiration-procureur9853.html\" \/>\n<meta property=\"og:site_name\" content=\"JusticeInfo.net\" \/>\n<meta property=\"article:publisher\" content=\"https:\/\/www.facebook.com\/JusticeInfo\/\" \/>\n<meta property=\"article:published_time\" content=\"2011-05-05T22:00:00+00:00\" \/>\n<meta property=\"og:image\" content=\"https:\/\/www.justiceinfo.net\/wp-content\/uploads\/JusticeInfoNet_logo_1200x630px.jpg\" \/>\n\t<meta property=\"og:image:width\" content=\"1200\" \/>\n\t<meta property=\"og:image:height\" content=\"630\" \/>\n\t<meta property=\"og:image:type\" content=\"image\/jpeg\" \/>\n<meta name=\"author\" content=\"solivri\" \/>\n<meta name=\"twitter:card\" content=\"summary_large_image\" \/>\n<meta name=\"twitter:creator\" content=\"@justiceinfonet\" \/>\n<meta name=\"twitter:site\" content=\"@justiceinfonet\" \/>\n<meta name=\"twitter:label1\" content=\"\u00c9crit par\" \/>\n\t<meta name=\"twitter:data1\" content=\"solivri\" \/>\n\t<meta name=\"twitter:label2\" content=\"Dur\u00e9e de lecture estim\u00e9e\" \/>\n\t<meta name=\"twitter:data2\" content=\"2 minutes\" \/>\n<script type=\"application\/ld+json\" class=\"yoast-schema-graph\">{\"@context\":\"https:\/\/schema.org\",\"@graph\":[{\"@type\":\"NewsArticle\",\"@id\":\"https:\/\/www.justiceinfo.net\/fr\/13043-060511-tpirgatete-gatete-aurait-du-etre-egalement-condamne-pour-conspiration-procureur9853.html#article\",\"isPartOf\":{\"@id\":\"https:\/\/www.justiceinfo.net\/fr\/13043-060511-tpirgatete-gatete-aurait-du-etre-egalement-condamne-pour-conspiration-procureur9853.html\"},\"author\":{\"name\":\"solivri\",\"@id\":\"https:\/\/www.justiceinfo.net\/fr#\/schema\/person\/6e53cba1629e2e66f3fc1821d3091865\"},\"headline\":\"06.05.11 - TPIR\/GATETE - GATETE AURAIT DU ETRE EGALEMENT CONDAMNE POUR CONSPIRATION (PROCUREUR)\",\"datePublished\":\"2011-05-05T22:00:00+00:00\",\"mainEntityOfPage\":{\"@id\":\"https:\/\/www.justiceinfo.net\/fr\/13043-060511-tpirgatete-gatete-aurait-du-etre-egalement-condamne-pour-conspiration-procureur9853.html\"},\"wordCount\":471,\"commentCount\":0,\"publisher\":{\"@id\":\"https:\/\/www.justiceinfo.net\/fr#organization\"},\"articleSection\":[\"Hirondelle News\"],\"inLanguage\":\"fr-FR\",\"potentialAction\":[{\"@type\":\"CommentAction\",\"name\":\"Comment\",\"target\":[\"https:\/\/www.justiceinfo.net\/fr\/13043-060511-tpirgatete-gatete-aurait-du-etre-egalement-condamne-pour-conspiration-procureur9853.html#respond\"]}]},{\"@type\":\"WebPage\",\"@id\":\"https:\/\/www.justiceinfo.net\/fr\/13043-060511-tpirgatete-gatete-aurait-du-etre-egalement-condamne-pour-conspiration-procureur9853.html\",\"url\":\"https:\/\/www.justiceinfo.net\/fr\/13043-060511-tpirgatete-gatete-aurait-du-etre-egalement-condamne-pour-conspiration-procureur9853.html\",\"name\":\"06.05.11 - TPIR\/GATETE - GATETE AURAIT DU ETRE EGALEMENT CONDAMNE POUR CONSPIRATION (PROCUREUR) - JusticeInfo.net\",\"isPartOf\":{\"@id\":\"https:\/\/www.justiceinfo.net\/fr#website\"},\"datePublished\":\"2011-05-05T22:00:00+00:00\",\"breadcrumb\":{\"@id\":\"https:\/\/www.justiceinfo.net\/fr\/13043-060511-tpirgatete-gatete-aurait-du-etre-egalement-condamne-pour-conspiration-procureur9853.html#breadcrumb\"},\"inLanguage\":\"fr-FR\",\"potentialAction\":[{\"@type\":\"ReadAction\",\"target\":[\"https:\/\/www.justiceinfo.net\/fr\/13043-060511-tpirgatete-gatete-aurait-du-etre-egalement-condamne-pour-conspiration-procureur9853.html\"]}]},{\"@type\":\"BreadcrumbList\",\"@id\":\"https:\/\/www.justiceinfo.net\/fr\/13043-060511-tpirgatete-gatete-aurait-du-etre-egalement-condamne-pour-conspiration-procureur9853.html#breadcrumb\",\"itemListElement\":[{\"@type\":\"ListItem\",\"position\":1,\"name\":\"Home\",\"item\":\"https:\/\/www.justiceinfo.net\/fr\"},{\"@type\":\"ListItem\",\"position\":2,\"name\":\"06.05.11 - TPIR\/GATETE - GATETE AURAIT DU ETRE EGALEMENT CONDAMNE POUR CONSPIRATION (PROCUREUR)\"}]},{\"@type\":\"WebSite\",\"@id\":\"https:\/\/www.justiceinfo.net\/fr#website\",\"url\":\"https:\/\/www.justiceinfo.net\/fr\",\"name\":\"JusticeInfo.net\",\"description\":\"La justice doit \u00eatre vue pour \u00eatre rendue\",\"publisher\":{\"@id\":\"https:\/\/www.justiceinfo.net\/fr#organization\"},\"potentialAction\":[{\"@type\":\"SearchAction\",\"target\":{\"@type\":\"EntryPoint\",\"urlTemplate\":\"https:\/\/www.justiceinfo.net\/fr?s={search_term_string}\"},\"query-input\":{\"@type\":\"PropertyValueSpecification\",\"valueRequired\":true,\"valueName\":\"search_term_string\"}}],\"inLanguage\":\"fr-FR\"},{\"@type\":\"Organization\",\"@id\":\"https:\/\/www.justiceinfo.net\/fr#organization\",\"name\":\"Justice Info\",\"url\":\"https:\/\/www.justiceinfo.net\/fr\",\"logo\":{\"@type\":\"ImageObject\",\"inLanguage\":\"fr-FR\",\"@id\":\"https:\/\/www.justiceinfo.net\/fr#\/schema\/logo\/image\/\",\"url\":\"https:\/\/www.justiceinfo.net\/wp-content\/uploads\/justiceinfo_logo-trans_1200x1200px.png\",\"contentUrl\":\"https:\/\/www.justiceinfo.net\/wp-content\/uploads\/justiceinfo_logo-trans_1200x1200px.png\",\"width\":1199,\"height\":1200,\"caption\":\"Justice Info\"},\"image\":{\"@id\":\"https:\/\/www.justiceinfo.net\/fr#\/schema\/logo\/image\/\"},\"sameAs\":[\"https:\/\/www.facebook.com\/JusticeInfo\/\",\"https:\/\/x.com\/justiceinfonet\",\"https:\/\/www.linkedin.com\/company\/justice-info\",\"https:\/\/www.youtube.com\/channel\/UCyCEsARodyuWtkWyhn-e7pA\"]},{\"@type\":\"Person\",\"name\":\"solivri\",\"url\":\"\/fr\/?s=solivri\"}]}<\/script>\n<!-- \/ Yoast SEO Premium plugin. -->","yoast_head_json":{"title":"06.05.11 - TPIR\/GATETE - GATETE AURAIT DU ETRE EGALEMENT CONDAMNE POUR CONSPIRATION (PROCUREUR) - JusticeInfo.net","robots":{"index":"index","follow":"follow","max-snippet":"max-snippet:-1","max-image-preview":"max-image-preview:large","max-video-preview":"max-video-preview:-1"},"canonical":"https:\/\/www.justiceinfo.net\/fr\/13043-060511-tpirgatete-gatete-aurait-du-etre-egalement-condamne-pour-conspiration-procureur9853.html","og_locale":"fr_FR","og_type":"article","og_title":"06.05.11 - TPIR\/GATETE - GATETE AURAIT DU ETRE EGALEMENT CONDAMNE POUR CONSPIRATION (PROCUREUR)","og_description":"Arusha, 6 mai 2011 (FH) - Le procureur aupr&egrave;s du Tribunal p&eacute;nal international pour le Rwanda (TPIR) reproche &agrave; la chambre de premi&egrave;re instance de ne pas avoir condamn&eacute; pour entente en vue de commettre le g&eacute;nocide l'ancien haut fonctionnaire Jean-Baptiste Gatete, qui a &eacute;t&eacute; jug&eacute; coupable de g&eacute;nocide et extermination, le 29 mars.","og_url":"https:\/\/www.justiceinfo.net\/fr\/13043-060511-tpirgatete-gatete-aurait-du-etre-egalement-condamne-pour-conspiration-procureur9853.html","og_site_name":"JusticeInfo.net","article_publisher":"https:\/\/www.facebook.com\/JusticeInfo\/","article_published_time":"2011-05-05T22:00:00+00:00","og_image":[{"width":1200,"height":630,"url":"https:\/\/www.justiceinfo.net\/wp-content\/uploads\/JusticeInfoNet_logo_1200x630px.jpg","type":"image\/jpeg"}],"author":"solivri","twitter_card":"summary_large_image","twitter_creator":"@justiceinfonet","twitter_site":"@justiceinfonet","twitter_misc":{"\u00c9crit par":"solivri","Dur\u00e9e de lecture estim\u00e9e":"2 minutes"},"schema":{"@context":"https:\/\/schema.org","@graph":[{"@type":"NewsArticle","@id":"https:\/\/www.justiceinfo.net\/fr\/13043-060511-tpirgatete-gatete-aurait-du-etre-egalement-condamne-pour-conspiration-procureur9853.html#article","isPartOf":{"@id":"https:\/\/www.justiceinfo.net\/fr\/13043-060511-tpirgatete-gatete-aurait-du-etre-egalement-condamne-pour-conspiration-procureur9853.html"},"author":{"name":"solivri","@id":"https:\/\/www.justiceinfo.net\/fr#\/schema\/person\/6e53cba1629e2e66f3fc1821d3091865"},"headline":"06.05.11 - TPIR\/GATETE - GATETE AURAIT DU ETRE EGALEMENT CONDAMNE POUR CONSPIRATION (PROCUREUR)","datePublished":"2011-05-05T22:00:00+00:00","mainEntityOfPage":{"@id":"https:\/\/www.justiceinfo.net\/fr\/13043-060511-tpirgatete-gatete-aurait-du-etre-egalement-condamne-pour-conspiration-procureur9853.html"},"wordCount":471,"commentCount":0,"publisher":{"@id":"https:\/\/www.justiceinfo.net\/fr#organization"},"articleSection":["Hirondelle News"],"inLanguage":"fr-FR","potentialAction":[{"@type":"CommentAction","name":"Comment","target":["https:\/\/www.justiceinfo.net\/fr\/13043-060511-tpirgatete-gatete-aurait-du-etre-egalement-condamne-pour-conspiration-procureur9853.html#respond"]}]},{"@type":"WebPage","@id":"https:\/\/www.justiceinfo.net\/fr\/13043-060511-tpirgatete-gatete-aurait-du-etre-egalement-condamne-pour-conspiration-procureur9853.html","url":"https:\/\/www.justiceinfo.net\/fr\/13043-060511-tpirgatete-gatete-aurait-du-etre-egalement-condamne-pour-conspiration-procureur9853.html","name":"06.05.11 - TPIR\/GATETE - GATETE AURAIT DU ETRE EGALEMENT CONDAMNE POUR CONSPIRATION (PROCUREUR) - JusticeInfo.net","isPartOf":{"@id":"https:\/\/www.justiceinfo.net\/fr#website"},"datePublished":"2011-05-05T22:00:00+00:00","breadcrumb":{"@id":"https:\/\/www.justiceinfo.net\/fr\/13043-060511-tpirgatete-gatete-aurait-du-etre-egalement-condamne-pour-conspiration-procureur9853.html#breadcrumb"},"inLanguage":"fr-FR","potentialAction":[{"@type":"ReadAction","target":["https:\/\/www.justiceinfo.net\/fr\/13043-060511-tpirgatete-gatete-aurait-du-etre-egalement-condamne-pour-conspiration-procureur9853.html"]}]},{"@type":"BreadcrumbList","@id":"https:\/\/www.justiceinfo.net\/fr\/13043-060511-tpirgatete-gatete-aurait-du-etre-egalement-condamne-pour-conspiration-procureur9853.html#breadcrumb","itemListElement":[{"@type":"ListItem","position":1,"name":"Home","item":"https:\/\/www.justiceinfo.net\/fr"},{"@type":"ListItem","position":2,"name":"06.05.11 - TPIR\/GATETE - GATETE AURAIT DU ETRE EGALEMENT CONDAMNE POUR CONSPIRATION (PROCUREUR)"}]},{"@type":"WebSite","@id":"https:\/\/www.justiceinfo.net\/fr#website","url":"https:\/\/www.justiceinfo.net\/fr","name":"JusticeInfo.net","description":"La justice doit \u00eatre vue pour \u00eatre rendue","publisher":{"@id":"https:\/\/www.justiceinfo.net\/fr#organization"},"potentialAction":[{"@type":"SearchAction","target":{"@type":"EntryPoint","urlTemplate":"https:\/\/www.justiceinfo.net\/fr?s={search_term_string}"},"query-input":{"@type":"PropertyValueSpecification","valueRequired":true,"valueName":"search_term_string"}}],"inLanguage":"fr-FR"},{"@type":"Organization","@id":"https:\/\/www.justiceinfo.net\/fr#organization","name":"Justice Info","url":"https:\/\/www.justiceinfo.net\/fr","logo":{"@type":"ImageObject","inLanguage":"fr-FR","@id":"https:\/\/www.justiceinfo.net\/fr#\/schema\/logo\/image\/","url":"https:\/\/www.justiceinfo.net\/wp-content\/uploads\/justiceinfo_logo-trans_1200x1200px.png","contentUrl":"https:\/\/www.justiceinfo.net\/wp-content\/uploads\/justiceinfo_logo-trans_1200x1200px.png","width":1199,"height":1200,"caption":"Justice Info"},"image":{"@id":"https:\/\/www.justiceinfo.net\/fr#\/schema\/logo\/image\/"},"sameAs":["https:\/\/www.facebook.com\/JusticeInfo\/","https:\/\/x.com\/justiceinfonet","https:\/\/www.linkedin.com\/company\/justice-info","https:\/\/www.youtube.com\/channel\/UCyCEsARodyuWtkWyhn-e7pA"]},{"@type":"Person","name":"solivri","url":"\/fr\/?s=solivri"}]}},"_links":{"self":[{"href":"https:\/\/www.justiceinfo.net\/fr\/wp-json\/wp\/v2\/posts\/13043","targetHints":{"allow":["GET"]}}],"collection":[{"href":"https:\/\/www.justiceinfo.net\/fr\/wp-json\/wp\/v2\/posts"}],"about":[{"href":"https:\/\/www.justiceinfo.net\/fr\/wp-json\/wp\/v2\/types\/post"}],"author":[{"embeddable":true,"href":"https:\/\/www.justiceinfo.net\/fr\/wp-json\/wp\/v2\/users\/64"}],"replies":[{"embeddable":true,"href":"https:\/\/www.justiceinfo.net\/fr\/wp-json\/wp\/v2\/comments?post=13043"}],"version-history":[{"count":0,"href":"https:\/\/www.justiceinfo.net\/fr\/wp-json\/wp\/v2\/posts\/13043\/revisions"}],"wp:attachment":[{"href":"https:\/\/www.justiceinfo.net\/fr\/wp-json\/wp\/v2\/media?parent=13043"}],"wp:term":[{"taxonomy":"category","embeddable":true,"href":"https:\/\/www.justiceinfo.net\/fr\/wp-json\/wp\/v2\/categories?post=13043"},{"taxonomy":"post_tag","embeddable":true,"href":"https:\/\/www.justiceinfo.net\/fr\/wp-json\/wp\/v2\/tags?post=13043"},{"taxonomy":"ji_location","embeddable":true,"href":"https:\/\/www.justiceinfo.net\/fr\/wp-json\/wp\/v2\/ji_location?post=13043"}],"curies":[{"name":"wp","href":"https:\/\/api.w.org\/{rel}","templated":true}]}}