{"id":13063,"date":"2011-05-12T00:00:00","date_gmt":"2011-05-11T22:00:00","guid":{"rendered":"https:\/\/www.justiceinfo.net\/13063-120511-cpikatanga-les-pays-bas-rejettent-les-demandes-dasile-deposees-par-des-temoins9873.html"},"modified":"2011-05-12T00:00:00","modified_gmt":"2011-05-11T22:00:00","slug":"120511-cpikatanga-les-pays-bas-rejettent-les-demandes-dasile-deposees-par-des-temoins9873","status":"publish","type":"post","link":"https:\/\/www.justiceinfo.net\/fr\/13063-120511-cpikatanga-les-pays-bas-rejettent-les-demandes-dasile-deposees-par-des-temoins9873.html","title":{"rendered":"12.05.11 - CPI\/KATANGA - LES PAYS-BAS  REJETTENT LES DEMANDES D\u2019ASILE DEPOSEES PAR DES TEMOINS"},"content":{"rendered":"<p>\nLa Haye, 12 mai 2011 (FH) - Les Pays-Bas ont estim&eacute; que &laquo; la l&eacute;gislation n&eacute;erlandaise sur l'immigration ne sera pas applicable &raquo; aux trois t&eacute;moins appel&eacute;s devant la Cour p&eacute;nale internationale (CPI) par la d&eacute;fense de Germain Katanga. Au cours de leurs d&eacute;positions en avril, Floribert Njabu, Pierre Mbodina et Charif Manda avaient demand&eacute; l'asile politique aux Pays-Bas, o&ugrave; si&egrave;ge la Cour. Si la CPI n'est pas comp&eacute;tente pour traiter d'affaires d'immigration, elle a en revanche l'obligation de prot&eacute;ger les t&eacute;moins. Or les trois hommes se disent menac&eacute;s.\n<\/p>\n<p><!--more--><\/p>\n<p >\n<p >\nFloribert Njabu et Pierre Mbodina sont d&eacute;tenus sans proc&egrave;s &agrave; la prison centrale de Kinshasa depuis 2005. Charif Banda a &eacute;t&eacute; arr&ecirc;t&eacute; en septembre 2010. Au cours de leurs d&eacute;positions, les trois opposants au r&eacute;gime du pr&eacute;sident de la R&eacute;publique d&eacute;mocratique du Congo (RDC), Joseph Kabila, ont &eacute;voqu&eacute; la responsabilit&eacute; de Kinshasa dans les crimes commis en Ituri en 2002 et 2003.\n<\/p>\n<p >\nLors de l'audience du 12 mai, &agrave; laquelle &eacute;taient convi&eacute;es les autorit&eacute;s n&eacute;erlandaises, l'avocat des trois t&eacute;moins, Ghislain Mabanga, a estim&eacute; que leur retour &agrave; Kinshasa les mettrait alors &agrave; &laquo; la merci des autorit&eacute;s congolaises contre lesquelles ils ont t&eacute;moign&eacute; &raquo;. D&egrave;s lors, il demande &agrave; la chambre de leur accorder des mesures de protection sp&eacute;ciales &laquo; en refusant de renvoyer ces t&eacute;moins chez eux, o&ugrave; ils risquent la mort et o&ugrave; ils n'auront pas de proc&egrave;s &eacute;quitables &raquo;, puis en acceptant de les remettre aux autorit&eacute;s n&eacute;erlandaises, devant lesquelles ils pr&eacute;voient de d&eacute;poser formellement leurs demandes d'asile.\n<\/p>\n<p >\nMais pour les Pays-Bas, o&ugrave; r&eacute;side la Cour, ces t&eacute;moins ne d&eacute;pendent pas des juridictions n&eacute;erlandaises. Conseiller juridique au minist&egrave;re des Affaires &eacute;trang&egrave;res, Liesbeth Lijnzaad a renvoy&eacute; la d&eacute;cision aux juges de la CPI. &laquo; Les Pays-Bas &eacute;tudieront toute demande d'asile, a-t-elle d&eacute;clar&eacute;, mais en se conformant &agrave; l'avis de la Cour. Vous connaissez le terrain, vous connaissez le cas, la situation politique et tous les faits importants pour ces trois personnes. &raquo;\n<\/p>\n<p >\n&laquo; La Cour n'a pas de territoire, elle ne peut garder personne chez elle &raquo;, a expliqu&eacute;, toujours p&eacute;dagogue, Bruno Cotte.\n<\/p>\n<p >\n&laquo; Si vous d&eacute;cidez que pour l'instant, dans les conditions actuelles, il n'est pas appropri&eacute; de renvoyer ces trois personnes en R&eacute;publique d&eacute;mocratique du Congo, alors la Cour devra trouver une solution avec les 114 Etats-parties au trait&eacute; de Rome &raquo; a propos&eacute; Liesbeth Lijnzaad.\n<\/p>\n<p >\nL'affaire pourrait donc &ecirc;tre un v&eacute;ritable casse-t&ecirc;te diplomatique pour la chambre. Mais pour le substitut du procureur, Eric MacDonald, les juges peuvent &laquo; avoir la conscience tranquille &raquo;.\n<\/p>\n<p >\n&laquo; Vous pouvez renvoyer les trois d&eacute;tenus [&agrave; Kinshasa] sans aucune crainte pour leur s&eacute;curit&eacute; physique &raquo; a-t-il affirm&eacute;. Critiquant les all&eacute;gations de l'avocat des trois d&eacute;tenus, qui a rappel&eacute; que selon ses clients, &laquo; ce sont les autorit&eacute;s congolaises qui (...) ont planifi&eacute; l'attaque de Bogoro parce qu'elles voulaient reprendre l'Ituri &raquo;, Eric Mac Donald a d&eacute;fendu Kinshasa, avant de saluer la &laquo; coop&eacute;ration sans limites &raquo; de la RDC avec la Cour, oubliant au passage la non ex&eacute;cution du mandat d'arr&ecirc;t &eacute;mis en 2006 contre Bosco Ntaganda.\n<\/p>\n<p >\nPlus mesur&eacute;, un autre repr&eacute;sentant du procureur, Gilles Dutertre, a alert&eacute; les juges sur le fait que &laquo; d'autres t&eacute;moins pourraient faire une demande d'asile (...) cela aurait pour cons&eacute;quence que plus jamais dans l'avenir, la Cour n'obtiendrait l'accord d'un Etat pour le transfert d'un t&eacute;moin d&eacute;tenu &raquo;. La chambre n'a pas encore rendu de d&eacute;cision.\n<\/p>\n<p >\nLe proc&egrave;s de Germain Katanga et Mathieu Ngudjolo s'est ouvert le 24 novembre 2009, devant la CPI. L'ancien commandant de la Force de r&eacute;sistance patriotique de l'Ituri (FPRI) et le milicien du Front des nationalistes et int&eacute;grationnistes (FNI) sont poursuivis pour crimes contre l'humanit&eacute; et crimes de guerre commis &agrave; Bogoro le 24 f&eacute;vrier 2003.\n<\/p>\n<p >\nSM\/GF\n<\/p>\n<p>\n&copy; Agence Hirondelle<\/p>\n","protected":false},"excerpt":{"rendered":"<p>La Haye, 12 mai 2011 (FH) - Les Pays-Bas ont estim&eacute; que &laquo; la l&eacute;gislation n&eacute;erlandaise sur l'immigration ne sera pas applicable &raquo; aux trois t&eacute;moins appel&eacute;s devant la Cour p&eacute;nale internationale (CPI) par la d&eacute;fense de Germain Katanga. Au cours de leurs d&eacute;positions en avril, Floribert Njabu, Pierre Mbodina et Charif Manda avaient demand&eacute; [&hellip;]<\/p>\n","protected":false},"author":64,"featured_media":0,"comment_status":"open","ping_status":"closed","sticky":false,"template":"","format":"standard","meta":{"_acf_changed":false,"footnotes":""},"categories":[554],"tags":[],"ji_location":[],"class_list":["post-13063","post","type-post","status-publish","format-standard","hentry","category-hirondellenews"],"acf":[],"yoast_head":"<!-- This site is optimized with the Yoast SEO Premium plugin v25.3.1 (Yoast SEO v25.3.1) - https:\/\/yoast.com\/wordpress\/plugins\/seo\/ -->\n<title>12.05.11 - CPI\/KATANGA - LES PAYS-BAS REJETTENT LES DEMANDES D\u2019ASILE DEPOSEES PAR DES TEMOINS - JusticeInfo.net<\/title>\n<meta name=\"robots\" content=\"index, follow, max-snippet:-1, max-image-preview:large, max-video-preview:-1\" \/>\n<link rel=\"canonical\" href=\"https:\/\/www.justiceinfo.net\/fr\/13063-120511-cpikatanga-les-pays-bas-rejettent-les-demandes-dasile-deposees-par-des-temoins9873.html\" \/>\n<meta property=\"og:locale\" content=\"fr_FR\" \/>\n<meta property=\"og:type\" content=\"article\" \/>\n<meta property=\"og:title\" content=\"12.05.11 - CPI\/KATANGA - LES PAYS-BAS REJETTENT LES DEMANDES D\u2019ASILE DEPOSEES PAR DES TEMOINS\" \/>\n<meta property=\"og:description\" content=\"La Haye, 12 mai 2011 (FH) - Les Pays-Bas ont estim&eacute; que &laquo; la l&eacute;gislation n&eacute;erlandaise sur l&#039;immigration ne sera pas applicable &raquo; aux trois t&eacute;moins appel&eacute;s devant la Cour p&eacute;nale internationale (CPI) par la d&eacute;fense de Germain Katanga. Au cours de leurs d&eacute;positions en avril, Floribert Njabu, Pierre Mbodina et Charif Manda avaient demand&eacute; [&hellip;]\" \/>\n<meta property=\"og:url\" content=\"https:\/\/www.justiceinfo.net\/fr\/13063-120511-cpikatanga-les-pays-bas-rejettent-les-demandes-dasile-deposees-par-des-temoins9873.html\" \/>\n<meta property=\"og:site_name\" content=\"JusticeInfo.net\" \/>\n<meta property=\"article:publisher\" content=\"https:\/\/www.facebook.com\/JusticeInfo\/\" \/>\n<meta property=\"article:published_time\" content=\"2011-05-11T22:00:00+00:00\" \/>\n<meta property=\"og:image\" content=\"https:\/\/www.justiceinfo.net\/wp-content\/uploads\/JusticeInfoNet_logo_1200x630px.jpg\" \/>\n\t<meta property=\"og:image:width\" content=\"1200\" \/>\n\t<meta property=\"og:image:height\" content=\"630\" \/>\n\t<meta property=\"og:image:type\" content=\"image\/jpeg\" \/>\n<meta name=\"author\" content=\"solivri\" \/>\n<meta name=\"twitter:card\" content=\"summary_large_image\" \/>\n<meta name=\"twitter:creator\" content=\"@justiceinfonet\" \/>\n<meta name=\"twitter:site\" content=\"@justiceinfonet\" \/>\n<meta name=\"twitter:label1\" content=\"\u00c9crit par\" \/>\n\t<meta name=\"twitter:data1\" content=\"solivri\" \/>\n\t<meta name=\"twitter:label2\" content=\"Dur\u00e9e de lecture estim\u00e9e\" \/>\n\t<meta name=\"twitter:data2\" content=\"4 minutes\" \/>\n<script type=\"application\/ld+json\" class=\"yoast-schema-graph\">{\"@context\":\"https:\/\/schema.org\",\"@graph\":[{\"@type\":\"NewsArticle\",\"@id\":\"https:\/\/www.justiceinfo.net\/fr\/13063-120511-cpikatanga-les-pays-bas-rejettent-les-demandes-dasile-deposees-par-des-temoins9873.html#article\",\"isPartOf\":{\"@id\":\"https:\/\/www.justiceinfo.net\/fr\/13063-120511-cpikatanga-les-pays-bas-rejettent-les-demandes-dasile-deposees-par-des-temoins9873.html\"},\"author\":{\"name\":\"solivri\",\"@id\":\"https:\/\/www.justiceinfo.net\/fr#\/schema\/person\/6e53cba1629e2e66f3fc1821d3091865\"},\"headline\":\"12.05.11 - CPI\/KATANGA - LES PAYS-BAS REJETTENT LES DEMANDES D\u2019ASILE DEPOSEES PAR DES TEMOINS\",\"datePublished\":\"2011-05-11T22:00:00+00:00\",\"mainEntityOfPage\":{\"@id\":\"https:\/\/www.justiceinfo.net\/fr\/13063-120511-cpikatanga-les-pays-bas-rejettent-les-demandes-dasile-deposees-par-des-temoins9873.html\"},\"wordCount\":822,\"commentCount\":0,\"publisher\":{\"@id\":\"https:\/\/www.justiceinfo.net\/fr#organization\"},\"articleSection\":[\"Hirondelle News\"],\"inLanguage\":\"fr-FR\",\"potentialAction\":[{\"@type\":\"CommentAction\",\"name\":\"Comment\",\"target\":[\"https:\/\/www.justiceinfo.net\/fr\/13063-120511-cpikatanga-les-pays-bas-rejettent-les-demandes-dasile-deposees-par-des-temoins9873.html#respond\"]}]},{\"@type\":\"WebPage\",\"@id\":\"https:\/\/www.justiceinfo.net\/fr\/13063-120511-cpikatanga-les-pays-bas-rejettent-les-demandes-dasile-deposees-par-des-temoins9873.html\",\"url\":\"https:\/\/www.justiceinfo.net\/fr\/13063-120511-cpikatanga-les-pays-bas-rejettent-les-demandes-dasile-deposees-par-des-temoins9873.html\",\"name\":\"12.05.11 - CPI\/KATANGA - LES PAYS-BAS REJETTENT LES DEMANDES D\u2019ASILE DEPOSEES PAR DES TEMOINS - JusticeInfo.net\",\"isPartOf\":{\"@id\":\"https:\/\/www.justiceinfo.net\/fr#website\"},\"datePublished\":\"2011-05-11T22:00:00+00:00\",\"breadcrumb\":{\"@id\":\"https:\/\/www.justiceinfo.net\/fr\/13063-120511-cpikatanga-les-pays-bas-rejettent-les-demandes-dasile-deposees-par-des-temoins9873.html#breadcrumb\"},\"inLanguage\":\"fr-FR\",\"potentialAction\":[{\"@type\":\"ReadAction\",\"target\":[\"https:\/\/www.justiceinfo.net\/fr\/13063-120511-cpikatanga-les-pays-bas-rejettent-les-demandes-dasile-deposees-par-des-temoins9873.html\"]}]},{\"@type\":\"BreadcrumbList\",\"@id\":\"https:\/\/www.justiceinfo.net\/fr\/13063-120511-cpikatanga-les-pays-bas-rejettent-les-demandes-dasile-deposees-par-des-temoins9873.html#breadcrumb\",\"itemListElement\":[{\"@type\":\"ListItem\",\"position\":1,\"name\":\"Home\",\"item\":\"https:\/\/www.justiceinfo.net\/fr\"},{\"@type\":\"ListItem\",\"position\":2,\"name\":\"12.05.11 - CPI\/KATANGA - LES PAYS-BAS REJETTENT LES DEMANDES D\u2019ASILE DEPOSEES PAR DES TEMOINS\"}]},{\"@type\":\"WebSite\",\"@id\":\"https:\/\/www.justiceinfo.net\/fr#website\",\"url\":\"https:\/\/www.justiceinfo.net\/fr\",\"name\":\"JusticeInfo.net\",\"description\":\"La justice doit \u00eatre vue pour \u00eatre rendue\",\"publisher\":{\"@id\":\"https:\/\/www.justiceinfo.net\/fr#organization\"},\"potentialAction\":[{\"@type\":\"SearchAction\",\"target\":{\"@type\":\"EntryPoint\",\"urlTemplate\":\"https:\/\/www.justiceinfo.net\/fr?s={search_term_string}\"},\"query-input\":{\"@type\":\"PropertyValueSpecification\",\"valueRequired\":true,\"valueName\":\"search_term_string\"}}],\"inLanguage\":\"fr-FR\"},{\"@type\":\"Organization\",\"@id\":\"https:\/\/www.justiceinfo.net\/fr#organization\",\"name\":\"Justice Info\",\"url\":\"https:\/\/www.justiceinfo.net\/fr\",\"logo\":{\"@type\":\"ImageObject\",\"inLanguage\":\"fr-FR\",\"@id\":\"https:\/\/www.justiceinfo.net\/fr#\/schema\/logo\/image\/\",\"url\":\"https:\/\/www.justiceinfo.net\/wp-content\/uploads\/justiceinfo_logo-trans_1200x1200px.png\",\"contentUrl\":\"https:\/\/www.justiceinfo.net\/wp-content\/uploads\/justiceinfo_logo-trans_1200x1200px.png\",\"width\":1199,\"height\":1200,\"caption\":\"Justice Info\"},\"image\":{\"@id\":\"https:\/\/www.justiceinfo.net\/fr#\/schema\/logo\/image\/\"},\"sameAs\":[\"https:\/\/www.facebook.com\/JusticeInfo\/\",\"https:\/\/x.com\/justiceinfonet\",\"https:\/\/www.linkedin.com\/company\/justice-info\",\"https:\/\/www.youtube.com\/channel\/UCyCEsARodyuWtkWyhn-e7pA\"]},{\"@type\":\"Person\",\"name\":\"solivri\",\"url\":\"\/fr\/?s=solivri\"}]}<\/script>\n<!-- \/ Yoast SEO Premium plugin. -->","yoast_head_json":{"title":"12.05.11 - CPI\/KATANGA - LES PAYS-BAS REJETTENT LES DEMANDES D\u2019ASILE DEPOSEES PAR DES TEMOINS - JusticeInfo.net","robots":{"index":"index","follow":"follow","max-snippet":"max-snippet:-1","max-image-preview":"max-image-preview:large","max-video-preview":"max-video-preview:-1"},"canonical":"https:\/\/www.justiceinfo.net\/fr\/13063-120511-cpikatanga-les-pays-bas-rejettent-les-demandes-dasile-deposees-par-des-temoins9873.html","og_locale":"fr_FR","og_type":"article","og_title":"12.05.11 - CPI\/KATANGA - LES PAYS-BAS REJETTENT LES DEMANDES D\u2019ASILE DEPOSEES PAR DES TEMOINS","og_description":"La Haye, 12 mai 2011 (FH) - Les Pays-Bas ont estim&eacute; que &laquo; la l&eacute;gislation n&eacute;erlandaise sur l'immigration ne sera pas applicable &raquo; aux trois t&eacute;moins appel&eacute;s devant la Cour p&eacute;nale internationale (CPI) par la d&eacute;fense de Germain Katanga. Au cours de leurs d&eacute;positions en avril, Floribert Njabu, Pierre Mbodina et Charif Manda avaient demand&eacute; [&hellip;]","og_url":"https:\/\/www.justiceinfo.net\/fr\/13063-120511-cpikatanga-les-pays-bas-rejettent-les-demandes-dasile-deposees-par-des-temoins9873.html","og_site_name":"JusticeInfo.net","article_publisher":"https:\/\/www.facebook.com\/JusticeInfo\/","article_published_time":"2011-05-11T22:00:00+00:00","og_image":[{"width":1200,"height":630,"url":"https:\/\/www.justiceinfo.net\/wp-content\/uploads\/JusticeInfoNet_logo_1200x630px.jpg","type":"image\/jpeg"}],"author":"solivri","twitter_card":"summary_large_image","twitter_creator":"@justiceinfonet","twitter_site":"@justiceinfonet","twitter_misc":{"\u00c9crit par":"solivri","Dur\u00e9e de lecture estim\u00e9e":"4 minutes"},"schema":{"@context":"https:\/\/schema.org","@graph":[{"@type":"NewsArticle","@id":"https:\/\/www.justiceinfo.net\/fr\/13063-120511-cpikatanga-les-pays-bas-rejettent-les-demandes-dasile-deposees-par-des-temoins9873.html#article","isPartOf":{"@id":"https:\/\/www.justiceinfo.net\/fr\/13063-120511-cpikatanga-les-pays-bas-rejettent-les-demandes-dasile-deposees-par-des-temoins9873.html"},"author":{"name":"solivri","@id":"https:\/\/www.justiceinfo.net\/fr#\/schema\/person\/6e53cba1629e2e66f3fc1821d3091865"},"headline":"12.05.11 - CPI\/KATANGA - LES PAYS-BAS REJETTENT LES DEMANDES D\u2019ASILE DEPOSEES PAR DES TEMOINS","datePublished":"2011-05-11T22:00:00+00:00","mainEntityOfPage":{"@id":"https:\/\/www.justiceinfo.net\/fr\/13063-120511-cpikatanga-les-pays-bas-rejettent-les-demandes-dasile-deposees-par-des-temoins9873.html"},"wordCount":822,"commentCount":0,"publisher":{"@id":"https:\/\/www.justiceinfo.net\/fr#organization"},"articleSection":["Hirondelle News"],"inLanguage":"fr-FR","potentialAction":[{"@type":"CommentAction","name":"Comment","target":["https:\/\/www.justiceinfo.net\/fr\/13063-120511-cpikatanga-les-pays-bas-rejettent-les-demandes-dasile-deposees-par-des-temoins9873.html#respond"]}]},{"@type":"WebPage","@id":"https:\/\/www.justiceinfo.net\/fr\/13063-120511-cpikatanga-les-pays-bas-rejettent-les-demandes-dasile-deposees-par-des-temoins9873.html","url":"https:\/\/www.justiceinfo.net\/fr\/13063-120511-cpikatanga-les-pays-bas-rejettent-les-demandes-dasile-deposees-par-des-temoins9873.html","name":"12.05.11 - CPI\/KATANGA - LES PAYS-BAS REJETTENT LES DEMANDES D\u2019ASILE DEPOSEES PAR DES TEMOINS - JusticeInfo.net","isPartOf":{"@id":"https:\/\/www.justiceinfo.net\/fr#website"},"datePublished":"2011-05-11T22:00:00+00:00","breadcrumb":{"@id":"https:\/\/www.justiceinfo.net\/fr\/13063-120511-cpikatanga-les-pays-bas-rejettent-les-demandes-dasile-deposees-par-des-temoins9873.html#breadcrumb"},"inLanguage":"fr-FR","potentialAction":[{"@type":"ReadAction","target":["https:\/\/www.justiceinfo.net\/fr\/13063-120511-cpikatanga-les-pays-bas-rejettent-les-demandes-dasile-deposees-par-des-temoins9873.html"]}]},{"@type":"BreadcrumbList","@id":"https:\/\/www.justiceinfo.net\/fr\/13063-120511-cpikatanga-les-pays-bas-rejettent-les-demandes-dasile-deposees-par-des-temoins9873.html#breadcrumb","itemListElement":[{"@type":"ListItem","position":1,"name":"Home","item":"https:\/\/www.justiceinfo.net\/fr"},{"@type":"ListItem","position":2,"name":"12.05.11 - CPI\/KATANGA - LES PAYS-BAS REJETTENT LES DEMANDES D\u2019ASILE DEPOSEES PAR DES TEMOINS"}]},{"@type":"WebSite","@id":"https:\/\/www.justiceinfo.net\/fr#website","url":"https:\/\/www.justiceinfo.net\/fr","name":"JusticeInfo.net","description":"La justice doit \u00eatre vue pour \u00eatre rendue","publisher":{"@id":"https:\/\/www.justiceinfo.net\/fr#organization"},"potentialAction":[{"@type":"SearchAction","target":{"@type":"EntryPoint","urlTemplate":"https:\/\/www.justiceinfo.net\/fr?s={search_term_string}"},"query-input":{"@type":"PropertyValueSpecification","valueRequired":true,"valueName":"search_term_string"}}],"inLanguage":"fr-FR"},{"@type":"Organization","@id":"https:\/\/www.justiceinfo.net\/fr#organization","name":"Justice Info","url":"https:\/\/www.justiceinfo.net\/fr","logo":{"@type":"ImageObject","inLanguage":"fr-FR","@id":"https:\/\/www.justiceinfo.net\/fr#\/schema\/logo\/image\/","url":"https:\/\/www.justiceinfo.net\/wp-content\/uploads\/justiceinfo_logo-trans_1200x1200px.png","contentUrl":"https:\/\/www.justiceinfo.net\/wp-content\/uploads\/justiceinfo_logo-trans_1200x1200px.png","width":1199,"height":1200,"caption":"Justice Info"},"image":{"@id":"https:\/\/www.justiceinfo.net\/fr#\/schema\/logo\/image\/"},"sameAs":["https:\/\/www.facebook.com\/JusticeInfo\/","https:\/\/x.com\/justiceinfonet","https:\/\/www.linkedin.com\/company\/justice-info","https:\/\/www.youtube.com\/channel\/UCyCEsARodyuWtkWyhn-e7pA"]},{"@type":"Person","name":"solivri","url":"\/fr\/?s=solivri"}]}},"_links":{"self":[{"href":"https:\/\/www.justiceinfo.net\/fr\/wp-json\/wp\/v2\/posts\/13063","targetHints":{"allow":["GET"]}}],"collection":[{"href":"https:\/\/www.justiceinfo.net\/fr\/wp-json\/wp\/v2\/posts"}],"about":[{"href":"https:\/\/www.justiceinfo.net\/fr\/wp-json\/wp\/v2\/types\/post"}],"author":[{"embeddable":true,"href":"https:\/\/www.justiceinfo.net\/fr\/wp-json\/wp\/v2\/users\/64"}],"replies":[{"embeddable":true,"href":"https:\/\/www.justiceinfo.net\/fr\/wp-json\/wp\/v2\/comments?post=13063"}],"version-history":[{"count":0,"href":"https:\/\/www.justiceinfo.net\/fr\/wp-json\/wp\/v2\/posts\/13063\/revisions"}],"wp:attachment":[{"href":"https:\/\/www.justiceinfo.net\/fr\/wp-json\/wp\/v2\/media?parent=13063"}],"wp:term":[{"taxonomy":"category","embeddable":true,"href":"https:\/\/www.justiceinfo.net\/fr\/wp-json\/wp\/v2\/categories?post=13063"},{"taxonomy":"post_tag","embeddable":true,"href":"https:\/\/www.justiceinfo.net\/fr\/wp-json\/wp\/v2\/tags?post=13063"},{"taxonomy":"ji_location","embeddable":true,"href":"https:\/\/www.justiceinfo.net\/fr\/wp-json\/wp\/v2\/ji_location?post=13063"}],"curies":[{"name":"wp","href":"https:\/\/api.w.org\/{rel}","templated":true}]}}