{"id":130699,"date":"2024-04-12T11:04:10","date_gmt":"2024-04-12T09:04:10","guid":{"rendered":"https:\/\/www.justiceinfo.net\/?p=130699"},"modified":"2024-04-12T11:04:12","modified_gmt":"2024-04-12T09:04:12","slug":"nicaragua-elargit-bataille-judiciaire-palestine","status":"publish","type":"post","link":"https:\/\/www.justiceinfo.net\/fr\/130699-nicaragua-elargit-bataille-judiciaire-palestine.html","title":{"rendered":"Le Nicaragua \u00e9largit la bataille judiciaire sur la Palestine"},"content":{"rendered":"\n<p><strong>Les 8 et 9 avril, la Cour internationale de justice a entendu les avocats du Nicaragua qui soutiennent que l'Allemagne viole la Convention sur le g\u00e9nocide en continuant \u00e0 fournir des armes \u00e0 Isra\u00ebl. Cela fait suite \u00e0 l\u2019action intent\u00e9e par l'Afrique du Sud contre Isra\u00ebl devant la m\u00eame cour. Cette plainte ne sera peut-\u00eatre pas concluante. Mais elle donne une nouvelle dimension \u00e0 l'utilisation des tribunaux sur la Palestine.<\/strong><\/p>\n\n\n\n<!--more-->\n\n\n\n<p>Dans une tenue matinale \u00e9l\u00e9gante, l'agent du Nicaragua se pr\u00e9sente devant les juges de la <a href=\"https:\/\/www.justiceinfo.net\/fr\/tribunaux\/cour-internationale-de-justice-cij\">Cour internationale de justice (CIJ)<\/a>, ce 8 avril, pour faire valoir que l'Allemagne viole les obligations qui lui incombent en vertu de la Convention sur le g\u00e9nocide et du droit humanitaire international en continuant \u00e0 fournir des armes \u00e0 Isra\u00ebl et en retirant son soutien \u00e0 l'organisme des Nations unies charg\u00e9 de l'aide aux r\u00e9fugi\u00e9s palestiniens, l'UNWRA.<\/p>\n\n\n\n<p>Ce n'est pas la premi\u00e8re fois que Carlos Jos\u00e9 Arg\u00fcello G\u00f3mez agit au nom de Managua devant la CIJ, \u00e0 La Haye. Il souligne d\u2019ailleurs la \"similitude frappante\" entre cette nouvelle incursion dans le Grand Hall de la justice et une requ\u00eate d\u00e9pos\u00e9e par le Nicaragua il y a 40 ans. Il faisait alors d\u00e9j\u00e0 partie de l'\u00e9quipe qui avait attaqu\u00e9 les \u00c9tats-Unis pour leurs \"graves violations du droit international \u00e0 l'encontre des droits [du Nicaragua] et de [sa] souverainet\u00e9\", demandant \u00e0 la Cour d'intervenir pour ordonner la cessation de l'assistance militaire des \u00c9tats-Unis aux rebelles sandinistes. Au cours des quarante derni\u00e8res ann\u00e9es, le Nicaragua a comparu 13 fois devant la Cour en tant que partie. Justina Uriburu, de l'Institut universitaire europ\u00e9en (Italie), qualifie de saisissant un pays \"qui, au cours des 40 derni\u00e8res ann\u00e9es, a int\u00e9gr\u00e9 la d\u00e9cision de saisir la Cour dans le cadre de sa politique \u00e9trang\u00e8re, en acceptant toutes les conditions de l'engagement avec cette institution, ce qui signifie que parfois on gagne, parfois on perd\".&nbsp;<\/p>\n\n\n\n<p>Cette nouvelle affaire a \u00e9t\u00e9 introduite parall\u00e8lement et en relation avec celle pour g\u00e9nocide port\u00e9e par <a href=\"https:\/\/www.justiceinfo.net\/fr\/127171-israel-palestine-bataille-juridique-commence.html\">l'Afrique du Sud devant la CIJ contre Isra\u00ebl<\/a>, qui a d\u00e9j\u00e0 conduit les juges \u00e0 rendre deux s\u00e9ries de d\u00e9cisions d'urgence exigeant d'Isra\u00ebl qu'il accroisse l'aide humanitaire aux 2,5 millions de civils de la bande de Gaza.<\/p>\n\n\n\n<p>Le Nicaragua affirme qu'il \"agit non seulement en son nom propre\" mais aussi \"au nom du peuple palestinien, qui subit l'une des actions militaires les plus destructrices de l'histoire moderne\". Mais la majeure partie de sa pr\u00e9sentation ne se concentre pas sur les d\u00e9tails d\u2019un g\u00e9nocide plausible et sur les souffrances \u00e0 Gaza, suite \u00e0 l'invasion d'Isra\u00ebl en octobre 2023 pour \u00e9craser le Hamas et lib\u00e9rer les otages. Il porte sur les exportations d'armes allemandes. Les avocats s'appuient sur le libell\u00e9 de la Convention sur le g\u00e9nocide, qui stipule que tous les \u00c9tats ont le devoir de pr\u00e9venir le g\u00e9nocide, et sur les \"normes\" g\u00e9n\u00e9ralement accept\u00e9es \"pour assurer le respect du droit international humanitaire\". Il s'agit d'un \"type diff\u00e9rent d\u2019action aupr\u00e8s de la Cour, car le Nicaragua agit, disons, en tant que gardien des obligations \"erga omnes\", qui seraient viol\u00e9es par l'Allemagne et Isra\u00ebl. Il s'agit d'un concept utilis\u00e9 en droit international pour d\u00e9signer les obligations des \u00c9tats envers la communaut\u00e9 internationale dans son ensemble. Le Nicaragua ne dit pas seulement qu'il va r\u00e9soudre un diff\u00e9rend devant un tribunal, mais aussi qu'il va prot\u00e9ger ces obligations l\u00e9gales et l'\u00c9tat de droit international en poursuivant d'autres \u00c9tats, ce qui est conceptuellement un peu diff\u00e9rent.\"<\/p>\n\n\n\n<h2 class=\"wp-block-heading\" id=\"h-hypocrisie-et-interets-commerciaux\">Hypocrisie et int\u00e9r\u00eats commerciaux<\/h2>\n\n\n\n<p>\"Je pense que tout le monde a \u00e9t\u00e9 surpris\", analyse Kai Ambos, de l'universit\u00e9 de G\u00f6ttingen, qu'une autre affaire impliquant un \u00c9tat tiers soit port\u00e9e devant la Cour apr\u00e8s celle de l'Afrique du Sud. \"En particulier parce que le Nicaragua n'est pas un \u00c9tat jouissant d'une grande r\u00e9putation\", ajoute-t-il. \"Ils ont d\u00e9pos\u00e9 cette plainte un jour apr\u00e8s que la commission d'enqu\u00eate du Conseil des droits de l'homme de l\u2019Onu a publi\u00e9 un rapport d\u00e9vastateur sur la dictature de la famille Ortega. Cela ne veut pas dire que la plainte en tant que telle est sans fondement, bien s\u00fbr elle pourrait \u00eatre fond\u00e9e, mais ce n'est peut-\u00eatre pas un bon d\u00e9but pour une plainte aussi importante.\"<\/p>\n\n\n\n<p>Daniel M\u00fcller, membre de l'\u00e9quipe juridique du Nicaragua, explique au tribunal comment Berlin a autoris\u00e9 l'ann\u00e9e derni\u00e8re des exportations d'\u00e9quipements militaires et d'armes de guerre vers Isra\u00ebl pour un montant de plus de 326 millions d'euros. \"La plupart de ces licences ont \u00e9t\u00e9 accord\u00e9es au cours du second semestre 2023, apr\u00e8s l'invasion de Gaza par Isra\u00ebl\", plaide-t-il. Il cite divers responsables allemands justifiant le maintien du soutien \u00e0 J\u00e9rusalem. \"Le fait que l'Allemagne s'engage \u00e0 faciliter ou \u00e0 am\u00e9liorer l'aide humanitaire \u00e0 Gaza pour sa population souffrante ne change pas la situation\", ajoute-t-il apr\u00e8s avoir cit\u00e9 le ministre allemand des Affaires \u00e9trang\u00e8res faisant r\u00e9f\u00e9rence \u00e0 \"l'enfer de Gaza\" tout en d\u00e9crivant les efforts d\u00e9ploy\u00e9s pour am\u00e9liorer l'acc\u00e8s \u00e0 l'aide humanitaire. Au contraire, c'est \"une excuse path\u00e9tique, pour les enfants, les femmes et les hommes palestiniens de Gaza, de fournir d\u2019une part une aide humanitaire, y compris par des largages a\u00e9riens, et d\u2019autre part les armes et l'\u00e9quipement militaire qui sont utilis\u00e9s pour les tuer et les an\u00e9antir - et pour tuer \u00e9galement les travailleurs humanitaires, comme l'a montr\u00e9 r\u00e9cemment l'attaque au missile contre les v\u00e9hicules et les travailleurs de World Central Kitchen.\"<\/p>\n\n\n\n<p>Arg\u00fcello G\u00f3mez est encore plus incisif. \"Il y a une autre r\u00e9alit\u00e9 moins noble qui n'est peut-\u00eatre pas connue de la majorit\u00e9 du peuple allemand : la contrepartie lucrative. Les entreprises allemandes impliqu\u00e9es dans l'industrie militaire profitent directement de la situation puisqu'elles ont vu le cours de leurs actions augmenter depuis le 7 octobre et qu'elles ont consid\u00e9rablement accru les contrats de d\u00e9veloppement conjoint d'armes avec leurs homologues isra\u00e9liens\", affirme-t-il. \"Les entreprises isra\u00e9liennes annoncent fi\u00e8rement que leurs produits ont \u00e9t\u00e9 \u2018test\u00e9s au combat\u2019. Il va sans dire que depuis des ann\u00e9es, la communaut\u00e9 internationale sait que le terrain d'essai est la Palestine et son peuple, en particulier les Palestiniens vivant \u00e0 Gaza.\"<\/p>\n\n\n\n<h2 class=\"wp-block-heading\" id=\"h-le-dilemme-de-l-allemagne\">Le dilemme de l'Allemagne<\/h2>\n\n\n\n<p>Alain Pellet, avocat fran\u00e7ais chevronn\u00e9 qui a \u00e9galement repr\u00e9sent\u00e9 le Nicaragua devant la CIJ il y a 40 ans, anticipe un argument attendu de l'Allemagne selon lequel l'affaire devrait \u00eatre rejet\u00e9e car elle concerne le comportement d'Isra\u00ebl alors que ce dernier n'est pas une partie dans cette plainte. \"Il ne s'agit pas de savoir si Isra\u00ebl a manqu\u00e9 \u00e0 ses obligations internationales, mais si l'Allemagne a manqu\u00e9 aux siennes. L'Allemagne \u00e9tait et est pleinement consciente des risques li\u00e9s \u00e0 l'utilisation des armes qu'elle a fournies et continue de fournir \u00e0 Isra\u00ebl pour commettre un g\u00e9nocide contre le peuple palestinien. Il va sans dire que le g\u00e9nocide en question serait internationalement ill\u00e9gal s'il \u00e9tait commis par l'Allemagne elle-m\u00eame. Il est de la plus grande urgence que l'Allemagne suspende enfin l'aide et l'assistance qu'elle fournit \u00e0 cette fin, aide et assistance qui entrent pleinement dans la d\u00e9finition de la complicit\u00e9 incrimin\u00e9e par l'article III de la Convention [sur le g\u00e9nocide]\", dit Pellet \u00e0 la Cour.<\/p>\n\n\n\n<p>Tania von Uslar-Gleichen, conseill\u00e8re juridique et directrice g\u00e9n\u00e9rale des Affaires juridiques au minist\u00e8re f\u00e9d\u00e9ral allemand des Affaires \u00e9trang\u00e8res, rappelle que \"la s\u00e9curit\u00e9 d'Isra\u00ebl a \u00e9t\u00e9 au c\u0153ur de la politique \u00e9trang\u00e8re allemande\". Elle reprend un grand nombre des citations de fonctionnaires allemands que le Nicaragua a rapport\u00e9es \u00e0 propos de la conduite de la guerre par Isra\u00ebl, avant de r\u00e9torquer : \"Ces citations ne sont pas des preuves, comme le pr\u00e9tend le Nicaragua, que l'Allemagne n'assume pas ses responsabilit\u00e9s. Au contraire, le fait d'appeler au respect du droit international ne constitue pas une manifestation de sa violation. Pour nous, ces citations prouvent que l'Allemagne remplit ses obligations en mati\u00e8re de respect du droit international humanitaire.\" En fait, \"l'Allemagne est le plus grand donateur individuel d'aide humanitaire\", souligne-t-elle, et elle agit \"non seulement par l'interm\u00e9diaire de l'UNRWA, mais aussi d'organisations telles que l'OCHA [Bureau de la coordination des affaires humanitaires de l\u2019Onu], le Programme alimentaire mondial, le CICR [Comit\u00e9 international de la Croix-Rouge] et la Croix-Rouge allemande.\"<\/p>\n\n\n\n<p>\"L'ensemble de la communaut\u00e9 internationale est aux prises avec le dilemme politique, moral et juridique que pose la situation \u00e0 Gaza\", dit-elle. \"Les principes que j'ai mentionn\u00e9s - protection de la s\u00e9curit\u00e9 d'Isra\u00ebl et soutien des droits des Palestiniens - ont oblig\u00e9 l'Allemagne \u00e0 faire des choix difficiles.\"<\/p>\n\n\n\n<h2 class=\"wp-block-heading\" id=\"h-le-point-faible-du-nicaragua\">Le point faible du Nicaragua<\/h2>\n\n\n\n<p>En ce qui concerne les exportations d'armes, Christian Tams, membre de l'\u00e9quipe juridique de l'Allemagne, plaide que \"l'image pr\u00e9sent\u00e9e par le Nicaragua est au mieux inexacte, et au pire une d\u00e9formation d\u00e9lib\u00e9r\u00e9e de la situation r\u00e9elle. Pour chaque licence accord\u00e9e, le gouvernement allemand \u00e9value soigneusement s'il existe un risque manifeste que le mat\u00e9riel particulier soumis \u00e0 licence soit utilis\u00e9 pour commettre un g\u00e9nocide, des crimes contre l'humanit\u00e9 ou des infractions graves aux conventions de Gen\u00e8ve de 1949. Cette exigence d\u00e9coule de r\u00e8gles contraignantes du droit allemand et europ\u00e9en, qui vont au-del\u00e0 des exigences internationales.\"<\/p>\n\n\n\n<p>Samuel Wordsworth, un autre conseiller de l'Allemagne, met quant \u00e0 lui l'accent sur ce qui pourrait s'av\u00e9rer la plus grande pierre d'achoppement pour le Nicaragua : l'absence d'un diff\u00e9rend \u00e9tabli entre les deux pays. C'est \"17 jours seulement apr\u00e8s que l'Allemagne a re\u00e7u la note verbale du Nicaragua, [que] la proc\u00e9dure actuelle a \u00e9t\u00e9 engag\u00e9e sans avertissement pr\u00e9alable, en s'appuyant, pour la pr\u00e9tendue existence d'un diff\u00e9rend, sur quelques mots prononc\u00e9s par un repr\u00e9sentant du gouvernement lors d'une conf\u00e9rence de presse \u00e0 caract\u00e8re g\u00e9n\u00e9ral\", fait-il remarquer. L'agent du Nicaragua a bien reconnu que \"le temps et le niveau bilat\u00e9ral des \u00e9changes n'ont pas \u00e9t\u00e9 longs et \u00e9tendus\", mais il a justifi\u00e9 cette bri\u00e8vet\u00e9 par le contexte du \"g\u00e9nocide en cours\" et d\u00e9clar\u00e9 que \"ce serait un repli formaliste aveugle que d'exiger une s\u00e9rie d'\u00e9changes diplomatiques\".<\/p>\n\n\n\n<p>Apparemment, en f\u00e9vrier le Nicaragua a envoy\u00e9 le m\u00eame courrier \u00e9lectronique \u00e0 l'origine du diff\u00e9rend avec l\u2019Allemagne \u00e0 trois autres \u00c9tats - le Canada, les Pays-Bas et le Royaume-Uni \u2013 \u00e0 l\u2019adresse de leur service de communication publique plut\u00f4t que directement aux ambassadeurs \u00e0 Managua. \"L'Allemagne r\u00e9fl\u00e9chissait activement \u00e0 sa r\u00e9ponse et cherchait \u00e0 se coordonner avec les trois \u00c9tats qui avaient re\u00e7u des courriels similaires lorsque, sans avertissement, le Nicaragua a entam\u00e9 la proc\u00e9dure actuelle, le 1<sup>er<\/sup> mars\", raconte Wordsworth.<\/p>\n\n\n\n<h2 class=\"wp-block-heading\" id=\"h-recours-judiciaires-nationaux\">Recours judiciaires nationaux<\/h2>\n\n\n\n<p>Deux des demandes de mesures d'urgence formul\u00e9es par le Nicaragua \u00e0 l'encontre de l'Allemagne concernent les exportations d'armes et visent \u00e0 les faire cesser. La troisi\u00e8me mesure demande que le financement de l'UNWRA soit enti\u00e8rement r\u00e9tabli. \"Il est tr\u00e8s peu probable que la Cour accepte la demande du Nicaragua dans son ensemble\", analyse Ambos. \"Surtout, je ne pense pas que la Cour demandera \u00e0 un \u00c9tat de suspendre ou de cesser de fournir des armes \u00e0 un autre \u00c9tat. Il est difficile de penser que la Cour impose une telle obligation \u00e0 un \u00c9tat tiers. Je pense que la Cour sera tout simplement trop prudente.\"<\/p>\n\n\n\n<p>Mais si elle le faisait, l'impact le plus important serait peut-\u00eatre \"au niveau national\", ajoute-t-il. Il y a quelques jours, une plainte a \u00e9t\u00e9 d\u00e9pos\u00e9e aupr\u00e8s du tribunal administratif de Berlin, note-t-il, qui va dans le m\u00eame sens qu'une r\u00e9cente proc\u00e9dure d'appel aux Pays-bas, et argue que \"l'Allemagne ne peut pas fournir d'armes \u00e0 Isra\u00ebl \u00e9tant donn\u00e9 les violations du DIH [droit international humanitaire] et le g\u00e9nocide plausible d'Isra\u00ebl.\"<\/p>\n\n\n<div class=\"articleLink articleLink--editorRecommanded articleLink--textInImage articleLink--textTop\" style=\"\">\r\n\t\t\t\t\t\r\n\t\t\t<div class=\"articleLinkSurTitle\">Recommand\u00e9 par la r\u00e9daction<\/div>\r\n\t\t\t<a class=\"articleLinkImageLink\" href=\"https:\/\/www.justiceinfo.net\/fr\/129144-cij-nouvelle-arme-nucleaire-petits-etats.html\"><div class=\"articleLinkImageContainer \"><img loading=\"lazy\" decoding=\"async\" width=\"540\" height=\"360\" src=\"https:\/\/www.justiceinfo.net\/wp-content\/uploads\/Ukraine-Russia_International-Court-of-Justice-Maldives_@CIJ-ICJ-540x360.jpg\" class=\"articleLinkImage backgroundImageTag w-100 wp-post-image\" alt=\"La Cour internationale de justice (CIJ) a entendu les arguments d&#039;Aishath Shaan Shakir pour les Maldives, au sujet de l&#039;occupation de la Palestine par Isra\u00ebl.\" srcset=\"\" sizes=\"auto, (max-width: 540px) 100vw, 540px\" \/><\/div><\/a>\r\n\t\t\t<a href=\"https:\/\/www.justiceinfo.net\/fr\/129144-cij-nouvelle-arme-nucleaire-petits-etats.html\" class=\"articleLinkTitle articleLinkTitle--default\">\r\n\t\t\tLa CIJ, nouvelle \"arme nucl\u00e9aire\" des petits \u00c9tats ?\r\n\t\t<\/a>\r\n\t\t\r\n\t\t\t\t<\/div>\n","protected":false},"excerpt":{"rendered":"<p>Les 8 et 9 avril, la Cour internationale de justice a entendu les avocats du Nicaragua qui soutiennent que l'Allemagne viole la Convention sur le g\u00e9nocide en continuant \u00e0 fournir des armes \u00e0 Isra\u00ebl. Cela fait suite \u00e0 l\u2019action intent\u00e9e par l'Afrique du Sud contre Isra\u00ebl devant la m\u00eame cour. Cette plainte ne sera peut-\u00eatre [&hellip;]<\/p>\n","protected":false},"author":79,"featured_media":130703,"comment_status":"open","ping_status":"closed","sticky":false,"template":"","format":"standard","meta":{"_acf_changed":false,"footnotes":""},"categories":[4138],"tags":[2936,2629],"ji_location":[2378,2402],"class_list":["post-130699","post","type-post","status-publish","format-standard","has-post-thumbnail","hentry","category-cour-internationale-de-justice-cij","tag-droit-international-humanitaire","tag-genocide","ji_location-nicaragua","ji_location-palestine"],"acf":[],"yoast_head":"<!-- This site is optimized with the Yoast SEO Premium plugin v25.3.1 (Yoast SEO v25.3.1) - https:\/\/yoast.com\/wordpress\/plugins\/seo\/ -->\n<title>Cour internationale de justice : le Nicaragua \u00e9largit la bataille judiciaire sur la Palestine<\/title>\n<meta name=\"description\" content=\"Dans l&#039;affaire Palestine contre Isra\u00ebl devant la Cour internationale de justice (CIJ), le Nicaragua soutient que l&#039;Allemagne viole la Convention sur le g\u00e9nocide en continuant \u00e0 fournir des armes \u00e0 Isra\u00ebl.\" \/>\n<meta name=\"robots\" content=\"index, follow, max-snippet:-1, max-image-preview:large, max-video-preview:-1\" \/>\n<link rel=\"canonical\" href=\"https:\/\/www.justiceinfo.net\/fr\/130699-nicaragua-elargit-bataille-judiciaire-palestine.html\" \/>\n<meta property=\"og:locale\" content=\"fr_FR\" \/>\n<meta property=\"og:type\" content=\"article\" \/>\n<meta property=\"og:title\" content=\"Le Nicaragua \u00e9largit la bataille judiciaire sur la Palestine\" \/>\n<meta property=\"og:description\" content=\"Dans l&#039;affaire Palestine contre Isra\u00ebl devant la Cour internationale de justice (CIJ), le Nicaragua soutient que l&#039;Allemagne viole la Convention sur le g\u00e9nocide en continuant \u00e0 fournir des armes \u00e0 Isra\u00ebl.\" \/>\n<meta property=\"og:url\" content=\"https:\/\/www.justiceinfo.net\/fr\/130699-nicaragua-elargit-bataille-judiciaire-palestine.html\" \/>\n<meta property=\"og:site_name\" content=\"JusticeInfo.net\" \/>\n<meta property=\"article:publisher\" content=\"https:\/\/www.facebook.com\/JusticeInfo\/\" \/>\n<meta property=\"article:published_time\" content=\"2024-04-12T09:04:10+00:00\" \/>\n<meta property=\"article:modified_time\" content=\"2024-04-12T09:04:12+00:00\" \/>\n<meta property=\"og:image\" content=\"https:\/\/www.justiceinfo.net\/wp-content\/uploads\/Palestine_israeli-tank_@Mehahem-Kahana-AFP.jpg\" \/>\n\t<meta property=\"og:image:width\" content=\"1200\" \/>\n\t<meta property=\"og:image:height\" content=\"800\" \/>\n\t<meta property=\"og:image:type\" content=\"image\/jpeg\" \/>\n<meta name=\"author\" content=\"janderson\" \/>\n<meta name=\"twitter:card\" content=\"summary_large_image\" \/>\n<meta name=\"twitter:creator\" content=\"@janethanderson\" \/>\n<meta name=\"twitter:site\" content=\"@justiceinfonet\" \/>\n<meta name=\"twitter:label1\" content=\"\u00c9crit par\" \/>\n\t<meta name=\"twitter:data1\" content=\"janderson\" \/>\n\t<meta name=\"twitter:label2\" content=\"Dur\u00e9e de lecture estim\u00e9e\" \/>\n\t<meta name=\"twitter:data2\" content=\"10 minutes\" \/>\n<script type=\"application\/ld+json\" class=\"yoast-schema-graph\">{\"@context\":\"https:\/\/schema.org\",\"@graph\":[{\"@type\":\"NewsArticle\",\"@id\":\"https:\/\/www.justiceinfo.net\/fr\/130699-nicaragua-elargit-bataille-judiciaire-palestine.html#article\",\"isPartOf\":{\"@id\":\"https:\/\/www.justiceinfo.net\/fr\/130699-nicaragua-elargit-bataille-judiciaire-palestine.html\"},\"author\":{\"name\":\"janderson\",\"@id\":\"https:\/\/www.justiceinfo.net\/fr#\/schema\/person\/28784f9ef986d3631dded75f4d7d63ac\"},\"headline\":\"Le Nicaragua \u00e9largit la bataille judiciaire sur la Palestine\",\"datePublished\":\"2024-04-12T09:04:10+00:00\",\"dateModified\":\"2024-04-12T09:04:12+00:00\",\"mainEntityOfPage\":{\"@id\":\"https:\/\/www.justiceinfo.net\/fr\/130699-nicaragua-elargit-bataille-judiciaire-palestine.html\"},\"wordCount\":2155,\"commentCount\":0,\"publisher\":{\"@id\":\"https:\/\/www.justiceinfo.net\/fr#organization\"},\"image\":{\"@id\":\"https:\/\/www.justiceinfo.net\/fr\/130699-nicaragua-elargit-bataille-judiciaire-palestine.html#primaryimage\"},\"thumbnailUrl\":\"https:\/\/www.justiceinfo.net\/wp-content\/uploads\/Palestine_israeli-tank_@Mehahem-Kahana-AFP.jpg\",\"keywords\":[\"droit international humanitaire\",\"g\u00e9nocide\"],\"articleSection\":[\"CIJ\"],\"inLanguage\":\"fr-FR\",\"potentialAction\":[{\"@type\":\"CommentAction\",\"name\":\"Comment\",\"target\":[\"https:\/\/www.justiceinfo.net\/fr\/130699-nicaragua-elargit-bataille-judiciaire-palestine.html#respond\"]}]},{\"@type\":\"WebPage\",\"@id\":\"https:\/\/www.justiceinfo.net\/fr\/130699-nicaragua-elargit-bataille-judiciaire-palestine.html\",\"url\":\"https:\/\/www.justiceinfo.net\/fr\/130699-nicaragua-elargit-bataille-judiciaire-palestine.html\",\"name\":\"Cour internationale de justice : le Nicaragua \u00e9largit la bataille judiciaire sur la Palestine\",\"isPartOf\":{\"@id\":\"https:\/\/www.justiceinfo.net\/fr#website\"},\"primaryImageOfPage\":{\"@id\":\"https:\/\/www.justiceinfo.net\/fr\/130699-nicaragua-elargit-bataille-judiciaire-palestine.html#primaryimage\"},\"image\":{\"@id\":\"https:\/\/www.justiceinfo.net\/fr\/130699-nicaragua-elargit-bataille-judiciaire-palestine.html#primaryimage\"},\"thumbnailUrl\":\"https:\/\/www.justiceinfo.net\/wp-content\/uploads\/Palestine_israeli-tank_@Mehahem-Kahana-AFP.jpg\",\"datePublished\":\"2024-04-12T09:04:10+00:00\",\"dateModified\":\"2024-04-12T09:04:12+00:00\",\"description\":\"Dans l'affaire Palestine contre Isra\u00ebl devant la Cour internationale de justice (CIJ), le Nicaragua soutient que l'Allemagne viole la Convention sur le g\u00e9nocide en continuant \u00e0 fournir des armes \u00e0 Isra\u00ebl.\",\"breadcrumb\":{\"@id\":\"https:\/\/www.justiceinfo.net\/fr\/130699-nicaragua-elargit-bataille-judiciaire-palestine.html#breadcrumb\"},\"inLanguage\":\"fr-FR\",\"potentialAction\":[{\"@type\":\"ReadAction\",\"target\":[\"https:\/\/www.justiceinfo.net\/fr\/130699-nicaragua-elargit-bataille-judiciaire-palestine.html\"]}]},{\"@type\":\"ImageObject\",\"inLanguage\":\"fr-FR\",\"@id\":\"https:\/\/www.justiceinfo.net\/fr\/130699-nicaragua-elargit-bataille-judiciaire-palestine.html#primaryimage\",\"url\":\"https:\/\/www.justiceinfo.net\/wp-content\/uploads\/Palestine_israeli-tank_@Mehahem-Kahana-AFP.jpg\",\"contentUrl\":\"https:\/\/www.justiceinfo.net\/wp-content\/uploads\/Palestine_israeli-tank_@Mehahem-Kahana-AFP.jpg\",\"width\":1200,\"height\":800,\"caption\":\"L'Allemagne est le deuxi\u00e8me fournisseur d'armes \u00e0 Isra\u00ebl, notamment pour des batteries anti-missile, des explosifs, mais aussi pour des moteurs de chars d'assaut. Pour le Nicaragua, ce soutien militaire rel\u00e8ve d'une complicit\u00e9 dans ce qu'il d\u00e9crit comme un g\u00e9nocide \u00e0 Gaza. Photo : \u00a9 Mehahem Kahana \/ AFP\"},{\"@type\":\"BreadcrumbList\",\"@id\":\"https:\/\/www.justiceinfo.net\/fr\/130699-nicaragua-elargit-bataille-judiciaire-palestine.html#breadcrumb\",\"itemListElement\":[{\"@type\":\"ListItem\",\"position\":1,\"name\":\"Home\",\"item\":\"https:\/\/www.justiceinfo.net\/fr\"},{\"@type\":\"ListItem\",\"position\":2,\"name\":\"Le Nicaragua \u00e9largit la bataille judiciaire sur la Palestine\"}]},{\"@type\":\"WebSite\",\"@id\":\"https:\/\/www.justiceinfo.net\/fr#website\",\"url\":\"https:\/\/www.justiceinfo.net\/fr\",\"name\":\"JusticeInfo.net\",\"description\":\"La justice doit \u00eatre vue pour \u00eatre rendue\",\"publisher\":{\"@id\":\"https:\/\/www.justiceinfo.net\/fr#organization\"},\"potentialAction\":[{\"@type\":\"SearchAction\",\"target\":{\"@type\":\"EntryPoint\",\"urlTemplate\":\"https:\/\/www.justiceinfo.net\/fr?s={search_term_string}\"},\"query-input\":{\"@type\":\"PropertyValueSpecification\",\"valueRequired\":true,\"valueName\":\"search_term_string\"}}],\"inLanguage\":\"fr-FR\"},{\"@type\":\"Organization\",\"@id\":\"https:\/\/www.justiceinfo.net\/fr#organization\",\"name\":\"Justice Info\",\"url\":\"https:\/\/www.justiceinfo.net\/fr\",\"logo\":{\"@type\":\"ImageObject\",\"inLanguage\":\"fr-FR\",\"@id\":\"https:\/\/www.justiceinfo.net\/fr#\/schema\/logo\/image\/\",\"url\":\"https:\/\/www.justiceinfo.net\/wp-content\/uploads\/justiceinfo_logo-trans_1200x1200px.png\",\"contentUrl\":\"https:\/\/www.justiceinfo.net\/wp-content\/uploads\/justiceinfo_logo-trans_1200x1200px.png\",\"width\":1199,\"height\":1200,\"caption\":\"Justice Info\"},\"image\":{\"@id\":\"https:\/\/www.justiceinfo.net\/fr#\/schema\/logo\/image\/\"},\"sameAs\":[\"https:\/\/www.facebook.com\/JusticeInfo\/\",\"https:\/\/x.com\/justiceinfonet\",\"https:\/\/www.linkedin.com\/company\/justice-info\",\"https:\/\/www.youtube.com\/channel\/UCyCEsARodyuWtkWyhn-e7pA\"]},{\"@type\":\"Person\",\"name\":\"janderson\",\"sameAs\":[\"https:\/\/x.com\/janethanderson\"],\"url\":\"https:\/\/www.justiceinfo.net\/fr\/auteur\/janderson\"}]}<\/script>\n<!-- \/ Yoast SEO Premium plugin. -->","yoast_head_json":{"title":"Cour internationale de justice : le Nicaragua \u00e9largit la bataille judiciaire sur la Palestine","description":"Dans l'affaire Palestine contre Isra\u00ebl devant la Cour internationale de justice (CIJ), le Nicaragua soutient que l'Allemagne viole la Convention sur le g\u00e9nocide en continuant \u00e0 fournir des armes \u00e0 Isra\u00ebl.","robots":{"index":"index","follow":"follow","max-snippet":"max-snippet:-1","max-image-preview":"max-image-preview:large","max-video-preview":"max-video-preview:-1"},"canonical":"https:\/\/www.justiceinfo.net\/fr\/130699-nicaragua-elargit-bataille-judiciaire-palestine.html","og_locale":"fr_FR","og_type":"article","og_title":"Le Nicaragua \u00e9largit la bataille judiciaire sur la Palestine","og_description":"Dans l'affaire Palestine contre Isra\u00ebl devant la Cour internationale de justice (CIJ), le Nicaragua soutient que l'Allemagne viole la Convention sur le g\u00e9nocide en continuant \u00e0 fournir des armes \u00e0 Isra\u00ebl.","og_url":"https:\/\/www.justiceinfo.net\/fr\/130699-nicaragua-elargit-bataille-judiciaire-palestine.html","og_site_name":"JusticeInfo.net","article_publisher":"https:\/\/www.facebook.com\/JusticeInfo\/","article_published_time":"2024-04-12T09:04:10+00:00","article_modified_time":"2024-04-12T09:04:12+00:00","og_image":[{"width":1200,"height":800,"url":"https:\/\/www.justiceinfo.net\/wp-content\/uploads\/Palestine_israeli-tank_@Mehahem-Kahana-AFP.jpg","type":"image\/jpeg"}],"author":"janderson","twitter_card":"summary_large_image","twitter_creator":"@janethanderson","twitter_site":"@justiceinfonet","twitter_misc":{"\u00c9crit par":"janderson","Dur\u00e9e de lecture estim\u00e9e":"10 minutes"},"schema":{"@context":"https:\/\/schema.org","@graph":[{"@type":"NewsArticle","@id":"https:\/\/www.justiceinfo.net\/fr\/130699-nicaragua-elargit-bataille-judiciaire-palestine.html#article","isPartOf":{"@id":"https:\/\/www.justiceinfo.net\/fr\/130699-nicaragua-elargit-bataille-judiciaire-palestine.html"},"author":{"name":"janderson","@id":"https:\/\/www.justiceinfo.net\/fr#\/schema\/person\/28784f9ef986d3631dded75f4d7d63ac"},"headline":"Le Nicaragua \u00e9largit la bataille judiciaire sur la Palestine","datePublished":"2024-04-12T09:04:10+00:00","dateModified":"2024-04-12T09:04:12+00:00","mainEntityOfPage":{"@id":"https:\/\/www.justiceinfo.net\/fr\/130699-nicaragua-elargit-bataille-judiciaire-palestine.html"},"wordCount":2155,"commentCount":0,"publisher":{"@id":"https:\/\/www.justiceinfo.net\/fr#organization"},"image":{"@id":"https:\/\/www.justiceinfo.net\/fr\/130699-nicaragua-elargit-bataille-judiciaire-palestine.html#primaryimage"},"thumbnailUrl":"https:\/\/www.justiceinfo.net\/wp-content\/uploads\/Palestine_israeli-tank_@Mehahem-Kahana-AFP.jpg","keywords":["droit international humanitaire","g\u00e9nocide"],"articleSection":["CIJ"],"inLanguage":"fr-FR","potentialAction":[{"@type":"CommentAction","name":"Comment","target":["https:\/\/www.justiceinfo.net\/fr\/130699-nicaragua-elargit-bataille-judiciaire-palestine.html#respond"]}]},{"@type":"WebPage","@id":"https:\/\/www.justiceinfo.net\/fr\/130699-nicaragua-elargit-bataille-judiciaire-palestine.html","url":"https:\/\/www.justiceinfo.net\/fr\/130699-nicaragua-elargit-bataille-judiciaire-palestine.html","name":"Cour internationale de justice : le Nicaragua \u00e9largit la bataille judiciaire sur la Palestine","isPartOf":{"@id":"https:\/\/www.justiceinfo.net\/fr#website"},"primaryImageOfPage":{"@id":"https:\/\/www.justiceinfo.net\/fr\/130699-nicaragua-elargit-bataille-judiciaire-palestine.html#primaryimage"},"image":{"@id":"https:\/\/www.justiceinfo.net\/fr\/130699-nicaragua-elargit-bataille-judiciaire-palestine.html#primaryimage"},"thumbnailUrl":"https:\/\/www.justiceinfo.net\/wp-content\/uploads\/Palestine_israeli-tank_@Mehahem-Kahana-AFP.jpg","datePublished":"2024-04-12T09:04:10+00:00","dateModified":"2024-04-12T09:04:12+00:00","description":"Dans l'affaire Palestine contre Isra\u00ebl devant la Cour internationale de justice (CIJ), le Nicaragua soutient que l'Allemagne viole la Convention sur le g\u00e9nocide en continuant \u00e0 fournir des armes \u00e0 Isra\u00ebl.","breadcrumb":{"@id":"https:\/\/www.justiceinfo.net\/fr\/130699-nicaragua-elargit-bataille-judiciaire-palestine.html#breadcrumb"},"inLanguage":"fr-FR","potentialAction":[{"@type":"ReadAction","target":["https:\/\/www.justiceinfo.net\/fr\/130699-nicaragua-elargit-bataille-judiciaire-palestine.html"]}]},{"@type":"ImageObject","inLanguage":"fr-FR","@id":"https:\/\/www.justiceinfo.net\/fr\/130699-nicaragua-elargit-bataille-judiciaire-palestine.html#primaryimage","url":"https:\/\/www.justiceinfo.net\/wp-content\/uploads\/Palestine_israeli-tank_@Mehahem-Kahana-AFP.jpg","contentUrl":"https:\/\/www.justiceinfo.net\/wp-content\/uploads\/Palestine_israeli-tank_@Mehahem-Kahana-AFP.jpg","width":1200,"height":800,"caption":"L'Allemagne est le deuxi\u00e8me fournisseur d'armes \u00e0 Isra\u00ebl, notamment pour des batteries anti-missile, des explosifs, mais aussi pour des moteurs de chars d'assaut. Pour le Nicaragua, ce soutien militaire rel\u00e8ve d'une complicit\u00e9 dans ce qu'il d\u00e9crit comme un g\u00e9nocide \u00e0 Gaza. Photo : \u00a9 Mehahem Kahana \/ AFP"},{"@type":"BreadcrumbList","@id":"https:\/\/www.justiceinfo.net\/fr\/130699-nicaragua-elargit-bataille-judiciaire-palestine.html#breadcrumb","itemListElement":[{"@type":"ListItem","position":1,"name":"Home","item":"https:\/\/www.justiceinfo.net\/fr"},{"@type":"ListItem","position":2,"name":"Le Nicaragua \u00e9largit la bataille judiciaire sur la Palestine"}]},{"@type":"WebSite","@id":"https:\/\/www.justiceinfo.net\/fr#website","url":"https:\/\/www.justiceinfo.net\/fr","name":"JusticeInfo.net","description":"La justice doit \u00eatre vue pour \u00eatre rendue","publisher":{"@id":"https:\/\/www.justiceinfo.net\/fr#organization"},"potentialAction":[{"@type":"SearchAction","target":{"@type":"EntryPoint","urlTemplate":"https:\/\/www.justiceinfo.net\/fr?s={search_term_string}"},"query-input":{"@type":"PropertyValueSpecification","valueRequired":true,"valueName":"search_term_string"}}],"inLanguage":"fr-FR"},{"@type":"Organization","@id":"https:\/\/www.justiceinfo.net\/fr#organization","name":"Justice Info","url":"https:\/\/www.justiceinfo.net\/fr","logo":{"@type":"ImageObject","inLanguage":"fr-FR","@id":"https:\/\/www.justiceinfo.net\/fr#\/schema\/logo\/image\/","url":"https:\/\/www.justiceinfo.net\/wp-content\/uploads\/justiceinfo_logo-trans_1200x1200px.png","contentUrl":"https:\/\/www.justiceinfo.net\/wp-content\/uploads\/justiceinfo_logo-trans_1200x1200px.png","width":1199,"height":1200,"caption":"Justice Info"},"image":{"@id":"https:\/\/www.justiceinfo.net\/fr#\/schema\/logo\/image\/"},"sameAs":["https:\/\/www.facebook.com\/JusticeInfo\/","https:\/\/x.com\/justiceinfonet","https:\/\/www.linkedin.com\/company\/justice-info","https:\/\/www.youtube.com\/channel\/UCyCEsARodyuWtkWyhn-e7pA"]},{"@type":"Person","name":"janderson","sameAs":["https:\/\/x.com\/janethanderson"],"url":"https:\/\/www.justiceinfo.net\/fr\/auteur\/janderson"}]}},"_links":{"self":[{"href":"https:\/\/www.justiceinfo.net\/fr\/wp-json\/wp\/v2\/posts\/130699","targetHints":{"allow":["GET"]}}],"collection":[{"href":"https:\/\/www.justiceinfo.net\/fr\/wp-json\/wp\/v2\/posts"}],"about":[{"href":"https:\/\/www.justiceinfo.net\/fr\/wp-json\/wp\/v2\/types\/post"}],"author":[{"embeddable":true,"href":"https:\/\/www.justiceinfo.net\/fr\/wp-json\/wp\/v2\/users\/79"}],"replies":[{"embeddable":true,"href":"https:\/\/www.justiceinfo.net\/fr\/wp-json\/wp\/v2\/comments?post=130699"}],"version-history":[{"count":3,"href":"https:\/\/www.justiceinfo.net\/fr\/wp-json\/wp\/v2\/posts\/130699\/revisions"}],"predecessor-version":[{"id":130711,"href":"https:\/\/www.justiceinfo.net\/fr\/wp-json\/wp\/v2\/posts\/130699\/revisions\/130711"}],"wp:featuredmedia":[{"embeddable":true,"href":"https:\/\/www.justiceinfo.net\/fr\/wp-json\/wp\/v2\/media\/130703"}],"wp:attachment":[{"href":"https:\/\/www.justiceinfo.net\/fr\/wp-json\/wp\/v2\/media?parent=130699"}],"wp:term":[{"taxonomy":"category","embeddable":true,"href":"https:\/\/www.justiceinfo.net\/fr\/wp-json\/wp\/v2\/categories?post=130699"},{"taxonomy":"post_tag","embeddable":true,"href":"https:\/\/www.justiceinfo.net\/fr\/wp-json\/wp\/v2\/tags?post=130699"},{"taxonomy":"ji_location","embeddable":true,"href":"https:\/\/www.justiceinfo.net\/fr\/wp-json\/wp\/v2\/ji_location?post=130699"}],"curies":[{"name":"wp","href":"https:\/\/api.w.org\/{rel}","templated":true}]}}