{"id":13084,"date":"2011-05-18T00:00:00","date_gmt":"2011-05-17T22:00:00","guid":{"rendered":"https:\/\/www.justiceinfo.net\/13084-180511-cpicooperation-la-colombie-signe-un-accord-pour-lexecution-des-peines9894.html"},"modified":"2011-05-18T00:00:00","modified_gmt":"2011-05-17T22:00:00","slug":"180511-cpicooperation-la-colombie-signe-un-accord-pour-lexecution-des-peines9894","status":"publish","type":"post","link":"https:\/\/www.justiceinfo.net\/fr\/13084-180511-cpicooperation-la-colombie-signe-un-accord-pour-lexecution-des-peines9894.html","title":{"rendered":"18.05.11 - CPI\/COOPERATION - LA COLOMBIE SIGNE UN ACCORD POUR L'EXECUTION DES PEINES"},"content":{"rendered":"<p>\nLa Haye, 18 mai 2011 (FH) - La Colombie a sign&eacute;, le 17 mai, un accord d'ex&eacute;cution des peines avec la Cour p&eacute;nale internationale (CPI). Apr&egrave;s l'Autriche, la Belgique, le Danemark, la Finlande, le Royaume-Uni et la Serbie, la Colombie est le septi&egrave;me Etat qui pourra accueillir dans ses prisons les personnes condamn&eacute;es par les juges de la Cour. A ce jour cependant, et neuf ans apr&egrave;s sa mise en place, la CPI n'a prononc&eacute; aucune condamnation.\n<\/p>\n<p><!--more--><\/p>\n<p >\n<p >\nL'accord a &eacute;t&eacute; sign&eacute; le 17 mai par le pr&eacute;sident colombien, Juan Manuel Santos, et le pr&eacute;sident de la CPI, Sang-Huyn Song, au cours d'une c&eacute;r&eacute;monie organis&eacute;e &agrave; la Casa de Narino, le si&egrave;ge du gouvernement. Selon le quotidien colombien, El Espectador, le magistrat sud-cor&eacute;en a aussi rencontr&eacute;, au cours de sa visite, le ministre de l'Int&eacute;rieur et de la Justice, Germain Vargas, le procureur g&eacute;n&eacute;ral, Viviane Morales, ainsi que des repr&eacute;sentants du Haut Commissariat aux droits de l'homme des Nations unies (HCDH). Sang-Huyn Song aurait notamment &eacute;voqu&eacute;, avec ses interlocuteurs, la d&eacute;mobilisation des groupes arm&eacute;s ill&eacute;gaux, l'indemnisation des victimes et le cas de dirigeants paramilitaires extrad&eacute;s vers les Etats-Unis.\n<\/p>\n<p >\nLe conflit arm&eacute; en Colombie oppose, depuis plus de 20 ans, les Forces arm&eacute;es r&eacute;volutionnaires de Colombie (FARC), l'Arm&eacute;e de lib&eacute;ration nationale (ELN), l'arm&eacute;e r&eacute;guli&egrave;re, accus&eacute;e d'ex&eacute;cutions extrajudiciaires et des bandes criminelles compos&eacute;es d'anciens membres de milices paramilitaires d'extr&ecirc;me-droite, dissoutes entre 2003 et 2006.\n<\/p>\n<p >\nAdopt&eacute;e en 2005 &agrave; Bogota, la loi Justice et Paix a permis la d&eacute;mobilisation de 31 000 combattants. Ils risquent une peine maximale de huit ans de prison s'ils acceptent de passer aux aveux. Mais selon un rapport de 2010, publi&eacute; par la F&eacute;d&eacute;ration internationale des droits de l'homme (FIDH), 92% d'entre eux auraient b&eacute;n&eacute;fici&eacute; de l'amnistie.\n<\/p>\n<p >\nParall&egrave;lement, le procureur de la CPI &laquo; analyse &raquo; [&eacute;tape judiciaire pr&eacute;c&eacute;dent l'ouverture, ou non, d'une enqu&ecirc;te], depuis 2006, la situation en Colombie, dont la responsabilit&eacute; de chefs paramilitaires, de personnalit&eacute;s politiques, de chefs de la gu&eacute;rilla et de membres des forces arm&eacute;es. Il travaillerait aussi sur &laquo; les all&eacute;gations faisant &eacute;tat de r&eacute;seaux internationaux qui viennent en aide aux groupes arm&eacute;s, auteurs des crimes commis en Colombie &raquo;.\n<\/p>\n<p >\nPlusieurs organisations de d&eacute;fense des droits de l'homme colombiennes, ainsi que la FIDH, ont demand&eacute; au procureur d'ouvrir une enqu&ecirc;te, estimant que Bogota n'a pas la volont&eacute; de poursuivre tous les responsables. La Cour n'est comp&eacute;tente que si un Etat n'a pas la volont&eacute; politique de poursuivre, ou s'il en est dans l'incapacit&eacute; mat&eacute;rielle. Dans un rapport de janvier 2011, remis au procureur de la Cour, le professeur Kai Ambos, de l'universit&eacute; de Gottingen, en Allemagne, et le doctorant Florian Huber, estiment que si la Colombie n'est pas dans l'incapacit&eacute; de poursuivre, elle n'en a pas la volont&eacute;.\n<\/p>\n<p >\n&laquo; Les progr&egrave;s limit&eacute;s concernant les enqu&ecirc;tes en cours pour des probl&egrave;mes proc&eacute;duraux, institutionnelles et structurels, &eacute;crivent-ils, les difficult&eacute;s &agrave; enqu&ecirc;ter et poursuivre les membres des groupes arm&eacute;s ill&eacute;gaux et des politiciens, des militaires de haut rang et des hommes d'affaires influents pour leur liens avec les groupes arm&eacute;s ill&eacute;gaux depuis 2002 (...) et la pression permanente du gouvernement de l'ex pr&eacute;sident Alvaro Uribe &agrave; limiter les enqu&ecirc;tes ind&eacute;pendantes de la Cour supr&ecirc;me contre les repr&eacute;sentants ou les alli&eacute;s du gouvernement, indiquent clairement que la Colombie, en d&eacute;pit de progr&egrave;s dans les proc&eacute;dures contre les membres de groupes ill&eacute;gaux de niveau moyen ou interm&eacute;diaire &raquo;, n'a pas la volont&eacute; de poursuivre les plus hauts responsables.\n<\/p>\n<p >\nLes deux chercheurs concluent que &laquo; si aucun progr&egrave;s substantiel (...) n'est fait &agrave; court ou moyen terme, il deviendra de plus en plus difficile de justifier la non-intervention de la CPI, malgr&eacute; les apparentes pr&eacute;f&eacute;rences personnelles du procureur &raquo;. Les auteurs s'appuient sur un entretien publi&eacute; par le quotidien colombien El Tempo, en d&eacute;cembre 2010, dans lequel Luis Moreno Ocampo avait salu&eacute; le travail judiciaire effectu&eacute; en Colombie.\n<\/p>\n<p >\nSM\/GF\n<\/p>\n<p>\n&copy; Agence Hirondelle\n<\/p><\/p>\n","protected":false},"excerpt":{"rendered":"<p>La Haye, 18 mai 2011 (FH) - La Colombie a sign&eacute;, le 17 mai, un accord d'ex&eacute;cution des peines avec la Cour p&eacute;nale internationale (CPI). Apr&egrave;s l'Autriche, la Belgique, le Danemark, la Finlande, le Royaume-Uni et la Serbie, la Colombie est le septi&egrave;me Etat qui pourra accueillir dans ses prisons les personnes condamn&eacute;es par les [&hellip;]<\/p>\n","protected":false},"author":64,"featured_media":0,"comment_status":"open","ping_status":"closed","sticky":false,"template":"","format":"standard","meta":{"_acf_changed":false,"footnotes":""},"categories":[554],"tags":[],"ji_location":[],"class_list":["post-13084","post","type-post","status-publish","format-standard","hentry","category-hirondellenews"],"acf":[],"yoast_head":"<!-- This site is optimized with the Yoast SEO Premium plugin v25.3.1 (Yoast SEO v25.3.1) - https:\/\/yoast.com\/wordpress\/plugins\/seo\/ -->\n<title>18.05.11 - CPI\/COOPERATION - LA COLOMBIE SIGNE UN ACCORD POUR L&#039;EXECUTION DES PEINES - JusticeInfo.net<\/title>\n<meta name=\"robots\" content=\"index, follow, max-snippet:-1, max-image-preview:large, max-video-preview:-1\" \/>\n<link rel=\"canonical\" href=\"https:\/\/www.justiceinfo.net\/fr\/13084-180511-cpicooperation-la-colombie-signe-un-accord-pour-lexecution-des-peines9894.html\" \/>\n<meta property=\"og:locale\" content=\"fr_FR\" \/>\n<meta property=\"og:type\" content=\"article\" \/>\n<meta property=\"og:title\" content=\"18.05.11 - CPI\/COOPERATION - LA COLOMBIE SIGNE UN ACCORD POUR L&#039;EXECUTION DES PEINES\" \/>\n<meta property=\"og:description\" content=\"La Haye, 18 mai 2011 (FH) - La Colombie a sign&eacute;, le 17 mai, un accord d&#039;ex&eacute;cution des peines avec la Cour p&eacute;nale internationale (CPI). Apr&egrave;s l&#039;Autriche, la Belgique, le Danemark, la Finlande, le Royaume-Uni et la Serbie, la Colombie est le septi&egrave;me Etat qui pourra accueillir dans ses prisons les personnes condamn&eacute;es par les [&hellip;]\" \/>\n<meta property=\"og:url\" content=\"https:\/\/www.justiceinfo.net\/fr\/13084-180511-cpicooperation-la-colombie-signe-un-accord-pour-lexecution-des-peines9894.html\" \/>\n<meta property=\"og:site_name\" content=\"JusticeInfo.net\" \/>\n<meta property=\"article:publisher\" content=\"https:\/\/www.facebook.com\/JusticeInfo\/\" \/>\n<meta property=\"article:published_time\" content=\"2011-05-17T22:00:00+00:00\" \/>\n<meta property=\"og:image\" content=\"https:\/\/www.justiceinfo.net\/wp-content\/uploads\/JusticeInfoNet_logo_1200x630px.jpg\" \/>\n\t<meta property=\"og:image:width\" content=\"1200\" \/>\n\t<meta property=\"og:image:height\" content=\"630\" \/>\n\t<meta property=\"og:image:type\" content=\"image\/jpeg\" \/>\n<meta name=\"author\" content=\"solivri\" \/>\n<meta name=\"twitter:card\" content=\"summary_large_image\" \/>\n<meta name=\"twitter:creator\" content=\"@justiceinfonet\" \/>\n<meta name=\"twitter:site\" content=\"@justiceinfonet\" \/>\n<meta name=\"twitter:label1\" content=\"\u00c9crit par\" \/>\n\t<meta name=\"twitter:data1\" content=\"solivri\" \/>\n\t<meta name=\"twitter:label2\" content=\"Dur\u00e9e de lecture estim\u00e9e\" \/>\n\t<meta name=\"twitter:data2\" content=\"4 minutes\" \/>\n<script type=\"application\/ld+json\" class=\"yoast-schema-graph\">{\"@context\":\"https:\/\/schema.org\",\"@graph\":[{\"@type\":\"NewsArticle\",\"@id\":\"https:\/\/www.justiceinfo.net\/fr\/13084-180511-cpicooperation-la-colombie-signe-un-accord-pour-lexecution-des-peines9894.html#article\",\"isPartOf\":{\"@id\":\"https:\/\/www.justiceinfo.net\/fr\/13084-180511-cpicooperation-la-colombie-signe-un-accord-pour-lexecution-des-peines9894.html\"},\"author\":{\"name\":\"solivri\",\"@id\":\"https:\/\/www.justiceinfo.net\/fr#\/schema\/person\/6e53cba1629e2e66f3fc1821d3091865\"},\"headline\":\"18.05.11 - CPI\/COOPERATION - LA COLOMBIE SIGNE UN ACCORD POUR L'EXECUTION DES PEINES\",\"datePublished\":\"2011-05-17T22:00:00+00:00\",\"mainEntityOfPage\":{\"@id\":\"https:\/\/www.justiceinfo.net\/fr\/13084-180511-cpicooperation-la-colombie-signe-un-accord-pour-lexecution-des-peines9894.html\"},\"wordCount\":858,\"commentCount\":0,\"publisher\":{\"@id\":\"https:\/\/www.justiceinfo.net\/fr#organization\"},\"articleSection\":[\"Hirondelle News\"],\"inLanguage\":\"fr-FR\",\"potentialAction\":[{\"@type\":\"CommentAction\",\"name\":\"Comment\",\"target\":[\"https:\/\/www.justiceinfo.net\/fr\/13084-180511-cpicooperation-la-colombie-signe-un-accord-pour-lexecution-des-peines9894.html#respond\"]}]},{\"@type\":\"WebPage\",\"@id\":\"https:\/\/www.justiceinfo.net\/fr\/13084-180511-cpicooperation-la-colombie-signe-un-accord-pour-lexecution-des-peines9894.html\",\"url\":\"https:\/\/www.justiceinfo.net\/fr\/13084-180511-cpicooperation-la-colombie-signe-un-accord-pour-lexecution-des-peines9894.html\",\"name\":\"18.05.11 - CPI\/COOPERATION - LA COLOMBIE SIGNE UN ACCORD POUR L'EXECUTION DES PEINES - JusticeInfo.net\",\"isPartOf\":{\"@id\":\"https:\/\/www.justiceinfo.net\/fr#website\"},\"datePublished\":\"2011-05-17T22:00:00+00:00\",\"breadcrumb\":{\"@id\":\"https:\/\/www.justiceinfo.net\/fr\/13084-180511-cpicooperation-la-colombie-signe-un-accord-pour-lexecution-des-peines9894.html#breadcrumb\"},\"inLanguage\":\"fr-FR\",\"potentialAction\":[{\"@type\":\"ReadAction\",\"target\":[\"https:\/\/www.justiceinfo.net\/fr\/13084-180511-cpicooperation-la-colombie-signe-un-accord-pour-lexecution-des-peines9894.html\"]}]},{\"@type\":\"BreadcrumbList\",\"@id\":\"https:\/\/www.justiceinfo.net\/fr\/13084-180511-cpicooperation-la-colombie-signe-un-accord-pour-lexecution-des-peines9894.html#breadcrumb\",\"itemListElement\":[{\"@type\":\"ListItem\",\"position\":1,\"name\":\"Home\",\"item\":\"https:\/\/www.justiceinfo.net\/fr\"},{\"@type\":\"ListItem\",\"position\":2,\"name\":\"18.05.11 - CPI\/COOPERATION - LA COLOMBIE SIGNE UN ACCORD POUR L'EXECUTION DES PEINES\"}]},{\"@type\":\"WebSite\",\"@id\":\"https:\/\/www.justiceinfo.net\/fr#website\",\"url\":\"https:\/\/www.justiceinfo.net\/fr\",\"name\":\"JusticeInfo.net\",\"description\":\"La justice doit \u00eatre vue pour \u00eatre rendue\",\"publisher\":{\"@id\":\"https:\/\/www.justiceinfo.net\/fr#organization\"},\"potentialAction\":[{\"@type\":\"SearchAction\",\"target\":{\"@type\":\"EntryPoint\",\"urlTemplate\":\"https:\/\/www.justiceinfo.net\/fr?s={search_term_string}\"},\"query-input\":{\"@type\":\"PropertyValueSpecification\",\"valueRequired\":true,\"valueName\":\"search_term_string\"}}],\"inLanguage\":\"fr-FR\"},{\"@type\":\"Organization\",\"@id\":\"https:\/\/www.justiceinfo.net\/fr#organization\",\"name\":\"Justice Info\",\"url\":\"https:\/\/www.justiceinfo.net\/fr\",\"logo\":{\"@type\":\"ImageObject\",\"inLanguage\":\"fr-FR\",\"@id\":\"https:\/\/www.justiceinfo.net\/fr#\/schema\/logo\/image\/\",\"url\":\"https:\/\/www.justiceinfo.net\/wp-content\/uploads\/justiceinfo_logo-trans_1200x1200px.png\",\"contentUrl\":\"https:\/\/www.justiceinfo.net\/wp-content\/uploads\/justiceinfo_logo-trans_1200x1200px.png\",\"width\":1199,\"height\":1200,\"caption\":\"Justice Info\"},\"image\":{\"@id\":\"https:\/\/www.justiceinfo.net\/fr#\/schema\/logo\/image\/\"},\"sameAs\":[\"https:\/\/www.facebook.com\/JusticeInfo\/\",\"https:\/\/x.com\/justiceinfonet\",\"https:\/\/www.linkedin.com\/company\/justice-info\",\"https:\/\/www.youtube.com\/channel\/UCyCEsARodyuWtkWyhn-e7pA\"]},{\"@type\":\"Person\",\"name\":\"solivri\",\"url\":\"\/fr\/?s=solivri\"}]}<\/script>\n<!-- \/ Yoast SEO Premium plugin. -->","yoast_head_json":{"title":"18.05.11 - CPI\/COOPERATION - LA COLOMBIE SIGNE UN ACCORD POUR L'EXECUTION DES PEINES - JusticeInfo.net","robots":{"index":"index","follow":"follow","max-snippet":"max-snippet:-1","max-image-preview":"max-image-preview:large","max-video-preview":"max-video-preview:-1"},"canonical":"https:\/\/www.justiceinfo.net\/fr\/13084-180511-cpicooperation-la-colombie-signe-un-accord-pour-lexecution-des-peines9894.html","og_locale":"fr_FR","og_type":"article","og_title":"18.05.11 - CPI\/COOPERATION - LA COLOMBIE SIGNE UN ACCORD POUR L'EXECUTION DES PEINES","og_description":"La Haye, 18 mai 2011 (FH) - La Colombie a sign&eacute;, le 17 mai, un accord d'ex&eacute;cution des peines avec la Cour p&eacute;nale internationale (CPI). Apr&egrave;s l'Autriche, la Belgique, le Danemark, la Finlande, le Royaume-Uni et la Serbie, la Colombie est le septi&egrave;me Etat qui pourra accueillir dans ses prisons les personnes condamn&eacute;es par les [&hellip;]","og_url":"https:\/\/www.justiceinfo.net\/fr\/13084-180511-cpicooperation-la-colombie-signe-un-accord-pour-lexecution-des-peines9894.html","og_site_name":"JusticeInfo.net","article_publisher":"https:\/\/www.facebook.com\/JusticeInfo\/","article_published_time":"2011-05-17T22:00:00+00:00","og_image":[{"width":1200,"height":630,"url":"https:\/\/www.justiceinfo.net\/wp-content\/uploads\/JusticeInfoNet_logo_1200x630px.jpg","type":"image\/jpeg"}],"author":"solivri","twitter_card":"summary_large_image","twitter_creator":"@justiceinfonet","twitter_site":"@justiceinfonet","twitter_misc":{"\u00c9crit par":"solivri","Dur\u00e9e de lecture estim\u00e9e":"4 minutes"},"schema":{"@context":"https:\/\/schema.org","@graph":[{"@type":"NewsArticle","@id":"https:\/\/www.justiceinfo.net\/fr\/13084-180511-cpicooperation-la-colombie-signe-un-accord-pour-lexecution-des-peines9894.html#article","isPartOf":{"@id":"https:\/\/www.justiceinfo.net\/fr\/13084-180511-cpicooperation-la-colombie-signe-un-accord-pour-lexecution-des-peines9894.html"},"author":{"name":"solivri","@id":"https:\/\/www.justiceinfo.net\/fr#\/schema\/person\/6e53cba1629e2e66f3fc1821d3091865"},"headline":"18.05.11 - CPI\/COOPERATION - LA COLOMBIE SIGNE UN ACCORD POUR L'EXECUTION DES PEINES","datePublished":"2011-05-17T22:00:00+00:00","mainEntityOfPage":{"@id":"https:\/\/www.justiceinfo.net\/fr\/13084-180511-cpicooperation-la-colombie-signe-un-accord-pour-lexecution-des-peines9894.html"},"wordCount":858,"commentCount":0,"publisher":{"@id":"https:\/\/www.justiceinfo.net\/fr#organization"},"articleSection":["Hirondelle News"],"inLanguage":"fr-FR","potentialAction":[{"@type":"CommentAction","name":"Comment","target":["https:\/\/www.justiceinfo.net\/fr\/13084-180511-cpicooperation-la-colombie-signe-un-accord-pour-lexecution-des-peines9894.html#respond"]}]},{"@type":"WebPage","@id":"https:\/\/www.justiceinfo.net\/fr\/13084-180511-cpicooperation-la-colombie-signe-un-accord-pour-lexecution-des-peines9894.html","url":"https:\/\/www.justiceinfo.net\/fr\/13084-180511-cpicooperation-la-colombie-signe-un-accord-pour-lexecution-des-peines9894.html","name":"18.05.11 - CPI\/COOPERATION - LA COLOMBIE SIGNE UN ACCORD POUR L'EXECUTION DES PEINES - JusticeInfo.net","isPartOf":{"@id":"https:\/\/www.justiceinfo.net\/fr#website"},"datePublished":"2011-05-17T22:00:00+00:00","breadcrumb":{"@id":"https:\/\/www.justiceinfo.net\/fr\/13084-180511-cpicooperation-la-colombie-signe-un-accord-pour-lexecution-des-peines9894.html#breadcrumb"},"inLanguage":"fr-FR","potentialAction":[{"@type":"ReadAction","target":["https:\/\/www.justiceinfo.net\/fr\/13084-180511-cpicooperation-la-colombie-signe-un-accord-pour-lexecution-des-peines9894.html"]}]},{"@type":"BreadcrumbList","@id":"https:\/\/www.justiceinfo.net\/fr\/13084-180511-cpicooperation-la-colombie-signe-un-accord-pour-lexecution-des-peines9894.html#breadcrumb","itemListElement":[{"@type":"ListItem","position":1,"name":"Home","item":"https:\/\/www.justiceinfo.net\/fr"},{"@type":"ListItem","position":2,"name":"18.05.11 - CPI\/COOPERATION - LA COLOMBIE SIGNE UN ACCORD POUR L'EXECUTION DES PEINES"}]},{"@type":"WebSite","@id":"https:\/\/www.justiceinfo.net\/fr#website","url":"https:\/\/www.justiceinfo.net\/fr","name":"JusticeInfo.net","description":"La justice doit \u00eatre vue pour \u00eatre rendue","publisher":{"@id":"https:\/\/www.justiceinfo.net\/fr#organization"},"potentialAction":[{"@type":"SearchAction","target":{"@type":"EntryPoint","urlTemplate":"https:\/\/www.justiceinfo.net\/fr?s={search_term_string}"},"query-input":{"@type":"PropertyValueSpecification","valueRequired":true,"valueName":"search_term_string"}}],"inLanguage":"fr-FR"},{"@type":"Organization","@id":"https:\/\/www.justiceinfo.net\/fr#organization","name":"Justice Info","url":"https:\/\/www.justiceinfo.net\/fr","logo":{"@type":"ImageObject","inLanguage":"fr-FR","@id":"https:\/\/www.justiceinfo.net\/fr#\/schema\/logo\/image\/","url":"https:\/\/www.justiceinfo.net\/wp-content\/uploads\/justiceinfo_logo-trans_1200x1200px.png","contentUrl":"https:\/\/www.justiceinfo.net\/wp-content\/uploads\/justiceinfo_logo-trans_1200x1200px.png","width":1199,"height":1200,"caption":"Justice Info"},"image":{"@id":"https:\/\/www.justiceinfo.net\/fr#\/schema\/logo\/image\/"},"sameAs":["https:\/\/www.facebook.com\/JusticeInfo\/","https:\/\/x.com\/justiceinfonet","https:\/\/www.linkedin.com\/company\/justice-info","https:\/\/www.youtube.com\/channel\/UCyCEsARodyuWtkWyhn-e7pA"]},{"@type":"Person","name":"solivri","url":"\/fr\/?s=solivri"}]}},"_links":{"self":[{"href":"https:\/\/www.justiceinfo.net\/fr\/wp-json\/wp\/v2\/posts\/13084","targetHints":{"allow":["GET"]}}],"collection":[{"href":"https:\/\/www.justiceinfo.net\/fr\/wp-json\/wp\/v2\/posts"}],"about":[{"href":"https:\/\/www.justiceinfo.net\/fr\/wp-json\/wp\/v2\/types\/post"}],"author":[{"embeddable":true,"href":"https:\/\/www.justiceinfo.net\/fr\/wp-json\/wp\/v2\/users\/64"}],"replies":[{"embeddable":true,"href":"https:\/\/www.justiceinfo.net\/fr\/wp-json\/wp\/v2\/comments?post=13084"}],"version-history":[{"count":0,"href":"https:\/\/www.justiceinfo.net\/fr\/wp-json\/wp\/v2\/posts\/13084\/revisions"}],"wp:attachment":[{"href":"https:\/\/www.justiceinfo.net\/fr\/wp-json\/wp\/v2\/media?parent=13084"}],"wp:term":[{"taxonomy":"category","embeddable":true,"href":"https:\/\/www.justiceinfo.net\/fr\/wp-json\/wp\/v2\/categories?post=13084"},{"taxonomy":"post_tag","embeddable":true,"href":"https:\/\/www.justiceinfo.net\/fr\/wp-json\/wp\/v2\/tags?post=13084"},{"taxonomy":"ji_location","embeddable":true,"href":"https:\/\/www.justiceinfo.net\/fr\/wp-json\/wp\/v2\/ji_location?post=13084"}],"curies":[{"name":"wp","href":"https:\/\/api.w.org\/{rel}","templated":true}]}}