{"id":13088,"date":"2011-05-19T00:00:00","date_gmt":"2011-05-18T22:00:00","guid":{"rendered":"https:\/\/www.justiceinfo.net\/13088-190511-tpirmilitaires-ii-deux-officiers-condamnes-pour-lassassinat-du-premier-ministre9898.html"},"modified":"2011-05-19T00:00:00","modified_gmt":"2011-05-18T22:00:00","slug":"190511-tpirmilitaires-ii-deux-officiers-condamnes-pour-lassassinat-du-premier-ministre9898","status":"publish","type":"post","link":"https:\/\/www.justiceinfo.net\/fr\/13088-190511-tpirmilitaires-ii-deux-officiers-condamnes-pour-lassassinat-du-premier-ministre9898.html","title":{"rendered":"19.05.11 - TPIR\/MILITAIRES II - DEUX OFFICIERS CONDAMNES POUR L'ASSASSINAT DU PREMIER MINISTRE"},"content":{"rendered":"<p>\nArusha, 19 mai 2011 (FH) - Le jugement rendu mardi par le Tribunal p&eacute;nal international pour le Rwanda (TPIR) dans le proc&egrave;s &laquo; Militaires II &raquo; d&eacute;signe le major Fran&ccedil;ois-Xavier Nzuwonemeye et le capitaine Innocent Sagahutu comme les principaux responsable de l'assassinat du Premier ministre Agathe Uwilingiyimana.\n<\/p>\n<p><!--more--><\/p>\n<p >\n<p >\nElle conclut &eacute;galement &agrave; leur responsabilit&eacute;, mais de fa&ccedil;on moins directe pour Nzuwonemeye, dans l'assassinat, le m&ecirc;me 7 avril 1994, des 10 paras belges de la force des Nations Unies. Les deux hommes ont annonc&eacute;, par la voix de leurs avocats, qu'ils allaient faire appel.\n<\/p>\n<p >\nLe major commandait le bataillon de reconnaissance tandis que le capitaine &eacute;tait chef d'un escadron de cette unit&eacute; d'&eacute;lite.\n<\/p>\n<p >\nPour ces meurtres, mais aussi pour d'autres crimes commis par leurs subordonn&eacute;s, Nzuwonemeye et Sagahutu ont &eacute;t&eacute; jug&eacute;s coupables de crimes contre l'humanit&eacute; et crimes de guerre, et condamn&eacute;s &agrave; 20 ans de r&eacute;clusion.\n<\/p>\n<p >\n<p >\nSelon le jugement, &laquo; le procureur a apport&eacute; des &eacute;l&eacute;ments de preuve cr&eacute;dibles et consistants &eacute;tablissant que des soldats du bataillon (de reconnaissance) avaient particip&eacute; &agrave; l'attaque et au meurtre du Premier ministre Agathe Uwilingiyimana &raquo;.\n<\/p>\n<p >\nLa chambre pr&eacute;sid&eacute;e par le juge sri-lankais Joseph Asoka de Silva a trouv&eacute; &laquo; &eacute;tabli, au-del&agrave; de tout doute raisonnable, que sa mort fut le r&eacute;sultat d'une op&eacute;ration militaire organis&eacute;e et men&eacute;e avec l'autorisation de hauts responsables militaires &raquo;.\n<\/p>\n<p >\nLes trois juges sont convaincus &laquo; qu'une unit&eacute; blind&eacute;e du bataillon, agissant sur les ordres de Nzuwonemeye et Sagahutu, a &eacute;t&eacute; impliqu&eacute;e dans &raquo; dans l'op&eacute;ration.\n<\/p>\n<p >\n&laquo; Tout au long de l'attaque, Nzuwonemeye et Sagahutu sont rest&eacute;s en contact avec les troupes sur le terrain, envoyant du ravitaillement et donnant des ordres op&eacute;rationnels &raquo;, explique le jugement.\n<\/p>\n<p >\nLa chambre en conclut que les deux officiers &laquo; ont ordonn&eacute; le meurtre du Premier Ministre, aid&eacute; et encourag&eacute; les auteurs directs &raquo;, ce qui constitue une circonstance aggravante.\n<\/p>\n<p >\nS'agissant des paras belges, il n'y a, selon les juges, aucune preuve de l'implication directe du commandant du bataillon de reconnaissance, mais &laquo; il a d&ucirc; &ecirc;tre inform&eacute; &raquo; de la participation de quelques-uns de ses hommes &agrave; la mise &agrave; mort de ces soldats de la paix.\n<\/p>\n<p >\n<p >\nD'ailleurs, souligne le jugement, &laquo; Nzuwonemeye a admis lui-m&ecirc;me avoir appris ces meurtres &agrave; son retour de la r&eacute;union &agrave; l'ESM (Ecole sup&eacute;rieure militaire)&raquo;. Mais il n'a pris aucune mesure pour punir ses militaires directement impliqu&eacute;s.\n<\/p>\n<p >\nPour le capitaine, la responsabilit&eacute; est plus lourde. &laquo; Sagahutu a appris que des soldats belges de la MINUAR &eacute;taient attaqu&eacute;s au camp Kigali mais qu'ils r&eacute;sistaient. Il a alors ordonn&eacute; aux soldats de venir &agrave; bout de la r&eacute;sistance des soldats belges&raquo;, tranchent les juges.\n<\/p>\n<p >\nLes deux anciens officiers du bataillon de reconnaissance sont les deuxi&egrave;mes &agrave; &ecirc;tre condamn&eacute;s pour les assassinats du Premier ministre et des 10 soldats belges, apr&egrave;s le colonel Th&eacute;oneste Bagosora, ancien directeur de cabinet de cabinet au minist&egrave;re de la D&eacute;fense. Bagosora attend l'arr&ecirc;t de la chambre d'appel.\n<\/p>\n<p >\nER\/GF\n<\/p>\n<p>\n&copy; Agence Hirondelle<\/p>\n","protected":false},"excerpt":{"rendered":"<p>Arusha, 19 mai 2011 (FH) - Le jugement rendu mardi par le Tribunal p&eacute;nal international pour le Rwanda (TPIR) dans le proc&egrave;s &laquo; Militaires II &raquo; d&eacute;signe le major Fran&ccedil;ois-Xavier Nzuwonemeye et le capitaine Innocent Sagahutu comme les principaux responsable de l'assassinat du Premier ministre Agathe Uwilingiyimana.<\/p>\n","protected":false},"author":64,"featured_media":0,"comment_status":"open","ping_status":"closed","sticky":false,"template":"","format":"standard","meta":{"_acf_changed":false,"footnotes":""},"categories":[554],"tags":[],"ji_location":[],"class_list":["post-13088","post","type-post","status-publish","format-standard","hentry","category-hirondellenews"],"acf":[],"yoast_head":"<!-- This site is optimized with the Yoast SEO Premium plugin v25.3.1 (Yoast SEO v25.3.1) - https:\/\/yoast.com\/wordpress\/plugins\/seo\/ -->\n<title>19.05.11 - TPIR\/MILITAIRES II - DEUX OFFICIERS CONDAMNES POUR L&#039;ASSASSINAT DU PREMIER MINISTRE - JusticeInfo.net<\/title>\n<meta name=\"robots\" content=\"index, follow, max-snippet:-1, max-image-preview:large, max-video-preview:-1\" \/>\n<link rel=\"canonical\" href=\"https:\/\/www.justiceinfo.net\/fr\/13088-190511-tpirmilitaires-ii-deux-officiers-condamnes-pour-lassassinat-du-premier-ministre9898.html\" \/>\n<meta property=\"og:locale\" content=\"fr_FR\" \/>\n<meta property=\"og:type\" content=\"article\" \/>\n<meta property=\"og:title\" content=\"19.05.11 - TPIR\/MILITAIRES II - DEUX OFFICIERS CONDAMNES POUR L&#039;ASSASSINAT DU PREMIER MINISTRE\" \/>\n<meta property=\"og:description\" content=\"Arusha, 19 mai 2011 (FH) - Le jugement rendu mardi par le Tribunal p&eacute;nal international pour le Rwanda (TPIR) dans le proc&egrave;s &laquo; Militaires II &raquo; d&eacute;signe le major Fran&ccedil;ois-Xavier Nzuwonemeye et le capitaine Innocent Sagahutu comme les principaux responsable de l&#039;assassinat du Premier ministre Agathe Uwilingiyimana.\" \/>\n<meta property=\"og:url\" content=\"https:\/\/www.justiceinfo.net\/fr\/13088-190511-tpirmilitaires-ii-deux-officiers-condamnes-pour-lassassinat-du-premier-ministre9898.html\" \/>\n<meta property=\"og:site_name\" content=\"JusticeInfo.net\" \/>\n<meta property=\"article:publisher\" content=\"https:\/\/www.facebook.com\/JusticeInfo\/\" \/>\n<meta property=\"article:published_time\" content=\"2011-05-18T22:00:00+00:00\" \/>\n<meta property=\"og:image\" content=\"https:\/\/www.justiceinfo.net\/wp-content\/uploads\/JusticeInfoNet_logo_1200x630px.jpg\" \/>\n\t<meta property=\"og:image:width\" content=\"1200\" \/>\n\t<meta property=\"og:image:height\" content=\"630\" \/>\n\t<meta property=\"og:image:type\" content=\"image\/jpeg\" \/>\n<meta name=\"author\" content=\"solivri\" \/>\n<meta name=\"twitter:card\" content=\"summary_large_image\" \/>\n<meta name=\"twitter:creator\" content=\"@justiceinfonet\" \/>\n<meta name=\"twitter:site\" content=\"@justiceinfonet\" \/>\n<meta name=\"twitter:label1\" content=\"\u00c9crit par\" \/>\n\t<meta name=\"twitter:data1\" content=\"solivri\" \/>\n\t<meta name=\"twitter:label2\" content=\"Dur\u00e9e de lecture estim\u00e9e\" \/>\n\t<meta name=\"twitter:data2\" content=\"3 minutes\" \/>\n<script type=\"application\/ld+json\" class=\"yoast-schema-graph\">{\"@context\":\"https:\/\/schema.org\",\"@graph\":[{\"@type\":\"NewsArticle\",\"@id\":\"https:\/\/www.justiceinfo.net\/fr\/13088-190511-tpirmilitaires-ii-deux-officiers-condamnes-pour-lassassinat-du-premier-ministre9898.html#article\",\"isPartOf\":{\"@id\":\"https:\/\/www.justiceinfo.net\/fr\/13088-190511-tpirmilitaires-ii-deux-officiers-condamnes-pour-lassassinat-du-premier-ministre9898.html\"},\"author\":{\"name\":\"solivri\",\"@id\":\"https:\/\/www.justiceinfo.net\/fr#\/schema\/person\/6e53cba1629e2e66f3fc1821d3091865\"},\"headline\":\"19.05.11 - TPIR\/MILITAIRES II - DEUX OFFICIERS CONDAMNES POUR L'ASSASSINAT DU PREMIER MINISTRE\",\"datePublished\":\"2011-05-18T22:00:00+00:00\",\"mainEntityOfPage\":{\"@id\":\"https:\/\/www.justiceinfo.net\/fr\/13088-190511-tpirmilitaires-ii-deux-officiers-condamnes-pour-lassassinat-du-premier-ministre9898.html\"},\"wordCount\":623,\"commentCount\":0,\"publisher\":{\"@id\":\"https:\/\/www.justiceinfo.net\/fr#organization\"},\"articleSection\":[\"Hirondelle News\"],\"inLanguage\":\"fr-FR\",\"potentialAction\":[{\"@type\":\"CommentAction\",\"name\":\"Comment\",\"target\":[\"https:\/\/www.justiceinfo.net\/fr\/13088-190511-tpirmilitaires-ii-deux-officiers-condamnes-pour-lassassinat-du-premier-ministre9898.html#respond\"]}]},{\"@type\":\"WebPage\",\"@id\":\"https:\/\/www.justiceinfo.net\/fr\/13088-190511-tpirmilitaires-ii-deux-officiers-condamnes-pour-lassassinat-du-premier-ministre9898.html\",\"url\":\"https:\/\/www.justiceinfo.net\/fr\/13088-190511-tpirmilitaires-ii-deux-officiers-condamnes-pour-lassassinat-du-premier-ministre9898.html\",\"name\":\"19.05.11 - TPIR\/MILITAIRES II - DEUX OFFICIERS CONDAMNES POUR L'ASSASSINAT DU PREMIER MINISTRE - JusticeInfo.net\",\"isPartOf\":{\"@id\":\"https:\/\/www.justiceinfo.net\/fr#website\"},\"datePublished\":\"2011-05-18T22:00:00+00:00\",\"breadcrumb\":{\"@id\":\"https:\/\/www.justiceinfo.net\/fr\/13088-190511-tpirmilitaires-ii-deux-officiers-condamnes-pour-lassassinat-du-premier-ministre9898.html#breadcrumb\"},\"inLanguage\":\"fr-FR\",\"potentialAction\":[{\"@type\":\"ReadAction\",\"target\":[\"https:\/\/www.justiceinfo.net\/fr\/13088-190511-tpirmilitaires-ii-deux-officiers-condamnes-pour-lassassinat-du-premier-ministre9898.html\"]}]},{\"@type\":\"BreadcrumbList\",\"@id\":\"https:\/\/www.justiceinfo.net\/fr\/13088-190511-tpirmilitaires-ii-deux-officiers-condamnes-pour-lassassinat-du-premier-ministre9898.html#breadcrumb\",\"itemListElement\":[{\"@type\":\"ListItem\",\"position\":1,\"name\":\"Home\",\"item\":\"https:\/\/www.justiceinfo.net\/fr\"},{\"@type\":\"ListItem\",\"position\":2,\"name\":\"19.05.11 - TPIR\/MILITAIRES II - DEUX OFFICIERS CONDAMNES POUR L'ASSASSINAT DU PREMIER MINISTRE\"}]},{\"@type\":\"WebSite\",\"@id\":\"https:\/\/www.justiceinfo.net\/fr#website\",\"url\":\"https:\/\/www.justiceinfo.net\/fr\",\"name\":\"JusticeInfo.net\",\"description\":\"La justice doit \u00eatre vue pour \u00eatre rendue\",\"publisher\":{\"@id\":\"https:\/\/www.justiceinfo.net\/fr#organization\"},\"potentialAction\":[{\"@type\":\"SearchAction\",\"target\":{\"@type\":\"EntryPoint\",\"urlTemplate\":\"https:\/\/www.justiceinfo.net\/fr?s={search_term_string}\"},\"query-input\":{\"@type\":\"PropertyValueSpecification\",\"valueRequired\":true,\"valueName\":\"search_term_string\"}}],\"inLanguage\":\"fr-FR\"},{\"@type\":\"Organization\",\"@id\":\"https:\/\/www.justiceinfo.net\/fr#organization\",\"name\":\"Justice Info\",\"url\":\"https:\/\/www.justiceinfo.net\/fr\",\"logo\":{\"@type\":\"ImageObject\",\"inLanguage\":\"fr-FR\",\"@id\":\"https:\/\/www.justiceinfo.net\/fr#\/schema\/logo\/image\/\",\"url\":\"https:\/\/www.justiceinfo.net\/wp-content\/uploads\/justiceinfo_logo-trans_1200x1200px.png\",\"contentUrl\":\"https:\/\/www.justiceinfo.net\/wp-content\/uploads\/justiceinfo_logo-trans_1200x1200px.png\",\"width\":1199,\"height\":1200,\"caption\":\"Justice Info\"},\"image\":{\"@id\":\"https:\/\/www.justiceinfo.net\/fr#\/schema\/logo\/image\/\"},\"sameAs\":[\"https:\/\/www.facebook.com\/JusticeInfo\/\",\"https:\/\/x.com\/justiceinfonet\",\"https:\/\/www.linkedin.com\/company\/justice-info\",\"https:\/\/www.youtube.com\/channel\/UCyCEsARodyuWtkWyhn-e7pA\"]},{\"@type\":\"Person\",\"name\":\"solivri\",\"url\":\"\/fr\/?s=solivri\"}]}<\/script>\n<!-- \/ Yoast SEO Premium plugin. -->","yoast_head_json":{"title":"19.05.11 - TPIR\/MILITAIRES II - DEUX OFFICIERS CONDAMNES POUR L'ASSASSINAT DU PREMIER MINISTRE - JusticeInfo.net","robots":{"index":"index","follow":"follow","max-snippet":"max-snippet:-1","max-image-preview":"max-image-preview:large","max-video-preview":"max-video-preview:-1"},"canonical":"https:\/\/www.justiceinfo.net\/fr\/13088-190511-tpirmilitaires-ii-deux-officiers-condamnes-pour-lassassinat-du-premier-ministre9898.html","og_locale":"fr_FR","og_type":"article","og_title":"19.05.11 - TPIR\/MILITAIRES II - DEUX OFFICIERS CONDAMNES POUR L'ASSASSINAT DU PREMIER MINISTRE","og_description":"Arusha, 19 mai 2011 (FH) - Le jugement rendu mardi par le Tribunal p&eacute;nal international pour le Rwanda (TPIR) dans le proc&egrave;s &laquo; Militaires II &raquo; d&eacute;signe le major Fran&ccedil;ois-Xavier Nzuwonemeye et le capitaine Innocent Sagahutu comme les principaux responsable de l'assassinat du Premier ministre Agathe Uwilingiyimana.","og_url":"https:\/\/www.justiceinfo.net\/fr\/13088-190511-tpirmilitaires-ii-deux-officiers-condamnes-pour-lassassinat-du-premier-ministre9898.html","og_site_name":"JusticeInfo.net","article_publisher":"https:\/\/www.facebook.com\/JusticeInfo\/","article_published_time":"2011-05-18T22:00:00+00:00","og_image":[{"width":1200,"height":630,"url":"https:\/\/www.justiceinfo.net\/wp-content\/uploads\/JusticeInfoNet_logo_1200x630px.jpg","type":"image\/jpeg"}],"author":"solivri","twitter_card":"summary_large_image","twitter_creator":"@justiceinfonet","twitter_site":"@justiceinfonet","twitter_misc":{"\u00c9crit par":"solivri","Dur\u00e9e de lecture estim\u00e9e":"3 minutes"},"schema":{"@context":"https:\/\/schema.org","@graph":[{"@type":"NewsArticle","@id":"https:\/\/www.justiceinfo.net\/fr\/13088-190511-tpirmilitaires-ii-deux-officiers-condamnes-pour-lassassinat-du-premier-ministre9898.html#article","isPartOf":{"@id":"https:\/\/www.justiceinfo.net\/fr\/13088-190511-tpirmilitaires-ii-deux-officiers-condamnes-pour-lassassinat-du-premier-ministre9898.html"},"author":{"name":"solivri","@id":"https:\/\/www.justiceinfo.net\/fr#\/schema\/person\/6e53cba1629e2e66f3fc1821d3091865"},"headline":"19.05.11 - TPIR\/MILITAIRES II - DEUX OFFICIERS CONDAMNES POUR L'ASSASSINAT DU PREMIER MINISTRE","datePublished":"2011-05-18T22:00:00+00:00","mainEntityOfPage":{"@id":"https:\/\/www.justiceinfo.net\/fr\/13088-190511-tpirmilitaires-ii-deux-officiers-condamnes-pour-lassassinat-du-premier-ministre9898.html"},"wordCount":623,"commentCount":0,"publisher":{"@id":"https:\/\/www.justiceinfo.net\/fr#organization"},"articleSection":["Hirondelle News"],"inLanguage":"fr-FR","potentialAction":[{"@type":"CommentAction","name":"Comment","target":["https:\/\/www.justiceinfo.net\/fr\/13088-190511-tpirmilitaires-ii-deux-officiers-condamnes-pour-lassassinat-du-premier-ministre9898.html#respond"]}]},{"@type":"WebPage","@id":"https:\/\/www.justiceinfo.net\/fr\/13088-190511-tpirmilitaires-ii-deux-officiers-condamnes-pour-lassassinat-du-premier-ministre9898.html","url":"https:\/\/www.justiceinfo.net\/fr\/13088-190511-tpirmilitaires-ii-deux-officiers-condamnes-pour-lassassinat-du-premier-ministre9898.html","name":"19.05.11 - TPIR\/MILITAIRES II - DEUX OFFICIERS CONDAMNES POUR L'ASSASSINAT DU PREMIER MINISTRE - JusticeInfo.net","isPartOf":{"@id":"https:\/\/www.justiceinfo.net\/fr#website"},"datePublished":"2011-05-18T22:00:00+00:00","breadcrumb":{"@id":"https:\/\/www.justiceinfo.net\/fr\/13088-190511-tpirmilitaires-ii-deux-officiers-condamnes-pour-lassassinat-du-premier-ministre9898.html#breadcrumb"},"inLanguage":"fr-FR","potentialAction":[{"@type":"ReadAction","target":["https:\/\/www.justiceinfo.net\/fr\/13088-190511-tpirmilitaires-ii-deux-officiers-condamnes-pour-lassassinat-du-premier-ministre9898.html"]}]},{"@type":"BreadcrumbList","@id":"https:\/\/www.justiceinfo.net\/fr\/13088-190511-tpirmilitaires-ii-deux-officiers-condamnes-pour-lassassinat-du-premier-ministre9898.html#breadcrumb","itemListElement":[{"@type":"ListItem","position":1,"name":"Home","item":"https:\/\/www.justiceinfo.net\/fr"},{"@type":"ListItem","position":2,"name":"19.05.11 - TPIR\/MILITAIRES II - DEUX OFFICIERS CONDAMNES POUR L'ASSASSINAT DU PREMIER MINISTRE"}]},{"@type":"WebSite","@id":"https:\/\/www.justiceinfo.net\/fr#website","url":"https:\/\/www.justiceinfo.net\/fr","name":"JusticeInfo.net","description":"La justice doit \u00eatre vue pour \u00eatre rendue","publisher":{"@id":"https:\/\/www.justiceinfo.net\/fr#organization"},"potentialAction":[{"@type":"SearchAction","target":{"@type":"EntryPoint","urlTemplate":"https:\/\/www.justiceinfo.net\/fr?s={search_term_string}"},"query-input":{"@type":"PropertyValueSpecification","valueRequired":true,"valueName":"search_term_string"}}],"inLanguage":"fr-FR"},{"@type":"Organization","@id":"https:\/\/www.justiceinfo.net\/fr#organization","name":"Justice Info","url":"https:\/\/www.justiceinfo.net\/fr","logo":{"@type":"ImageObject","inLanguage":"fr-FR","@id":"https:\/\/www.justiceinfo.net\/fr#\/schema\/logo\/image\/","url":"https:\/\/www.justiceinfo.net\/wp-content\/uploads\/justiceinfo_logo-trans_1200x1200px.png","contentUrl":"https:\/\/www.justiceinfo.net\/wp-content\/uploads\/justiceinfo_logo-trans_1200x1200px.png","width":1199,"height":1200,"caption":"Justice Info"},"image":{"@id":"https:\/\/www.justiceinfo.net\/fr#\/schema\/logo\/image\/"},"sameAs":["https:\/\/www.facebook.com\/JusticeInfo\/","https:\/\/x.com\/justiceinfonet","https:\/\/www.linkedin.com\/company\/justice-info","https:\/\/www.youtube.com\/channel\/UCyCEsARodyuWtkWyhn-e7pA"]},{"@type":"Person","name":"solivri","url":"\/fr\/?s=solivri"}]}},"_links":{"self":[{"href":"https:\/\/www.justiceinfo.net\/fr\/wp-json\/wp\/v2\/posts\/13088","targetHints":{"allow":["GET"]}}],"collection":[{"href":"https:\/\/www.justiceinfo.net\/fr\/wp-json\/wp\/v2\/posts"}],"about":[{"href":"https:\/\/www.justiceinfo.net\/fr\/wp-json\/wp\/v2\/types\/post"}],"author":[{"embeddable":true,"href":"https:\/\/www.justiceinfo.net\/fr\/wp-json\/wp\/v2\/users\/64"}],"replies":[{"embeddable":true,"href":"https:\/\/www.justiceinfo.net\/fr\/wp-json\/wp\/v2\/comments?post=13088"}],"version-history":[{"count":0,"href":"https:\/\/www.justiceinfo.net\/fr\/wp-json\/wp\/v2\/posts\/13088\/revisions"}],"wp:attachment":[{"href":"https:\/\/www.justiceinfo.net\/fr\/wp-json\/wp\/v2\/media?parent=13088"}],"wp:term":[{"taxonomy":"category","embeddable":true,"href":"https:\/\/www.justiceinfo.net\/fr\/wp-json\/wp\/v2\/categories?post=13088"},{"taxonomy":"post_tag","embeddable":true,"href":"https:\/\/www.justiceinfo.net\/fr\/wp-json\/wp\/v2\/tags?post=13088"},{"taxonomy":"ji_location","embeddable":true,"href":"https:\/\/www.justiceinfo.net\/fr\/wp-json\/wp\/v2\/ji_location?post=13088"}],"curies":[{"name":"wp","href":"https:\/\/api.w.org\/{rel}","templated":true}]}}