{"id":13091,"date":"2011-05-20T00:00:00","date_gmt":"2011-05-19T22:00:00","guid":{"rendered":"https:\/\/www.justiceinfo.net\/13091-200511-rwandajustice-lcloture-officielle-des-gacacasren-decembre-selon-le-ministre-de-la-justice9901.html"},"modified":"2011-05-20T00:00:00","modified_gmt":"2011-05-19T22:00:00","slug":"200511-rwandajustice-lcloture-officielle-des-gacacasren-decembre-selon-le-ministre-de-la-justice9901","status":"publish","type":"post","link":"https:\/\/www.justiceinfo.net\/fr\/13091-200511-rwandajustice-lcloture-officielle-des-gacacasren-decembre-selon-le-ministre-de-la-justice9901.html","title":{"rendered":"20.05.11-RWANDA\/JUSTICE-\u00abCLOTURE OFFICIELLE DES GACACAS\u00bbEN DECEMBRE, SELON LE MINISTRE DE LA JUSTICE"},"content":{"rendered":"<p >\n<p >\n<p >\nKigali, 20 mai 2011 (FH) - Le gouvernement rwandais annonce que &laquo; la cl&ocirc;ture officielle &raquo; des travaux des juridictions populaires gacacas, charg&eacute;es de juger la plus grande majorit&eacute; des auteurs pr&eacute;sum&eacute;s du g&eacute;nocide des Tutsis de 1994, aura lieu en d&eacute;cembre.\n<\/p>\n<p><!--more--><\/p>\n<p >\n<p >\nCette cl&ocirc;ture a &eacute;t&eacute; report&eacute;e plusieurs fois, en raison de la complexit&eacute; de certaines affaires, de nombreux recours et de la d&eacute;couverte de nouveaux faits.\n<\/p>\n<p >\n&laquo; Un rapport final sera boucl&eacute; en d&eacute;cembre et ce chapitre des Gacacas sera officiellement d&eacute;clar&eacute; clos &raquo;, assure sur le site internet du gouvernement, le ministre rwandais de la Justice, Tharcisse Karugarama.\n<\/p>\n<p >\nLes dossiers de g&eacute;nocide qui seront d&eacute;couverts apr&egrave;s cette date seront jug&eacute;s par les tribunaux classiques.\n<\/p>\n<p >\nSelon le Service national des juridictions gacacas (SNJG), un organe &eacute;tatique charg&eacute; de la coordination et du suivi de l'activit&eacute; de ces juridictions, il restait encore, d&eacute;but mai, 97 dossiers r&eacute;siduels.\n<\/p>\n<p >\nApr&egrave;s la fin de l'essentiel des proc&egrave;s en ao&ucirc;t 2010, des dol&eacute;ances avaient &eacute;t&eacute; &eacute;mises, dont l'examen a conduit aux 97 affaires qui doivent &ecirc;tre jug&eacute;es d'ici fin juillet, selon le ministre Karugarama.\n<\/p>\n<p >\n&laquo; Les gacacas ont permis aux proches des suspects de g&eacute;nocide de s'asseoir avec les survivants pour juger, de fa&ccedil;on &eacute;quitable, ceux qui ont commis ces crimes &raquo;, affirme Karugarama.\n<\/p>\n<p >\n&laquo; Avec les gacacas, nous avons pu juger jusqu'&agrave; 1,4 million de dossiers, une grande r&eacute;alisation qui aurait &eacute;t&eacute; impossible, autrement &raquo;, affirme le ministre.\n<\/p>\n<p >\n&laquo; Il y a eu des peines d'emprisonnement allant de 5 &agrave; 10 ans, des peines de perp&eacute;tuit&eacute; totalisant 5 &agrave; 8 % des verdicts et des acquittements totalisant 20 &agrave; 30 % &raquo;, poursuit-il.\n<\/p>\n<p >\nIl se r&eacute;jouit par ailleurs de l'apport des travaux d'int&eacute;r&ecirc;t g&eacute;n&eacute;ral (TIG), introduits comme peine alternative &agrave; l'emprisonnement.\n<\/p>\n<p >\nLes personnes condamn&eacute;es au TIG peuvent passer une partie de leur temps, pendant l'ex&eacute;cution de leur peine, &agrave; vaquer &agrave; leurs occupations habituelles, au profit de leur famille. &laquo; Nous sommes heureux d'avoir un syst&egrave;me unique qui r&eacute;pond aux besoins de notre peuple ; il peut ne pas &ecirc;tre parfait pour d'autres nations mais il nous aide beaucoup &raquo;, conclut Karugarama.\n<\/p>\n<p >\n<p >\nLes juridictions gacacas sont comp&eacute;tentes pour juger tous les auteurs pr&eacute;sum&eacute;s du g&eacute;nocide, &agrave; l'exception des planificateurs aux niveaux national et pr&eacute;fectoral, relevant de la comp&eacute;tence des tribunaux classiques.\n<\/p>\n<p >\n<p >\nB&eacute;n&eacute;voles, les juges gacacas ne sont pas des magistrats professionnels mais des personnes r&eacute;put&eacute;es int&egrave;gres, &eacute;lues au sein de la communaut&eacute;.\n<\/p>\n<p >\n<p >\nER\/GF\n<\/p>\n<p >\n<p>\n&copy; Agence Hirondelle<\/p>\n","protected":false},"excerpt":{"rendered":"<p>Kigali, 20 mai 2011 (FH) - Le gouvernement rwandais annonce que &laquo; la cl&ocirc;ture officielle &raquo; des travaux des juridictions populaires gacacas, charg&eacute;es de juger la plus grande majorit&eacute; des auteurs pr&eacute;sum&eacute;s du g&eacute;nocide des Tutsis de 1994, aura lieu en d&eacute;cembre.<\/p>\n","protected":false},"author":64,"featured_media":0,"comment_status":"open","ping_status":"closed","sticky":false,"template":"","format":"standard","meta":{"_acf_changed":false,"footnotes":""},"categories":[554],"tags":[],"ji_location":[],"class_list":["post-13091","post","type-post","status-publish","format-standard","hentry","category-hirondellenews"],"acf":[],"yoast_head":"<!-- This site is optimized with the Yoast SEO Premium plugin v25.3.1 (Yoast SEO v25.3.1) - https:\/\/yoast.com\/wordpress\/plugins\/seo\/ -->\n<title>20.05.11-RWANDA\/JUSTICE-\u00abCLOTURE OFFICIELLE DES GACACAS\u00bbEN DECEMBRE, SELON LE MINISTRE DE LA JUSTICE - JusticeInfo.net<\/title>\n<meta name=\"robots\" content=\"index, follow, max-snippet:-1, max-image-preview:large, max-video-preview:-1\" \/>\n<link rel=\"canonical\" href=\"https:\/\/www.justiceinfo.net\/fr\/13091-200511-rwandajustice-lcloture-officielle-des-gacacasren-decembre-selon-le-ministre-de-la-justice9901.html\" \/>\n<meta property=\"og:locale\" content=\"fr_FR\" \/>\n<meta property=\"og:type\" content=\"article\" \/>\n<meta property=\"og:title\" content=\"20.05.11-RWANDA\/JUSTICE-\u00abCLOTURE OFFICIELLE DES GACACAS\u00bbEN DECEMBRE, SELON LE MINISTRE DE LA JUSTICE\" \/>\n<meta property=\"og:description\" content=\"Kigali, 20 mai 2011 (FH) - Le gouvernement rwandais annonce que &laquo; la cl&ocirc;ture officielle &raquo; des travaux des juridictions populaires gacacas, charg&eacute;es de juger la plus grande majorit&eacute; des auteurs pr&eacute;sum&eacute;s du g&eacute;nocide des Tutsis de 1994, aura lieu en d&eacute;cembre.\" \/>\n<meta property=\"og:url\" content=\"https:\/\/www.justiceinfo.net\/fr\/13091-200511-rwandajustice-lcloture-officielle-des-gacacasren-decembre-selon-le-ministre-de-la-justice9901.html\" \/>\n<meta property=\"og:site_name\" content=\"JusticeInfo.net\" \/>\n<meta property=\"article:publisher\" content=\"https:\/\/www.facebook.com\/JusticeInfo\/\" \/>\n<meta property=\"article:published_time\" content=\"2011-05-19T22:00:00+00:00\" \/>\n<meta property=\"og:image\" content=\"https:\/\/www.justiceinfo.net\/wp-content\/uploads\/JusticeInfoNet_logo_1200x630px.jpg\" \/>\n\t<meta property=\"og:image:width\" content=\"1200\" \/>\n\t<meta property=\"og:image:height\" content=\"630\" \/>\n\t<meta property=\"og:image:type\" content=\"image\/jpeg\" \/>\n<meta name=\"author\" content=\"solivri\" \/>\n<meta name=\"twitter:card\" content=\"summary_large_image\" \/>\n<meta name=\"twitter:creator\" content=\"@justiceinfonet\" \/>\n<meta name=\"twitter:site\" content=\"@justiceinfonet\" \/>\n<meta name=\"twitter:label1\" content=\"\u00c9crit par\" \/>\n\t<meta name=\"twitter:data1\" content=\"solivri\" \/>\n\t<meta name=\"twitter:label2\" content=\"Dur\u00e9e de lecture estim\u00e9e\" \/>\n\t<meta name=\"twitter:data2\" content=\"3 minutes\" \/>\n<script type=\"application\/ld+json\" class=\"yoast-schema-graph\">{\"@context\":\"https:\/\/schema.org\",\"@graph\":[{\"@type\":\"NewsArticle\",\"@id\":\"https:\/\/www.justiceinfo.net\/fr\/13091-200511-rwandajustice-lcloture-officielle-des-gacacasren-decembre-selon-le-ministre-de-la-justice9901.html#article\",\"isPartOf\":{\"@id\":\"https:\/\/www.justiceinfo.net\/fr\/13091-200511-rwandajustice-lcloture-officielle-des-gacacasren-decembre-selon-le-ministre-de-la-justice9901.html\"},\"author\":{\"name\":\"solivri\",\"@id\":\"https:\/\/www.justiceinfo.net\/fr#\/schema\/person\/6e53cba1629e2e66f3fc1821d3091865\"},\"headline\":\"20.05.11-RWANDA\/JUSTICE-\u00abCLOTURE OFFICIELLE DES GACACAS\u00bbEN DECEMBRE, SELON LE MINISTRE DE LA JUSTICE\",\"datePublished\":\"2011-05-19T22:00:00+00:00\",\"mainEntityOfPage\":{\"@id\":\"https:\/\/www.justiceinfo.net\/fr\/13091-200511-rwandajustice-lcloture-officielle-des-gacacasren-decembre-selon-le-ministre-de-la-justice9901.html\"},\"wordCount\":528,\"commentCount\":0,\"publisher\":{\"@id\":\"https:\/\/www.justiceinfo.net\/fr#organization\"},\"articleSection\":[\"Hirondelle News\"],\"inLanguage\":\"fr-FR\",\"potentialAction\":[{\"@type\":\"CommentAction\",\"name\":\"Comment\",\"target\":[\"https:\/\/www.justiceinfo.net\/fr\/13091-200511-rwandajustice-lcloture-officielle-des-gacacasren-decembre-selon-le-ministre-de-la-justice9901.html#respond\"]}]},{\"@type\":\"WebPage\",\"@id\":\"https:\/\/www.justiceinfo.net\/fr\/13091-200511-rwandajustice-lcloture-officielle-des-gacacasren-decembre-selon-le-ministre-de-la-justice9901.html\",\"url\":\"https:\/\/www.justiceinfo.net\/fr\/13091-200511-rwandajustice-lcloture-officielle-des-gacacasren-decembre-selon-le-ministre-de-la-justice9901.html\",\"name\":\"20.05.11-RWANDA\/JUSTICE-\u00abCLOTURE OFFICIELLE DES GACACAS\u00bbEN DECEMBRE, SELON LE MINISTRE DE LA JUSTICE - JusticeInfo.net\",\"isPartOf\":{\"@id\":\"https:\/\/www.justiceinfo.net\/fr#website\"},\"datePublished\":\"2011-05-19T22:00:00+00:00\",\"breadcrumb\":{\"@id\":\"https:\/\/www.justiceinfo.net\/fr\/13091-200511-rwandajustice-lcloture-officielle-des-gacacasren-decembre-selon-le-ministre-de-la-justice9901.html#breadcrumb\"},\"inLanguage\":\"fr-FR\",\"potentialAction\":[{\"@type\":\"ReadAction\",\"target\":[\"https:\/\/www.justiceinfo.net\/fr\/13091-200511-rwandajustice-lcloture-officielle-des-gacacasren-decembre-selon-le-ministre-de-la-justice9901.html\"]}]},{\"@type\":\"BreadcrumbList\",\"@id\":\"https:\/\/www.justiceinfo.net\/fr\/13091-200511-rwandajustice-lcloture-officielle-des-gacacasren-decembre-selon-le-ministre-de-la-justice9901.html#breadcrumb\",\"itemListElement\":[{\"@type\":\"ListItem\",\"position\":1,\"name\":\"Home\",\"item\":\"https:\/\/www.justiceinfo.net\/fr\"},{\"@type\":\"ListItem\",\"position\":2,\"name\":\"20.05.11-RWANDA\/JUSTICE-\u00abCLOTURE OFFICIELLE DES GACACAS\u00bbEN DECEMBRE, SELON LE MINISTRE DE LA JUSTICE\"}]},{\"@type\":\"WebSite\",\"@id\":\"https:\/\/www.justiceinfo.net\/fr#website\",\"url\":\"https:\/\/www.justiceinfo.net\/fr\",\"name\":\"JusticeInfo.net\",\"description\":\"La justice doit \u00eatre vue pour \u00eatre rendue\",\"publisher\":{\"@id\":\"https:\/\/www.justiceinfo.net\/fr#organization\"},\"potentialAction\":[{\"@type\":\"SearchAction\",\"target\":{\"@type\":\"EntryPoint\",\"urlTemplate\":\"https:\/\/www.justiceinfo.net\/fr?s={search_term_string}\"},\"query-input\":{\"@type\":\"PropertyValueSpecification\",\"valueRequired\":true,\"valueName\":\"search_term_string\"}}],\"inLanguage\":\"fr-FR\"},{\"@type\":\"Organization\",\"@id\":\"https:\/\/www.justiceinfo.net\/fr#organization\",\"name\":\"Justice Info\",\"url\":\"https:\/\/www.justiceinfo.net\/fr\",\"logo\":{\"@type\":\"ImageObject\",\"inLanguage\":\"fr-FR\",\"@id\":\"https:\/\/www.justiceinfo.net\/fr#\/schema\/logo\/image\/\",\"url\":\"https:\/\/www.justiceinfo.net\/wp-content\/uploads\/justiceinfo_logo-trans_1200x1200px.png\",\"contentUrl\":\"https:\/\/www.justiceinfo.net\/wp-content\/uploads\/justiceinfo_logo-trans_1200x1200px.png\",\"width\":1199,\"height\":1200,\"caption\":\"Justice Info\"},\"image\":{\"@id\":\"https:\/\/www.justiceinfo.net\/fr#\/schema\/logo\/image\/\"},\"sameAs\":[\"https:\/\/www.facebook.com\/JusticeInfo\/\",\"https:\/\/x.com\/justiceinfonet\",\"https:\/\/www.linkedin.com\/company\/justice-info\",\"https:\/\/www.youtube.com\/channel\/UCyCEsARodyuWtkWyhn-e7pA\"]},{\"@type\":\"Person\",\"name\":\"solivri\",\"url\":\"\/fr\/?s=solivri\"}]}<\/script>\n<!-- \/ Yoast SEO Premium plugin. -->","yoast_head_json":{"title":"20.05.11-RWANDA\/JUSTICE-\u00abCLOTURE OFFICIELLE DES GACACAS\u00bbEN DECEMBRE, SELON LE MINISTRE DE LA JUSTICE - JusticeInfo.net","robots":{"index":"index","follow":"follow","max-snippet":"max-snippet:-1","max-image-preview":"max-image-preview:large","max-video-preview":"max-video-preview:-1"},"canonical":"https:\/\/www.justiceinfo.net\/fr\/13091-200511-rwandajustice-lcloture-officielle-des-gacacasren-decembre-selon-le-ministre-de-la-justice9901.html","og_locale":"fr_FR","og_type":"article","og_title":"20.05.11-RWANDA\/JUSTICE-\u00abCLOTURE OFFICIELLE DES GACACAS\u00bbEN DECEMBRE, SELON LE MINISTRE DE LA JUSTICE","og_description":"Kigali, 20 mai 2011 (FH) - Le gouvernement rwandais annonce que &laquo; la cl&ocirc;ture officielle &raquo; des travaux des juridictions populaires gacacas, charg&eacute;es de juger la plus grande majorit&eacute; des auteurs pr&eacute;sum&eacute;s du g&eacute;nocide des Tutsis de 1994, aura lieu en d&eacute;cembre.","og_url":"https:\/\/www.justiceinfo.net\/fr\/13091-200511-rwandajustice-lcloture-officielle-des-gacacasren-decembre-selon-le-ministre-de-la-justice9901.html","og_site_name":"JusticeInfo.net","article_publisher":"https:\/\/www.facebook.com\/JusticeInfo\/","article_published_time":"2011-05-19T22:00:00+00:00","og_image":[{"width":1200,"height":630,"url":"https:\/\/www.justiceinfo.net\/wp-content\/uploads\/JusticeInfoNet_logo_1200x630px.jpg","type":"image\/jpeg"}],"author":"solivri","twitter_card":"summary_large_image","twitter_creator":"@justiceinfonet","twitter_site":"@justiceinfonet","twitter_misc":{"\u00c9crit par":"solivri","Dur\u00e9e de lecture estim\u00e9e":"3 minutes"},"schema":{"@context":"https:\/\/schema.org","@graph":[{"@type":"NewsArticle","@id":"https:\/\/www.justiceinfo.net\/fr\/13091-200511-rwandajustice-lcloture-officielle-des-gacacasren-decembre-selon-le-ministre-de-la-justice9901.html#article","isPartOf":{"@id":"https:\/\/www.justiceinfo.net\/fr\/13091-200511-rwandajustice-lcloture-officielle-des-gacacasren-decembre-selon-le-ministre-de-la-justice9901.html"},"author":{"name":"solivri","@id":"https:\/\/www.justiceinfo.net\/fr#\/schema\/person\/6e53cba1629e2e66f3fc1821d3091865"},"headline":"20.05.11-RWANDA\/JUSTICE-\u00abCLOTURE OFFICIELLE DES GACACAS\u00bbEN DECEMBRE, SELON LE MINISTRE DE LA JUSTICE","datePublished":"2011-05-19T22:00:00+00:00","mainEntityOfPage":{"@id":"https:\/\/www.justiceinfo.net\/fr\/13091-200511-rwandajustice-lcloture-officielle-des-gacacasren-decembre-selon-le-ministre-de-la-justice9901.html"},"wordCount":528,"commentCount":0,"publisher":{"@id":"https:\/\/www.justiceinfo.net\/fr#organization"},"articleSection":["Hirondelle News"],"inLanguage":"fr-FR","potentialAction":[{"@type":"CommentAction","name":"Comment","target":["https:\/\/www.justiceinfo.net\/fr\/13091-200511-rwandajustice-lcloture-officielle-des-gacacasren-decembre-selon-le-ministre-de-la-justice9901.html#respond"]}]},{"@type":"WebPage","@id":"https:\/\/www.justiceinfo.net\/fr\/13091-200511-rwandajustice-lcloture-officielle-des-gacacasren-decembre-selon-le-ministre-de-la-justice9901.html","url":"https:\/\/www.justiceinfo.net\/fr\/13091-200511-rwandajustice-lcloture-officielle-des-gacacasren-decembre-selon-le-ministre-de-la-justice9901.html","name":"20.05.11-RWANDA\/JUSTICE-\u00abCLOTURE OFFICIELLE DES GACACAS\u00bbEN DECEMBRE, SELON LE MINISTRE DE LA JUSTICE - JusticeInfo.net","isPartOf":{"@id":"https:\/\/www.justiceinfo.net\/fr#website"},"datePublished":"2011-05-19T22:00:00+00:00","breadcrumb":{"@id":"https:\/\/www.justiceinfo.net\/fr\/13091-200511-rwandajustice-lcloture-officielle-des-gacacasren-decembre-selon-le-ministre-de-la-justice9901.html#breadcrumb"},"inLanguage":"fr-FR","potentialAction":[{"@type":"ReadAction","target":["https:\/\/www.justiceinfo.net\/fr\/13091-200511-rwandajustice-lcloture-officielle-des-gacacasren-decembre-selon-le-ministre-de-la-justice9901.html"]}]},{"@type":"BreadcrumbList","@id":"https:\/\/www.justiceinfo.net\/fr\/13091-200511-rwandajustice-lcloture-officielle-des-gacacasren-decembre-selon-le-ministre-de-la-justice9901.html#breadcrumb","itemListElement":[{"@type":"ListItem","position":1,"name":"Home","item":"https:\/\/www.justiceinfo.net\/fr"},{"@type":"ListItem","position":2,"name":"20.05.11-RWANDA\/JUSTICE-\u00abCLOTURE OFFICIELLE DES GACACAS\u00bbEN DECEMBRE, SELON LE MINISTRE DE LA JUSTICE"}]},{"@type":"WebSite","@id":"https:\/\/www.justiceinfo.net\/fr#website","url":"https:\/\/www.justiceinfo.net\/fr","name":"JusticeInfo.net","description":"La justice doit \u00eatre vue pour \u00eatre rendue","publisher":{"@id":"https:\/\/www.justiceinfo.net\/fr#organization"},"potentialAction":[{"@type":"SearchAction","target":{"@type":"EntryPoint","urlTemplate":"https:\/\/www.justiceinfo.net\/fr?s={search_term_string}"},"query-input":{"@type":"PropertyValueSpecification","valueRequired":true,"valueName":"search_term_string"}}],"inLanguage":"fr-FR"},{"@type":"Organization","@id":"https:\/\/www.justiceinfo.net\/fr#organization","name":"Justice Info","url":"https:\/\/www.justiceinfo.net\/fr","logo":{"@type":"ImageObject","inLanguage":"fr-FR","@id":"https:\/\/www.justiceinfo.net\/fr#\/schema\/logo\/image\/","url":"https:\/\/www.justiceinfo.net\/wp-content\/uploads\/justiceinfo_logo-trans_1200x1200px.png","contentUrl":"https:\/\/www.justiceinfo.net\/wp-content\/uploads\/justiceinfo_logo-trans_1200x1200px.png","width":1199,"height":1200,"caption":"Justice Info"},"image":{"@id":"https:\/\/www.justiceinfo.net\/fr#\/schema\/logo\/image\/"},"sameAs":["https:\/\/www.facebook.com\/JusticeInfo\/","https:\/\/x.com\/justiceinfonet","https:\/\/www.linkedin.com\/company\/justice-info","https:\/\/www.youtube.com\/channel\/UCyCEsARodyuWtkWyhn-e7pA"]},{"@type":"Person","name":"solivri","url":"\/fr\/?s=solivri"}]}},"_links":{"self":[{"href":"https:\/\/www.justiceinfo.net\/fr\/wp-json\/wp\/v2\/posts\/13091","targetHints":{"allow":["GET"]}}],"collection":[{"href":"https:\/\/www.justiceinfo.net\/fr\/wp-json\/wp\/v2\/posts"}],"about":[{"href":"https:\/\/www.justiceinfo.net\/fr\/wp-json\/wp\/v2\/types\/post"}],"author":[{"embeddable":true,"href":"https:\/\/www.justiceinfo.net\/fr\/wp-json\/wp\/v2\/users\/64"}],"replies":[{"embeddable":true,"href":"https:\/\/www.justiceinfo.net\/fr\/wp-json\/wp\/v2\/comments?post=13091"}],"version-history":[{"count":0,"href":"https:\/\/www.justiceinfo.net\/fr\/wp-json\/wp\/v2\/posts\/13091\/revisions"}],"wp:attachment":[{"href":"https:\/\/www.justiceinfo.net\/fr\/wp-json\/wp\/v2\/media?parent=13091"}],"wp:term":[{"taxonomy":"category","embeddable":true,"href":"https:\/\/www.justiceinfo.net\/fr\/wp-json\/wp\/v2\/categories?post=13091"},{"taxonomy":"post_tag","embeddable":true,"href":"https:\/\/www.justiceinfo.net\/fr\/wp-json\/wp\/v2\/tags?post=13091"},{"taxonomy":"ji_location","embeddable":true,"href":"https:\/\/www.justiceinfo.net\/fr\/wp-json\/wp\/v2\/ji_location?post=13091"}],"curies":[{"name":"wp","href":"https:\/\/api.w.org\/{rel}","templated":true}]}}