{"id":13105,"date":"2011-05-23T00:00:00","date_gmt":"2011-05-22T22:00:00","guid":{"rendered":"https:\/\/www.justiceinfo.net\/13105-230511-cpisoudan-accord-entre-le-procureur-et-la-defense9915.html"},"modified":"2011-05-23T00:00:00","modified_gmt":"2011-05-22T22:00:00","slug":"230511-cpisoudan-accord-entre-le-procureur-et-la-defense9915","status":"publish","type":"post","link":"https:\/\/www.justiceinfo.net\/fr\/13105-230511-cpisoudan-accord-entre-le-procureur-et-la-defense9915.html","title":{"rendered":"23.05.11 - CPI\/SOUDAN - ACCORD ENTRE LE PROCUREUR ET LA DEFENSE"},"content":{"rendered":"<p>\nLa Haye, 23 mai 2011 (FH) - Le procureur et la d&eacute;fense d'Abdallah Banda et Saleh Jerbo, deux commandants rebelles du Darfour poursuivis pour crimes de guerre, ont soumis aux juges, le 16 mai, un accord en vue du proc&egrave;s.\n<\/p>\n<p><!--more--><\/p>\n<p >\n<p >\n<p >\nLes deux rebelles, qui ne sont pas incarc&eacute;r&eacute;s mais comparaissent librement, sont poursuivis pour avoir conduit l'attaque d'une base militaire de la Mission de l'Union africaine au Soudan (MUAS) &agrave; Hashkanita, le 29 septembre 2007. Lors de cette attaque, commise dans le cadre du conflit qui oppose depuis 2002 les rebelles du Darfour au pouvoir de Khartoum, douze soldats de la paix avaient &eacute;t&eacute; tu&eacute;s.\n<\/p>\n<p >\n<p >\nDans leur requ&ecirc;te commune, Luis Moreno Ocampo et l'avocat des accus&eacute;s, ma&icirc;tre Karim Khan, proposent aux juges de se prononcer sur les seuls &eacute;l&eacute;ments contest&eacute;s. Le procureur estime que cette attaque &eacute;tait ill&eacute;gale, que les accus&eacute;s le savaient et que la Mission de l'Union africaine &eacute;tait une mission de la paix, conform&eacute;ment &agrave; la Charte des Nations unies. Trois points contest&eacute;s par la d&eacute;fense.\n<\/p>\n<p >\n<p >\nSi les juges devaient soutenir la th&egrave;se du procureur sur ces points, alors &laquo; les accus&eacute;s plaideront coupables des charges retenues contre eux &raquo;, apr&egrave;s avoir fait appel, le cas &eacute;ch&eacute;ant, &eacute;crivent-ils.\n<\/p>\n<p >\n<p >\nKarim Kahn et Luis Moreno Ocampo estiment que &laquo; l'accord conclu par les parties raccourcira significativement les proc&eacute;dures en mettant l'accent sur les seuls points qui sont contest&eacute;s par les parties &raquo;. Ils ajoutent que cela permettra de &laquo; promouvoir un proc&egrave;s efficace et rentable, en pr&eacute;servant le droit des victimes &agrave; participer aux proc&eacute;dures et en prot&eacute;geant les droits des accus&eacute;s &agrave; un proc&egrave;s &eacute;quitable et rapide &raquo;. Plusieurs groupes de victimes sont repr&eacute;sent&eacute;es dans le proc&egrave;s, dont certaines sont proches du r&eacute;gime de Khartoum.\n<\/p>\n<p >\n<p >\nLa Cour avait d&eacute;livr&eacute; des citations &agrave; compara&icirc;tre &agrave; l'encontre des accus&eacute;s le 27 ao&ucirc;t 2009, &agrave; la demande du procureur, qui avait d&eacute;pos&eacute; sa requ&ecirc;te en novembre 2008, soit quelques mois apr&egrave;s avoir annonc&eacute; son intention d'&eacute;mettre un mandat d'arr&ecirc;t contre le pr&eacute;sident du Soudan, Omar Al-Bachir. Le 7 mars 2011, les juges avaient confirm&eacute; les charges retenues contre les deux hommes, ouvrant la voie &agrave; un futur proc&egrave;s. Une troisi&egrave;me citation &agrave; compara&icirc;tre avait &eacute;t&eacute; d&eacute;livr&eacute;e contre Idriss Abu Garda, un autre commandant rebelle. Mais les juges avaient rejet&eacute; les charges retenues par le procureur.\n<\/p>\n<p >\nSM\/ER\/GF\n<\/p>\n<p >\n<p>\n&copy; Agence Hirondelle\n<\/p><\/p>\n","protected":false},"excerpt":{"rendered":"<p>La Haye, 23 mai 2011 (FH) - Le procureur et la d&eacute;fense d'Abdallah Banda et Saleh Jerbo, deux commandants rebelles du Darfour poursuivis pour crimes de guerre, ont soumis aux juges, le 16 mai, un accord en vue du proc&egrave;s.<\/p>\n","protected":false},"author":64,"featured_media":0,"comment_status":"open","ping_status":"closed","sticky":false,"template":"","format":"standard","meta":{"_acf_changed":false,"footnotes":""},"categories":[554],"tags":[],"ji_location":[],"class_list":["post-13105","post","type-post","status-publish","format-standard","hentry","category-hirondellenews"],"acf":[],"yoast_head":"<!-- This site is optimized with the Yoast SEO Premium plugin v25.3.1 (Yoast SEO v25.3.1) - https:\/\/yoast.com\/wordpress\/plugins\/seo\/ -->\n<title>23.05.11 - CPI\/SOUDAN - ACCORD ENTRE LE PROCUREUR ET LA DEFENSE - JusticeInfo.net<\/title>\n<meta name=\"robots\" content=\"index, follow, max-snippet:-1, max-image-preview:large, max-video-preview:-1\" \/>\n<link rel=\"canonical\" href=\"https:\/\/www.justiceinfo.net\/fr\/13105-230511-cpisoudan-accord-entre-le-procureur-et-la-defense9915.html\" \/>\n<meta property=\"og:locale\" content=\"fr_FR\" \/>\n<meta property=\"og:type\" content=\"article\" \/>\n<meta property=\"og:title\" content=\"23.05.11 - CPI\/SOUDAN - ACCORD ENTRE LE PROCUREUR ET LA DEFENSE\" \/>\n<meta property=\"og:description\" content=\"La Haye, 23 mai 2011 (FH) - Le procureur et la d&eacute;fense d&#039;Abdallah Banda et Saleh Jerbo, deux commandants rebelles du Darfour poursuivis pour crimes de guerre, ont soumis aux juges, le 16 mai, un accord en vue du proc&egrave;s.\" \/>\n<meta property=\"og:url\" content=\"https:\/\/www.justiceinfo.net\/fr\/13105-230511-cpisoudan-accord-entre-le-procureur-et-la-defense9915.html\" \/>\n<meta property=\"og:site_name\" content=\"JusticeInfo.net\" \/>\n<meta property=\"article:publisher\" content=\"https:\/\/www.facebook.com\/JusticeInfo\/\" \/>\n<meta property=\"article:published_time\" content=\"2011-05-22T22:00:00+00:00\" \/>\n<meta property=\"og:image\" content=\"https:\/\/www.justiceinfo.net\/wp-content\/uploads\/JusticeInfoNet_logo_1200x630px.jpg\" \/>\n\t<meta property=\"og:image:width\" content=\"1200\" \/>\n\t<meta property=\"og:image:height\" content=\"630\" \/>\n\t<meta property=\"og:image:type\" content=\"image\/jpeg\" \/>\n<meta name=\"author\" content=\"solivri\" \/>\n<meta name=\"twitter:card\" content=\"summary_large_image\" \/>\n<meta name=\"twitter:creator\" content=\"@justiceinfonet\" \/>\n<meta name=\"twitter:site\" content=\"@justiceinfonet\" \/>\n<meta name=\"twitter:label1\" content=\"\u00c9crit par\" \/>\n\t<meta name=\"twitter:data1\" content=\"solivri\" \/>\n\t<meta name=\"twitter:label2\" content=\"Dur\u00e9e de lecture estim\u00e9e\" \/>\n\t<meta name=\"twitter:data2\" content=\"2 minutes\" \/>\n<script type=\"application\/ld+json\" class=\"yoast-schema-graph\">{\"@context\":\"https:\/\/schema.org\",\"@graph\":[{\"@type\":\"NewsArticle\",\"@id\":\"https:\/\/www.justiceinfo.net\/fr\/13105-230511-cpisoudan-accord-entre-le-procureur-et-la-defense9915.html#article\",\"isPartOf\":{\"@id\":\"https:\/\/www.justiceinfo.net\/fr\/13105-230511-cpisoudan-accord-entre-le-procureur-et-la-defense9915.html\"},\"author\":{\"name\":\"solivri\",\"@id\":\"https:\/\/www.justiceinfo.net\/fr#\/schema\/person\/6e53cba1629e2e66f3fc1821d3091865\"},\"headline\":\"23.05.11 - CPI\/SOUDAN - ACCORD ENTRE LE PROCUREUR ET LA DEFENSE\",\"datePublished\":\"2011-05-22T22:00:00+00:00\",\"mainEntityOfPage\":{\"@id\":\"https:\/\/www.justiceinfo.net\/fr\/13105-230511-cpisoudan-accord-entre-le-procureur-et-la-defense9915.html\"},\"wordCount\":507,\"commentCount\":0,\"publisher\":{\"@id\":\"https:\/\/www.justiceinfo.net\/fr#organization\"},\"articleSection\":[\"Hirondelle News\"],\"inLanguage\":\"fr-FR\",\"potentialAction\":[{\"@type\":\"CommentAction\",\"name\":\"Comment\",\"target\":[\"https:\/\/www.justiceinfo.net\/fr\/13105-230511-cpisoudan-accord-entre-le-procureur-et-la-defense9915.html#respond\"]}]},{\"@type\":\"WebPage\",\"@id\":\"https:\/\/www.justiceinfo.net\/fr\/13105-230511-cpisoudan-accord-entre-le-procureur-et-la-defense9915.html\",\"url\":\"https:\/\/www.justiceinfo.net\/fr\/13105-230511-cpisoudan-accord-entre-le-procureur-et-la-defense9915.html\",\"name\":\"23.05.11 - CPI\/SOUDAN - ACCORD ENTRE LE PROCUREUR ET LA DEFENSE - JusticeInfo.net\",\"isPartOf\":{\"@id\":\"https:\/\/www.justiceinfo.net\/fr#website\"},\"datePublished\":\"2011-05-22T22:00:00+00:00\",\"breadcrumb\":{\"@id\":\"https:\/\/www.justiceinfo.net\/fr\/13105-230511-cpisoudan-accord-entre-le-procureur-et-la-defense9915.html#breadcrumb\"},\"inLanguage\":\"fr-FR\",\"potentialAction\":[{\"@type\":\"ReadAction\",\"target\":[\"https:\/\/www.justiceinfo.net\/fr\/13105-230511-cpisoudan-accord-entre-le-procureur-et-la-defense9915.html\"]}]},{\"@type\":\"BreadcrumbList\",\"@id\":\"https:\/\/www.justiceinfo.net\/fr\/13105-230511-cpisoudan-accord-entre-le-procureur-et-la-defense9915.html#breadcrumb\",\"itemListElement\":[{\"@type\":\"ListItem\",\"position\":1,\"name\":\"Home\",\"item\":\"https:\/\/www.justiceinfo.net\/fr\"},{\"@type\":\"ListItem\",\"position\":2,\"name\":\"23.05.11 - CPI\/SOUDAN - ACCORD ENTRE LE PROCUREUR ET LA DEFENSE\"}]},{\"@type\":\"WebSite\",\"@id\":\"https:\/\/www.justiceinfo.net\/fr#website\",\"url\":\"https:\/\/www.justiceinfo.net\/fr\",\"name\":\"JusticeInfo.net\",\"description\":\"La justice doit \u00eatre vue pour \u00eatre rendue\",\"publisher\":{\"@id\":\"https:\/\/www.justiceinfo.net\/fr#organization\"},\"potentialAction\":[{\"@type\":\"SearchAction\",\"target\":{\"@type\":\"EntryPoint\",\"urlTemplate\":\"https:\/\/www.justiceinfo.net\/fr?s={search_term_string}\"},\"query-input\":{\"@type\":\"PropertyValueSpecification\",\"valueRequired\":true,\"valueName\":\"search_term_string\"}}],\"inLanguage\":\"fr-FR\"},{\"@type\":\"Organization\",\"@id\":\"https:\/\/www.justiceinfo.net\/fr#organization\",\"name\":\"Justice Info\",\"url\":\"https:\/\/www.justiceinfo.net\/fr\",\"logo\":{\"@type\":\"ImageObject\",\"inLanguage\":\"fr-FR\",\"@id\":\"https:\/\/www.justiceinfo.net\/fr#\/schema\/logo\/image\/\",\"url\":\"https:\/\/www.justiceinfo.net\/wp-content\/uploads\/justiceinfo_logo-trans_1200x1200px.png\",\"contentUrl\":\"https:\/\/www.justiceinfo.net\/wp-content\/uploads\/justiceinfo_logo-trans_1200x1200px.png\",\"width\":1199,\"height\":1200,\"caption\":\"Justice Info\"},\"image\":{\"@id\":\"https:\/\/www.justiceinfo.net\/fr#\/schema\/logo\/image\/\"},\"sameAs\":[\"https:\/\/www.facebook.com\/JusticeInfo\/\",\"https:\/\/x.com\/justiceinfonet\",\"https:\/\/www.linkedin.com\/company\/justice-info\",\"https:\/\/www.youtube.com\/channel\/UCyCEsARodyuWtkWyhn-e7pA\"]},{\"@type\":\"Person\",\"name\":\"solivri\",\"url\":\"\/fr\/?s=solivri\"}]}<\/script>\n<!-- \/ Yoast SEO Premium plugin. -->","yoast_head_json":{"title":"23.05.11 - CPI\/SOUDAN - ACCORD ENTRE LE PROCUREUR ET LA DEFENSE - JusticeInfo.net","robots":{"index":"index","follow":"follow","max-snippet":"max-snippet:-1","max-image-preview":"max-image-preview:large","max-video-preview":"max-video-preview:-1"},"canonical":"https:\/\/www.justiceinfo.net\/fr\/13105-230511-cpisoudan-accord-entre-le-procureur-et-la-defense9915.html","og_locale":"fr_FR","og_type":"article","og_title":"23.05.11 - CPI\/SOUDAN - ACCORD ENTRE LE PROCUREUR ET LA DEFENSE","og_description":"La Haye, 23 mai 2011 (FH) - Le procureur et la d&eacute;fense d'Abdallah Banda et Saleh Jerbo, deux commandants rebelles du Darfour poursuivis pour crimes de guerre, ont soumis aux juges, le 16 mai, un accord en vue du proc&egrave;s.","og_url":"https:\/\/www.justiceinfo.net\/fr\/13105-230511-cpisoudan-accord-entre-le-procureur-et-la-defense9915.html","og_site_name":"JusticeInfo.net","article_publisher":"https:\/\/www.facebook.com\/JusticeInfo\/","article_published_time":"2011-05-22T22:00:00+00:00","og_image":[{"width":1200,"height":630,"url":"https:\/\/www.justiceinfo.net\/wp-content\/uploads\/JusticeInfoNet_logo_1200x630px.jpg","type":"image\/jpeg"}],"author":"solivri","twitter_card":"summary_large_image","twitter_creator":"@justiceinfonet","twitter_site":"@justiceinfonet","twitter_misc":{"\u00c9crit par":"solivri","Dur\u00e9e de lecture estim\u00e9e":"2 minutes"},"schema":{"@context":"https:\/\/schema.org","@graph":[{"@type":"NewsArticle","@id":"https:\/\/www.justiceinfo.net\/fr\/13105-230511-cpisoudan-accord-entre-le-procureur-et-la-defense9915.html#article","isPartOf":{"@id":"https:\/\/www.justiceinfo.net\/fr\/13105-230511-cpisoudan-accord-entre-le-procureur-et-la-defense9915.html"},"author":{"name":"solivri","@id":"https:\/\/www.justiceinfo.net\/fr#\/schema\/person\/6e53cba1629e2e66f3fc1821d3091865"},"headline":"23.05.11 - CPI\/SOUDAN - ACCORD ENTRE LE PROCUREUR ET LA DEFENSE","datePublished":"2011-05-22T22:00:00+00:00","mainEntityOfPage":{"@id":"https:\/\/www.justiceinfo.net\/fr\/13105-230511-cpisoudan-accord-entre-le-procureur-et-la-defense9915.html"},"wordCount":507,"commentCount":0,"publisher":{"@id":"https:\/\/www.justiceinfo.net\/fr#organization"},"articleSection":["Hirondelle News"],"inLanguage":"fr-FR","potentialAction":[{"@type":"CommentAction","name":"Comment","target":["https:\/\/www.justiceinfo.net\/fr\/13105-230511-cpisoudan-accord-entre-le-procureur-et-la-defense9915.html#respond"]}]},{"@type":"WebPage","@id":"https:\/\/www.justiceinfo.net\/fr\/13105-230511-cpisoudan-accord-entre-le-procureur-et-la-defense9915.html","url":"https:\/\/www.justiceinfo.net\/fr\/13105-230511-cpisoudan-accord-entre-le-procureur-et-la-defense9915.html","name":"23.05.11 - CPI\/SOUDAN - ACCORD ENTRE LE PROCUREUR ET LA DEFENSE - JusticeInfo.net","isPartOf":{"@id":"https:\/\/www.justiceinfo.net\/fr#website"},"datePublished":"2011-05-22T22:00:00+00:00","breadcrumb":{"@id":"https:\/\/www.justiceinfo.net\/fr\/13105-230511-cpisoudan-accord-entre-le-procureur-et-la-defense9915.html#breadcrumb"},"inLanguage":"fr-FR","potentialAction":[{"@type":"ReadAction","target":["https:\/\/www.justiceinfo.net\/fr\/13105-230511-cpisoudan-accord-entre-le-procureur-et-la-defense9915.html"]}]},{"@type":"BreadcrumbList","@id":"https:\/\/www.justiceinfo.net\/fr\/13105-230511-cpisoudan-accord-entre-le-procureur-et-la-defense9915.html#breadcrumb","itemListElement":[{"@type":"ListItem","position":1,"name":"Home","item":"https:\/\/www.justiceinfo.net\/fr"},{"@type":"ListItem","position":2,"name":"23.05.11 - CPI\/SOUDAN - ACCORD ENTRE LE PROCUREUR ET LA DEFENSE"}]},{"@type":"WebSite","@id":"https:\/\/www.justiceinfo.net\/fr#website","url":"https:\/\/www.justiceinfo.net\/fr","name":"JusticeInfo.net","description":"La justice doit \u00eatre vue pour \u00eatre rendue","publisher":{"@id":"https:\/\/www.justiceinfo.net\/fr#organization"},"potentialAction":[{"@type":"SearchAction","target":{"@type":"EntryPoint","urlTemplate":"https:\/\/www.justiceinfo.net\/fr?s={search_term_string}"},"query-input":{"@type":"PropertyValueSpecification","valueRequired":true,"valueName":"search_term_string"}}],"inLanguage":"fr-FR"},{"@type":"Organization","@id":"https:\/\/www.justiceinfo.net\/fr#organization","name":"Justice Info","url":"https:\/\/www.justiceinfo.net\/fr","logo":{"@type":"ImageObject","inLanguage":"fr-FR","@id":"https:\/\/www.justiceinfo.net\/fr#\/schema\/logo\/image\/","url":"https:\/\/www.justiceinfo.net\/wp-content\/uploads\/justiceinfo_logo-trans_1200x1200px.png","contentUrl":"https:\/\/www.justiceinfo.net\/wp-content\/uploads\/justiceinfo_logo-trans_1200x1200px.png","width":1199,"height":1200,"caption":"Justice Info"},"image":{"@id":"https:\/\/www.justiceinfo.net\/fr#\/schema\/logo\/image\/"},"sameAs":["https:\/\/www.facebook.com\/JusticeInfo\/","https:\/\/x.com\/justiceinfonet","https:\/\/www.linkedin.com\/company\/justice-info","https:\/\/www.youtube.com\/channel\/UCyCEsARodyuWtkWyhn-e7pA"]},{"@type":"Person","name":"solivri","url":"\/fr\/?s=solivri"}]}},"_links":{"self":[{"href":"https:\/\/www.justiceinfo.net\/fr\/wp-json\/wp\/v2\/posts\/13105","targetHints":{"allow":["GET"]}}],"collection":[{"href":"https:\/\/www.justiceinfo.net\/fr\/wp-json\/wp\/v2\/posts"}],"about":[{"href":"https:\/\/www.justiceinfo.net\/fr\/wp-json\/wp\/v2\/types\/post"}],"author":[{"embeddable":true,"href":"https:\/\/www.justiceinfo.net\/fr\/wp-json\/wp\/v2\/users\/64"}],"replies":[{"embeddable":true,"href":"https:\/\/www.justiceinfo.net\/fr\/wp-json\/wp\/v2\/comments?post=13105"}],"version-history":[{"count":0,"href":"https:\/\/www.justiceinfo.net\/fr\/wp-json\/wp\/v2\/posts\/13105\/revisions"}],"wp:attachment":[{"href":"https:\/\/www.justiceinfo.net\/fr\/wp-json\/wp\/v2\/media?parent=13105"}],"wp:term":[{"taxonomy":"category","embeddable":true,"href":"https:\/\/www.justiceinfo.net\/fr\/wp-json\/wp\/v2\/categories?post=13105"},{"taxonomy":"post_tag","embeddable":true,"href":"https:\/\/www.justiceinfo.net\/fr\/wp-json\/wp\/v2\/tags?post=13105"},{"taxonomy":"ji_location","embeddable":true,"href":"https:\/\/www.justiceinfo.net\/fr\/wp-json\/wp\/v2\/ji_location?post=13105"}],"curies":[{"name":"wp","href":"https:\/\/api.w.org\/{rel}","templated":true}]}}