{"id":13109,"date":"2011-05-24T00:00:00","date_gmt":"2011-05-23T22:00:00","guid":{"rendered":"https:\/\/www.justiceinfo.net\/13109-240511-tpirjuges-quatre-juges-de-premiere-instance-transferes-a-la-chambre-dappel9919.html"},"modified":"2011-05-24T00:00:00","modified_gmt":"2011-05-23T22:00:00","slug":"240511-tpirjuges-quatre-juges-de-premiere-instance-transferes-a-la-chambre-dappel9919","status":"publish","type":"post","link":"https:\/\/www.justiceinfo.net\/fr\/13109-240511-tpirjuges-quatre-juges-de-premiere-instance-transferes-a-la-chambre-dappel9919.html","title":{"rendered":"24.05.11 - TPIR\/JUGES - QUATRE JUGES DE PREMIERE INSTANCE TRANSFERES A LA CHAMBRE D'APPEL"},"content":{"rendered":"<p>\nArusha, 24 mai 2011 (FH) - Le pr&eacute;sident du Tribunal p&eacute;nal international pour le Rwanda (TPIR), le juge Dennis Byron, a affect&eacute; quatre de ses confr&egrave;res de premi&egrave;re instance &agrave; la chambre d'appel partag&eacute;e avec le Tribunal pour l'ex-Yougoslavie, apprend-on de source officielle mardi.\n<\/p>\n<p><!--more--><\/p>\n<p >\n<p >\nIl s'agit de la Pakistanaise Khalida Rachid Khan, du Tanzanien William Hussein Sekule, de la Malgache Arlette Ramaroson et du Russe Bakhtiyar Tuzmukhamedov.\n<\/p>\n<p >\nCe changement &laquo; entrera en vigueur &agrave; partir de la date &agrave; laquelle leurs affaires respectives (de premi&egrave;re instance) seront termin&eacute;es &raquo;, indique un communiqu&eacute; en anglais du service de presse du tribunal.\n<\/p>\n<p >\nSelon le statut du tribunal, le pr&eacute;sident peut affecter &agrave; la chambre d'appel jusqu'&agrave; quatre juges si&eacute;geant dans les chambres de premi&egrave;re instance si leurs proc&egrave;s sont termin&eacute;s.\n<\/p>\n<p >\nKhan planche sur la r&eacute;daction du jugement dans le proc&egrave;s &laquo; Gouvernement II &raquo; impliquant quatre membres du gouvernement en place pendant le g&eacute;nocide, Sekule et Ramaroson sont retenus par le d&eacute;lib&eacute;r&eacute; dans l'affaire &laquo; Butare &raquo;, regroupant six accus&eacute;s, dont l'ex-ministre de la Famille et de la promotion f&eacute;minine Pauline Nyiramasuhuko.\n<\/p>\n<p >\nSekule si&egrave;ge &eacute;galement dans le proc&egrave;s d'Augustin Ngirabatware, ancien ministre du Plan et gendre de l'homme d'affaires F&eacute;licien Kabuga, le plus recherch&eacute; des dix accus&eacute;s encore en fuite.\n<\/p>\n<p >\nPour sa part, le magistrat russe si&egrave;ge dans le proc&egrave;s de l'ancien ministre de la Jeunesse, Callixte Nzabonimana et celui de l'ancien maire Gr&eacute;goire Ndahimana.\n<\/p>\n<p >\nLe volume du travail diminue de plus en plus en premi&egrave;re instance car seul un accus&eacute;, le pasteur pentec&ocirc;tiste Jean Uwinkindi n'est pas encore en proc&egrave;s. Il fait l'objet d'une demande de renvoi devant les tribunaux rwandais, sur laquelle la chambre d&eacute;sign&eacute;e &agrave; cet effet ne s'est pas encore prononc&eacute;e.\n<\/p>\n<p >\nUwinkindi mis &agrave; part, les dossiers les moins avanc&eacute;s en sont &agrave; la phase du d&eacute;fil&eacute; des t&eacute;moins de la d&eacute;fense.\n<\/p>\n<p >\nUne r&eacute;solution du Conseil de s&eacute;curit&eacute; vot&eacute;e en d&eacute;cembre 2010 cr&eacute;e un futur &laquo;m&eacute;canisme international &raquo; charg&eacute; d'exercer les fonctions r&eacute;siduelles du TPIR et du TPIY.\n<\/p>\n<p >\n<p >\nElle demande aux tribunaux de &laquo; tout faire pour achever rapidement leurs travaux, au plus tard le 31 d&eacute;cembre 2014, de pr&eacute;parer leur fermeture et d'assurer une transition sans heurt avec le m&eacute;canisme, notamment en cr&eacute;ant en leur sein une &eacute;quipe pr&eacute;paratoire &raquo;.\n<\/p>\n<p >\n<p >\nER\/GF\n<\/p>\n<p>\n&copy; Agence Hirondelle<\/p>\n","protected":false},"excerpt":{"rendered":"<p>Arusha, 24 mai 2011 (FH) - Le pr&eacute;sident du Tribunal p&eacute;nal international pour le Rwanda (TPIR), le juge Dennis Byron, a affect&eacute; quatre de ses confr&egrave;res de premi&egrave;re instance &agrave; la chambre d'appel partag&eacute;e avec le Tribunal pour l'ex-Yougoslavie, apprend-on de source officielle mardi.<\/p>\n","protected":false},"author":64,"featured_media":0,"comment_status":"open","ping_status":"closed","sticky":false,"template":"","format":"standard","meta":{"_acf_changed":false,"footnotes":""},"categories":[554],"tags":[],"ji_location":[],"class_list":["post-13109","post","type-post","status-publish","format-standard","hentry","category-hirondellenews"],"acf":[],"yoast_head":"<!-- This site is optimized with the Yoast SEO Premium plugin v25.3.1 (Yoast SEO v25.3.1) - https:\/\/yoast.com\/wordpress\/plugins\/seo\/ -->\n<title>24.05.11 - TPIR\/JUGES - QUATRE JUGES DE PREMIERE INSTANCE TRANSFERES A LA CHAMBRE D&#039;APPEL - JusticeInfo.net<\/title>\n<meta name=\"robots\" content=\"index, follow, max-snippet:-1, max-image-preview:large, max-video-preview:-1\" \/>\n<link rel=\"canonical\" href=\"https:\/\/www.justiceinfo.net\/fr\/13109-240511-tpirjuges-quatre-juges-de-premiere-instance-transferes-a-la-chambre-dappel9919.html\" \/>\n<meta property=\"og:locale\" content=\"fr_FR\" \/>\n<meta property=\"og:type\" content=\"article\" \/>\n<meta property=\"og:title\" content=\"24.05.11 - TPIR\/JUGES - QUATRE JUGES DE PREMIERE INSTANCE TRANSFERES A LA CHAMBRE D&#039;APPEL\" \/>\n<meta property=\"og:description\" content=\"Arusha, 24 mai 2011 (FH) - Le pr&eacute;sident du Tribunal p&eacute;nal international pour le Rwanda (TPIR), le juge Dennis Byron, a affect&eacute; quatre de ses confr&egrave;res de premi&egrave;re instance &agrave; la chambre d&#039;appel partag&eacute;e avec le Tribunal pour l&#039;ex-Yougoslavie, apprend-on de source officielle mardi.\" \/>\n<meta property=\"og:url\" content=\"https:\/\/www.justiceinfo.net\/fr\/13109-240511-tpirjuges-quatre-juges-de-premiere-instance-transferes-a-la-chambre-dappel9919.html\" \/>\n<meta property=\"og:site_name\" content=\"JusticeInfo.net\" \/>\n<meta property=\"article:publisher\" content=\"https:\/\/www.facebook.com\/JusticeInfo\/\" \/>\n<meta property=\"article:published_time\" content=\"2011-05-23T22:00:00+00:00\" \/>\n<meta property=\"og:image\" content=\"https:\/\/www.justiceinfo.net\/wp-content\/uploads\/JusticeInfoNet_logo_1200x630px.jpg\" \/>\n\t<meta property=\"og:image:width\" content=\"1200\" \/>\n\t<meta property=\"og:image:height\" content=\"630\" \/>\n\t<meta property=\"og:image:type\" content=\"image\/jpeg\" \/>\n<meta name=\"author\" content=\"solivri\" \/>\n<meta name=\"twitter:card\" content=\"summary_large_image\" \/>\n<meta name=\"twitter:creator\" content=\"@justiceinfonet\" \/>\n<meta name=\"twitter:site\" content=\"@justiceinfonet\" \/>\n<meta name=\"twitter:label1\" content=\"\u00c9crit par\" \/>\n\t<meta name=\"twitter:data1\" content=\"solivri\" \/>\n\t<meta name=\"twitter:label2\" content=\"Dur\u00e9e de lecture estim\u00e9e\" \/>\n\t<meta name=\"twitter:data2\" content=\"2 minutes\" \/>\n<script type=\"application\/ld+json\" class=\"yoast-schema-graph\">{\"@context\":\"https:\/\/schema.org\",\"@graph\":[{\"@type\":\"NewsArticle\",\"@id\":\"https:\/\/www.justiceinfo.net\/fr\/13109-240511-tpirjuges-quatre-juges-de-premiere-instance-transferes-a-la-chambre-dappel9919.html#article\",\"isPartOf\":{\"@id\":\"https:\/\/www.justiceinfo.net\/fr\/13109-240511-tpirjuges-quatre-juges-de-premiere-instance-transferes-a-la-chambre-dappel9919.html\"},\"author\":{\"name\":\"solivri\",\"@id\":\"https:\/\/www.justiceinfo.net\/fr#\/schema\/person\/6e53cba1629e2e66f3fc1821d3091865\"},\"headline\":\"24.05.11 - TPIR\/JUGES - QUATRE JUGES DE PREMIERE INSTANCE TRANSFERES A LA CHAMBRE D'APPEL\",\"datePublished\":\"2011-05-23T22:00:00+00:00\",\"mainEntityOfPage\":{\"@id\":\"https:\/\/www.justiceinfo.net\/fr\/13109-240511-tpirjuges-quatre-juges-de-premiere-instance-transferes-a-la-chambre-dappel9919.html\"},\"wordCount\":513,\"commentCount\":0,\"publisher\":{\"@id\":\"https:\/\/www.justiceinfo.net\/fr#organization\"},\"articleSection\":[\"Hirondelle News\"],\"inLanguage\":\"fr-FR\",\"potentialAction\":[{\"@type\":\"CommentAction\",\"name\":\"Comment\",\"target\":[\"https:\/\/www.justiceinfo.net\/fr\/13109-240511-tpirjuges-quatre-juges-de-premiere-instance-transferes-a-la-chambre-dappel9919.html#respond\"]}]},{\"@type\":\"WebPage\",\"@id\":\"https:\/\/www.justiceinfo.net\/fr\/13109-240511-tpirjuges-quatre-juges-de-premiere-instance-transferes-a-la-chambre-dappel9919.html\",\"url\":\"https:\/\/www.justiceinfo.net\/fr\/13109-240511-tpirjuges-quatre-juges-de-premiere-instance-transferes-a-la-chambre-dappel9919.html\",\"name\":\"24.05.11 - TPIR\/JUGES - QUATRE JUGES DE PREMIERE INSTANCE TRANSFERES A LA CHAMBRE D'APPEL - JusticeInfo.net\",\"isPartOf\":{\"@id\":\"https:\/\/www.justiceinfo.net\/fr#website\"},\"datePublished\":\"2011-05-23T22:00:00+00:00\",\"breadcrumb\":{\"@id\":\"https:\/\/www.justiceinfo.net\/fr\/13109-240511-tpirjuges-quatre-juges-de-premiere-instance-transferes-a-la-chambre-dappel9919.html#breadcrumb\"},\"inLanguage\":\"fr-FR\",\"potentialAction\":[{\"@type\":\"ReadAction\",\"target\":[\"https:\/\/www.justiceinfo.net\/fr\/13109-240511-tpirjuges-quatre-juges-de-premiere-instance-transferes-a-la-chambre-dappel9919.html\"]}]},{\"@type\":\"BreadcrumbList\",\"@id\":\"https:\/\/www.justiceinfo.net\/fr\/13109-240511-tpirjuges-quatre-juges-de-premiere-instance-transferes-a-la-chambre-dappel9919.html#breadcrumb\",\"itemListElement\":[{\"@type\":\"ListItem\",\"position\":1,\"name\":\"Home\",\"item\":\"https:\/\/www.justiceinfo.net\/fr\"},{\"@type\":\"ListItem\",\"position\":2,\"name\":\"24.05.11 - TPIR\/JUGES - QUATRE JUGES DE PREMIERE INSTANCE TRANSFERES A LA CHAMBRE D'APPEL\"}]},{\"@type\":\"WebSite\",\"@id\":\"https:\/\/www.justiceinfo.net\/fr#website\",\"url\":\"https:\/\/www.justiceinfo.net\/fr\",\"name\":\"JusticeInfo.net\",\"description\":\"La justice doit \u00eatre vue pour \u00eatre rendue\",\"publisher\":{\"@id\":\"https:\/\/www.justiceinfo.net\/fr#organization\"},\"potentialAction\":[{\"@type\":\"SearchAction\",\"target\":{\"@type\":\"EntryPoint\",\"urlTemplate\":\"https:\/\/www.justiceinfo.net\/fr?s={search_term_string}\"},\"query-input\":{\"@type\":\"PropertyValueSpecification\",\"valueRequired\":true,\"valueName\":\"search_term_string\"}}],\"inLanguage\":\"fr-FR\"},{\"@type\":\"Organization\",\"@id\":\"https:\/\/www.justiceinfo.net\/fr#organization\",\"name\":\"Justice Info\",\"url\":\"https:\/\/www.justiceinfo.net\/fr\",\"logo\":{\"@type\":\"ImageObject\",\"inLanguage\":\"fr-FR\",\"@id\":\"https:\/\/www.justiceinfo.net\/fr#\/schema\/logo\/image\/\",\"url\":\"https:\/\/www.justiceinfo.net\/wp-content\/uploads\/justiceinfo_logo-trans_1200x1200px.png\",\"contentUrl\":\"https:\/\/www.justiceinfo.net\/wp-content\/uploads\/justiceinfo_logo-trans_1200x1200px.png\",\"width\":1199,\"height\":1200,\"caption\":\"Justice Info\"},\"image\":{\"@id\":\"https:\/\/www.justiceinfo.net\/fr#\/schema\/logo\/image\/\"},\"sameAs\":[\"https:\/\/www.facebook.com\/JusticeInfo\/\",\"https:\/\/x.com\/justiceinfonet\",\"https:\/\/www.linkedin.com\/company\/justice-info\",\"https:\/\/www.youtube.com\/channel\/UCyCEsARodyuWtkWyhn-e7pA\"]},{\"@type\":\"Person\",\"name\":\"solivri\",\"url\":\"\/fr\/?s=solivri\"}]}<\/script>\n<!-- \/ Yoast SEO Premium plugin. -->","yoast_head_json":{"title":"24.05.11 - TPIR\/JUGES - QUATRE JUGES DE PREMIERE INSTANCE TRANSFERES A LA CHAMBRE D'APPEL - JusticeInfo.net","robots":{"index":"index","follow":"follow","max-snippet":"max-snippet:-1","max-image-preview":"max-image-preview:large","max-video-preview":"max-video-preview:-1"},"canonical":"https:\/\/www.justiceinfo.net\/fr\/13109-240511-tpirjuges-quatre-juges-de-premiere-instance-transferes-a-la-chambre-dappel9919.html","og_locale":"fr_FR","og_type":"article","og_title":"24.05.11 - TPIR\/JUGES - QUATRE JUGES DE PREMIERE INSTANCE TRANSFERES A LA CHAMBRE D'APPEL","og_description":"Arusha, 24 mai 2011 (FH) - Le pr&eacute;sident du Tribunal p&eacute;nal international pour le Rwanda (TPIR), le juge Dennis Byron, a affect&eacute; quatre de ses confr&egrave;res de premi&egrave;re instance &agrave; la chambre d'appel partag&eacute;e avec le Tribunal pour l'ex-Yougoslavie, apprend-on de source officielle mardi.","og_url":"https:\/\/www.justiceinfo.net\/fr\/13109-240511-tpirjuges-quatre-juges-de-premiere-instance-transferes-a-la-chambre-dappel9919.html","og_site_name":"JusticeInfo.net","article_publisher":"https:\/\/www.facebook.com\/JusticeInfo\/","article_published_time":"2011-05-23T22:00:00+00:00","og_image":[{"width":1200,"height":630,"url":"https:\/\/www.justiceinfo.net\/wp-content\/uploads\/JusticeInfoNet_logo_1200x630px.jpg","type":"image\/jpeg"}],"author":"solivri","twitter_card":"summary_large_image","twitter_creator":"@justiceinfonet","twitter_site":"@justiceinfonet","twitter_misc":{"\u00c9crit par":"solivri","Dur\u00e9e de lecture estim\u00e9e":"2 minutes"},"schema":{"@context":"https:\/\/schema.org","@graph":[{"@type":"NewsArticle","@id":"https:\/\/www.justiceinfo.net\/fr\/13109-240511-tpirjuges-quatre-juges-de-premiere-instance-transferes-a-la-chambre-dappel9919.html#article","isPartOf":{"@id":"https:\/\/www.justiceinfo.net\/fr\/13109-240511-tpirjuges-quatre-juges-de-premiere-instance-transferes-a-la-chambre-dappel9919.html"},"author":{"name":"solivri","@id":"https:\/\/www.justiceinfo.net\/fr#\/schema\/person\/6e53cba1629e2e66f3fc1821d3091865"},"headline":"24.05.11 - TPIR\/JUGES - QUATRE JUGES DE PREMIERE INSTANCE TRANSFERES A LA CHAMBRE D'APPEL","datePublished":"2011-05-23T22:00:00+00:00","mainEntityOfPage":{"@id":"https:\/\/www.justiceinfo.net\/fr\/13109-240511-tpirjuges-quatre-juges-de-premiere-instance-transferes-a-la-chambre-dappel9919.html"},"wordCount":513,"commentCount":0,"publisher":{"@id":"https:\/\/www.justiceinfo.net\/fr#organization"},"articleSection":["Hirondelle News"],"inLanguage":"fr-FR","potentialAction":[{"@type":"CommentAction","name":"Comment","target":["https:\/\/www.justiceinfo.net\/fr\/13109-240511-tpirjuges-quatre-juges-de-premiere-instance-transferes-a-la-chambre-dappel9919.html#respond"]}]},{"@type":"WebPage","@id":"https:\/\/www.justiceinfo.net\/fr\/13109-240511-tpirjuges-quatre-juges-de-premiere-instance-transferes-a-la-chambre-dappel9919.html","url":"https:\/\/www.justiceinfo.net\/fr\/13109-240511-tpirjuges-quatre-juges-de-premiere-instance-transferes-a-la-chambre-dappel9919.html","name":"24.05.11 - TPIR\/JUGES - QUATRE JUGES DE PREMIERE INSTANCE TRANSFERES A LA CHAMBRE D'APPEL - JusticeInfo.net","isPartOf":{"@id":"https:\/\/www.justiceinfo.net\/fr#website"},"datePublished":"2011-05-23T22:00:00+00:00","breadcrumb":{"@id":"https:\/\/www.justiceinfo.net\/fr\/13109-240511-tpirjuges-quatre-juges-de-premiere-instance-transferes-a-la-chambre-dappel9919.html#breadcrumb"},"inLanguage":"fr-FR","potentialAction":[{"@type":"ReadAction","target":["https:\/\/www.justiceinfo.net\/fr\/13109-240511-tpirjuges-quatre-juges-de-premiere-instance-transferes-a-la-chambre-dappel9919.html"]}]},{"@type":"BreadcrumbList","@id":"https:\/\/www.justiceinfo.net\/fr\/13109-240511-tpirjuges-quatre-juges-de-premiere-instance-transferes-a-la-chambre-dappel9919.html#breadcrumb","itemListElement":[{"@type":"ListItem","position":1,"name":"Home","item":"https:\/\/www.justiceinfo.net\/fr"},{"@type":"ListItem","position":2,"name":"24.05.11 - TPIR\/JUGES - QUATRE JUGES DE PREMIERE INSTANCE TRANSFERES A LA CHAMBRE D'APPEL"}]},{"@type":"WebSite","@id":"https:\/\/www.justiceinfo.net\/fr#website","url":"https:\/\/www.justiceinfo.net\/fr","name":"JusticeInfo.net","description":"La justice doit \u00eatre vue pour \u00eatre rendue","publisher":{"@id":"https:\/\/www.justiceinfo.net\/fr#organization"},"potentialAction":[{"@type":"SearchAction","target":{"@type":"EntryPoint","urlTemplate":"https:\/\/www.justiceinfo.net\/fr?s={search_term_string}"},"query-input":{"@type":"PropertyValueSpecification","valueRequired":true,"valueName":"search_term_string"}}],"inLanguage":"fr-FR"},{"@type":"Organization","@id":"https:\/\/www.justiceinfo.net\/fr#organization","name":"Justice Info","url":"https:\/\/www.justiceinfo.net\/fr","logo":{"@type":"ImageObject","inLanguage":"fr-FR","@id":"https:\/\/www.justiceinfo.net\/fr#\/schema\/logo\/image\/","url":"https:\/\/www.justiceinfo.net\/wp-content\/uploads\/justiceinfo_logo-trans_1200x1200px.png","contentUrl":"https:\/\/www.justiceinfo.net\/wp-content\/uploads\/justiceinfo_logo-trans_1200x1200px.png","width":1199,"height":1200,"caption":"Justice Info"},"image":{"@id":"https:\/\/www.justiceinfo.net\/fr#\/schema\/logo\/image\/"},"sameAs":["https:\/\/www.facebook.com\/JusticeInfo\/","https:\/\/x.com\/justiceinfonet","https:\/\/www.linkedin.com\/company\/justice-info","https:\/\/www.youtube.com\/channel\/UCyCEsARodyuWtkWyhn-e7pA"]},{"@type":"Person","name":"solivri","url":"\/fr\/?s=solivri"}]}},"_links":{"self":[{"href":"https:\/\/www.justiceinfo.net\/fr\/wp-json\/wp\/v2\/posts\/13109","targetHints":{"allow":["GET"]}}],"collection":[{"href":"https:\/\/www.justiceinfo.net\/fr\/wp-json\/wp\/v2\/posts"}],"about":[{"href":"https:\/\/www.justiceinfo.net\/fr\/wp-json\/wp\/v2\/types\/post"}],"author":[{"embeddable":true,"href":"https:\/\/www.justiceinfo.net\/fr\/wp-json\/wp\/v2\/users\/64"}],"replies":[{"embeddable":true,"href":"https:\/\/www.justiceinfo.net\/fr\/wp-json\/wp\/v2\/comments?post=13109"}],"version-history":[{"count":0,"href":"https:\/\/www.justiceinfo.net\/fr\/wp-json\/wp\/v2\/posts\/13109\/revisions"}],"wp:attachment":[{"href":"https:\/\/www.justiceinfo.net\/fr\/wp-json\/wp\/v2\/media?parent=13109"}],"wp:term":[{"taxonomy":"category","embeddable":true,"href":"https:\/\/www.justiceinfo.net\/fr\/wp-json\/wp\/v2\/categories?post=13109"},{"taxonomy":"post_tag","embeddable":true,"href":"https:\/\/www.justiceinfo.net\/fr\/wp-json\/wp\/v2\/tags?post=13109"},{"taxonomy":"ji_location","embeddable":true,"href":"https:\/\/www.justiceinfo.net\/fr\/wp-json\/wp\/v2\/ji_location?post=13109"}],"curies":[{"name":"wp","href":"https:\/\/api.w.org\/{rel}","templated":true}]}}