{"id":1311,"date":"2015-07-19T16:03:09","date_gmt":"2015-07-19T14:03:09","guid":{"rendered":"https:\/\/www.justiceinfo.net\/1311-rencontre-avec-le-procureur-senegalais-qui-au-nom-de-lafrique-poursuit-lancien-chef-de-letat-du-tchad.html"},"modified":"2015-07-19T16:03:09","modified_gmt":"2015-07-19T14:03:09","slug":"rencontre-avec-le-procureur-senegalais-qui-au-nom-de-lafrique-poursuit-lancien-chef-de-letat-du-tchad","status":"publish","type":"post","link":"https:\/\/www.justiceinfo.net\/fr\/1311-rencontre-avec-le-procureur-senegalais-qui-au-nom-de-lafrique-poursuit-lancien-chef-de-letat-du-tchad.html","title":{"rendered":"Rencontre avec le procureur s\u00e9n\u00e9galais qui \u00ab au nom de l\u2019Afrique \u00bb poursuit l\u2019ancien chef de l\u2019Etat du Tchad."},"content":{"rendered":"<p>Le 20 juillet s\u2019ouvre un proc\u00e8s exceptionnel \u00e0 Dakar. Celui de l\u2019ex-pr\u00e9sident tchadien accus\u00e9 de crimes contre l\u2019humanit\u00e9, de crimes de guerre et de torture. Il va \u00eatre jug\u00e9 par le premier tribunal cr\u00e9\u00e9 par l\u2019Union africaine pour des violations des droits de l\u2019homme. C\u2019est aussi la premi\u00e8re fois qu\u2019un ex-Chef de l\u2019Etat africain est jug\u00e9 dans un autre pays que le sien en Afrique pour de tels crimes. Un proc\u00e8s qui prend un relief tout particulier dans le contexte des crispations de nombreux gouvernements africains avec la Cour p\u00e9nale internationale.<\/p>\n<p>Mback\u00e9 Fall \u00e9tait tout jeune magistrat, lorsqu\u2019en 1991, le tribunal pour lequel il travaillait au S\u00e9n\u00e9gal, fut charg\u00e9 de restituer l\u2019avion qui avait permis \u00e0 Hiss\u00e8ne Habr\u00e9 de fuir son pays avec le Tr\u00e9sor national pour se r\u00e9fugier \u00e0 Dakar. \u00ab\u00a0Ce fut, dit en plaisantant Mback\u00e9 Fall, les premi\u00e8res salves de l\u2019affaire Habr\u00e9\u00a0!\u00a0\u00bb Vingt-quatre ans plus tard, les deux hommes se retrouvent. Mback\u00e9 Fall comme procureur des Chambres africaines extraordinaires, cr\u00e9\u00e9es pour l\u2019occasion, et Hiss\u00e8ne Habr\u00e9 comme accus\u00e9, mais qui conserve au S\u00e9n\u00e9gal de forts appuis qu\u2019il a tiss\u00e9 depuis le d\u00e9but de son exil un quart de si\u00e8cle plus t\u00f4t.\u00a0<\/p>\n<p><strong>Justiceinfo.net\u00a0: \u00eates-vous pr\u00eat pour le proc\u00e8s de l\u2019ex-pr\u00e9sident tchadien Hiss\u00e8ne Habr\u00e9\u00a0?<\/strong><\/p>\n<p><strong>Mback\u00e9 Fall\u00a0:<\/strong> les Chambres africaines ont travaill\u00e9 dur. Quatre commissions rogatoires se sont rendues au Tchad. Nous avons r\u00e9colt\u00e9 2500 t\u00e9moignages et les enqu\u00eateurs ont visit\u00e9 d\u2019anciens lieux de d\u00e9tention et des charniers. Je me suis rendu aupr\u00e8s du tribunal en Belgique, qui au titre de la comp\u00e9tence universelle, avait commenc\u00e9 \u00e0 instruire l\u2019affaire pour avoir communication de ses dossiers sur Habr\u00e9. Nous avons surtout comme pi\u00e8ces \u00e0 conviction des pi\u00e8ces capitales, les archives de 1981 \u00e0 1990, qui d\u00e9taille l\u2019organigramme de la terreur. Nous les avons d\u00e9pouill\u00e9es, num\u00e9ris\u00e9es et toutes les informations convergent pour \u00e9tablir qu\u2019Hiss\u00e8ne Habr\u00e9 dirigeait les services charg\u00e9s de la r\u00e9pression et suivait de tr\u00e8s pr\u00e8s les d\u00e9veloppements.<\/p>\n<h3>\u00a0<strong>\u00ab\u00a0Je ne comprends pas le refus du Tchad\u00a0\u00bb<\/strong><\/h3>\n<p>\u00a0<strong>Justiceinfo.net\u00a0: les autorit\u00e9s tchadiennes collaborent-elles avec vous\u00a0?<\/strong><\/p>\n<p><strong>Mback\u00e9 Fall\u00a0:<\/strong> Outre Hiss\u00e8ne Habr\u00e9, nous avions \u00e9mis des mandats contre cinq autres personnes qui \u00e9taient des responsables de la r\u00e9pression. Mais en d\u00e9pit de l\u2019accord de coop\u00e9ration sign\u00e9 avec les autorit\u00e9s tchadiennes, ces personnes ne nous ont jamais \u00e9t\u00e9 remises, et m\u00eame, elles n\u2019ont pas \u00e9t\u00e9 notifi\u00e9es de notre volont\u00e9 de les interroger. Je ne comprends pas le refus du Tchad. Nous voulons aussi que d\u2019autres \u00ab\u00a0insiders\u00a0\u00bb du syst\u00e8me Habr\u00e9, des personnes qui dirigeaient ou organisaient la r\u00e9pression viennent t\u00e9moigner. Leur t\u00e9moignage est tr\u00e8s important pour \u00e9tablir les rapports hi\u00e9rarchiques et le fait que Habr\u00e9 \u00e9tait parfaitement tenu au courant de la violence de ses services qu\u2019il dirigeait. Je veux esp\u00e9rer que ces personnes soient transf\u00e9r\u00e9es \u00e0 Dakar pour compara\u00eetre au proc\u00e8s. Le ministre s\u00e9n\u00e9galais de la justice a \u00e9crit \u00e0 son homologue tchadien pour que les freins \u00e0 la coop\u00e9ration judiciaire soient lev\u00e9s.<\/p>\n<p><strong>Justiceinfo.net\u00a0: comment comprenez-vous l\u2019attitude du Tchad\u00a0? Y a-t-il une crainte que l\u2019actuel pr\u00e9sident tchadien, Idriss D\u00e9by, - qui a renvers\u00e9 Hiss\u00e8ne Habr\u00e9 en 1990 et qui fut le commandant en chef de l\u2019arm\u00e9e en 1984 \u2013 soit cit\u00e9\u00a0?<\/strong><\/p>\n<p><strong>Mback\u00e9 Fall\u00a0:<\/strong> Le Tchad est le pays qui financi\u00e8rement contribue le plus au proc\u00e8s Hiss\u00e8ne Habr\u00e9. Mais c\u2019est vrai que l\u2019entourage du chef de l\u2019Etat tchadien semble redouter que son nom apparaisse en connexion avec la r\u00e9pression dans le sud du pays en 1984. Certaines personnes nous ont dit qu\u2019elles \u00ab\u00a0sentaient\u00a0\u00bb la pr\u00e9sence d\u2019Idriss D\u00e9by, mais nous n\u2019avons trouv\u00e9 aucun acte mat\u00e9riel, aucune preuve circonstancielle qui vienne l\u2019attester. Par ailleurs, les statuts des Chambres africaines extraordinaires donnent pour mandat de punir uniquement le ou les principaux responsables des crimes.<\/p>\n<h3><strong>Mon point d\u2019orgue\u00a0? Ce fut le jour de l\u2019arrestation<\/strong><\/h3>\n<p><strong>Justiceinfo.net\u00a0: Les crimes d\u2019Hiss\u00e8ne Habr\u00e9 se sont produits durant la guerre froide, et Habr\u00e9 \u00e9tait soutenu par les Am\u00e9ricains et la France. En sera-t-il question durant le proc\u00e8s\u00a0?<\/strong><\/p>\n<p><strong>Mback\u00e9 Fall\u00a0:<\/strong> Hiss\u00e8ne Habr\u00e9 \u00e9tait l\u2019ami de l\u2019occident, qui l\u2019utilisait comme rempart contre les agissements du leader libyen Khadafi. Ni la France, ni les Etats-Unis \u00e0 l\u2019\u00e9poque ne se sentaient concern\u00e9s par les violations massives des droits de l\u2019homme du r\u00e9gime Habr\u00e9. Ceci dit, je ne pense pas que cela aura une incidence sur la culpabilit\u00e9 d\u2019Hiss\u00e8ne Habr\u00e9.<\/p>\n<p><strong>Justiceinfo.net\u00a0: Quelle a \u00e9t\u00e9 jusqu\u2019ici le point d\u2019orgue pour vous dans l\u2019affaire Habr\u00e9\u00a0?<\/strong><\/p>\n<p><strong>Mback\u00e9 Fall\u00a0:<\/strong> Personne, m\u00eame pas Hiss\u00e8ne Habr\u00e9 lui-m\u00eame, croyait qu\u2019il allait \u00eatre arr\u00eat\u00e9. Il s\u2019\u00e9tait int\u00e9gr\u00e9 ici, avait pris une \u00e9pouse S\u00e9n\u00e9galaise, tiss\u00e9 des liens \u00e9troits avec beaucoup de gens et se croyait \u00e0 l\u2019abri. Alors qu\u2019il quittait la r\u00e9sidence d\u2019une de ses \u00e9pouses pour se rendre chez l\u2019autre, la police l\u2019a suivi. Lorsque les agents lui ont pr\u00e9sent\u00e9 le mandat l\u2019informant de son arrestation, son visage a chang\u00e9 de couleur. Il a dit\u00a0: \u00ab\u00a0Donnez-moi une minute. Je vais chercher quelque chose dans mon bureau\u00a0\u00bb. Mais il n\u2019a pu faire ce qu\u2019il voulait. Nous avons trouv\u00e9 chez lui trois armes automatiques. Voulait-il s\u2019en servir contre la force publique ou contre lui\u00a0? Nous l\u2019ignorons. Son arrestation le 30 juin 2013 a \u00e9t\u00e9 pour moi le moment le plus fort jusqu\u2019ici. Le Tchad a m\u00eame d\u00e9cr\u00e9t\u00e9 un jour f\u00e9ri\u00e9 pour l\u2019occasion\u00a0!<\/p>\n<h3><strong>Les Chambres africaines extraordinaires sont un nouveau mod\u00e8le <\/strong><\/h3>\n<p><strong>Justiceinfo.net\u00a0: Comment avez-vous trouv\u00e9 Hiss\u00e8ne Habr\u00e9\u00a0?<\/strong><\/p>\n<p><strong>Mback\u00e9 Fall\u00a0:<\/strong> Depuis son arrestation, il s\u2019est mur\u00e9 dans le silence. Il a refus\u00e9 de r\u00e9pondre aux questions lors de la comparution initiale et de signer le proc\u00e8s-verbal. Son \u00e9quipe tente toutes les man\u0153uvres, d\u2019o\u00f9 le fait qu\u2019il serait subitement gravement malade\u2026<\/p>\n<p><strong>Pensez-vous que ce premier proc\u00e8s en terre africaine d\u2019un ex-pr\u00e9sident dans un autre pays que le sien pour des violations massives des droits de l\u2019homme constitue un pr\u00e9c\u00e9dent\u00a0?<\/strong><\/p>\n<p><strong>Mback\u00e9 Fall\u00a0<\/strong>: c\u2019est s\u00fbrement un pr\u00e9c\u00e9dent. Les Chambres africaines extraordinaires sont un nouveau mod\u00e8le. C\u2019est bien qu\u2019un ex-chef de l\u2019Etat africain soit jug\u00e9 en Afrique et non en Europe. Beaucoup de gouvernements africains sont de plus en plus r\u00e9ticents \u00e0 l\u2019\u00e9gard de la CPI. Les CAE constituent une piste \u00e0 explorer. Vaut-il mieux un tribunal permanent africain, qui serait par essence budg\u00e9tivore, ou un tribunal ad hoc, comme celui-ci, qui se dissoudra sa mission accomplie, quitte \u00e0 rena\u00eetre pour une autre affaire\u00a0? La question reste ouverte. Au demeurant, ce n\u2019est pas contradictoire avec l\u2019existence de la CPI, qui reste une Cour du dernier recours.<\/p>\n<p>\u00a0<\/p>\n<p>\u00a0<\/p>\n","protected":false},"excerpt":{"rendered":"<p>Le 20 juillet s\u2019ouvre un proc\u00e8s exceptionnel \u00e0 Dakar. Celui de l\u2019ex-pr\u00e9sident tchadien accus\u00e9 de crimes contre l\u2019humanit\u00e9, de crimes de guerre et de torture. Il va \u00eatre jug\u00e9 par le premier tribunal cr\u00e9\u00e9 par l\u2019Union africaine pour des violations des droits de l\u2019homme. C\u2019est aussi la premi\u00e8re fois qu\u2019un ex-Chef de l\u2019Etat africain est [&hellip;]<\/p>\n","protected":false},"author":56,"featured_media":64919,"comment_status":"open","ping_status":"closed","sticky":false,"template":"","format":"standard","meta":{"_acf_changed":false,"footnotes":""},"categories":[573],"tags":[],"ji_location":[2166],"class_list":["post-1311","post","type-post","status-publish","format-standard","has-post-thumbnail","hentry","category-tribunaux-mixtes","ji_location-tchad"],"acf":[],"yoast_head":"<!-- This site is optimized with the Yoast SEO Premium plugin v25.3.1 (Yoast SEO v25.3.1) - https:\/\/yoast.com\/wordpress\/plugins\/seo\/ -->\n<title>Rencontre avec le procureur s\u00e9n\u00e9galais qui \u00ab au nom de l\u2019Afrique \u00bb poursuit l\u2019ancien chef de l\u2019Etat du Tchad. - JusticeInfo.net<\/title>\n<meta name=\"robots\" content=\"index, follow, max-snippet:-1, max-image-preview:large, max-video-preview:-1\" \/>\n<link rel=\"canonical\" href=\"https:\/\/www.justiceinfo.net\/fr\/1311-rencontre-avec-le-procureur-senegalais-qui-au-nom-de-lafrique-poursuit-lancien-chef-de-letat-du-tchad.html\" \/>\n<meta property=\"og:locale\" content=\"fr_FR\" \/>\n<meta property=\"og:type\" content=\"article\" \/>\n<meta property=\"og:title\" content=\"Rencontre avec le procureur s\u00e9n\u00e9galais qui \u00ab au nom de l\u2019Afrique \u00bb poursuit l\u2019ancien chef de l\u2019Etat du Tchad.\" \/>\n<meta property=\"og:description\" content=\"Le 20 juillet s\u2019ouvre un proc\u00e8s exceptionnel \u00e0 Dakar. Celui de l\u2019ex-pr\u00e9sident tchadien accus\u00e9 de crimes contre l\u2019humanit\u00e9, de crimes de guerre et de torture. Il va \u00eatre jug\u00e9 par le premier tribunal cr\u00e9\u00e9 par l\u2019Union africaine pour des violations des droits de l\u2019homme. C\u2019est aussi la premi\u00e8re fois qu\u2019un ex-Chef de l\u2019Etat africain est [&hellip;]\" \/>\n<meta property=\"og:url\" content=\"https:\/\/www.justiceinfo.net\/fr\/1311-rencontre-avec-le-procureur-senegalais-qui-au-nom-de-lafrique-poursuit-lancien-chef-de-letat-du-tchad.html\" \/>\n<meta property=\"og:site_name\" content=\"JusticeInfo.net\" \/>\n<meta property=\"article:publisher\" content=\"https:\/\/www.facebook.com\/JusticeInfo\/\" \/>\n<meta property=\"article:author\" content=\"https:\/\/www.facebook.com\/pierre.hazan.3\" \/>\n<meta property=\"article:published_time\" content=\"2015-07-19T14:03:09+00:00\" \/>\n<meta property=\"og:image\" content=\"https:\/\/www.justiceinfo.net\/wp-content\/uploads\/1c72b5b3dc7bf80ea0618ee08adcc847.jpg\" \/>\n\t<meta property=\"og:image:width\" content=\"1024\" \/>\n\t<meta property=\"og:image:height\" content=\"679\" \/>\n\t<meta property=\"og:image:type\" content=\"image\/jpeg\" \/>\n<meta name=\"author\" content=\"Pierre Hazan, chef de projet de justiceinfo.net, professeur associ\u00e9 \u00e0 l\u2019Universit\u00e9 de Neuch\u00e2tel\" \/>\n<meta name=\"twitter:card\" content=\"summary_large_image\" \/>\n<meta name=\"twitter:creator\" content=\"@Pierre_hazan\" \/>\n<meta name=\"twitter:site\" content=\"@justiceinfonet\" \/>\n<meta name=\"twitter:label1\" content=\"\u00c9crit par\" \/>\n\t<meta name=\"twitter:data1\" content=\"Pierre Hazan, chef de projet de justiceinfo.net, professeur associ\u00e9 \u00e0 l\u2019Universit\u00e9 de Neuch\u00e2tel\" \/>\n\t<meta name=\"twitter:label2\" content=\"Dur\u00e9e de lecture estim\u00e9e\" \/>\n\t<meta name=\"twitter:data2\" content=\"6 minutes\" \/>\n<script type=\"application\/ld+json\" class=\"yoast-schema-graph\">{\"@context\":\"https:\/\/schema.org\",\"@graph\":[{\"@type\":\"NewsArticle\",\"@id\":\"https:\/\/www.justiceinfo.net\/fr\/1311-rencontre-avec-le-procureur-senegalais-qui-au-nom-de-lafrique-poursuit-lancien-chef-de-letat-du-tchad.html#article\",\"isPartOf\":{\"@id\":\"https:\/\/www.justiceinfo.net\/fr\/1311-rencontre-avec-le-procureur-senegalais-qui-au-nom-de-lafrique-poursuit-lancien-chef-de-letat-du-tchad.html\"},\"author\":{\"name\":\"phazan\",\"@id\":\"https:\/\/www.justiceinfo.net\/fr#\/schema\/person\/02bb539ffda3c4569baa1dea22d1c4b2\"},\"headline\":\"Rencontre avec le procureur s\u00e9n\u00e9galais qui \u00ab au nom de l\u2019Afrique \u00bb poursuit l\u2019ancien chef de l\u2019Etat du Tchad.\",\"datePublished\":\"2015-07-19T14:03:09+00:00\",\"mainEntityOfPage\":{\"@id\":\"https:\/\/www.justiceinfo.net\/fr\/1311-rencontre-avec-le-procureur-senegalais-qui-au-nom-de-lafrique-poursuit-lancien-chef-de-letat-du-tchad.html\"},\"wordCount\":1221,\"commentCount\":0,\"publisher\":{\"@id\":\"https:\/\/www.justiceinfo.net\/fr#organization\"},\"image\":{\"@id\":\"https:\/\/www.justiceinfo.net\/fr\/1311-rencontre-avec-le-procureur-senegalais-qui-au-nom-de-lafrique-poursuit-lancien-chef-de-letat-du-tchad.html#primaryimage\"},\"thumbnailUrl\":\"https:\/\/www.justiceinfo.net\/wp-content\/uploads\/1c72b5b3dc7bf80ea0618ee08adcc847.jpg\",\"articleSection\":[\"Tribunaux mixtes\"],\"inLanguage\":\"fr-FR\",\"potentialAction\":[{\"@type\":\"CommentAction\",\"name\":\"Comment\",\"target\":[\"https:\/\/www.justiceinfo.net\/fr\/1311-rencontre-avec-le-procureur-senegalais-qui-au-nom-de-lafrique-poursuit-lancien-chef-de-letat-du-tchad.html#respond\"]}]},{\"@type\":\"WebPage\",\"@id\":\"https:\/\/www.justiceinfo.net\/fr\/1311-rencontre-avec-le-procureur-senegalais-qui-au-nom-de-lafrique-poursuit-lancien-chef-de-letat-du-tchad.html\",\"url\":\"https:\/\/www.justiceinfo.net\/fr\/1311-rencontre-avec-le-procureur-senegalais-qui-au-nom-de-lafrique-poursuit-lancien-chef-de-letat-du-tchad.html\",\"name\":\"Rencontre avec le procureur s\u00e9n\u00e9galais qui \u00ab au nom de l\u2019Afrique \u00bb poursuit l\u2019ancien chef de l\u2019Etat du Tchad. - JusticeInfo.net\",\"isPartOf\":{\"@id\":\"https:\/\/www.justiceinfo.net\/fr#website\"},\"primaryImageOfPage\":{\"@id\":\"https:\/\/www.justiceinfo.net\/fr\/1311-rencontre-avec-le-procureur-senegalais-qui-au-nom-de-lafrique-poursuit-lancien-chef-de-letat-du-tchad.html#primaryimage\"},\"image\":{\"@id\":\"https:\/\/www.justiceinfo.net\/fr\/1311-rencontre-avec-le-procureur-senegalais-qui-au-nom-de-lafrique-poursuit-lancien-chef-de-letat-du-tchad.html#primaryimage\"},\"thumbnailUrl\":\"https:\/\/www.justiceinfo.net\/wp-content\/uploads\/1c72b5b3dc7bf80ea0618ee08adcc847.jpg\",\"datePublished\":\"2015-07-19T14:03:09+00:00\",\"breadcrumb\":{\"@id\":\"https:\/\/www.justiceinfo.net\/fr\/1311-rencontre-avec-le-procureur-senegalais-qui-au-nom-de-lafrique-poursuit-lancien-chef-de-letat-du-tchad.html#breadcrumb\"},\"inLanguage\":\"fr-FR\",\"potentialAction\":[{\"@type\":\"ReadAction\",\"target\":[\"https:\/\/www.justiceinfo.net\/fr\/1311-rencontre-avec-le-procureur-senegalais-qui-au-nom-de-lafrique-poursuit-lancien-chef-de-letat-du-tchad.html\"]}]},{\"@type\":\"ImageObject\",\"inLanguage\":\"fr-FR\",\"@id\":\"https:\/\/www.justiceinfo.net\/fr\/1311-rencontre-avec-le-procureur-senegalais-qui-au-nom-de-lafrique-poursuit-lancien-chef-de-letat-du-tchad.html#primaryimage\",\"url\":\"https:\/\/www.justiceinfo.net\/wp-content\/uploads\/1c72b5b3dc7bf80ea0618ee08adcc847.jpg\",\"contentUrl\":\"https:\/\/www.justiceinfo.net\/wp-content\/uploads\/1c72b5b3dc7bf80ea0618ee08adcc847.jpg\",\"width\":1024,\"height\":679},{\"@type\":\"BreadcrumbList\",\"@id\":\"https:\/\/www.justiceinfo.net\/fr\/1311-rencontre-avec-le-procureur-senegalais-qui-au-nom-de-lafrique-poursuit-lancien-chef-de-letat-du-tchad.html#breadcrumb\",\"itemListElement\":[{\"@type\":\"ListItem\",\"position\":1,\"name\":\"Home\",\"item\":\"https:\/\/www.justiceinfo.net\/fr\"},{\"@type\":\"ListItem\",\"position\":2,\"name\":\"Rencontre avec le procureur s\u00e9n\u00e9galais qui \u00ab au nom de l\u2019Afrique \u00bb poursuit l\u2019ancien chef de l\u2019Etat du Tchad.\"}]},{\"@type\":\"WebSite\",\"@id\":\"https:\/\/www.justiceinfo.net\/fr#website\",\"url\":\"https:\/\/www.justiceinfo.net\/fr\",\"name\":\"JusticeInfo.net\",\"description\":\"La justice doit \u00eatre vue pour \u00eatre rendue\",\"publisher\":{\"@id\":\"https:\/\/www.justiceinfo.net\/fr#organization\"},\"potentialAction\":[{\"@type\":\"SearchAction\",\"target\":{\"@type\":\"EntryPoint\",\"urlTemplate\":\"https:\/\/www.justiceinfo.net\/fr?s={search_term_string}\"},\"query-input\":{\"@type\":\"PropertyValueSpecification\",\"valueRequired\":true,\"valueName\":\"search_term_string\"}}],\"inLanguage\":\"fr-FR\"},{\"@type\":\"Organization\",\"@id\":\"https:\/\/www.justiceinfo.net\/fr#organization\",\"name\":\"Justice Info\",\"url\":\"https:\/\/www.justiceinfo.net\/fr\",\"logo\":{\"@type\":\"ImageObject\",\"inLanguage\":\"fr-FR\",\"@id\":\"https:\/\/www.justiceinfo.net\/fr#\/schema\/logo\/image\/\",\"url\":\"https:\/\/www.justiceinfo.net\/wp-content\/uploads\/justiceinfo_logo-trans_1200x1200px.png\",\"contentUrl\":\"https:\/\/www.justiceinfo.net\/wp-content\/uploads\/justiceinfo_logo-trans_1200x1200px.png\",\"width\":1199,\"height\":1200,\"caption\":\"Justice Info\"},\"image\":{\"@id\":\"https:\/\/www.justiceinfo.net\/fr#\/schema\/logo\/image\/\"},\"sameAs\":[\"https:\/\/www.facebook.com\/JusticeInfo\/\",\"https:\/\/x.com\/justiceinfonet\",\"https:\/\/www.linkedin.com\/company\/justice-info\",\"https:\/\/www.youtube.com\/channel\/UCyCEsARodyuWtkWyhn-e7pA\"]},{\"@type\":\"Person\",\"name\":\"Pierre Hazan, chef de projet de justiceinfo.net, professeur associ\u00e9 \u00e0 l\u2019Universit\u00e9 de Neuch\u00e2tel\",\"sameAs\":[\"https:\/\/www.facebook.com\/pierre.hazan.3\",\"https:\/\/x.com\/Pierre_hazan\"],\"url\":\"https:\/\/www.justiceinfo.net\/fr\/auteur\/phazan\"}]}<\/script>\n<!-- \/ Yoast SEO Premium plugin. -->","yoast_head_json":{"title":"Rencontre avec le procureur s\u00e9n\u00e9galais qui \u00ab au nom de l\u2019Afrique \u00bb poursuit l\u2019ancien chef de l\u2019Etat du Tchad. - JusticeInfo.net","robots":{"index":"index","follow":"follow","max-snippet":"max-snippet:-1","max-image-preview":"max-image-preview:large","max-video-preview":"max-video-preview:-1"},"canonical":"https:\/\/www.justiceinfo.net\/fr\/1311-rencontre-avec-le-procureur-senegalais-qui-au-nom-de-lafrique-poursuit-lancien-chef-de-letat-du-tchad.html","og_locale":"fr_FR","og_type":"article","og_title":"Rencontre avec le procureur s\u00e9n\u00e9galais qui \u00ab au nom de l\u2019Afrique \u00bb poursuit l\u2019ancien chef de l\u2019Etat du Tchad.","og_description":"Le 20 juillet s\u2019ouvre un proc\u00e8s exceptionnel \u00e0 Dakar. Celui de l\u2019ex-pr\u00e9sident tchadien accus\u00e9 de crimes contre l\u2019humanit\u00e9, de crimes de guerre et de torture. Il va \u00eatre jug\u00e9 par le premier tribunal cr\u00e9\u00e9 par l\u2019Union africaine pour des violations des droits de l\u2019homme. C\u2019est aussi la premi\u00e8re fois qu\u2019un ex-Chef de l\u2019Etat africain est [&hellip;]","og_url":"https:\/\/www.justiceinfo.net\/fr\/1311-rencontre-avec-le-procureur-senegalais-qui-au-nom-de-lafrique-poursuit-lancien-chef-de-letat-du-tchad.html","og_site_name":"JusticeInfo.net","article_publisher":"https:\/\/www.facebook.com\/JusticeInfo\/","article_author":"https:\/\/www.facebook.com\/pierre.hazan.3","article_published_time":"2015-07-19T14:03:09+00:00","og_image":[{"width":1024,"height":679,"url":"https:\/\/www.justiceinfo.net\/wp-content\/uploads\/1c72b5b3dc7bf80ea0618ee08adcc847.jpg","type":"image\/jpeg"}],"author":"Pierre Hazan, chef de projet de justiceinfo.net, professeur associ\u00e9 \u00e0 l\u2019Universit\u00e9 de Neuch\u00e2tel","twitter_card":"summary_large_image","twitter_creator":"@Pierre_hazan","twitter_site":"@justiceinfonet","twitter_misc":{"\u00c9crit par":"Pierre Hazan, chef de projet de justiceinfo.net, professeur associ\u00e9 \u00e0 l\u2019Universit\u00e9 de Neuch\u00e2tel","Dur\u00e9e de lecture estim\u00e9e":"6 minutes"},"schema":{"@context":"https:\/\/schema.org","@graph":[{"@type":"NewsArticle","@id":"https:\/\/www.justiceinfo.net\/fr\/1311-rencontre-avec-le-procureur-senegalais-qui-au-nom-de-lafrique-poursuit-lancien-chef-de-letat-du-tchad.html#article","isPartOf":{"@id":"https:\/\/www.justiceinfo.net\/fr\/1311-rencontre-avec-le-procureur-senegalais-qui-au-nom-de-lafrique-poursuit-lancien-chef-de-letat-du-tchad.html"},"author":{"name":"phazan","@id":"https:\/\/www.justiceinfo.net\/fr#\/schema\/person\/02bb539ffda3c4569baa1dea22d1c4b2"},"headline":"Rencontre avec le procureur s\u00e9n\u00e9galais qui \u00ab au nom de l\u2019Afrique \u00bb poursuit l\u2019ancien chef de l\u2019Etat du Tchad.","datePublished":"2015-07-19T14:03:09+00:00","mainEntityOfPage":{"@id":"https:\/\/www.justiceinfo.net\/fr\/1311-rencontre-avec-le-procureur-senegalais-qui-au-nom-de-lafrique-poursuit-lancien-chef-de-letat-du-tchad.html"},"wordCount":1221,"commentCount":0,"publisher":{"@id":"https:\/\/www.justiceinfo.net\/fr#organization"},"image":{"@id":"https:\/\/www.justiceinfo.net\/fr\/1311-rencontre-avec-le-procureur-senegalais-qui-au-nom-de-lafrique-poursuit-lancien-chef-de-letat-du-tchad.html#primaryimage"},"thumbnailUrl":"https:\/\/www.justiceinfo.net\/wp-content\/uploads\/1c72b5b3dc7bf80ea0618ee08adcc847.jpg","articleSection":["Tribunaux mixtes"],"inLanguage":"fr-FR","potentialAction":[{"@type":"CommentAction","name":"Comment","target":["https:\/\/www.justiceinfo.net\/fr\/1311-rencontre-avec-le-procureur-senegalais-qui-au-nom-de-lafrique-poursuit-lancien-chef-de-letat-du-tchad.html#respond"]}]},{"@type":"WebPage","@id":"https:\/\/www.justiceinfo.net\/fr\/1311-rencontre-avec-le-procureur-senegalais-qui-au-nom-de-lafrique-poursuit-lancien-chef-de-letat-du-tchad.html","url":"https:\/\/www.justiceinfo.net\/fr\/1311-rencontre-avec-le-procureur-senegalais-qui-au-nom-de-lafrique-poursuit-lancien-chef-de-letat-du-tchad.html","name":"Rencontre avec le procureur s\u00e9n\u00e9galais qui \u00ab au nom de l\u2019Afrique \u00bb poursuit l\u2019ancien chef de l\u2019Etat du Tchad. - JusticeInfo.net","isPartOf":{"@id":"https:\/\/www.justiceinfo.net\/fr#website"},"primaryImageOfPage":{"@id":"https:\/\/www.justiceinfo.net\/fr\/1311-rencontre-avec-le-procureur-senegalais-qui-au-nom-de-lafrique-poursuit-lancien-chef-de-letat-du-tchad.html#primaryimage"},"image":{"@id":"https:\/\/www.justiceinfo.net\/fr\/1311-rencontre-avec-le-procureur-senegalais-qui-au-nom-de-lafrique-poursuit-lancien-chef-de-letat-du-tchad.html#primaryimage"},"thumbnailUrl":"https:\/\/www.justiceinfo.net\/wp-content\/uploads\/1c72b5b3dc7bf80ea0618ee08adcc847.jpg","datePublished":"2015-07-19T14:03:09+00:00","breadcrumb":{"@id":"https:\/\/www.justiceinfo.net\/fr\/1311-rencontre-avec-le-procureur-senegalais-qui-au-nom-de-lafrique-poursuit-lancien-chef-de-letat-du-tchad.html#breadcrumb"},"inLanguage":"fr-FR","potentialAction":[{"@type":"ReadAction","target":["https:\/\/www.justiceinfo.net\/fr\/1311-rencontre-avec-le-procureur-senegalais-qui-au-nom-de-lafrique-poursuit-lancien-chef-de-letat-du-tchad.html"]}]},{"@type":"ImageObject","inLanguage":"fr-FR","@id":"https:\/\/www.justiceinfo.net\/fr\/1311-rencontre-avec-le-procureur-senegalais-qui-au-nom-de-lafrique-poursuit-lancien-chef-de-letat-du-tchad.html#primaryimage","url":"https:\/\/www.justiceinfo.net\/wp-content\/uploads\/1c72b5b3dc7bf80ea0618ee08adcc847.jpg","contentUrl":"https:\/\/www.justiceinfo.net\/wp-content\/uploads\/1c72b5b3dc7bf80ea0618ee08adcc847.jpg","width":1024,"height":679},{"@type":"BreadcrumbList","@id":"https:\/\/www.justiceinfo.net\/fr\/1311-rencontre-avec-le-procureur-senegalais-qui-au-nom-de-lafrique-poursuit-lancien-chef-de-letat-du-tchad.html#breadcrumb","itemListElement":[{"@type":"ListItem","position":1,"name":"Home","item":"https:\/\/www.justiceinfo.net\/fr"},{"@type":"ListItem","position":2,"name":"Rencontre avec le procureur s\u00e9n\u00e9galais qui \u00ab au nom de l\u2019Afrique \u00bb poursuit l\u2019ancien chef de l\u2019Etat du Tchad."}]},{"@type":"WebSite","@id":"https:\/\/www.justiceinfo.net\/fr#website","url":"https:\/\/www.justiceinfo.net\/fr","name":"JusticeInfo.net","description":"La justice doit \u00eatre vue pour \u00eatre rendue","publisher":{"@id":"https:\/\/www.justiceinfo.net\/fr#organization"},"potentialAction":[{"@type":"SearchAction","target":{"@type":"EntryPoint","urlTemplate":"https:\/\/www.justiceinfo.net\/fr?s={search_term_string}"},"query-input":{"@type":"PropertyValueSpecification","valueRequired":true,"valueName":"search_term_string"}}],"inLanguage":"fr-FR"},{"@type":"Organization","@id":"https:\/\/www.justiceinfo.net\/fr#organization","name":"Justice Info","url":"https:\/\/www.justiceinfo.net\/fr","logo":{"@type":"ImageObject","inLanguage":"fr-FR","@id":"https:\/\/www.justiceinfo.net\/fr#\/schema\/logo\/image\/","url":"https:\/\/www.justiceinfo.net\/wp-content\/uploads\/justiceinfo_logo-trans_1200x1200px.png","contentUrl":"https:\/\/www.justiceinfo.net\/wp-content\/uploads\/justiceinfo_logo-trans_1200x1200px.png","width":1199,"height":1200,"caption":"Justice Info"},"image":{"@id":"https:\/\/www.justiceinfo.net\/fr#\/schema\/logo\/image\/"},"sameAs":["https:\/\/www.facebook.com\/JusticeInfo\/","https:\/\/x.com\/justiceinfonet","https:\/\/www.linkedin.com\/company\/justice-info","https:\/\/www.youtube.com\/channel\/UCyCEsARodyuWtkWyhn-e7pA"]},{"@type":"Person","name":"Pierre Hazan, chef de projet de justiceinfo.net, professeur associ\u00e9 \u00e0 l\u2019Universit\u00e9 de Neuch\u00e2tel","sameAs":["https:\/\/www.facebook.com\/pierre.hazan.3","https:\/\/x.com\/Pierre_hazan"],"url":"https:\/\/www.justiceinfo.net\/fr\/auteur\/phazan"}]}},"_links":{"self":[{"href":"https:\/\/www.justiceinfo.net\/fr\/wp-json\/wp\/v2\/posts\/1311","targetHints":{"allow":["GET"]}}],"collection":[{"href":"https:\/\/www.justiceinfo.net\/fr\/wp-json\/wp\/v2\/posts"}],"about":[{"href":"https:\/\/www.justiceinfo.net\/fr\/wp-json\/wp\/v2\/types\/post"}],"author":[{"embeddable":true,"href":"https:\/\/www.justiceinfo.net\/fr\/wp-json\/wp\/v2\/users\/56"}],"replies":[{"embeddable":true,"href":"https:\/\/www.justiceinfo.net\/fr\/wp-json\/wp\/v2\/comments?post=1311"}],"version-history":[{"count":0,"href":"https:\/\/www.justiceinfo.net\/fr\/wp-json\/wp\/v2\/posts\/1311\/revisions"}],"wp:featuredmedia":[{"embeddable":true,"href":"https:\/\/www.justiceinfo.net\/fr\/wp-json\/wp\/v2\/media\/64919"}],"wp:attachment":[{"href":"https:\/\/www.justiceinfo.net\/fr\/wp-json\/wp\/v2\/media?parent=1311"}],"wp:term":[{"taxonomy":"category","embeddable":true,"href":"https:\/\/www.justiceinfo.net\/fr\/wp-json\/wp\/v2\/categories?post=1311"},{"taxonomy":"post_tag","embeddable":true,"href":"https:\/\/www.justiceinfo.net\/fr\/wp-json\/wp\/v2\/tags?post=1311"},{"taxonomy":"ji_location","embeddable":true,"href":"https:\/\/www.justiceinfo.net\/fr\/wp-json\/wp\/v2\/ji_location?post=1311"}],"curies":[{"name":"wp","href":"https:\/\/api.w.org\/{rel}","templated":true}]}}