{"id":13121,"date":"2011-05-25T00:00:00","date_gmt":"2011-05-24T22:00:00","guid":{"rendered":"https:\/\/www.justiceinfo.net\/13121-250511-francerwanda-poursuite-de-linstruction-contre-callixte-mbarushimana-en-france9931.html"},"modified":"2011-05-25T00:00:00","modified_gmt":"2011-05-24T22:00:00","slug":"250511-francerwanda-poursuite-de-linstruction-contre-callixte-mbarushimana-en-france9931","status":"publish","type":"post","link":"https:\/\/www.justiceinfo.net\/fr\/13121-250511-francerwanda-poursuite-de-linstruction-contre-callixte-mbarushimana-en-france9931.html","title":{"rendered":"25.05.11 - FRANCE\/RWANDA - POURSUITE DE L'INSTRUCTION CONTRE CALLIXTE MBARUSHIMANA EN FRANCE"},"content":{"rendered":"<p>\nParis, 25 mai 2011 (FH) - La chambre d'instruction du tribunal de Paris a rejet&eacute; le 19 mai la demande pr&eacute;sent&eacute;e par la d&eacute;fense du Rwandais Callixte Mbarushimana d'annuler sa mise en examen, par un juge parisien le 20 d&eacute;cembre 2010 pour &laquo; crimes contre l'humanit&eacute; &raquo;, a-t-on appris mercredi de source judiciaire.\n<\/p>\n<p><!--more--><\/p>\n<p >\n<p >\n<p >\nDans son arr&ecirc;t du 19 mai, la chambre d'instruction rappelle les motifs d'accusation port&eacute;s contre M. Mbarushimana lors de sa premi&egrave;re comparution, pour des faits datant du g&eacute;nocide de 1994 : son appartenance au parti politique CDR pro-hutu ; la fourniture de moyens &agrave; des militaires impliqu&eacute;s dans des massacres ; la planification et les ordres donn&eacute;s aux miliciens auteurs de tueries ; et sa participation directe &agrave; l'assassinat d'une dizaine de personnes.\n<\/p>\n<p >\n<p >\nLe 4 mai 2001, le Tribunal p&eacute;nal international pour le Rwanda (TPIR) avait ouvert une enqu&ecirc;te pour des motifs similaires, qui s'&eacute;tait sold&eacute;e par un non-lieu. La procureur Carla Del Ponte estimait en septembre 2002 que son enqu&ecirc;te, men&eacute;e &laquo; par l'audition de 24 t&eacute;moins &raquo;, n'avait pas permis &laquo; d'&eacute;tablir l'existence d'&eacute;l&eacute;ments suffisants pour justifier la mise en accusation de Callixte Mbarushimana &raquo;.\n<\/p>\n<p >\n<p >\nSon avocat fran&ccedil;ais, Me Philippe Meilhac, s'appuyait notamment sur cette ordonnance de non-lieu du TPIR pour demander l'annulation de la proc&eacute;dure fran&ccedil;aise.\n<\/p>\n<p >\n<p >\nMais la chambre d'instruction de Paris a retenu l'argument des parties civiles, repr&eacute;sent&eacute;es par le Collectif des parties civiles pour le Rwanda et la F&eacute;d&eacute;ration internationale des droits de l'homme. Selon elles, si Carla Del Ponte a choisi de ne pas poursuivre Mbarushimana, c'est d'abord parce qu'il ne repr&eacute;sentait pas un assez &laquo; gros poisson &raquo; pour un tribunal d'Arusha somm&eacute; &agrave; l'&eacute;poque d'achever ses travaux en 2008.\n<\/p>\n<p >\n<p >\nPour les juges parisiens, &laquo; la simple d&eacute;cision de ne pas poursuivre les enqu&ecirc;tes &raquo; au TPIR ne signifie pas qu'aucune charge ne puisse &ecirc;tre retenue contre lui.\n<\/p>\n<p >\n<p >\nPour Me Meilhac, contact&eacute; mercredi par l'agence Hirondelle, &quot;la vraie question, c'est qu'est-ce qu'on aura de plus que l'on n'avait pas au moment du non-lieu&quot; du TPIR. &quot;Les juges ont pris une d&eacute;cision prudente qui s'inscrit dans un contexte, estime l'avocat. M. Mbarushimana a &eacute;t&eacute; transf&eacute;r&eacute; en d&eacute;but d'ann&eacute;e &agrave; la Cour p&eacute;nale internationale, et l'on parle en ce moment en France de la cr&eacute;ation d'un p&ocirc;le g&eacute;nocide. Annuler une mise en examen dans ce contexte, ce n'&eacute;tait pas &eacute;vident.&quot;\n<\/p>\n<p >\n<p >\nEn France, une premi&egrave;re enqu&ecirc;te pr&eacute;liminaire avait &eacute;t&eacute; ouverte contre Callixte Mbarushimana le 13 mars 2008, suite &agrave; la plainte d'une association de victimes du g&eacute;nocide. Sous le coup d'un mandat international rwandais, il avait &eacute;t&eacute; arr&ecirc;t&eacute; le 7 juillet 2008, en Allemagne, puis transf&eacute;r&eacute; &agrave; Paris. La demande d'extradition rwandaise ayant &eacute;t&eacute; rejet&eacute;e par les magistrats fran&ccedil;ais, il avait &eacute;t&eacute; remis en libert&eacute; en novembre 2008.\n<\/p>\n<p >\n<p >\nPlac&eacute; depuis septembre 2010 entre les mains des juges d'instruction Cros et Hildenbrandt au tribunal de Grande instance de Paris, son dossier judiciaire fran&ccedil;ais reste aujourd'hui &agrave; compl&eacute;ter, les enqu&ecirc;tes au Rwanda n'ayant pu d&eacute;marrer qu'apr&egrave;s la reprise des relations diplomatique avec la France, fin 2009.\n<\/p>\n<p >\n<p >\nM. Mbarushimana, 47 ans, vivait depuis 2002 en France, o&ugrave; il avait obtenu le statut de r&eacute;fugi&eacute; politique. Arr&ecirc;t&eacute; le 11 octobre 2010 &agrave; Paris, il a &eacute;t&eacute; transf&eacute;r&eacute; le 25 janvier 2011 &agrave; la Cour p&eacute;nale internationale, o&ugrave; il est accus&eacute; pour des crimes commis en R&eacute;publique d&eacute;mocratique du Congo par les Forces d&eacute;mocratiques de lib&eacute;ration du Rwanda (FDLR), qu'il dirigeait &agrave; distance en tant que Secr&eacute;taire ex&eacute;cutif.\n<\/p>\n<p >\n<p >\nFP\/GF\n<\/p>\n<p >\n<p >\n&nbsp;&nbsp;\n<\/p>\n<p>\n&copy; Agence Hirondelle\n<\/p><\/p>\n","protected":false},"excerpt":{"rendered":"<p>Paris, 25 mai 2011 (FH) - La chambre d'instruction du tribunal de Paris a rejet&eacute; le 19 mai la demande pr&eacute;sent&eacute;e par la d&eacute;fense du Rwandais Callixte Mbarushimana d'annuler sa mise en examen, par un juge parisien le 20 d&eacute;cembre 2010 pour &laquo; crimes contre l'humanit&eacute; &raquo;, a-t-on appris mercredi de source judiciaire.<\/p>\n","protected":false},"author":64,"featured_media":0,"comment_status":"open","ping_status":"closed","sticky":false,"template":"","format":"standard","meta":{"_acf_changed":false,"footnotes":""},"categories":[554],"tags":[],"ji_location":[],"class_list":["post-13121","post","type-post","status-publish","format-standard","hentry","category-hirondellenews"],"acf":[],"yoast_head":"<!-- This site is optimized with the Yoast SEO Premium plugin v25.3.1 (Yoast SEO v25.3.1) - https:\/\/yoast.com\/wordpress\/plugins\/seo\/ -->\n<title>25.05.11 - FRANCE\/RWANDA - POURSUITE DE L&#039;INSTRUCTION CONTRE CALLIXTE MBARUSHIMANA EN FRANCE - JusticeInfo.net<\/title>\n<meta name=\"robots\" content=\"index, follow, max-snippet:-1, max-image-preview:large, max-video-preview:-1\" \/>\n<link rel=\"canonical\" href=\"https:\/\/www.justiceinfo.net\/fr\/13121-250511-francerwanda-poursuite-de-linstruction-contre-callixte-mbarushimana-en-france9931.html\" \/>\n<meta property=\"og:locale\" content=\"fr_FR\" \/>\n<meta property=\"og:type\" content=\"article\" \/>\n<meta property=\"og:title\" content=\"25.05.11 - FRANCE\/RWANDA - POURSUITE DE L&#039;INSTRUCTION CONTRE CALLIXTE MBARUSHIMANA EN FRANCE\" \/>\n<meta property=\"og:description\" content=\"Paris, 25 mai 2011 (FH) - La chambre d&#039;instruction du tribunal de Paris a rejet&eacute; le 19 mai la demande pr&eacute;sent&eacute;e par la d&eacute;fense du Rwandais Callixte Mbarushimana d&#039;annuler sa mise en examen, par un juge parisien le 20 d&eacute;cembre 2010 pour &laquo; crimes contre l&#039;humanit&eacute; &raquo;, a-t-on appris mercredi de source judiciaire.\" \/>\n<meta property=\"og:url\" content=\"https:\/\/www.justiceinfo.net\/fr\/13121-250511-francerwanda-poursuite-de-linstruction-contre-callixte-mbarushimana-en-france9931.html\" \/>\n<meta property=\"og:site_name\" content=\"JusticeInfo.net\" \/>\n<meta property=\"article:publisher\" content=\"https:\/\/www.facebook.com\/JusticeInfo\/\" \/>\n<meta property=\"article:published_time\" content=\"2011-05-24T22:00:00+00:00\" \/>\n<meta property=\"og:image\" content=\"https:\/\/www.justiceinfo.net\/wp-content\/uploads\/JusticeInfoNet_logo_1200x630px.jpg\" \/>\n\t<meta property=\"og:image:width\" content=\"1200\" \/>\n\t<meta property=\"og:image:height\" content=\"630\" \/>\n\t<meta property=\"og:image:type\" content=\"image\/jpeg\" \/>\n<meta name=\"author\" content=\"solivri\" \/>\n<meta name=\"twitter:card\" content=\"summary_large_image\" \/>\n<meta name=\"twitter:creator\" content=\"@justiceinfonet\" \/>\n<meta name=\"twitter:site\" content=\"@justiceinfonet\" \/>\n<meta name=\"twitter:label1\" content=\"\u00c9crit par\" \/>\n\t<meta name=\"twitter:data1\" content=\"solivri\" \/>\n\t<meta name=\"twitter:label2\" content=\"Dur\u00e9e de lecture estim\u00e9e\" \/>\n\t<meta name=\"twitter:data2\" content=\"4 minutes\" \/>\n<script type=\"application\/ld+json\" class=\"yoast-schema-graph\">{\"@context\":\"https:\/\/schema.org\",\"@graph\":[{\"@type\":\"NewsArticle\",\"@id\":\"https:\/\/www.justiceinfo.net\/fr\/13121-250511-francerwanda-poursuite-de-linstruction-contre-callixte-mbarushimana-en-france9931.html#article\",\"isPartOf\":{\"@id\":\"https:\/\/www.justiceinfo.net\/fr\/13121-250511-francerwanda-poursuite-de-linstruction-contre-callixte-mbarushimana-en-france9931.html\"},\"author\":{\"name\":\"solivri\",\"@id\":\"https:\/\/www.justiceinfo.net\/fr#\/schema\/person\/6e53cba1629e2e66f3fc1821d3091865\"},\"headline\":\"25.05.11 - FRANCE\/RWANDA - POURSUITE DE L'INSTRUCTION CONTRE CALLIXTE MBARUSHIMANA EN FRANCE\",\"datePublished\":\"2011-05-24T22:00:00+00:00\",\"mainEntityOfPage\":{\"@id\":\"https:\/\/www.justiceinfo.net\/fr\/13121-250511-francerwanda-poursuite-de-linstruction-contre-callixte-mbarushimana-en-france9931.html\"},\"wordCount\":760,\"commentCount\":0,\"publisher\":{\"@id\":\"https:\/\/www.justiceinfo.net\/fr#organization\"},\"articleSection\":[\"Hirondelle News\"],\"inLanguage\":\"fr-FR\",\"potentialAction\":[{\"@type\":\"CommentAction\",\"name\":\"Comment\",\"target\":[\"https:\/\/www.justiceinfo.net\/fr\/13121-250511-francerwanda-poursuite-de-linstruction-contre-callixte-mbarushimana-en-france9931.html#respond\"]}]},{\"@type\":\"WebPage\",\"@id\":\"https:\/\/www.justiceinfo.net\/fr\/13121-250511-francerwanda-poursuite-de-linstruction-contre-callixte-mbarushimana-en-france9931.html\",\"url\":\"https:\/\/www.justiceinfo.net\/fr\/13121-250511-francerwanda-poursuite-de-linstruction-contre-callixte-mbarushimana-en-france9931.html\",\"name\":\"25.05.11 - FRANCE\/RWANDA - POURSUITE DE L'INSTRUCTION CONTRE CALLIXTE MBARUSHIMANA EN FRANCE - JusticeInfo.net\",\"isPartOf\":{\"@id\":\"https:\/\/www.justiceinfo.net\/fr#website\"},\"datePublished\":\"2011-05-24T22:00:00+00:00\",\"breadcrumb\":{\"@id\":\"https:\/\/www.justiceinfo.net\/fr\/13121-250511-francerwanda-poursuite-de-linstruction-contre-callixte-mbarushimana-en-france9931.html#breadcrumb\"},\"inLanguage\":\"fr-FR\",\"potentialAction\":[{\"@type\":\"ReadAction\",\"target\":[\"https:\/\/www.justiceinfo.net\/fr\/13121-250511-francerwanda-poursuite-de-linstruction-contre-callixte-mbarushimana-en-france9931.html\"]}]},{\"@type\":\"BreadcrumbList\",\"@id\":\"https:\/\/www.justiceinfo.net\/fr\/13121-250511-francerwanda-poursuite-de-linstruction-contre-callixte-mbarushimana-en-france9931.html#breadcrumb\",\"itemListElement\":[{\"@type\":\"ListItem\",\"position\":1,\"name\":\"Home\",\"item\":\"https:\/\/www.justiceinfo.net\/fr\"},{\"@type\":\"ListItem\",\"position\":2,\"name\":\"25.05.11 - FRANCE\/RWANDA - POURSUITE DE L'INSTRUCTION CONTRE CALLIXTE MBARUSHIMANA EN FRANCE\"}]},{\"@type\":\"WebSite\",\"@id\":\"https:\/\/www.justiceinfo.net\/fr#website\",\"url\":\"https:\/\/www.justiceinfo.net\/fr\",\"name\":\"JusticeInfo.net\",\"description\":\"La justice doit \u00eatre vue pour \u00eatre rendue\",\"publisher\":{\"@id\":\"https:\/\/www.justiceinfo.net\/fr#organization\"},\"potentialAction\":[{\"@type\":\"SearchAction\",\"target\":{\"@type\":\"EntryPoint\",\"urlTemplate\":\"https:\/\/www.justiceinfo.net\/fr?s={search_term_string}\"},\"query-input\":{\"@type\":\"PropertyValueSpecification\",\"valueRequired\":true,\"valueName\":\"search_term_string\"}}],\"inLanguage\":\"fr-FR\"},{\"@type\":\"Organization\",\"@id\":\"https:\/\/www.justiceinfo.net\/fr#organization\",\"name\":\"Justice Info\",\"url\":\"https:\/\/www.justiceinfo.net\/fr\",\"logo\":{\"@type\":\"ImageObject\",\"inLanguage\":\"fr-FR\",\"@id\":\"https:\/\/www.justiceinfo.net\/fr#\/schema\/logo\/image\/\",\"url\":\"https:\/\/www.justiceinfo.net\/wp-content\/uploads\/justiceinfo_logo-trans_1200x1200px.png\",\"contentUrl\":\"https:\/\/www.justiceinfo.net\/wp-content\/uploads\/justiceinfo_logo-trans_1200x1200px.png\",\"width\":1199,\"height\":1200,\"caption\":\"Justice Info\"},\"image\":{\"@id\":\"https:\/\/www.justiceinfo.net\/fr#\/schema\/logo\/image\/\"},\"sameAs\":[\"https:\/\/www.facebook.com\/JusticeInfo\/\",\"https:\/\/x.com\/justiceinfonet\",\"https:\/\/www.linkedin.com\/company\/justice-info\",\"https:\/\/www.youtube.com\/channel\/UCyCEsARodyuWtkWyhn-e7pA\"]},{\"@type\":\"Person\",\"name\":\"solivri\",\"url\":\"\/fr\/?s=solivri\"}]}<\/script>\n<!-- \/ Yoast SEO Premium plugin. -->","yoast_head_json":{"title":"25.05.11 - FRANCE\/RWANDA - POURSUITE DE L'INSTRUCTION CONTRE CALLIXTE MBARUSHIMANA EN FRANCE - JusticeInfo.net","robots":{"index":"index","follow":"follow","max-snippet":"max-snippet:-1","max-image-preview":"max-image-preview:large","max-video-preview":"max-video-preview:-1"},"canonical":"https:\/\/www.justiceinfo.net\/fr\/13121-250511-francerwanda-poursuite-de-linstruction-contre-callixte-mbarushimana-en-france9931.html","og_locale":"fr_FR","og_type":"article","og_title":"25.05.11 - FRANCE\/RWANDA - POURSUITE DE L'INSTRUCTION CONTRE CALLIXTE MBARUSHIMANA EN FRANCE","og_description":"Paris, 25 mai 2011 (FH) - La chambre d'instruction du tribunal de Paris a rejet&eacute; le 19 mai la demande pr&eacute;sent&eacute;e par la d&eacute;fense du Rwandais Callixte Mbarushimana d'annuler sa mise en examen, par un juge parisien le 20 d&eacute;cembre 2010 pour &laquo; crimes contre l'humanit&eacute; &raquo;, a-t-on appris mercredi de source judiciaire.","og_url":"https:\/\/www.justiceinfo.net\/fr\/13121-250511-francerwanda-poursuite-de-linstruction-contre-callixte-mbarushimana-en-france9931.html","og_site_name":"JusticeInfo.net","article_publisher":"https:\/\/www.facebook.com\/JusticeInfo\/","article_published_time":"2011-05-24T22:00:00+00:00","og_image":[{"width":1200,"height":630,"url":"https:\/\/www.justiceinfo.net\/wp-content\/uploads\/JusticeInfoNet_logo_1200x630px.jpg","type":"image\/jpeg"}],"author":"solivri","twitter_card":"summary_large_image","twitter_creator":"@justiceinfonet","twitter_site":"@justiceinfonet","twitter_misc":{"\u00c9crit par":"solivri","Dur\u00e9e de lecture estim\u00e9e":"4 minutes"},"schema":{"@context":"https:\/\/schema.org","@graph":[{"@type":"NewsArticle","@id":"https:\/\/www.justiceinfo.net\/fr\/13121-250511-francerwanda-poursuite-de-linstruction-contre-callixte-mbarushimana-en-france9931.html#article","isPartOf":{"@id":"https:\/\/www.justiceinfo.net\/fr\/13121-250511-francerwanda-poursuite-de-linstruction-contre-callixte-mbarushimana-en-france9931.html"},"author":{"name":"solivri","@id":"https:\/\/www.justiceinfo.net\/fr#\/schema\/person\/6e53cba1629e2e66f3fc1821d3091865"},"headline":"25.05.11 - FRANCE\/RWANDA - POURSUITE DE L'INSTRUCTION CONTRE CALLIXTE MBARUSHIMANA EN FRANCE","datePublished":"2011-05-24T22:00:00+00:00","mainEntityOfPage":{"@id":"https:\/\/www.justiceinfo.net\/fr\/13121-250511-francerwanda-poursuite-de-linstruction-contre-callixte-mbarushimana-en-france9931.html"},"wordCount":760,"commentCount":0,"publisher":{"@id":"https:\/\/www.justiceinfo.net\/fr#organization"},"articleSection":["Hirondelle News"],"inLanguage":"fr-FR","potentialAction":[{"@type":"CommentAction","name":"Comment","target":["https:\/\/www.justiceinfo.net\/fr\/13121-250511-francerwanda-poursuite-de-linstruction-contre-callixte-mbarushimana-en-france9931.html#respond"]}]},{"@type":"WebPage","@id":"https:\/\/www.justiceinfo.net\/fr\/13121-250511-francerwanda-poursuite-de-linstruction-contre-callixte-mbarushimana-en-france9931.html","url":"https:\/\/www.justiceinfo.net\/fr\/13121-250511-francerwanda-poursuite-de-linstruction-contre-callixte-mbarushimana-en-france9931.html","name":"25.05.11 - FRANCE\/RWANDA - POURSUITE DE L'INSTRUCTION CONTRE CALLIXTE MBARUSHIMANA EN FRANCE - JusticeInfo.net","isPartOf":{"@id":"https:\/\/www.justiceinfo.net\/fr#website"},"datePublished":"2011-05-24T22:00:00+00:00","breadcrumb":{"@id":"https:\/\/www.justiceinfo.net\/fr\/13121-250511-francerwanda-poursuite-de-linstruction-contre-callixte-mbarushimana-en-france9931.html#breadcrumb"},"inLanguage":"fr-FR","potentialAction":[{"@type":"ReadAction","target":["https:\/\/www.justiceinfo.net\/fr\/13121-250511-francerwanda-poursuite-de-linstruction-contre-callixte-mbarushimana-en-france9931.html"]}]},{"@type":"BreadcrumbList","@id":"https:\/\/www.justiceinfo.net\/fr\/13121-250511-francerwanda-poursuite-de-linstruction-contre-callixte-mbarushimana-en-france9931.html#breadcrumb","itemListElement":[{"@type":"ListItem","position":1,"name":"Home","item":"https:\/\/www.justiceinfo.net\/fr"},{"@type":"ListItem","position":2,"name":"25.05.11 - FRANCE\/RWANDA - POURSUITE DE L'INSTRUCTION CONTRE CALLIXTE MBARUSHIMANA EN FRANCE"}]},{"@type":"WebSite","@id":"https:\/\/www.justiceinfo.net\/fr#website","url":"https:\/\/www.justiceinfo.net\/fr","name":"JusticeInfo.net","description":"La justice doit \u00eatre vue pour \u00eatre rendue","publisher":{"@id":"https:\/\/www.justiceinfo.net\/fr#organization"},"potentialAction":[{"@type":"SearchAction","target":{"@type":"EntryPoint","urlTemplate":"https:\/\/www.justiceinfo.net\/fr?s={search_term_string}"},"query-input":{"@type":"PropertyValueSpecification","valueRequired":true,"valueName":"search_term_string"}}],"inLanguage":"fr-FR"},{"@type":"Organization","@id":"https:\/\/www.justiceinfo.net\/fr#organization","name":"Justice Info","url":"https:\/\/www.justiceinfo.net\/fr","logo":{"@type":"ImageObject","inLanguage":"fr-FR","@id":"https:\/\/www.justiceinfo.net\/fr#\/schema\/logo\/image\/","url":"https:\/\/www.justiceinfo.net\/wp-content\/uploads\/justiceinfo_logo-trans_1200x1200px.png","contentUrl":"https:\/\/www.justiceinfo.net\/wp-content\/uploads\/justiceinfo_logo-trans_1200x1200px.png","width":1199,"height":1200,"caption":"Justice Info"},"image":{"@id":"https:\/\/www.justiceinfo.net\/fr#\/schema\/logo\/image\/"},"sameAs":["https:\/\/www.facebook.com\/JusticeInfo\/","https:\/\/x.com\/justiceinfonet","https:\/\/www.linkedin.com\/company\/justice-info","https:\/\/www.youtube.com\/channel\/UCyCEsARodyuWtkWyhn-e7pA"]},{"@type":"Person","name":"solivri","url":"\/fr\/?s=solivri"}]}},"_links":{"self":[{"href":"https:\/\/www.justiceinfo.net\/fr\/wp-json\/wp\/v2\/posts\/13121","targetHints":{"allow":["GET"]}}],"collection":[{"href":"https:\/\/www.justiceinfo.net\/fr\/wp-json\/wp\/v2\/posts"}],"about":[{"href":"https:\/\/www.justiceinfo.net\/fr\/wp-json\/wp\/v2\/types\/post"}],"author":[{"embeddable":true,"href":"https:\/\/www.justiceinfo.net\/fr\/wp-json\/wp\/v2\/users\/64"}],"replies":[{"embeddable":true,"href":"https:\/\/www.justiceinfo.net\/fr\/wp-json\/wp\/v2\/comments?post=13121"}],"version-history":[{"count":0,"href":"https:\/\/www.justiceinfo.net\/fr\/wp-json\/wp\/v2\/posts\/13121\/revisions"}],"wp:attachment":[{"href":"https:\/\/www.justiceinfo.net\/fr\/wp-json\/wp\/v2\/media?parent=13121"}],"wp:term":[{"taxonomy":"category","embeddable":true,"href":"https:\/\/www.justiceinfo.net\/fr\/wp-json\/wp\/v2\/categories?post=13121"},{"taxonomy":"post_tag","embeddable":true,"href":"https:\/\/www.justiceinfo.net\/fr\/wp-json\/wp\/v2\/tags?post=13121"},{"taxonomy":"ji_location","embeddable":true,"href":"https:\/\/www.justiceinfo.net\/fr\/wp-json\/wp\/v2\/ji_location?post=13121"}],"curies":[{"name":"wp","href":"https:\/\/api.w.org\/{rel}","templated":true}]}}