{"id":13127,"date":"2011-05-26T00:00:00","date_gmt":"2011-05-25T22:00:00","guid":{"rendered":"https:\/\/www.justiceinfo.net\/13127-260511-cpirdc-germain-katanga-l-navait-aucun-probleme-avec-la-population-hema-r9939.html"},"modified":"2011-05-26T00:00:00","modified_gmt":"2011-05-25T22:00:00","slug":"260511-cpirdc-germain-katanga-l-navait-aucun-probleme-avec-la-population-hema-r9939","status":"publish","type":"post","link":"https:\/\/www.justiceinfo.net\/fr\/13127-260511-cpirdc-germain-katanga-l-navait-aucun-probleme-avec-la-population-hema-r9939.html","title":{"rendered":"26.05.11 - CPI\/RDC - GERMAIN KATANGA \u00ab N'AVAIT AUCUN PROBL\u00c8ME AVEC LA POPULATION HEMA \u00bb"},"content":{"rendered":"<p >\nParis, 26 mai 2011 (FH) - Prot&eacute;g&eacute;e sous le nom de code D161, une proche de la femme de Germain Katanga dresse depuis mercredi devant la Cour p&eacute;nale internationale (CPI) le portrait d'un chef milicien &laquo; en harmonie &raquo; avec la population civile, qui n'&eacute;tait selon elle qu'un des commandants responsable de cette zone de l'Ituri, &agrave; l'Est de la R&eacute;publique d&eacute;mocratique du Congo.\n<\/p>\n<p><!--more--><\/p>\n<p >\n<p >\n<p >\nLe t&eacute;moin de la d&eacute;fense est une amie d'enfance de Denise, la femme de Germain Katanga. &Acirc;g&eacute;e &agrave; l'&eacute;poque d'une quinzaine d'ann&eacute;es, la jeune femme le rencontre pour la premi&egrave;re fois &agrave; Komanda, o&ugrave; elle est scolaris&eacute;e. Fin septembre 2002, c'est un Katanga devenu commandant militaire qu'elle revoit lorsqu'elle vient habiter Aveba, le village d'o&ugrave; des miliciens Ngiti partiront combattre les Hemas &agrave; Bogoro, en f&eacute;vrier 2003.\n<\/p>\n<p >\n<p >\nGermain Katanga est accus&eacute; de crimes de guerre et de crimes contre l'humanit&eacute; commis contre la population Hema lors de la bataille de Bogoro. La t&eacute;moin n'a pas assist&eacute; &agrave; la bataille. Elle assure toutefois que &laquo; Germain Katanga vivait avec la population civile [d'Aveba] avec une grande harmonie. Il ne battait personne, ne confisquait les biens de personne. Il n'avait aucun probl&egrave;me avec la population Hema qui fr&eacute;quentait Aveba. &raquo;\n<\/p>\n<p >\n<p >\n&laquo; Ces Hema, pr&eacute;cise-t-elle, venaient de Bunia. Ils avaient fui au plus fort des combats entre Lendu et Ngiti. Germain Katanga leur d&eacute;livrait des feuilles de route pour atteindre la route qui m&egrave;ne au Nord Kivu. Ceux qui le voulaient avaient la totale libert&eacute; d'y rester. &raquo;\n<\/p>\n<p >\n<p >\nL'accusation soutient qu'&agrave; Bogoro des femmes ont &eacute;t&eacute; viol&eacute;es et emmen&eacute;es de force dans des camps militaires. Elles auraient &eacute;t&eacute; donn&eacute;es comme &laquo; &eacute;pouses &raquo; ou gard&eacute;es dans la prison du camp BCA, &laquo; qui n'&eacute;tait qu'un trou creus&eacute; dans le sol &raquo;. D161 se rendait souvent dans ce camp, dont Katanga &eacute;tait l'un des commandants, soit pour rendre visite &agrave; Denise, soit avec sa chorale qui s'y produisait &laquo; &agrave; des fins d'&eacute;vang&eacute;lisation &raquo;. La t&eacute;moin n'a &laquo; jamais entendu parler &raquo; d'esclavage sexuel &agrave; Aveba.\n<\/p>\n<p >\n<p >\n&laquo; Quand un avion atterrissait &agrave; Aveba avec des armes, Katanga &eacute;tait appel&eacute; et les armes &eacute;taient emmen&eacute;es au camp BCA, n'est-ce pas ? &raquo; la questionne le procureur Gilles Dutertre, qui tente notamment d'&eacute;tablir que la ville d'Aveba &eacute;tait strat&eacute;gique dans cette zone de l'Ituri. &laquo; Oui, a admis la t&eacute;moin, mais je n'en connaissais pas la destination finale. Il y avait deux commandants dans ce m&ecirc;me camp. &raquo;\n<\/p>\n<p >\n<p >\nLa fin du contre-interrogatoire du t&eacute;moin D161, qui a commenc&eacute; son t&eacute;moignage mercredi, doit se conclure vendredi matin.\n<\/p>\n<p >\n<p >\nArr&ecirc;t&eacute; au Congo en mars 2005, Germain Katanga est en proc&egrave;s depuis le 24 novembre 2009 devant la CPI, o&ugrave; il est jug&eacute; en compagnie d'un second chef milicien originaire d'Ituri, Mathieu Ngudjolo. L'ancien commandant de la Force de r&eacute;sistance patriotique de l'Ituri (FPRI) et le milicien du Front des nationalistes et int&eacute;grationnistes (FNI) sont poursuivis pour des crimes contre l'humanit&eacute; et crimes de guerre commis &agrave; Bogoro, le 24 f&eacute;vrier 2003.\n<\/p>\n<p >\n<p >\nFP\n<\/p>\n<p>\n&copy; Agence Hirondelle<\/p>\n","protected":false},"excerpt":{"rendered":"<p>Paris, 26 mai 2011 (FH) - Prot&eacute;g&eacute;e sous le nom de code D161, une proche de la femme de Germain Katanga dresse depuis mercredi devant la Cour p&eacute;nale internationale (CPI) le portrait d'un chef milicien &laquo; en harmonie &raquo; avec la population civile, qui n'&eacute;tait selon elle qu'un des commandants responsable de cette zone de [&hellip;]<\/p>\n","protected":false},"author":64,"featured_media":0,"comment_status":"open","ping_status":"closed","sticky":false,"template":"","format":"standard","meta":{"_acf_changed":false,"footnotes":""},"categories":[554],"tags":[],"ji_location":[],"class_list":["post-13127","post","type-post","status-publish","format-standard","hentry","category-hirondellenews"],"acf":[],"yoast_head":"<!-- This site is optimized with the Yoast SEO Premium plugin v25.3.1 (Yoast SEO v25.3.1) - https:\/\/yoast.com\/wordpress\/plugins\/seo\/ -->\n<title>26.05.11 - CPI\/RDC - GERMAIN KATANGA \u00ab N&#039;AVAIT AUCUN PROBL\u00c8ME AVEC LA POPULATION HEMA \u00bb - JusticeInfo.net<\/title>\n<meta name=\"robots\" content=\"index, follow, max-snippet:-1, max-image-preview:large, max-video-preview:-1\" \/>\n<link rel=\"canonical\" href=\"https:\/\/www.justiceinfo.net\/fr\/13127-260511-cpirdc-germain-katanga-l-navait-aucun-probleme-avec-la-population-hema-r9939.html\" \/>\n<meta property=\"og:locale\" content=\"fr_FR\" \/>\n<meta property=\"og:type\" content=\"article\" \/>\n<meta property=\"og:title\" content=\"26.05.11 - CPI\/RDC - GERMAIN KATANGA \u00ab N&#039;AVAIT AUCUN PROBL\u00c8ME AVEC LA POPULATION HEMA \u00bb\" \/>\n<meta property=\"og:description\" content=\"Paris, 26 mai 2011 (FH) - Prot&eacute;g&eacute;e sous le nom de code D161, une proche de la femme de Germain Katanga dresse depuis mercredi devant la Cour p&eacute;nale internationale (CPI) le portrait d&#039;un chef milicien &laquo; en harmonie &raquo; avec la population civile, qui n&#039;&eacute;tait selon elle qu&#039;un des commandants responsable de cette zone de [&hellip;]\" \/>\n<meta property=\"og:url\" content=\"https:\/\/www.justiceinfo.net\/fr\/13127-260511-cpirdc-germain-katanga-l-navait-aucun-probleme-avec-la-population-hema-r9939.html\" \/>\n<meta property=\"og:site_name\" content=\"JusticeInfo.net\" \/>\n<meta property=\"article:publisher\" content=\"https:\/\/www.facebook.com\/JusticeInfo\/\" \/>\n<meta property=\"article:published_time\" content=\"2011-05-25T22:00:00+00:00\" \/>\n<meta property=\"og:image\" content=\"https:\/\/www.justiceinfo.net\/wp-content\/uploads\/JusticeInfoNet_logo_1200x630px.jpg\" \/>\n\t<meta property=\"og:image:width\" content=\"1200\" \/>\n\t<meta property=\"og:image:height\" content=\"630\" \/>\n\t<meta property=\"og:image:type\" content=\"image\/jpeg\" \/>\n<meta name=\"author\" content=\"solivri\" \/>\n<meta name=\"twitter:card\" content=\"summary_large_image\" \/>\n<meta name=\"twitter:creator\" content=\"@justiceinfonet\" \/>\n<meta name=\"twitter:site\" content=\"@justiceinfonet\" \/>\n<meta name=\"twitter:label1\" content=\"\u00c9crit par\" \/>\n\t<meta name=\"twitter:data1\" content=\"solivri\" \/>\n\t<meta name=\"twitter:label2\" content=\"Dur\u00e9e de lecture estim\u00e9e\" \/>\n\t<meta name=\"twitter:data2\" content=\"3 minutes\" \/>\n<script type=\"application\/ld+json\" class=\"yoast-schema-graph\">{\"@context\":\"https:\/\/schema.org\",\"@graph\":[{\"@type\":\"NewsArticle\",\"@id\":\"https:\/\/www.justiceinfo.net\/fr\/13127-260511-cpirdc-germain-katanga-l-navait-aucun-probleme-avec-la-population-hema-r9939.html#article\",\"isPartOf\":{\"@id\":\"https:\/\/www.justiceinfo.net\/fr\/13127-260511-cpirdc-germain-katanga-l-navait-aucun-probleme-avec-la-population-hema-r9939.html\"},\"author\":{\"name\":\"solivri\",\"@id\":\"https:\/\/www.justiceinfo.net\/fr#\/schema\/person\/6e53cba1629e2e66f3fc1821d3091865\"},\"headline\":\"26.05.11 - CPI\/RDC - GERMAIN KATANGA \u00ab N'AVAIT AUCUN PROBL\u00c8ME AVEC LA POPULATION HEMA \u00bb\",\"datePublished\":\"2011-05-25T22:00:00+00:00\",\"mainEntityOfPage\":{\"@id\":\"https:\/\/www.justiceinfo.net\/fr\/13127-260511-cpirdc-germain-katanga-l-navait-aucun-probleme-avec-la-population-hema-r9939.html\"},\"wordCount\":640,\"commentCount\":0,\"publisher\":{\"@id\":\"https:\/\/www.justiceinfo.net\/fr#organization\"},\"articleSection\":[\"Hirondelle News\"],\"inLanguage\":\"fr-FR\",\"potentialAction\":[{\"@type\":\"CommentAction\",\"name\":\"Comment\",\"target\":[\"https:\/\/www.justiceinfo.net\/fr\/13127-260511-cpirdc-germain-katanga-l-navait-aucun-probleme-avec-la-population-hema-r9939.html#respond\"]}]},{\"@type\":\"WebPage\",\"@id\":\"https:\/\/www.justiceinfo.net\/fr\/13127-260511-cpirdc-germain-katanga-l-navait-aucun-probleme-avec-la-population-hema-r9939.html\",\"url\":\"https:\/\/www.justiceinfo.net\/fr\/13127-260511-cpirdc-germain-katanga-l-navait-aucun-probleme-avec-la-population-hema-r9939.html\",\"name\":\"26.05.11 - CPI\/RDC - GERMAIN KATANGA \u00ab N'AVAIT AUCUN PROBL\u00c8ME AVEC LA POPULATION HEMA \u00bb - JusticeInfo.net\",\"isPartOf\":{\"@id\":\"https:\/\/www.justiceinfo.net\/fr#website\"},\"datePublished\":\"2011-05-25T22:00:00+00:00\",\"breadcrumb\":{\"@id\":\"https:\/\/www.justiceinfo.net\/fr\/13127-260511-cpirdc-germain-katanga-l-navait-aucun-probleme-avec-la-population-hema-r9939.html#breadcrumb\"},\"inLanguage\":\"fr-FR\",\"potentialAction\":[{\"@type\":\"ReadAction\",\"target\":[\"https:\/\/www.justiceinfo.net\/fr\/13127-260511-cpirdc-germain-katanga-l-navait-aucun-probleme-avec-la-population-hema-r9939.html\"]}]},{\"@type\":\"BreadcrumbList\",\"@id\":\"https:\/\/www.justiceinfo.net\/fr\/13127-260511-cpirdc-germain-katanga-l-navait-aucun-probleme-avec-la-population-hema-r9939.html#breadcrumb\",\"itemListElement\":[{\"@type\":\"ListItem\",\"position\":1,\"name\":\"Home\",\"item\":\"https:\/\/www.justiceinfo.net\/fr\"},{\"@type\":\"ListItem\",\"position\":2,\"name\":\"26.05.11 - CPI\/RDC - GERMAIN KATANGA \u00ab N'AVAIT AUCUN PROBL\u00c8ME AVEC LA POPULATION HEMA \u00bb\"}]},{\"@type\":\"WebSite\",\"@id\":\"https:\/\/www.justiceinfo.net\/fr#website\",\"url\":\"https:\/\/www.justiceinfo.net\/fr\",\"name\":\"JusticeInfo.net\",\"description\":\"La justice doit \u00eatre vue pour \u00eatre rendue\",\"publisher\":{\"@id\":\"https:\/\/www.justiceinfo.net\/fr#organization\"},\"potentialAction\":[{\"@type\":\"SearchAction\",\"target\":{\"@type\":\"EntryPoint\",\"urlTemplate\":\"https:\/\/www.justiceinfo.net\/fr?s={search_term_string}\"},\"query-input\":{\"@type\":\"PropertyValueSpecification\",\"valueRequired\":true,\"valueName\":\"search_term_string\"}}],\"inLanguage\":\"fr-FR\"},{\"@type\":\"Organization\",\"@id\":\"https:\/\/www.justiceinfo.net\/fr#organization\",\"name\":\"Justice Info\",\"url\":\"https:\/\/www.justiceinfo.net\/fr\",\"logo\":{\"@type\":\"ImageObject\",\"inLanguage\":\"fr-FR\",\"@id\":\"https:\/\/www.justiceinfo.net\/fr#\/schema\/logo\/image\/\",\"url\":\"https:\/\/www.justiceinfo.net\/wp-content\/uploads\/justiceinfo_logo-trans_1200x1200px.png\",\"contentUrl\":\"https:\/\/www.justiceinfo.net\/wp-content\/uploads\/justiceinfo_logo-trans_1200x1200px.png\",\"width\":1199,\"height\":1200,\"caption\":\"Justice Info\"},\"image\":{\"@id\":\"https:\/\/www.justiceinfo.net\/fr#\/schema\/logo\/image\/\"},\"sameAs\":[\"https:\/\/www.facebook.com\/JusticeInfo\/\",\"https:\/\/x.com\/justiceinfonet\",\"https:\/\/www.linkedin.com\/company\/justice-info\",\"https:\/\/www.youtube.com\/channel\/UCyCEsARodyuWtkWyhn-e7pA\"]},{\"@type\":\"Person\",\"name\":\"solivri\",\"url\":\"\/fr\/?s=solivri\"}]}<\/script>\n<!-- \/ Yoast SEO Premium plugin. -->","yoast_head_json":{"title":"26.05.11 - CPI\/RDC - GERMAIN KATANGA \u00ab N'AVAIT AUCUN PROBL\u00c8ME AVEC LA POPULATION HEMA \u00bb - JusticeInfo.net","robots":{"index":"index","follow":"follow","max-snippet":"max-snippet:-1","max-image-preview":"max-image-preview:large","max-video-preview":"max-video-preview:-1"},"canonical":"https:\/\/www.justiceinfo.net\/fr\/13127-260511-cpirdc-germain-katanga-l-navait-aucun-probleme-avec-la-population-hema-r9939.html","og_locale":"fr_FR","og_type":"article","og_title":"26.05.11 - CPI\/RDC - GERMAIN KATANGA \u00ab N'AVAIT AUCUN PROBL\u00c8ME AVEC LA POPULATION HEMA \u00bb","og_description":"Paris, 26 mai 2011 (FH) - Prot&eacute;g&eacute;e sous le nom de code D161, une proche de la femme de Germain Katanga dresse depuis mercredi devant la Cour p&eacute;nale internationale (CPI) le portrait d'un chef milicien &laquo; en harmonie &raquo; avec la population civile, qui n'&eacute;tait selon elle qu'un des commandants responsable de cette zone de [&hellip;]","og_url":"https:\/\/www.justiceinfo.net\/fr\/13127-260511-cpirdc-germain-katanga-l-navait-aucun-probleme-avec-la-population-hema-r9939.html","og_site_name":"JusticeInfo.net","article_publisher":"https:\/\/www.facebook.com\/JusticeInfo\/","article_published_time":"2011-05-25T22:00:00+00:00","og_image":[{"width":1200,"height":630,"url":"https:\/\/www.justiceinfo.net\/wp-content\/uploads\/JusticeInfoNet_logo_1200x630px.jpg","type":"image\/jpeg"}],"author":"solivri","twitter_card":"summary_large_image","twitter_creator":"@justiceinfonet","twitter_site":"@justiceinfonet","twitter_misc":{"\u00c9crit par":"solivri","Dur\u00e9e de lecture estim\u00e9e":"3 minutes"},"schema":{"@context":"https:\/\/schema.org","@graph":[{"@type":"NewsArticle","@id":"https:\/\/www.justiceinfo.net\/fr\/13127-260511-cpirdc-germain-katanga-l-navait-aucun-probleme-avec-la-population-hema-r9939.html#article","isPartOf":{"@id":"https:\/\/www.justiceinfo.net\/fr\/13127-260511-cpirdc-germain-katanga-l-navait-aucun-probleme-avec-la-population-hema-r9939.html"},"author":{"name":"solivri","@id":"https:\/\/www.justiceinfo.net\/fr#\/schema\/person\/6e53cba1629e2e66f3fc1821d3091865"},"headline":"26.05.11 - CPI\/RDC - GERMAIN KATANGA \u00ab N'AVAIT AUCUN PROBL\u00c8ME AVEC LA POPULATION HEMA \u00bb","datePublished":"2011-05-25T22:00:00+00:00","mainEntityOfPage":{"@id":"https:\/\/www.justiceinfo.net\/fr\/13127-260511-cpirdc-germain-katanga-l-navait-aucun-probleme-avec-la-population-hema-r9939.html"},"wordCount":640,"commentCount":0,"publisher":{"@id":"https:\/\/www.justiceinfo.net\/fr#organization"},"articleSection":["Hirondelle News"],"inLanguage":"fr-FR","potentialAction":[{"@type":"CommentAction","name":"Comment","target":["https:\/\/www.justiceinfo.net\/fr\/13127-260511-cpirdc-germain-katanga-l-navait-aucun-probleme-avec-la-population-hema-r9939.html#respond"]}]},{"@type":"WebPage","@id":"https:\/\/www.justiceinfo.net\/fr\/13127-260511-cpirdc-germain-katanga-l-navait-aucun-probleme-avec-la-population-hema-r9939.html","url":"https:\/\/www.justiceinfo.net\/fr\/13127-260511-cpirdc-germain-katanga-l-navait-aucun-probleme-avec-la-population-hema-r9939.html","name":"26.05.11 - CPI\/RDC - GERMAIN KATANGA \u00ab N'AVAIT AUCUN PROBL\u00c8ME AVEC LA POPULATION HEMA \u00bb - JusticeInfo.net","isPartOf":{"@id":"https:\/\/www.justiceinfo.net\/fr#website"},"datePublished":"2011-05-25T22:00:00+00:00","breadcrumb":{"@id":"https:\/\/www.justiceinfo.net\/fr\/13127-260511-cpirdc-germain-katanga-l-navait-aucun-probleme-avec-la-population-hema-r9939.html#breadcrumb"},"inLanguage":"fr-FR","potentialAction":[{"@type":"ReadAction","target":["https:\/\/www.justiceinfo.net\/fr\/13127-260511-cpirdc-germain-katanga-l-navait-aucun-probleme-avec-la-population-hema-r9939.html"]}]},{"@type":"BreadcrumbList","@id":"https:\/\/www.justiceinfo.net\/fr\/13127-260511-cpirdc-germain-katanga-l-navait-aucun-probleme-avec-la-population-hema-r9939.html#breadcrumb","itemListElement":[{"@type":"ListItem","position":1,"name":"Home","item":"https:\/\/www.justiceinfo.net\/fr"},{"@type":"ListItem","position":2,"name":"26.05.11 - CPI\/RDC - GERMAIN KATANGA \u00ab N'AVAIT AUCUN PROBL\u00c8ME AVEC LA POPULATION HEMA \u00bb"}]},{"@type":"WebSite","@id":"https:\/\/www.justiceinfo.net\/fr#website","url":"https:\/\/www.justiceinfo.net\/fr","name":"JusticeInfo.net","description":"La justice doit \u00eatre vue pour \u00eatre rendue","publisher":{"@id":"https:\/\/www.justiceinfo.net\/fr#organization"},"potentialAction":[{"@type":"SearchAction","target":{"@type":"EntryPoint","urlTemplate":"https:\/\/www.justiceinfo.net\/fr?s={search_term_string}"},"query-input":{"@type":"PropertyValueSpecification","valueRequired":true,"valueName":"search_term_string"}}],"inLanguage":"fr-FR"},{"@type":"Organization","@id":"https:\/\/www.justiceinfo.net\/fr#organization","name":"Justice Info","url":"https:\/\/www.justiceinfo.net\/fr","logo":{"@type":"ImageObject","inLanguage":"fr-FR","@id":"https:\/\/www.justiceinfo.net\/fr#\/schema\/logo\/image\/","url":"https:\/\/www.justiceinfo.net\/wp-content\/uploads\/justiceinfo_logo-trans_1200x1200px.png","contentUrl":"https:\/\/www.justiceinfo.net\/wp-content\/uploads\/justiceinfo_logo-trans_1200x1200px.png","width":1199,"height":1200,"caption":"Justice Info"},"image":{"@id":"https:\/\/www.justiceinfo.net\/fr#\/schema\/logo\/image\/"},"sameAs":["https:\/\/www.facebook.com\/JusticeInfo\/","https:\/\/x.com\/justiceinfonet","https:\/\/www.linkedin.com\/company\/justice-info","https:\/\/www.youtube.com\/channel\/UCyCEsARodyuWtkWyhn-e7pA"]},{"@type":"Person","name":"solivri","url":"\/fr\/?s=solivri"}]}},"_links":{"self":[{"href":"https:\/\/www.justiceinfo.net\/fr\/wp-json\/wp\/v2\/posts\/13127","targetHints":{"allow":["GET"]}}],"collection":[{"href":"https:\/\/www.justiceinfo.net\/fr\/wp-json\/wp\/v2\/posts"}],"about":[{"href":"https:\/\/www.justiceinfo.net\/fr\/wp-json\/wp\/v2\/types\/post"}],"author":[{"embeddable":true,"href":"https:\/\/www.justiceinfo.net\/fr\/wp-json\/wp\/v2\/users\/64"}],"replies":[{"embeddable":true,"href":"https:\/\/www.justiceinfo.net\/fr\/wp-json\/wp\/v2\/comments?post=13127"}],"version-history":[{"count":0,"href":"https:\/\/www.justiceinfo.net\/fr\/wp-json\/wp\/v2\/posts\/13127\/revisions"}],"wp:attachment":[{"href":"https:\/\/www.justiceinfo.net\/fr\/wp-json\/wp\/v2\/media?parent=13127"}],"wp:term":[{"taxonomy":"category","embeddable":true,"href":"https:\/\/www.justiceinfo.net\/fr\/wp-json\/wp\/v2\/categories?post=13127"},{"taxonomy":"post_tag","embeddable":true,"href":"https:\/\/www.justiceinfo.net\/fr\/wp-json\/wp\/v2\/tags?post=13127"},{"taxonomy":"ji_location","embeddable":true,"href":"https:\/\/www.justiceinfo.net\/fr\/wp-json\/wp\/v2\/ji_location?post=13127"}],"curies":[{"name":"wp","href":"https:\/\/api.w.org\/{rel}","templated":true}]}}