{"id":13148,"date":"2011-05-31T00:00:00","date_gmt":"2011-05-30T22:00:00","guid":{"rendered":"https:\/\/www.justiceinfo.net\/13148-310511-cpilibye-le-procureur-accuse-de-violer-la-presomption-dinnocence9960.html"},"modified":"2011-05-31T00:00:00","modified_gmt":"2011-05-30T22:00:00","slug":"310511-cpilibye-le-procureur-accuse-de-violer-la-presomption-dinnocence9960","status":"publish","type":"post","link":"https:\/\/www.justiceinfo.net\/fr\/13148-310511-cpilibye-le-procureur-accuse-de-violer-la-presomption-dinnocence9960.html","title":{"rendered":"31.05.11 - CPI\/LIBYE - LE PROCUREUR ACCUS\u00c9 DE VIOLER LA PRESOMPTION D'INNOCENCE"},"content":{"rendered":"<p>\nLa Haye, 31 mai 2011 (FH) - Le Bureau du Conseil public pour la d&eacute;fense a demand&eacute; aux juges de sanctionner le procureur pour ses d&eacute;clarations publiques dans le cadre de son enqu&ecirc;te sur la Libye, l'accusant de violer la pr&eacute;somption d'innocence.\n<\/p>\n<p><!--more--><\/p>\n<p >\n<p >\nLe Bureau - organe du greffe charg&eacute; de soutenir la d&eacute;fense - revient notamment sur la conf&eacute;rence de presse du procureur, organis&eacute;e le 16 mai et au cours de laquelle Luis Moreno Ocampo avait annonc&eacute; avoir demand&eacute; aux juges de d&eacute;livrer des mandats d'arr&ecirc;t &agrave; l'encontre du chef de l'Etat libyen, Mouammar Kadhafi, de son fils, Sa&iuml;f Al-Islam Kadhafi et du chef des renseignements militaires, Abdullah Al-Senoussi. Le procureur avait notamment d&eacute;clar&eacute; que &laquo; Mouammar Kadhafi a commis ces crimes dans le but de pr&eacute;server son pouvoir absolu.&raquo;\n<\/p>\n<p >\nPour Xavier-Jean Ke&iuml;ta, chef du Bureau de la d&eacute;fense, &laquo; le procureur a tenu des propos qui portent atteinte &agrave; la pr&eacute;somption d'innocence (...) et constituent une pr&eacute;d&eacute;termination &eacute;vidente de la culpabilit&eacute; de ces personnes &raquo; alors qu' &laquo; il appartiendra &agrave; la seule chambre de premi&egrave;re instance de se prononcer sur la culpabilit&eacute; ou l'innocence de ces personnes, dans l'hypoth&egrave;se ou la chambre pr&eacute;liminaire serait elle-m&ecirc;me convaincue de la n&eacute;cessit&eacute; de d&eacute;livrer des mandats d'arr&ecirc;t puis de confirmer les charges &raquo;.\n<\/p>\n<p >\nL'avocat vise aussi un article diffus&eacute; par le quotidien &eacute;mirati The National le 18 mai 2011, dans lequel le procureur &laquo; laisse entendre que toute personne qui remettrait en cause la r&eacute;alit&eacute; des crimes dont sont suspect&eacute;es et accus&eacute;es les personnes faisant l'objet d'un mandat d'arr&ecirc;t ou de citations &agrave; compara&icirc;tre devant la Cour, serait &lsquo;contre' la Cour et &lsquo;pour' les criminels &raquo;. Le chef du Bureau de la d&eacute;fense estime que d&egrave;s lors, &laquo; toute personne qui affirmerait l'innocence d'une personne poursuivie (...) ou qui remettrait en cause la r&eacute;alit&eacute; des crimes all&eacute;gu&eacute;s par le procureur, soutiendrait les criminels ou serait elle-m&ecirc;me complice de ces criminels. &raquo;\n<\/p>\n<p >\nMa&icirc;tre Ke&iuml;ta s'inqui&egrave;te aussi pour les t&eacute;moins de la d&eacute;fense. &laquo; Si toute personne soutenant une th&eacute;orie alternative &agrave; celle du procureur est consid&eacute;r&eacute;e comme criminelle, alors tous les t&eacute;moins de la d&eacute;fense pourraient faire l'objet de poursuites devant la Cour et les juridictions nationales &raquo;, note-t-il.&nbsp; Dans ces circonstances, ajoute-t-il, &laquo; aucun t&eacute;moin n'osera tenir des propos contraires &agrave; ceux du procureur &raquo;.\n<\/p>\n<p >\nLe Bureau de la d&eacute;fense demande donc aux juges d' &laquo; ordonner au procureur de publier un nouveau communiqu&eacute; de presse, rappelant que les trois personnes contre lesquelles il a demand&eacute; un mandat d'arr&ecirc;t (...) b&eacute;n&eacute;ficient de la pr&eacute;somption d'innocence &raquo;. Il demande aussi &agrave; la chambre d'ordonner au procureur de ne plus tenir de propos publics contrevenant au principe de la pr&eacute;somption d'innocence, et de d&eacute;cider que les noms des personnes cibl&eacute;es par&nbsp; une demande de mandat d'arr&ecirc;t ou de citation &agrave; compara&icirc;tre soient confidentiels jusqu'&agrave; la d&eacute;cision des juges.\n<\/p>\n<p >\nLa Cour p&eacute;nale internationale avait &eacute;t&eacute; saisie le 26 f&eacute;vrier 2011 par le Conseil de s&eacute;curit&eacute; des Nations unies des crimes commis en Libye. Le 3 mars, le procureur avait annonc&eacute; l'ouverture d'une enqu&ecirc;te.\n<\/p>\n<p >\nSM\/GF\n<\/p>\n<p>\n&copy; Agence Hirondelle<\/p>\n","protected":false},"excerpt":{"rendered":"<p>La Haye, 31 mai 2011 (FH) - Le Bureau du Conseil public pour la d&eacute;fense a demand&eacute; aux juges de sanctionner le procureur pour ses d&eacute;clarations publiques dans le cadre de son enqu&ecirc;te sur la Libye, l'accusant de violer la pr&eacute;somption d'innocence.<\/p>\n","protected":false},"author":64,"featured_media":0,"comment_status":"open","ping_status":"closed","sticky":false,"template":"","format":"standard","meta":{"_acf_changed":false,"footnotes":""},"categories":[554],"tags":[],"ji_location":[],"class_list":["post-13148","post","type-post","status-publish","format-standard","hentry","category-hirondellenews"],"acf":[],"yoast_head":"<!-- This site is optimized with the Yoast SEO Premium plugin v25.3.1 (Yoast SEO v25.3.1) - https:\/\/yoast.com\/wordpress\/plugins\/seo\/ -->\n<title>31.05.11 - CPI\/LIBYE - LE PROCUREUR ACCUS\u00c9 DE VIOLER LA PRESOMPTION D&#039;INNOCENCE - JusticeInfo.net<\/title>\n<meta name=\"robots\" content=\"index, follow, max-snippet:-1, max-image-preview:large, max-video-preview:-1\" \/>\n<link rel=\"canonical\" href=\"https:\/\/www.justiceinfo.net\/fr\/13148-310511-cpilibye-le-procureur-accuse-de-violer-la-presomption-dinnocence9960.html\" \/>\n<meta property=\"og:locale\" content=\"fr_FR\" \/>\n<meta property=\"og:type\" content=\"article\" \/>\n<meta property=\"og:title\" content=\"31.05.11 - CPI\/LIBYE - LE PROCUREUR ACCUS\u00c9 DE VIOLER LA PRESOMPTION D&#039;INNOCENCE\" \/>\n<meta property=\"og:description\" content=\"La Haye, 31 mai 2011 (FH) - Le Bureau du Conseil public pour la d&eacute;fense a demand&eacute; aux juges de sanctionner le procureur pour ses d&eacute;clarations publiques dans le cadre de son enqu&ecirc;te sur la Libye, l&#039;accusant de violer la pr&eacute;somption d&#039;innocence.\" \/>\n<meta property=\"og:url\" content=\"https:\/\/www.justiceinfo.net\/fr\/13148-310511-cpilibye-le-procureur-accuse-de-violer-la-presomption-dinnocence9960.html\" \/>\n<meta property=\"og:site_name\" content=\"JusticeInfo.net\" \/>\n<meta property=\"article:publisher\" content=\"https:\/\/www.facebook.com\/JusticeInfo\/\" \/>\n<meta property=\"article:published_time\" content=\"2011-05-30T22:00:00+00:00\" \/>\n<meta property=\"og:image\" content=\"https:\/\/www.justiceinfo.net\/wp-content\/uploads\/JusticeInfoNet_logo_1200x630px.jpg\" \/>\n\t<meta property=\"og:image:width\" content=\"1200\" \/>\n\t<meta property=\"og:image:height\" content=\"630\" \/>\n\t<meta property=\"og:image:type\" content=\"image\/jpeg\" \/>\n<meta name=\"author\" content=\"solivri\" \/>\n<meta name=\"twitter:card\" content=\"summary_large_image\" \/>\n<meta name=\"twitter:creator\" content=\"@justiceinfonet\" \/>\n<meta name=\"twitter:site\" content=\"@justiceinfonet\" \/>\n<meta name=\"twitter:label1\" content=\"\u00c9crit par\" \/>\n\t<meta name=\"twitter:data1\" content=\"solivri\" \/>\n\t<meta name=\"twitter:label2\" content=\"Dur\u00e9e de lecture estim\u00e9e\" \/>\n\t<meta name=\"twitter:data2\" content=\"3 minutes\" \/>\n<script type=\"application\/ld+json\" class=\"yoast-schema-graph\">{\"@context\":\"https:\/\/schema.org\",\"@graph\":[{\"@type\":\"NewsArticle\",\"@id\":\"https:\/\/www.justiceinfo.net\/fr\/13148-310511-cpilibye-le-procureur-accuse-de-violer-la-presomption-dinnocence9960.html#article\",\"isPartOf\":{\"@id\":\"https:\/\/www.justiceinfo.net\/fr\/13148-310511-cpilibye-le-procureur-accuse-de-violer-la-presomption-dinnocence9960.html\"},\"author\":{\"name\":\"solivri\",\"@id\":\"https:\/\/www.justiceinfo.net\/fr#\/schema\/person\/6e53cba1629e2e66f3fc1821d3091865\"},\"headline\":\"31.05.11 - CPI\/LIBYE - LE PROCUREUR ACCUS\u00c9 DE VIOLER LA PRESOMPTION D'INNOCENCE\",\"datePublished\":\"2011-05-30T22:00:00+00:00\",\"mainEntityOfPage\":{\"@id\":\"https:\/\/www.justiceinfo.net\/fr\/13148-310511-cpilibye-le-procureur-accuse-de-violer-la-presomption-dinnocence9960.html\"},\"wordCount\":688,\"commentCount\":0,\"publisher\":{\"@id\":\"https:\/\/www.justiceinfo.net\/fr#organization\"},\"articleSection\":[\"Hirondelle News\"],\"inLanguage\":\"fr-FR\",\"potentialAction\":[{\"@type\":\"CommentAction\",\"name\":\"Comment\",\"target\":[\"https:\/\/www.justiceinfo.net\/fr\/13148-310511-cpilibye-le-procureur-accuse-de-violer-la-presomption-dinnocence9960.html#respond\"]}]},{\"@type\":\"WebPage\",\"@id\":\"https:\/\/www.justiceinfo.net\/fr\/13148-310511-cpilibye-le-procureur-accuse-de-violer-la-presomption-dinnocence9960.html\",\"url\":\"https:\/\/www.justiceinfo.net\/fr\/13148-310511-cpilibye-le-procureur-accuse-de-violer-la-presomption-dinnocence9960.html\",\"name\":\"31.05.11 - CPI\/LIBYE - LE PROCUREUR ACCUS\u00c9 DE VIOLER LA PRESOMPTION D'INNOCENCE - JusticeInfo.net\",\"isPartOf\":{\"@id\":\"https:\/\/www.justiceinfo.net\/fr#website\"},\"datePublished\":\"2011-05-30T22:00:00+00:00\",\"breadcrumb\":{\"@id\":\"https:\/\/www.justiceinfo.net\/fr\/13148-310511-cpilibye-le-procureur-accuse-de-violer-la-presomption-dinnocence9960.html#breadcrumb\"},\"inLanguage\":\"fr-FR\",\"potentialAction\":[{\"@type\":\"ReadAction\",\"target\":[\"https:\/\/www.justiceinfo.net\/fr\/13148-310511-cpilibye-le-procureur-accuse-de-violer-la-presomption-dinnocence9960.html\"]}]},{\"@type\":\"BreadcrumbList\",\"@id\":\"https:\/\/www.justiceinfo.net\/fr\/13148-310511-cpilibye-le-procureur-accuse-de-violer-la-presomption-dinnocence9960.html#breadcrumb\",\"itemListElement\":[{\"@type\":\"ListItem\",\"position\":1,\"name\":\"Home\",\"item\":\"https:\/\/www.justiceinfo.net\/fr\"},{\"@type\":\"ListItem\",\"position\":2,\"name\":\"31.05.11 - CPI\/LIBYE - LE PROCUREUR ACCUS\u00c9 DE VIOLER LA PRESOMPTION D'INNOCENCE\"}]},{\"@type\":\"WebSite\",\"@id\":\"https:\/\/www.justiceinfo.net\/fr#website\",\"url\":\"https:\/\/www.justiceinfo.net\/fr\",\"name\":\"JusticeInfo.net\",\"description\":\"La justice doit \u00eatre vue pour \u00eatre rendue\",\"publisher\":{\"@id\":\"https:\/\/www.justiceinfo.net\/fr#organization\"},\"potentialAction\":[{\"@type\":\"SearchAction\",\"target\":{\"@type\":\"EntryPoint\",\"urlTemplate\":\"https:\/\/www.justiceinfo.net\/fr?s={search_term_string}\"},\"query-input\":{\"@type\":\"PropertyValueSpecification\",\"valueRequired\":true,\"valueName\":\"search_term_string\"}}],\"inLanguage\":\"fr-FR\"},{\"@type\":\"Organization\",\"@id\":\"https:\/\/www.justiceinfo.net\/fr#organization\",\"name\":\"Justice Info\",\"url\":\"https:\/\/www.justiceinfo.net\/fr\",\"logo\":{\"@type\":\"ImageObject\",\"inLanguage\":\"fr-FR\",\"@id\":\"https:\/\/www.justiceinfo.net\/fr#\/schema\/logo\/image\/\",\"url\":\"https:\/\/www.justiceinfo.net\/wp-content\/uploads\/justiceinfo_logo-trans_1200x1200px.png\",\"contentUrl\":\"https:\/\/www.justiceinfo.net\/wp-content\/uploads\/justiceinfo_logo-trans_1200x1200px.png\",\"width\":1199,\"height\":1200,\"caption\":\"Justice Info\"},\"image\":{\"@id\":\"https:\/\/www.justiceinfo.net\/fr#\/schema\/logo\/image\/\"},\"sameAs\":[\"https:\/\/www.facebook.com\/JusticeInfo\/\",\"https:\/\/x.com\/justiceinfonet\",\"https:\/\/www.linkedin.com\/company\/justice-info\",\"https:\/\/www.youtube.com\/channel\/UCyCEsARodyuWtkWyhn-e7pA\"]},{\"@type\":\"Person\",\"name\":\"solivri\",\"url\":\"\/fr\/?s=solivri\"}]}<\/script>\n<!-- \/ Yoast SEO Premium plugin. -->","yoast_head_json":{"title":"31.05.11 - CPI\/LIBYE - LE PROCUREUR ACCUS\u00c9 DE VIOLER LA PRESOMPTION D'INNOCENCE - JusticeInfo.net","robots":{"index":"index","follow":"follow","max-snippet":"max-snippet:-1","max-image-preview":"max-image-preview:large","max-video-preview":"max-video-preview:-1"},"canonical":"https:\/\/www.justiceinfo.net\/fr\/13148-310511-cpilibye-le-procureur-accuse-de-violer-la-presomption-dinnocence9960.html","og_locale":"fr_FR","og_type":"article","og_title":"31.05.11 - CPI\/LIBYE - LE PROCUREUR ACCUS\u00c9 DE VIOLER LA PRESOMPTION D'INNOCENCE","og_description":"La Haye, 31 mai 2011 (FH) - Le Bureau du Conseil public pour la d&eacute;fense a demand&eacute; aux juges de sanctionner le procureur pour ses d&eacute;clarations publiques dans le cadre de son enqu&ecirc;te sur la Libye, l'accusant de violer la pr&eacute;somption d'innocence.","og_url":"https:\/\/www.justiceinfo.net\/fr\/13148-310511-cpilibye-le-procureur-accuse-de-violer-la-presomption-dinnocence9960.html","og_site_name":"JusticeInfo.net","article_publisher":"https:\/\/www.facebook.com\/JusticeInfo\/","article_published_time":"2011-05-30T22:00:00+00:00","og_image":[{"width":1200,"height":630,"url":"https:\/\/www.justiceinfo.net\/wp-content\/uploads\/JusticeInfoNet_logo_1200x630px.jpg","type":"image\/jpeg"}],"author":"solivri","twitter_card":"summary_large_image","twitter_creator":"@justiceinfonet","twitter_site":"@justiceinfonet","twitter_misc":{"\u00c9crit par":"solivri","Dur\u00e9e de lecture estim\u00e9e":"3 minutes"},"schema":{"@context":"https:\/\/schema.org","@graph":[{"@type":"NewsArticle","@id":"https:\/\/www.justiceinfo.net\/fr\/13148-310511-cpilibye-le-procureur-accuse-de-violer-la-presomption-dinnocence9960.html#article","isPartOf":{"@id":"https:\/\/www.justiceinfo.net\/fr\/13148-310511-cpilibye-le-procureur-accuse-de-violer-la-presomption-dinnocence9960.html"},"author":{"name":"solivri","@id":"https:\/\/www.justiceinfo.net\/fr#\/schema\/person\/6e53cba1629e2e66f3fc1821d3091865"},"headline":"31.05.11 - CPI\/LIBYE - LE PROCUREUR ACCUS\u00c9 DE VIOLER LA PRESOMPTION D'INNOCENCE","datePublished":"2011-05-30T22:00:00+00:00","mainEntityOfPage":{"@id":"https:\/\/www.justiceinfo.net\/fr\/13148-310511-cpilibye-le-procureur-accuse-de-violer-la-presomption-dinnocence9960.html"},"wordCount":688,"commentCount":0,"publisher":{"@id":"https:\/\/www.justiceinfo.net\/fr#organization"},"articleSection":["Hirondelle News"],"inLanguage":"fr-FR","potentialAction":[{"@type":"CommentAction","name":"Comment","target":["https:\/\/www.justiceinfo.net\/fr\/13148-310511-cpilibye-le-procureur-accuse-de-violer-la-presomption-dinnocence9960.html#respond"]}]},{"@type":"WebPage","@id":"https:\/\/www.justiceinfo.net\/fr\/13148-310511-cpilibye-le-procureur-accuse-de-violer-la-presomption-dinnocence9960.html","url":"https:\/\/www.justiceinfo.net\/fr\/13148-310511-cpilibye-le-procureur-accuse-de-violer-la-presomption-dinnocence9960.html","name":"31.05.11 - CPI\/LIBYE - LE PROCUREUR ACCUS\u00c9 DE VIOLER LA PRESOMPTION D'INNOCENCE - JusticeInfo.net","isPartOf":{"@id":"https:\/\/www.justiceinfo.net\/fr#website"},"datePublished":"2011-05-30T22:00:00+00:00","breadcrumb":{"@id":"https:\/\/www.justiceinfo.net\/fr\/13148-310511-cpilibye-le-procureur-accuse-de-violer-la-presomption-dinnocence9960.html#breadcrumb"},"inLanguage":"fr-FR","potentialAction":[{"@type":"ReadAction","target":["https:\/\/www.justiceinfo.net\/fr\/13148-310511-cpilibye-le-procureur-accuse-de-violer-la-presomption-dinnocence9960.html"]}]},{"@type":"BreadcrumbList","@id":"https:\/\/www.justiceinfo.net\/fr\/13148-310511-cpilibye-le-procureur-accuse-de-violer-la-presomption-dinnocence9960.html#breadcrumb","itemListElement":[{"@type":"ListItem","position":1,"name":"Home","item":"https:\/\/www.justiceinfo.net\/fr"},{"@type":"ListItem","position":2,"name":"31.05.11 - CPI\/LIBYE - LE PROCUREUR ACCUS\u00c9 DE VIOLER LA PRESOMPTION D'INNOCENCE"}]},{"@type":"WebSite","@id":"https:\/\/www.justiceinfo.net\/fr#website","url":"https:\/\/www.justiceinfo.net\/fr","name":"JusticeInfo.net","description":"La justice doit \u00eatre vue pour \u00eatre rendue","publisher":{"@id":"https:\/\/www.justiceinfo.net\/fr#organization"},"potentialAction":[{"@type":"SearchAction","target":{"@type":"EntryPoint","urlTemplate":"https:\/\/www.justiceinfo.net\/fr?s={search_term_string}"},"query-input":{"@type":"PropertyValueSpecification","valueRequired":true,"valueName":"search_term_string"}}],"inLanguage":"fr-FR"},{"@type":"Organization","@id":"https:\/\/www.justiceinfo.net\/fr#organization","name":"Justice Info","url":"https:\/\/www.justiceinfo.net\/fr","logo":{"@type":"ImageObject","inLanguage":"fr-FR","@id":"https:\/\/www.justiceinfo.net\/fr#\/schema\/logo\/image\/","url":"https:\/\/www.justiceinfo.net\/wp-content\/uploads\/justiceinfo_logo-trans_1200x1200px.png","contentUrl":"https:\/\/www.justiceinfo.net\/wp-content\/uploads\/justiceinfo_logo-trans_1200x1200px.png","width":1199,"height":1200,"caption":"Justice Info"},"image":{"@id":"https:\/\/www.justiceinfo.net\/fr#\/schema\/logo\/image\/"},"sameAs":["https:\/\/www.facebook.com\/JusticeInfo\/","https:\/\/x.com\/justiceinfonet","https:\/\/www.linkedin.com\/company\/justice-info","https:\/\/www.youtube.com\/channel\/UCyCEsARodyuWtkWyhn-e7pA"]},{"@type":"Person","name":"solivri","url":"\/fr\/?s=solivri"}]}},"_links":{"self":[{"href":"https:\/\/www.justiceinfo.net\/fr\/wp-json\/wp\/v2\/posts\/13148","targetHints":{"allow":["GET"]}}],"collection":[{"href":"https:\/\/www.justiceinfo.net\/fr\/wp-json\/wp\/v2\/posts"}],"about":[{"href":"https:\/\/www.justiceinfo.net\/fr\/wp-json\/wp\/v2\/types\/post"}],"author":[{"embeddable":true,"href":"https:\/\/www.justiceinfo.net\/fr\/wp-json\/wp\/v2\/users\/64"}],"replies":[{"embeddable":true,"href":"https:\/\/www.justiceinfo.net\/fr\/wp-json\/wp\/v2\/comments?post=13148"}],"version-history":[{"count":0,"href":"https:\/\/www.justiceinfo.net\/fr\/wp-json\/wp\/v2\/posts\/13148\/revisions"}],"wp:attachment":[{"href":"https:\/\/www.justiceinfo.net\/fr\/wp-json\/wp\/v2\/media?parent=13148"}],"wp:term":[{"taxonomy":"category","embeddable":true,"href":"https:\/\/www.justiceinfo.net\/fr\/wp-json\/wp\/v2\/categories?post=13148"},{"taxonomy":"post_tag","embeddable":true,"href":"https:\/\/www.justiceinfo.net\/fr\/wp-json\/wp\/v2\/tags?post=13148"},{"taxonomy":"ji_location","embeddable":true,"href":"https:\/\/www.justiceinfo.net\/fr\/wp-json\/wp\/v2\/ji_location?post=13148"}],"curies":[{"name":"wp","href":"https:\/\/api.w.org\/{rel}","templated":true}]}}