{"id":13156,"date":"2011-06-02T00:00:00","date_gmt":"2011-06-01T22:00:00","guid":{"rendered":"https:\/\/www.justiceinfo.net\/13156-020611-danemarkrwanda-un-tribunal-danois-se-declare-incompetent-sur-le-genocide-rwandais9968.html"},"modified":"2011-06-02T00:00:00","modified_gmt":"2011-06-01T22:00:00","slug":"020611-danemarkrwanda-un-tribunal-danois-se-declare-incompetent-sur-le-genocide-rwandais9968","status":"publish","type":"post","link":"https:\/\/www.justiceinfo.net\/fr\/13156-020611-danemarkrwanda-un-tribunal-danois-se-declare-incompetent-sur-le-genocide-rwandais9968.html","title":{"rendered":"02.06.11 - DANEMARK\/RWANDA - UN TRIBUNAL DANOIS SE D\u00c9CLARE INCOMP\u00c9TENT SUR LE G\u00c9NOCIDE RWANDAIS"},"content":{"rendered":"<p>\nParis, 2 juin 2011 (FH) - Dans une d&eacute;cision qui r&eacute;v&egrave;le un vide&nbsp; l&eacute;gislatif au Danemark, le tribunal danois de Roskilde (Ouest de&nbsp; Copenhague) s'est estim&eacute; mercredi incomp&eacute;tent pour juger pour&nbsp; g&eacute;nocide un suspect rwandais accus&eacute; de crimes commis dans son pays en&nbsp; 1994.\n<\/p>\n<p><!--more--><\/p>\n<p >\n<p >\n<p >\n&quot;Le tribunal juge qu'il n'existe pas de base l&eacute;gale au Danemark pour&nbsp; poursuivre des &eacute;trangers incrimin&eacute;s pour g&eacute;nocide dans un pays&nbsp; tiers&quot;, indique le jugement, selon l'Agence France Presse. Le&nbsp; tribunal de Roskilde s'estimant toutefois comp&eacute;tent pour juger&nbsp; l'accus&eacute; rwandais pour des charges de meurtre, il le maintient en&nbsp; d&eacute;tention provisoire.\n<\/p>\n<p >\n<p >\nArr&ecirc;t&eacute; en d&eacute;cembre 2010 au Danemark, le suspect &eacute;tait, pendant le&nbsp; g&eacute;nocide, inspecteur des &eacute;coles primaires dans la commune de Muganza,&nbsp; en pr&eacute;fecture de Butare (sud). &Acirc;g&eacute; de 49 ans aujourd'hui, il &eacute;tait&nbsp; arriv&eacute; au Danemark en 2001 et r&eacute;sidait &agrave; Roskilde, &agrave; 30 km &agrave; l'ouest&nbsp; de Copenhague. Lors de son arrestation, le quotidien rwandais New&nbsp; Times avait r&eacute;v&eacute;l&eacute; son nom, Emmanuel Mbarushimana.\n<\/p>\n<p >\n<p >\nLa justice danoise soup&ccedil;onne Emmanuel Mbarushimana d'avoir dirig&eacute; un&nbsp; escadron de la mort impliqu&eacute; dans le massacre de 25.000 Tutsis dans&nbsp; la ville de Gasagara, entre le 21 et le 25 avril 1994.\n<\/p>\n<p >\n<p >\nLe jugement du tribunal de Roskilde appara&icirc;t comme un revers pour le&nbsp; Bureau sp&eacute;cial des crimes internationaux. Ce p&ocirc;le judiciaire&nbsp; sp&eacute;cialis&eacute; a &eacute;t&eacute; cr&eacute;&eacute; en 2002 au Danemark &quot;pour poursuivre les crimes&nbsp; graves commis &agrave; l'&eacute;tranger, en particulier de g&eacute;nocide, de crimes&nbsp; contre l'humanit&eacute;, de crimes de guerre et d'actes de terrorisme&quot;,&nbsp; pour lesquels il indique avoir ouvert 228 enqu&ecirc;tes en neuf ans.\n<\/p>\n<p >\n<p >\nDans un rapport publi&eacute; en 2006, l'organisation Human Rights Watch&nbsp; indiquait que &quot;du fait d'un d&eacute;faut de loi d'application [des textes&nbsp; internationaux], toutes les plaintes sont instruites et&nbsp; &eacute;ventuellement jug&eacute;es sur la base des crimes tels qu'ils sont d&eacute;finis&nbsp; dans le Code p&eacute;nal danois&quot;. La d&eacute;cision du tribunal de Roskilde&nbsp; confirme que ce vide l&eacute;gislatif perdure, bien que le Royaume du&nbsp; Danemark a ratifi&eacute; en 1951 la Convention pour la pr&eacute;vention et la&nbsp; r&eacute;pression du crime de g&eacute;nocide. Il a &eacute;galement ratifi&eacute;, en 2001, le&nbsp; Statut de Rome, dont l'article 6 d&eacute;finit le crime de g&eacute;nocide.\n<\/p>\n<p >\n<p >\nEn 2006, Kigali indiquait &agrave; l'agence Hirondelle qu'il y aurait au&nbsp; moins quinze suspects de g&eacute;nocide sur le sol danois.\n<\/p>\n<p >\n<p >\nUn autre citoyen rwandais r&eacute;fugi&eacute; au Danemark a &eacute;t&eacute; arr&ecirc;t&eacute;, en 2006,&nbsp; soup&ccedil;onn&eacute; d'avoir particip&eacute; &agrave; des assassinats dans les faubourgs de&nbsp; Kigali, le 7 avril 1994. Faute de preuves suffisantes, il n'avait pu&nbsp; &ecirc;tre d&eacute;f&eacute;r&eacute; devant les tribunaux danois. L'ancien directeur de&nbsp; l'aviation civile du Rwanda, Sylv&egrave;re Ahorugeze, a &eacute;t&eacute; par la suite&nbsp; arr&ecirc;t&eacute; &agrave; Stockholm, en juillet 2008. La Su&egrave;de le maintient depuis en&nbsp; d&eacute;tention provisoire.\n<\/p>\n<p >\n<p >\nFP\/GF\n<\/p>\n<p>\n&copy; Agence Hirondelle<\/p>\n","protected":false},"excerpt":{"rendered":"<p>Paris, 2 juin 2011 (FH) - Dans une d&eacute;cision qui r&eacute;v&egrave;le un vide&nbsp; l&eacute;gislatif au Danemark, le tribunal danois de Roskilde (Ouest de&nbsp; Copenhague) s'est estim&eacute; mercredi incomp&eacute;tent pour juger pour&nbsp; g&eacute;nocide un suspect rwandais accus&eacute; de crimes commis dans son pays en&nbsp; 1994.<\/p>\n","protected":false},"author":64,"featured_media":0,"comment_status":"open","ping_status":"closed","sticky":false,"template":"","format":"standard","meta":{"_acf_changed":false,"footnotes":""},"categories":[554],"tags":[],"ji_location":[],"class_list":["post-13156","post","type-post","status-publish","format-standard","hentry","category-hirondellenews"],"acf":[],"yoast_head":"<!-- This site is optimized with the Yoast SEO Premium plugin v25.3.1 (Yoast SEO v25.3.1) - https:\/\/yoast.com\/wordpress\/plugins\/seo\/ -->\n<title>02.06.11 - DANEMARK\/RWANDA - UN TRIBUNAL DANOIS SE D\u00c9CLARE INCOMP\u00c9TENT SUR LE G\u00c9NOCIDE RWANDAIS - JusticeInfo.net<\/title>\n<meta name=\"robots\" content=\"index, follow, max-snippet:-1, max-image-preview:large, max-video-preview:-1\" \/>\n<link rel=\"canonical\" href=\"https:\/\/www.justiceinfo.net\/fr\/13156-020611-danemarkrwanda-un-tribunal-danois-se-declare-incompetent-sur-le-genocide-rwandais9968.html\" \/>\n<meta property=\"og:locale\" content=\"fr_FR\" \/>\n<meta property=\"og:type\" content=\"article\" \/>\n<meta property=\"og:title\" content=\"02.06.11 - DANEMARK\/RWANDA - UN TRIBUNAL DANOIS SE D\u00c9CLARE INCOMP\u00c9TENT SUR LE G\u00c9NOCIDE RWANDAIS\" \/>\n<meta property=\"og:description\" content=\"Paris, 2 juin 2011 (FH) - Dans une d&eacute;cision qui r&eacute;v&egrave;le un vide&nbsp; l&eacute;gislatif au Danemark, le tribunal danois de Roskilde (Ouest de&nbsp; Copenhague) s&#039;est estim&eacute; mercredi incomp&eacute;tent pour juger pour&nbsp; g&eacute;nocide un suspect rwandais accus&eacute; de crimes commis dans son pays en&nbsp; 1994.\" \/>\n<meta property=\"og:url\" content=\"https:\/\/www.justiceinfo.net\/fr\/13156-020611-danemarkrwanda-un-tribunal-danois-se-declare-incompetent-sur-le-genocide-rwandais9968.html\" \/>\n<meta property=\"og:site_name\" content=\"JusticeInfo.net\" \/>\n<meta property=\"article:publisher\" content=\"https:\/\/www.facebook.com\/JusticeInfo\/\" \/>\n<meta property=\"article:published_time\" content=\"2011-06-01T22:00:00+00:00\" \/>\n<meta property=\"og:image\" content=\"https:\/\/www.justiceinfo.net\/wp-content\/uploads\/JusticeInfoNet_logo_1200x630px.jpg\" \/>\n\t<meta property=\"og:image:width\" content=\"1200\" \/>\n\t<meta property=\"og:image:height\" content=\"630\" \/>\n\t<meta property=\"og:image:type\" content=\"image\/jpeg\" \/>\n<meta name=\"author\" content=\"solivri\" \/>\n<meta name=\"twitter:card\" content=\"summary_large_image\" \/>\n<meta name=\"twitter:creator\" content=\"@justiceinfonet\" \/>\n<meta name=\"twitter:site\" content=\"@justiceinfonet\" \/>\n<meta name=\"twitter:label1\" content=\"\u00c9crit par\" \/>\n\t<meta name=\"twitter:data1\" content=\"solivri\" \/>\n\t<meta name=\"twitter:label2\" content=\"Dur\u00e9e de lecture estim\u00e9e\" \/>\n\t<meta name=\"twitter:data2\" content=\"3 minutes\" \/>\n<script type=\"application\/ld+json\" class=\"yoast-schema-graph\">{\"@context\":\"https:\/\/schema.org\",\"@graph\":[{\"@type\":\"NewsArticle\",\"@id\":\"https:\/\/www.justiceinfo.net\/fr\/13156-020611-danemarkrwanda-un-tribunal-danois-se-declare-incompetent-sur-le-genocide-rwandais9968.html#article\",\"isPartOf\":{\"@id\":\"https:\/\/www.justiceinfo.net\/fr\/13156-020611-danemarkrwanda-un-tribunal-danois-se-declare-incompetent-sur-le-genocide-rwandais9968.html\"},\"author\":{\"name\":\"solivri\",\"@id\":\"https:\/\/www.justiceinfo.net\/fr#\/schema\/person\/6e53cba1629e2e66f3fc1821d3091865\"},\"headline\":\"02.06.11 - DANEMARK\/RWANDA - UN TRIBUNAL DANOIS SE D\u00c9CLARE INCOMP\u00c9TENT SUR LE G\u00c9NOCIDE RWANDAIS\",\"datePublished\":\"2011-06-01T22:00:00+00:00\",\"mainEntityOfPage\":{\"@id\":\"https:\/\/www.justiceinfo.net\/fr\/13156-020611-danemarkrwanda-un-tribunal-danois-se-declare-incompetent-sur-le-genocide-rwandais9968.html\"},\"wordCount\":633,\"commentCount\":0,\"publisher\":{\"@id\":\"https:\/\/www.justiceinfo.net\/fr#organization\"},\"articleSection\":[\"Hirondelle News\"],\"inLanguage\":\"fr-FR\",\"potentialAction\":[{\"@type\":\"CommentAction\",\"name\":\"Comment\",\"target\":[\"https:\/\/www.justiceinfo.net\/fr\/13156-020611-danemarkrwanda-un-tribunal-danois-se-declare-incompetent-sur-le-genocide-rwandais9968.html#respond\"]}]},{\"@type\":\"WebPage\",\"@id\":\"https:\/\/www.justiceinfo.net\/fr\/13156-020611-danemarkrwanda-un-tribunal-danois-se-declare-incompetent-sur-le-genocide-rwandais9968.html\",\"url\":\"https:\/\/www.justiceinfo.net\/fr\/13156-020611-danemarkrwanda-un-tribunal-danois-se-declare-incompetent-sur-le-genocide-rwandais9968.html\",\"name\":\"02.06.11 - DANEMARK\/RWANDA - UN TRIBUNAL DANOIS SE D\u00c9CLARE INCOMP\u00c9TENT SUR LE G\u00c9NOCIDE RWANDAIS - JusticeInfo.net\",\"isPartOf\":{\"@id\":\"https:\/\/www.justiceinfo.net\/fr#website\"},\"datePublished\":\"2011-06-01T22:00:00+00:00\",\"breadcrumb\":{\"@id\":\"https:\/\/www.justiceinfo.net\/fr\/13156-020611-danemarkrwanda-un-tribunal-danois-se-declare-incompetent-sur-le-genocide-rwandais9968.html#breadcrumb\"},\"inLanguage\":\"fr-FR\",\"potentialAction\":[{\"@type\":\"ReadAction\",\"target\":[\"https:\/\/www.justiceinfo.net\/fr\/13156-020611-danemarkrwanda-un-tribunal-danois-se-declare-incompetent-sur-le-genocide-rwandais9968.html\"]}]},{\"@type\":\"BreadcrumbList\",\"@id\":\"https:\/\/www.justiceinfo.net\/fr\/13156-020611-danemarkrwanda-un-tribunal-danois-se-declare-incompetent-sur-le-genocide-rwandais9968.html#breadcrumb\",\"itemListElement\":[{\"@type\":\"ListItem\",\"position\":1,\"name\":\"Home\",\"item\":\"https:\/\/www.justiceinfo.net\/fr\"},{\"@type\":\"ListItem\",\"position\":2,\"name\":\"02.06.11 - DANEMARK\/RWANDA - UN TRIBUNAL DANOIS SE D\u00c9CLARE INCOMP\u00c9TENT SUR LE G\u00c9NOCIDE RWANDAIS\"}]},{\"@type\":\"WebSite\",\"@id\":\"https:\/\/www.justiceinfo.net\/fr#website\",\"url\":\"https:\/\/www.justiceinfo.net\/fr\",\"name\":\"JusticeInfo.net\",\"description\":\"La justice doit \u00eatre vue pour \u00eatre rendue\",\"publisher\":{\"@id\":\"https:\/\/www.justiceinfo.net\/fr#organization\"},\"potentialAction\":[{\"@type\":\"SearchAction\",\"target\":{\"@type\":\"EntryPoint\",\"urlTemplate\":\"https:\/\/www.justiceinfo.net\/fr?s={search_term_string}\"},\"query-input\":{\"@type\":\"PropertyValueSpecification\",\"valueRequired\":true,\"valueName\":\"search_term_string\"}}],\"inLanguage\":\"fr-FR\"},{\"@type\":\"Organization\",\"@id\":\"https:\/\/www.justiceinfo.net\/fr#organization\",\"name\":\"Justice Info\",\"url\":\"https:\/\/www.justiceinfo.net\/fr\",\"logo\":{\"@type\":\"ImageObject\",\"inLanguage\":\"fr-FR\",\"@id\":\"https:\/\/www.justiceinfo.net\/fr#\/schema\/logo\/image\/\",\"url\":\"https:\/\/www.justiceinfo.net\/wp-content\/uploads\/justiceinfo_logo-trans_1200x1200px.png\",\"contentUrl\":\"https:\/\/www.justiceinfo.net\/wp-content\/uploads\/justiceinfo_logo-trans_1200x1200px.png\",\"width\":1199,\"height\":1200,\"caption\":\"Justice Info\"},\"image\":{\"@id\":\"https:\/\/www.justiceinfo.net\/fr#\/schema\/logo\/image\/\"},\"sameAs\":[\"https:\/\/www.facebook.com\/JusticeInfo\/\",\"https:\/\/x.com\/justiceinfonet\",\"https:\/\/www.linkedin.com\/company\/justice-info\",\"https:\/\/www.youtube.com\/channel\/UCyCEsARodyuWtkWyhn-e7pA\"]},{\"@type\":\"Person\",\"name\":\"solivri\",\"url\":\"\/fr\/?s=solivri\"}]}<\/script>\n<!-- \/ Yoast SEO Premium plugin. -->","yoast_head_json":{"title":"02.06.11 - DANEMARK\/RWANDA - UN TRIBUNAL DANOIS SE D\u00c9CLARE INCOMP\u00c9TENT SUR LE G\u00c9NOCIDE RWANDAIS - JusticeInfo.net","robots":{"index":"index","follow":"follow","max-snippet":"max-snippet:-1","max-image-preview":"max-image-preview:large","max-video-preview":"max-video-preview:-1"},"canonical":"https:\/\/www.justiceinfo.net\/fr\/13156-020611-danemarkrwanda-un-tribunal-danois-se-declare-incompetent-sur-le-genocide-rwandais9968.html","og_locale":"fr_FR","og_type":"article","og_title":"02.06.11 - DANEMARK\/RWANDA - UN TRIBUNAL DANOIS SE D\u00c9CLARE INCOMP\u00c9TENT SUR LE G\u00c9NOCIDE RWANDAIS","og_description":"Paris, 2 juin 2011 (FH) - Dans une d&eacute;cision qui r&eacute;v&egrave;le un vide&nbsp; l&eacute;gislatif au Danemark, le tribunal danois de Roskilde (Ouest de&nbsp; Copenhague) s'est estim&eacute; mercredi incomp&eacute;tent pour juger pour&nbsp; g&eacute;nocide un suspect rwandais accus&eacute; de crimes commis dans son pays en&nbsp; 1994.","og_url":"https:\/\/www.justiceinfo.net\/fr\/13156-020611-danemarkrwanda-un-tribunal-danois-se-declare-incompetent-sur-le-genocide-rwandais9968.html","og_site_name":"JusticeInfo.net","article_publisher":"https:\/\/www.facebook.com\/JusticeInfo\/","article_published_time":"2011-06-01T22:00:00+00:00","og_image":[{"width":1200,"height":630,"url":"https:\/\/www.justiceinfo.net\/wp-content\/uploads\/JusticeInfoNet_logo_1200x630px.jpg","type":"image\/jpeg"}],"author":"solivri","twitter_card":"summary_large_image","twitter_creator":"@justiceinfonet","twitter_site":"@justiceinfonet","twitter_misc":{"\u00c9crit par":"solivri","Dur\u00e9e de lecture estim\u00e9e":"3 minutes"},"schema":{"@context":"https:\/\/schema.org","@graph":[{"@type":"NewsArticle","@id":"https:\/\/www.justiceinfo.net\/fr\/13156-020611-danemarkrwanda-un-tribunal-danois-se-declare-incompetent-sur-le-genocide-rwandais9968.html#article","isPartOf":{"@id":"https:\/\/www.justiceinfo.net\/fr\/13156-020611-danemarkrwanda-un-tribunal-danois-se-declare-incompetent-sur-le-genocide-rwandais9968.html"},"author":{"name":"solivri","@id":"https:\/\/www.justiceinfo.net\/fr#\/schema\/person\/6e53cba1629e2e66f3fc1821d3091865"},"headline":"02.06.11 - DANEMARK\/RWANDA - UN TRIBUNAL DANOIS SE D\u00c9CLARE INCOMP\u00c9TENT SUR LE G\u00c9NOCIDE RWANDAIS","datePublished":"2011-06-01T22:00:00+00:00","mainEntityOfPage":{"@id":"https:\/\/www.justiceinfo.net\/fr\/13156-020611-danemarkrwanda-un-tribunal-danois-se-declare-incompetent-sur-le-genocide-rwandais9968.html"},"wordCount":633,"commentCount":0,"publisher":{"@id":"https:\/\/www.justiceinfo.net\/fr#organization"},"articleSection":["Hirondelle News"],"inLanguage":"fr-FR","potentialAction":[{"@type":"CommentAction","name":"Comment","target":["https:\/\/www.justiceinfo.net\/fr\/13156-020611-danemarkrwanda-un-tribunal-danois-se-declare-incompetent-sur-le-genocide-rwandais9968.html#respond"]}]},{"@type":"WebPage","@id":"https:\/\/www.justiceinfo.net\/fr\/13156-020611-danemarkrwanda-un-tribunal-danois-se-declare-incompetent-sur-le-genocide-rwandais9968.html","url":"https:\/\/www.justiceinfo.net\/fr\/13156-020611-danemarkrwanda-un-tribunal-danois-se-declare-incompetent-sur-le-genocide-rwandais9968.html","name":"02.06.11 - DANEMARK\/RWANDA - UN TRIBUNAL DANOIS SE D\u00c9CLARE INCOMP\u00c9TENT SUR LE G\u00c9NOCIDE RWANDAIS - JusticeInfo.net","isPartOf":{"@id":"https:\/\/www.justiceinfo.net\/fr#website"},"datePublished":"2011-06-01T22:00:00+00:00","breadcrumb":{"@id":"https:\/\/www.justiceinfo.net\/fr\/13156-020611-danemarkrwanda-un-tribunal-danois-se-declare-incompetent-sur-le-genocide-rwandais9968.html#breadcrumb"},"inLanguage":"fr-FR","potentialAction":[{"@type":"ReadAction","target":["https:\/\/www.justiceinfo.net\/fr\/13156-020611-danemarkrwanda-un-tribunal-danois-se-declare-incompetent-sur-le-genocide-rwandais9968.html"]}]},{"@type":"BreadcrumbList","@id":"https:\/\/www.justiceinfo.net\/fr\/13156-020611-danemarkrwanda-un-tribunal-danois-se-declare-incompetent-sur-le-genocide-rwandais9968.html#breadcrumb","itemListElement":[{"@type":"ListItem","position":1,"name":"Home","item":"https:\/\/www.justiceinfo.net\/fr"},{"@type":"ListItem","position":2,"name":"02.06.11 - DANEMARK\/RWANDA - UN TRIBUNAL DANOIS SE D\u00c9CLARE INCOMP\u00c9TENT SUR LE G\u00c9NOCIDE RWANDAIS"}]},{"@type":"WebSite","@id":"https:\/\/www.justiceinfo.net\/fr#website","url":"https:\/\/www.justiceinfo.net\/fr","name":"JusticeInfo.net","description":"La justice doit \u00eatre vue pour \u00eatre rendue","publisher":{"@id":"https:\/\/www.justiceinfo.net\/fr#organization"},"potentialAction":[{"@type":"SearchAction","target":{"@type":"EntryPoint","urlTemplate":"https:\/\/www.justiceinfo.net\/fr?s={search_term_string}"},"query-input":{"@type":"PropertyValueSpecification","valueRequired":true,"valueName":"search_term_string"}}],"inLanguage":"fr-FR"},{"@type":"Organization","@id":"https:\/\/www.justiceinfo.net\/fr#organization","name":"Justice Info","url":"https:\/\/www.justiceinfo.net\/fr","logo":{"@type":"ImageObject","inLanguage":"fr-FR","@id":"https:\/\/www.justiceinfo.net\/fr#\/schema\/logo\/image\/","url":"https:\/\/www.justiceinfo.net\/wp-content\/uploads\/justiceinfo_logo-trans_1200x1200px.png","contentUrl":"https:\/\/www.justiceinfo.net\/wp-content\/uploads\/justiceinfo_logo-trans_1200x1200px.png","width":1199,"height":1200,"caption":"Justice Info"},"image":{"@id":"https:\/\/www.justiceinfo.net\/fr#\/schema\/logo\/image\/"},"sameAs":["https:\/\/www.facebook.com\/JusticeInfo\/","https:\/\/x.com\/justiceinfonet","https:\/\/www.linkedin.com\/company\/justice-info","https:\/\/www.youtube.com\/channel\/UCyCEsARodyuWtkWyhn-e7pA"]},{"@type":"Person","name":"solivri","url":"\/fr\/?s=solivri"}]}},"_links":{"self":[{"href":"https:\/\/www.justiceinfo.net\/fr\/wp-json\/wp\/v2\/posts\/13156","targetHints":{"allow":["GET"]}}],"collection":[{"href":"https:\/\/www.justiceinfo.net\/fr\/wp-json\/wp\/v2\/posts"}],"about":[{"href":"https:\/\/www.justiceinfo.net\/fr\/wp-json\/wp\/v2\/types\/post"}],"author":[{"embeddable":true,"href":"https:\/\/www.justiceinfo.net\/fr\/wp-json\/wp\/v2\/users\/64"}],"replies":[{"embeddable":true,"href":"https:\/\/www.justiceinfo.net\/fr\/wp-json\/wp\/v2\/comments?post=13156"}],"version-history":[{"count":0,"href":"https:\/\/www.justiceinfo.net\/fr\/wp-json\/wp\/v2\/posts\/13156\/revisions"}],"wp:attachment":[{"href":"https:\/\/www.justiceinfo.net\/fr\/wp-json\/wp\/v2\/media?parent=13156"}],"wp:term":[{"taxonomy":"category","embeddable":true,"href":"https:\/\/www.justiceinfo.net\/fr\/wp-json\/wp\/v2\/categories?post=13156"},{"taxonomy":"post_tag","embeddable":true,"href":"https:\/\/www.justiceinfo.net\/fr\/wp-json\/wp\/v2\/tags?post=13156"},{"taxonomy":"ji_location","embeddable":true,"href":"https:\/\/www.justiceinfo.net\/fr\/wp-json\/wp\/v2\/ji_location?post=13156"}],"curies":[{"name":"wp","href":"https:\/\/api.w.org\/{rel}","templated":true}]}}