{"id":13171,"date":"2011-06-03T00:00:00","date_gmt":"2011-06-02T22:00:00","guid":{"rendered":"https:\/\/www.justiceinfo.net\/13171-030611-danemarkrwanda-danemark-le-premier-proces-pour-genocide-souleve-une-question-de-droit9983.html"},"modified":"2011-06-03T00:00:00","modified_gmt":"2011-06-02T22:00:00","slug":"030611-danemarkrwanda-danemark-le-premier-proces-pour-genocide-souleve-une-question-de-droit9983","status":"publish","type":"post","link":"https:\/\/www.justiceinfo.net\/fr\/13171-030611-danemarkrwanda-danemark-le-premier-proces-pour-genocide-souleve-une-question-de-droit9983.html","title":{"rendered":"03.06.11 - DANEMARK\/RWANDA - DANEMARK: LE PREMIER PROCES POUR GENOCIDE SOULEVE UNE QUESTION DE DROIT"},"content":{"rendered":"<p>\nParis, 3 juin 2011 (FH) - La d&eacute;cision rendue mardi 31 mai par le tribunal de Roskilde (Ouest de Copenhague), qui a estim&eacute; ne pas disposer de base l&eacute;gale &quot;pour poursuivre des &eacute;trangers incrimin&eacute;s pour des faits de g&eacute;nocide commis &agrave; l'&eacute;tranger&quot; dans le proc&egrave;s d'un citoyen rwandais accus&eacute; de crimes commis en 1994, soul&egrave;ve une question juridique non r&eacute;solue au Danemark.\n<\/p>\n<p><!--more--><\/p>\n<p >\n&quot;Cette decision pose probl&egrave;me, car il s'agit du premier cas de g&eacute;nocide port&eacute; devant un tribunal danois, r&eacute;agit Birgitte Vestberg, la procureur charg&eacute;e des crimes sp&eacute;ciaux internationaux. Mais au bout du compte, cela ne fait pas une grande diff&eacute;rence, si la personne est condamn&eacute;e par la loi danoise. C'est une question acad&eacute;mique.&quot;\n<\/p>\n<p >\n<p >\nLe tribunal de Roskilde indique en effet qu'il entend poursuivre le Rwandais Emmanuel Mbarushimana pour les all&eacute;gations de meurtre port&eacute;es par le procureur, hors de leur qualification de g&eacute;nocide.\n<\/p>\n<p >\n<p >\n&quot;Comment peut-on dire que cette question est acad&eacute;mique ?&quot;, s'insurge son avocat danois, Bjorn Elmquist, qui avait demand&eacute; dans une requ&ecirc;te l'annulation des charges de g&eacute;nocide. &quot;On ne peut employer un tel argument dans un Etat de droit. C'est tr&egrave;s important pour l'accus&eacute; de savoir si son proc&egrave;s concerne le g&eacute;nocide ou non. Pour qu'un proc&egrave;s soit &eacute;quitable, les conditions de forme doivent &ecirc;tre remplies.&quot;\n<\/p>\n<p >\n<p >\nAvocat et homme politique renomm&eacute; au Danemark, Bjorn Elmquist ne cache pas qu'il a voulu, avec cette requ&ecirc;te, jeter un pav&eacute; dans la mare en demandant au tribunal de se prononcer sur un point de droit rest&eacute; non r&eacute;solu. Le l&eacute;gislateur n'a jamais pr&eacute;cis&eacute; s'il est possible au Danemark de juger un &eacute;tranger pour des crimes de g&eacute;nocide commis &agrave; l'&eacute;tranger.\n<\/p>\n<p >\n<p >\n&quot;J'ai &eacute;t&eacute; d&eacute;put&eacute; pendant quinze ans, et d'un point de vue moral, juridique et social je ne peux accepter que des personnes ayant particip&eacute; &agrave; un g&eacute;nocide puissent rester impunies. Cette d&eacute;cision [du tribunal de Roskilde] porte un coup tr&egrave;s fort contre le manque de sens de responsabilit&eacute; du procureur, du Parlement, du minist&egrave;re de la Justice. Nous sommes tous responsables de ce flou juridique.&quot;\n<\/p>\n<p >\n<p >\nLe Danemark affiche pourtant sa volont&eacute; de poursuivre les crimes les plus graves. Un p&ocirc;le judiciaire sp&eacute;cialis&eacute; a &eacute;t&eacute; cr&eacute;&eacute; en 2002, qui a ouvert depuis 228 enqu&ecirc;tes. &quot;L'ambition du Bureau sp&eacute;cial des crimes internationaux [dirig&eacute; par la procureur Birgitte Vestberg, NDLR] est honn&ecirc;te et s&eacute;rieuse. Mais elle n'est pas suffisamment suivie d'effets&quot;, constate Bjorn Elmquist. Seules deux enqu&ecirc;tes du Bureau sp&eacute;cial sont en effet parvenues &agrave; ce jour au stade du proc&egrave;s.\n<\/p>\n<p >\n<p >\nMarit Vik, du Centre Norv&eacute;gien pour les droits de l'homme (NCHR), a pu consulter la d&eacute;cision du tribunal de Roskilde. &quot;L'argument d&eacute;cisif du tribunal, indique la juriste sp&eacute;cialiste du droit international, a trait aux discussions pr&eacute;alables &agrave; la ratification et &agrave; la mise en oeuvre de la Convention sur le g&eacute;nocide, en 1955. Les vues exprim&eacute;es par les autorit&eacute;s danoises touchaient en g&eacute;n&eacute;ral au principe de la souverainet&eacute; nationale et de non-interf&eacute;rence des autres Etats, comme cela avait &eacute;t&eacute; accept&eacute; par la plupart des Etats en 1955.&quot;\n<\/p>\n<p >\n<p >\nDepuis 1955, la jurisprudence danoise consid&egrave;re d&egrave;s lors que la Convention pour le g&eacute;nocide s'applique &quot;au territoire du Danemark et aux Danois du Groenland&quot;, selon Bjorn Elmquist.\n<\/p>\n<p >\n<p >\nLe Code p&eacute;nal danois a &eacute;volu&eacute; apr&egrave;s la ratification du Trait&eacute; de Rome par le Royaume en 2001, et la r&eacute;forme l&eacute;gislative qui a suivi en 2009. Mais l&agrave; encore, les d&eacute;bats entre parlementaires au moment de la mise en oeuvre du texte fondateur de la Cour p&eacute;nale internationale ont &quot;laiss&eacute; cette question ouverte &agrave; l'interpr&eacute;tation&quot;, constate Birgitte Vestberg.\n<\/p>\n<p >\n<p >\nPour Marit Vik, l'&eacute;volution du droit international dans le monde laisse toutefois peu de doute sur l'interpr&eacute;tation d'une loi sur le g&eacute;nocide. &quot;La Cour europ&eacute;enne des droits de l'homme, le Tribunal p&eacute;nal international pour le Rwanda, le Tribunal p&eacute;nal pour l'ex-Yougoslavie ont tous &eacute;tabli dans diff&eacute;rents jugements que la comp&eacute;tence universelle joue pour le crime de g&eacute;nocide et qu'en cons&eacute;quence la Convention sur le g&eacute;nocide ne doit pas &ecirc;tre interpr&eacute;t&eacute;e comme n'incluant que les poursuites dans les territoires o&ugrave; les crimes ont eu lieu.&quot; &quot;Je ne peux d&egrave;s lors que conclure que cette d&eacute;cision n'est pas conforme avec les interpr&eacute;tations et les vues internationalement accept&eacute;es de la Convention sur le g&eacute;nocide&quot;, tranche la juriste.\n<\/p>\n<p >\n<p >\n&quot;Nous d&eacute;ciderons dans les jours qui viennent si nous faisons appel, indique la procureur sp&eacute;ciale Birgitte Vestberg. Nous verrons alors quelle d&eacute;cision sera prise.&quot;\n<\/p>\n<p >\n<p >\nFP\/GF\n<\/p>\n<p >\n&nbsp;&nbsp;\n<\/p>\n<p>\n&copy; Agence Hirondelle\n<\/p><\/p>\n","protected":false},"excerpt":{"rendered":"<p>Paris, 3 juin 2011 (FH) - La d&eacute;cision rendue mardi 31 mai par le tribunal de Roskilde (Ouest de Copenhague), qui a estim&eacute; ne pas disposer de base l&eacute;gale &quot;pour poursuivre des &eacute;trangers incrimin&eacute;s pour des faits de g&eacute;nocide commis &agrave; l'&eacute;tranger&quot; dans le proc&egrave;s d'un citoyen rwandais accus&eacute; de crimes commis en 1994, soul&egrave;ve [&hellip;]<\/p>\n","protected":false},"author":64,"featured_media":0,"comment_status":"open","ping_status":"closed","sticky":false,"template":"","format":"standard","meta":{"_acf_changed":false,"footnotes":""},"categories":[554],"tags":[],"ji_location":[],"class_list":["post-13171","post","type-post","status-publish","format-standard","hentry","category-hirondellenews"],"acf":[],"yoast_head":"<!-- This site is optimized with the Yoast SEO Premium plugin v25.3.1 (Yoast SEO v25.3.1) - https:\/\/yoast.com\/wordpress\/plugins\/seo\/ -->\n<title>03.06.11 - DANEMARK\/RWANDA - DANEMARK: LE PREMIER PROCES POUR GENOCIDE SOULEVE UNE QUESTION DE DROIT - JusticeInfo.net<\/title>\n<meta name=\"robots\" content=\"index, follow, max-snippet:-1, max-image-preview:large, max-video-preview:-1\" \/>\n<link rel=\"canonical\" href=\"https:\/\/www.justiceinfo.net\/fr\/13171-030611-danemarkrwanda-danemark-le-premier-proces-pour-genocide-souleve-une-question-de-droit9983.html\" \/>\n<meta property=\"og:locale\" content=\"fr_FR\" \/>\n<meta property=\"og:type\" content=\"article\" \/>\n<meta property=\"og:title\" content=\"03.06.11 - DANEMARK\/RWANDA - DANEMARK: LE PREMIER PROCES POUR GENOCIDE SOULEVE UNE QUESTION DE DROIT\" \/>\n<meta property=\"og:description\" content=\"Paris, 3 juin 2011 (FH) - La d&eacute;cision rendue mardi 31 mai par le tribunal de Roskilde (Ouest de Copenhague), qui a estim&eacute; ne pas disposer de base l&eacute;gale &quot;pour poursuivre des &eacute;trangers incrimin&eacute;s pour des faits de g&eacute;nocide commis &agrave; l&#039;&eacute;tranger&quot; dans le proc&egrave;s d&#039;un citoyen rwandais accus&eacute; de crimes commis en 1994, soul&egrave;ve [&hellip;]\" \/>\n<meta property=\"og:url\" content=\"https:\/\/www.justiceinfo.net\/fr\/13171-030611-danemarkrwanda-danemark-le-premier-proces-pour-genocide-souleve-une-question-de-droit9983.html\" \/>\n<meta property=\"og:site_name\" content=\"JusticeInfo.net\" \/>\n<meta property=\"article:publisher\" content=\"https:\/\/www.facebook.com\/JusticeInfo\/\" \/>\n<meta property=\"article:published_time\" content=\"2011-06-02T22:00:00+00:00\" \/>\n<meta property=\"og:image\" content=\"https:\/\/www.justiceinfo.net\/wp-content\/uploads\/JusticeInfoNet_logo_1200x630px.jpg\" \/>\n\t<meta property=\"og:image:width\" content=\"1200\" \/>\n\t<meta property=\"og:image:height\" content=\"630\" \/>\n\t<meta property=\"og:image:type\" content=\"image\/jpeg\" \/>\n<meta name=\"author\" content=\"solivri\" \/>\n<meta name=\"twitter:card\" content=\"summary_large_image\" \/>\n<meta name=\"twitter:creator\" content=\"@justiceinfonet\" \/>\n<meta name=\"twitter:site\" content=\"@justiceinfonet\" \/>\n<meta name=\"twitter:label1\" content=\"\u00c9crit par\" \/>\n\t<meta name=\"twitter:data1\" content=\"solivri\" \/>\n\t<meta name=\"twitter:label2\" content=\"Dur\u00e9e de lecture estim\u00e9e\" \/>\n\t<meta name=\"twitter:data2\" content=\"5 minutes\" \/>\n<script type=\"application\/ld+json\" class=\"yoast-schema-graph\">{\"@context\":\"https:\/\/schema.org\",\"@graph\":[{\"@type\":\"NewsArticle\",\"@id\":\"https:\/\/www.justiceinfo.net\/fr\/13171-030611-danemarkrwanda-danemark-le-premier-proces-pour-genocide-souleve-une-question-de-droit9983.html#article\",\"isPartOf\":{\"@id\":\"https:\/\/www.justiceinfo.net\/fr\/13171-030611-danemarkrwanda-danemark-le-premier-proces-pour-genocide-souleve-une-question-de-droit9983.html\"},\"author\":{\"name\":\"solivri\",\"@id\":\"https:\/\/www.justiceinfo.net\/fr#\/schema\/person\/6e53cba1629e2e66f3fc1821d3091865\"},\"headline\":\"03.06.11 - DANEMARK\/RWANDA - DANEMARK: LE PREMIER PROCES POUR GENOCIDE SOULEVE UNE QUESTION DE DROIT\",\"datePublished\":\"2011-06-02T22:00:00+00:00\",\"mainEntityOfPage\":{\"@id\":\"https:\/\/www.justiceinfo.net\/fr\/13171-030611-danemarkrwanda-danemark-le-premier-proces-pour-genocide-souleve-une-question-de-droit9983.html\"},\"wordCount\":993,\"commentCount\":0,\"publisher\":{\"@id\":\"https:\/\/www.justiceinfo.net\/fr#organization\"},\"articleSection\":[\"Hirondelle News\"],\"inLanguage\":\"fr-FR\",\"potentialAction\":[{\"@type\":\"CommentAction\",\"name\":\"Comment\",\"target\":[\"https:\/\/www.justiceinfo.net\/fr\/13171-030611-danemarkrwanda-danemark-le-premier-proces-pour-genocide-souleve-une-question-de-droit9983.html#respond\"]}]},{\"@type\":\"WebPage\",\"@id\":\"https:\/\/www.justiceinfo.net\/fr\/13171-030611-danemarkrwanda-danemark-le-premier-proces-pour-genocide-souleve-une-question-de-droit9983.html\",\"url\":\"https:\/\/www.justiceinfo.net\/fr\/13171-030611-danemarkrwanda-danemark-le-premier-proces-pour-genocide-souleve-une-question-de-droit9983.html\",\"name\":\"03.06.11 - DANEMARK\/RWANDA - DANEMARK: LE PREMIER PROCES POUR GENOCIDE SOULEVE UNE QUESTION DE DROIT - JusticeInfo.net\",\"isPartOf\":{\"@id\":\"https:\/\/www.justiceinfo.net\/fr#website\"},\"datePublished\":\"2011-06-02T22:00:00+00:00\",\"breadcrumb\":{\"@id\":\"https:\/\/www.justiceinfo.net\/fr\/13171-030611-danemarkrwanda-danemark-le-premier-proces-pour-genocide-souleve-une-question-de-droit9983.html#breadcrumb\"},\"inLanguage\":\"fr-FR\",\"potentialAction\":[{\"@type\":\"ReadAction\",\"target\":[\"https:\/\/www.justiceinfo.net\/fr\/13171-030611-danemarkrwanda-danemark-le-premier-proces-pour-genocide-souleve-une-question-de-droit9983.html\"]}]},{\"@type\":\"BreadcrumbList\",\"@id\":\"https:\/\/www.justiceinfo.net\/fr\/13171-030611-danemarkrwanda-danemark-le-premier-proces-pour-genocide-souleve-une-question-de-droit9983.html#breadcrumb\",\"itemListElement\":[{\"@type\":\"ListItem\",\"position\":1,\"name\":\"Home\",\"item\":\"https:\/\/www.justiceinfo.net\/fr\"},{\"@type\":\"ListItem\",\"position\":2,\"name\":\"03.06.11 - DANEMARK\/RWANDA - DANEMARK: LE PREMIER PROCES POUR GENOCIDE SOULEVE UNE QUESTION DE DROIT\"}]},{\"@type\":\"WebSite\",\"@id\":\"https:\/\/www.justiceinfo.net\/fr#website\",\"url\":\"https:\/\/www.justiceinfo.net\/fr\",\"name\":\"JusticeInfo.net\",\"description\":\"La justice doit \u00eatre vue pour \u00eatre rendue\",\"publisher\":{\"@id\":\"https:\/\/www.justiceinfo.net\/fr#organization\"},\"potentialAction\":[{\"@type\":\"SearchAction\",\"target\":{\"@type\":\"EntryPoint\",\"urlTemplate\":\"https:\/\/www.justiceinfo.net\/fr?s={search_term_string}\"},\"query-input\":{\"@type\":\"PropertyValueSpecification\",\"valueRequired\":true,\"valueName\":\"search_term_string\"}}],\"inLanguage\":\"fr-FR\"},{\"@type\":\"Organization\",\"@id\":\"https:\/\/www.justiceinfo.net\/fr#organization\",\"name\":\"Justice Info\",\"url\":\"https:\/\/www.justiceinfo.net\/fr\",\"logo\":{\"@type\":\"ImageObject\",\"inLanguage\":\"fr-FR\",\"@id\":\"https:\/\/www.justiceinfo.net\/fr#\/schema\/logo\/image\/\",\"url\":\"https:\/\/www.justiceinfo.net\/wp-content\/uploads\/justiceinfo_logo-trans_1200x1200px.png\",\"contentUrl\":\"https:\/\/www.justiceinfo.net\/wp-content\/uploads\/justiceinfo_logo-trans_1200x1200px.png\",\"width\":1199,\"height\":1200,\"caption\":\"Justice Info\"},\"image\":{\"@id\":\"https:\/\/www.justiceinfo.net\/fr#\/schema\/logo\/image\/\"},\"sameAs\":[\"https:\/\/www.facebook.com\/JusticeInfo\/\",\"https:\/\/x.com\/justiceinfonet\",\"https:\/\/www.linkedin.com\/company\/justice-info\",\"https:\/\/www.youtube.com\/channel\/UCyCEsARodyuWtkWyhn-e7pA\"]},{\"@type\":\"Person\",\"name\":\"solivri\",\"url\":\"\/fr\/?s=solivri\"}]}<\/script>\n<!-- \/ Yoast SEO Premium plugin. -->","yoast_head_json":{"title":"03.06.11 - DANEMARK\/RWANDA - DANEMARK: LE PREMIER PROCES POUR GENOCIDE SOULEVE UNE QUESTION DE DROIT - JusticeInfo.net","robots":{"index":"index","follow":"follow","max-snippet":"max-snippet:-1","max-image-preview":"max-image-preview:large","max-video-preview":"max-video-preview:-1"},"canonical":"https:\/\/www.justiceinfo.net\/fr\/13171-030611-danemarkrwanda-danemark-le-premier-proces-pour-genocide-souleve-une-question-de-droit9983.html","og_locale":"fr_FR","og_type":"article","og_title":"03.06.11 - DANEMARK\/RWANDA - DANEMARK: LE PREMIER PROCES POUR GENOCIDE SOULEVE UNE QUESTION DE DROIT","og_description":"Paris, 3 juin 2011 (FH) - La d&eacute;cision rendue mardi 31 mai par le tribunal de Roskilde (Ouest de Copenhague), qui a estim&eacute; ne pas disposer de base l&eacute;gale &quot;pour poursuivre des &eacute;trangers incrimin&eacute;s pour des faits de g&eacute;nocide commis &agrave; l'&eacute;tranger&quot; dans le proc&egrave;s d'un citoyen rwandais accus&eacute; de crimes commis en 1994, soul&egrave;ve [&hellip;]","og_url":"https:\/\/www.justiceinfo.net\/fr\/13171-030611-danemarkrwanda-danemark-le-premier-proces-pour-genocide-souleve-une-question-de-droit9983.html","og_site_name":"JusticeInfo.net","article_publisher":"https:\/\/www.facebook.com\/JusticeInfo\/","article_published_time":"2011-06-02T22:00:00+00:00","og_image":[{"width":1200,"height":630,"url":"https:\/\/www.justiceinfo.net\/wp-content\/uploads\/JusticeInfoNet_logo_1200x630px.jpg","type":"image\/jpeg"}],"author":"solivri","twitter_card":"summary_large_image","twitter_creator":"@justiceinfonet","twitter_site":"@justiceinfonet","twitter_misc":{"\u00c9crit par":"solivri","Dur\u00e9e de lecture estim\u00e9e":"5 minutes"},"schema":{"@context":"https:\/\/schema.org","@graph":[{"@type":"NewsArticle","@id":"https:\/\/www.justiceinfo.net\/fr\/13171-030611-danemarkrwanda-danemark-le-premier-proces-pour-genocide-souleve-une-question-de-droit9983.html#article","isPartOf":{"@id":"https:\/\/www.justiceinfo.net\/fr\/13171-030611-danemarkrwanda-danemark-le-premier-proces-pour-genocide-souleve-une-question-de-droit9983.html"},"author":{"name":"solivri","@id":"https:\/\/www.justiceinfo.net\/fr#\/schema\/person\/6e53cba1629e2e66f3fc1821d3091865"},"headline":"03.06.11 - DANEMARK\/RWANDA - DANEMARK: LE PREMIER PROCES POUR GENOCIDE SOULEVE UNE QUESTION DE DROIT","datePublished":"2011-06-02T22:00:00+00:00","mainEntityOfPage":{"@id":"https:\/\/www.justiceinfo.net\/fr\/13171-030611-danemarkrwanda-danemark-le-premier-proces-pour-genocide-souleve-une-question-de-droit9983.html"},"wordCount":993,"commentCount":0,"publisher":{"@id":"https:\/\/www.justiceinfo.net\/fr#organization"},"articleSection":["Hirondelle News"],"inLanguage":"fr-FR","potentialAction":[{"@type":"CommentAction","name":"Comment","target":["https:\/\/www.justiceinfo.net\/fr\/13171-030611-danemarkrwanda-danemark-le-premier-proces-pour-genocide-souleve-une-question-de-droit9983.html#respond"]}]},{"@type":"WebPage","@id":"https:\/\/www.justiceinfo.net\/fr\/13171-030611-danemarkrwanda-danemark-le-premier-proces-pour-genocide-souleve-une-question-de-droit9983.html","url":"https:\/\/www.justiceinfo.net\/fr\/13171-030611-danemarkrwanda-danemark-le-premier-proces-pour-genocide-souleve-une-question-de-droit9983.html","name":"03.06.11 - DANEMARK\/RWANDA - DANEMARK: LE PREMIER PROCES POUR GENOCIDE SOULEVE UNE QUESTION DE DROIT - JusticeInfo.net","isPartOf":{"@id":"https:\/\/www.justiceinfo.net\/fr#website"},"datePublished":"2011-06-02T22:00:00+00:00","breadcrumb":{"@id":"https:\/\/www.justiceinfo.net\/fr\/13171-030611-danemarkrwanda-danemark-le-premier-proces-pour-genocide-souleve-une-question-de-droit9983.html#breadcrumb"},"inLanguage":"fr-FR","potentialAction":[{"@type":"ReadAction","target":["https:\/\/www.justiceinfo.net\/fr\/13171-030611-danemarkrwanda-danemark-le-premier-proces-pour-genocide-souleve-une-question-de-droit9983.html"]}]},{"@type":"BreadcrumbList","@id":"https:\/\/www.justiceinfo.net\/fr\/13171-030611-danemarkrwanda-danemark-le-premier-proces-pour-genocide-souleve-une-question-de-droit9983.html#breadcrumb","itemListElement":[{"@type":"ListItem","position":1,"name":"Home","item":"https:\/\/www.justiceinfo.net\/fr"},{"@type":"ListItem","position":2,"name":"03.06.11 - DANEMARK\/RWANDA - DANEMARK: LE PREMIER PROCES POUR GENOCIDE SOULEVE UNE QUESTION DE DROIT"}]},{"@type":"WebSite","@id":"https:\/\/www.justiceinfo.net\/fr#website","url":"https:\/\/www.justiceinfo.net\/fr","name":"JusticeInfo.net","description":"La justice doit \u00eatre vue pour \u00eatre rendue","publisher":{"@id":"https:\/\/www.justiceinfo.net\/fr#organization"},"potentialAction":[{"@type":"SearchAction","target":{"@type":"EntryPoint","urlTemplate":"https:\/\/www.justiceinfo.net\/fr?s={search_term_string}"},"query-input":{"@type":"PropertyValueSpecification","valueRequired":true,"valueName":"search_term_string"}}],"inLanguage":"fr-FR"},{"@type":"Organization","@id":"https:\/\/www.justiceinfo.net\/fr#organization","name":"Justice Info","url":"https:\/\/www.justiceinfo.net\/fr","logo":{"@type":"ImageObject","inLanguage":"fr-FR","@id":"https:\/\/www.justiceinfo.net\/fr#\/schema\/logo\/image\/","url":"https:\/\/www.justiceinfo.net\/wp-content\/uploads\/justiceinfo_logo-trans_1200x1200px.png","contentUrl":"https:\/\/www.justiceinfo.net\/wp-content\/uploads\/justiceinfo_logo-trans_1200x1200px.png","width":1199,"height":1200,"caption":"Justice Info"},"image":{"@id":"https:\/\/www.justiceinfo.net\/fr#\/schema\/logo\/image\/"},"sameAs":["https:\/\/www.facebook.com\/JusticeInfo\/","https:\/\/x.com\/justiceinfonet","https:\/\/www.linkedin.com\/company\/justice-info","https:\/\/www.youtube.com\/channel\/UCyCEsARodyuWtkWyhn-e7pA"]},{"@type":"Person","name":"solivri","url":"\/fr\/?s=solivri"}]}},"_links":{"self":[{"href":"https:\/\/www.justiceinfo.net\/fr\/wp-json\/wp\/v2\/posts\/13171","targetHints":{"allow":["GET"]}}],"collection":[{"href":"https:\/\/www.justiceinfo.net\/fr\/wp-json\/wp\/v2\/posts"}],"about":[{"href":"https:\/\/www.justiceinfo.net\/fr\/wp-json\/wp\/v2\/types\/post"}],"author":[{"embeddable":true,"href":"https:\/\/www.justiceinfo.net\/fr\/wp-json\/wp\/v2\/users\/64"}],"replies":[{"embeddable":true,"href":"https:\/\/www.justiceinfo.net\/fr\/wp-json\/wp\/v2\/comments?post=13171"}],"version-history":[{"count":0,"href":"https:\/\/www.justiceinfo.net\/fr\/wp-json\/wp\/v2\/posts\/13171\/revisions"}],"wp:attachment":[{"href":"https:\/\/www.justiceinfo.net\/fr\/wp-json\/wp\/v2\/media?parent=13171"}],"wp:term":[{"taxonomy":"category","embeddable":true,"href":"https:\/\/www.justiceinfo.net\/fr\/wp-json\/wp\/v2\/categories?post=13171"},{"taxonomy":"post_tag","embeddable":true,"href":"https:\/\/www.justiceinfo.net\/fr\/wp-json\/wp\/v2\/tags?post=13171"},{"taxonomy":"ji_location","embeddable":true,"href":"https:\/\/www.justiceinfo.net\/fr\/wp-json\/wp\/v2\/ji_location?post=13171"}],"curies":[{"name":"wp","href":"https:\/\/api.w.org\/{rel}","templated":true}]}}