{"id":13206,"date":"2011-06-10T00:00:00","date_gmt":"2011-06-09T22:00:00","guid":{"rendered":"https:\/\/www.justiceinfo.net\/13206-100611-cpikatanga-les-temoins-demandeurs-dasile-resteront-provisoirement-aux-pays-bas10018.html"},"modified":"2011-06-10T00:00:00","modified_gmt":"2011-06-09T22:00:00","slug":"100611-cpikatanga-les-temoins-demandeurs-dasile-resteront-provisoirement-aux-pays-bas10018","status":"publish","type":"post","link":"https:\/\/www.justiceinfo.net\/fr\/13206-100611-cpikatanga-les-temoins-demandeurs-dasile-resteront-provisoirement-aux-pays-bas10018.html","title":{"rendered":"10.06.11 - CPI\/KATANGA - LES TEMOINS DEMANDEURS D'ASILE RESTERONT PROVISOIREMENT AUX PAYS-BAS"},"content":{"rendered":"<p>\nLa Haye, 10 juin 2011 (FH) - Les juges de la Cour p&eacute;nale internationale (CPI) ont d&eacute;cid&eacute; de ne pas renvoyer vers Kinshasa les trois t&eacute;moins qui ont demand&eacute; l'asile politique aux Pays-Bas. Ils estiment que &laquo; la question de leur protection &raquo; n'a pu &ecirc;tre encore r&eacute;solue et qu'un retour sans d&eacute;lai, tel qu'impos&eacute; par le r&egrave;glement de la Cour, &laquo; ne pourrait que s'analyser comme une violation des droits de l'homme internationalement reconnus &raquo;.\n<\/p>\n<p><!--more--><\/p>\n<p >\n<p >\nFloribert Njabu, Pierre Mbodina et Charif Banda avaient t&eacute;moign&eacute;, au mois d'avril, en faveur de Germain Katanga, poursuivi pour crimes contre l'humanit&eacute;. Au terme de leur d&eacute;position, les trois t&eacute;moins auraient d&ucirc; &ecirc;tre renvoy&eacute;s &agrave; la prison centrale de Kinshasa, en R&eacute;publique d&eacute;mocratique du Congo (RDC), o&ugrave; ils sont incarc&eacute;r&eacute;s depuis de nombreuses ann&eacute;es sans avoir &eacute;t&eacute; jug&eacute;s. Les trois t&eacute;moins, qui, au cours de leur d&eacute;position avaient notamment accus&eacute; Kinshasa pour son r&ocirc;le dans la guerre en Ituri, ont ensuite demand&eacute; l'asile politique aux Pays-Bas.\n<\/p>\n<p >\nPour les trois magistrats, si les t&eacute;moins devaient &ecirc;tre renvoy&eacute;s &agrave; Kinshasa, ils se trouveraient &laquo; dans l'impossibilit&eacute; d'exercer leur droit de demander l'asile &raquo;. Les juges refusent cependant de poser tout diagnostic sur la situation des droits de l'homme en RDC. Ils pr&eacute;cisent donc qu'ils ont le devoir de prot&eacute;ger les t&eacute;moins dans le cadre de leur coop&eacute;ration, mais n'ont pas, en revanche, &agrave; les prot&eacute;ger des risques &laquo; qui seraient li&eacute;s &agrave; la m&eacute;connaissance de droits de l'homme par les autorit&eacute;s de leur pays d'origine. &raquo;\n<\/p>\n<p >\nLes juges pr&eacute;cisent que le Statut &laquo; ne fait pas obligation &agrave; la Cour de veiller &agrave; la bonne application par les Etats parties et dans le cadre de leurs proc&eacute;dures nationales, des droits de l'homme internationalement reconnus &raquo;.\n<\/p>\n<p >\nLes juges ajoutent en outre qu'ils ne sont pas tenus &laquo; d'&eacute;valuer les risques de pers&eacute;cution encourus par des t&eacute;moins demandeurs d'asile. &raquo; D&eacute;but mai, les autorit&eacute;s n&eacute;erlandaises avaient expliqu&eacute; qu'elles ne proc&eacute;deraient pas &agrave; une &eacute;valuation des risques encourus par les trois hommes et qu'elles se baseraient sur celle r&eacute;alis&eacute;e par la chambre pour &eacute;tudier les demandes d'asile. Mais les juges rappellent qu'ils ne sont pas comp&eacute;tents pour &eacute;valuer des crit&egrave;res relatifs aux demandes d'asile et que par ailleurs, la Cour n'est pas un territoire. Il reviendra donc &agrave; la justice n&eacute;erlandaise de se prononcer sur le fond des trois demandes, ce que La Haye souhaitait &eacute;viter.&nbsp; &nbsp;\n<\/p>\n<p >\nLa d&eacute;cision rendue par la chambre ne porte pour l'instant que sur le s&eacute;jour des trois t&eacute;moins. Les juges Bruno Cotte, Fatoumata Diarra et Christine Van Den Wyngaert doivent encore se prononcer sur les mesures de protection n&eacute;cessaires. Ces mesures pourraient impliquer que les trois t&eacute;moins ne soient pas renvoy&eacute;s au Congo. Or pour l'instant, des d&eacute;saccords entre l'Unit&eacute; de protection des t&eacute;moins et l'avocat des trois hommes, Ghislain Mabanga, ne leur ont pas permis de se prononcer.\n<\/p>\n<p >\nLes juges ont enfin demand&eacute; au Greffe de permettre aux avocats n&eacute;erlandais, charg&eacute;s de plaider les demandes d'asile devant la justice n&eacute;erlandaise, de rencontrer leurs clients d&eacute;tenus dans la prison de la CPI. Selon un accord pass&eacute; entre le Greffe et les autorit&eacute;s congolaises avant la venue des accus&eacute;s &agrave; La Haye, la Cour devait assumer la responsabilit&eacute; de la logistique, &laquo; mais les contacts t&eacute;l&eacute;phoniques avec leur famille ou tout autre personne devrait &ecirc;tre adress&eacute;e aux autorit&eacute;s congolaises &raquo;. Les juges estiment que &laquo; cette situation ne saurait perdurer dans le cadre de la proc&eacute;dure d'asile d&eacute;sormais introduite devant les autorit&eacute;s n&eacute;erlandaises. &raquo;\n<\/p>\n<p >\nIls pr&eacute;cisent encore que la Cour &laquo; doit appliquer les textes (...) d'une mani&egrave;re qui soit compatible avec les droits de l'homme internationalement reconnus et exempte de toute discrimination. L'acc&egrave;s au juge de l'asile, qui, une nouvelle fois, rel&egrave;ve incontestablement desdits droits de l'homme, ne saurait se concevoir sans que les demandeurs d'asile puissent s'entretenir et correspondre avec les avocats qu'ils ont choisis &raquo;.\n<\/p>\n<p >\nLe proc&egrave;s de Germain Katanga et Mathieu Ngudjolo, deux anciens commandants de milice de l'Ituri, s'est ouvert le 24 novembre 2009.\n<\/p>\n<p >\nSM\/GF\n<\/p>\n<p>\n&copy; Agence Hirondelle<\/p>\n","protected":false},"excerpt":{"rendered":"<p>La Haye, 10 juin 2011 (FH) - Les juges de la Cour p&eacute;nale internationale (CPI) ont d&eacute;cid&eacute; de ne pas renvoyer vers Kinshasa les trois t&eacute;moins qui ont demand&eacute; l'asile politique aux Pays-Bas. Ils estiment que &laquo; la question de leur protection &raquo; n'a pu &ecirc;tre encore r&eacute;solue et qu'un retour sans d&eacute;lai, tel qu'impos&eacute; [&hellip;]<\/p>\n","protected":false},"author":64,"featured_media":0,"comment_status":"open","ping_status":"closed","sticky":false,"template":"","format":"standard","meta":{"_acf_changed":false,"footnotes":""},"categories":[554],"tags":[],"ji_location":[],"class_list":["post-13206","post","type-post","status-publish","format-standard","hentry","category-hirondellenews"],"acf":[],"yoast_head":"<!-- This site is optimized with the Yoast SEO Premium plugin v25.3.1 (Yoast SEO v25.3.1) - https:\/\/yoast.com\/wordpress\/plugins\/seo\/ -->\n<title>10.06.11 - CPI\/KATANGA - LES TEMOINS DEMANDEURS D&#039;ASILE RESTERONT PROVISOIREMENT AUX PAYS-BAS - JusticeInfo.net<\/title>\n<meta name=\"robots\" content=\"index, follow, max-snippet:-1, max-image-preview:large, max-video-preview:-1\" \/>\n<link rel=\"canonical\" href=\"https:\/\/www.justiceinfo.net\/fr\/13206-100611-cpikatanga-les-temoins-demandeurs-dasile-resteront-provisoirement-aux-pays-bas10018.html\" \/>\n<meta property=\"og:locale\" content=\"fr_FR\" \/>\n<meta property=\"og:type\" content=\"article\" \/>\n<meta property=\"og:title\" content=\"10.06.11 - CPI\/KATANGA - LES TEMOINS DEMANDEURS D&#039;ASILE RESTERONT PROVISOIREMENT AUX PAYS-BAS\" \/>\n<meta property=\"og:description\" content=\"La Haye, 10 juin 2011 (FH) - Les juges de la Cour p&eacute;nale internationale (CPI) ont d&eacute;cid&eacute; de ne pas renvoyer vers Kinshasa les trois t&eacute;moins qui ont demand&eacute; l&#039;asile politique aux Pays-Bas. Ils estiment que &laquo; la question de leur protection &raquo; n&#039;a pu &ecirc;tre encore r&eacute;solue et qu&#039;un retour sans d&eacute;lai, tel qu&#039;impos&eacute; [&hellip;]\" \/>\n<meta property=\"og:url\" content=\"https:\/\/www.justiceinfo.net\/fr\/13206-100611-cpikatanga-les-temoins-demandeurs-dasile-resteront-provisoirement-aux-pays-bas10018.html\" \/>\n<meta property=\"og:site_name\" content=\"JusticeInfo.net\" \/>\n<meta property=\"article:publisher\" content=\"https:\/\/www.facebook.com\/JusticeInfo\/\" \/>\n<meta property=\"article:published_time\" content=\"2011-06-09T22:00:00+00:00\" \/>\n<meta property=\"og:image\" content=\"https:\/\/www.justiceinfo.net\/wp-content\/uploads\/JusticeInfoNet_logo_1200x630px.jpg\" \/>\n\t<meta property=\"og:image:width\" content=\"1200\" \/>\n\t<meta property=\"og:image:height\" content=\"630\" \/>\n\t<meta property=\"og:image:type\" content=\"image\/jpeg\" \/>\n<meta name=\"author\" content=\"solivri\" \/>\n<meta name=\"twitter:card\" content=\"summary_large_image\" \/>\n<meta name=\"twitter:creator\" content=\"@justiceinfonet\" \/>\n<meta name=\"twitter:site\" content=\"@justiceinfonet\" \/>\n<meta name=\"twitter:label1\" content=\"\u00c9crit par\" \/>\n\t<meta name=\"twitter:data1\" content=\"solivri\" \/>\n\t<meta name=\"twitter:label2\" content=\"Dur\u00e9e de lecture estim\u00e9e\" \/>\n\t<meta name=\"twitter:data2\" content=\"4 minutes\" \/>\n<script type=\"application\/ld+json\" class=\"yoast-schema-graph\">{\"@context\":\"https:\/\/schema.org\",\"@graph\":[{\"@type\":\"NewsArticle\",\"@id\":\"https:\/\/www.justiceinfo.net\/fr\/13206-100611-cpikatanga-les-temoins-demandeurs-dasile-resteront-provisoirement-aux-pays-bas10018.html#article\",\"isPartOf\":{\"@id\":\"https:\/\/www.justiceinfo.net\/fr\/13206-100611-cpikatanga-les-temoins-demandeurs-dasile-resteront-provisoirement-aux-pays-bas10018.html\"},\"author\":{\"name\":\"solivri\",\"@id\":\"https:\/\/www.justiceinfo.net\/fr#\/schema\/person\/6e53cba1629e2e66f3fc1821d3091865\"},\"headline\":\"10.06.11 - CPI\/KATANGA - LES TEMOINS DEMANDEURS D'ASILE RESTERONT PROVISOIREMENT AUX PAYS-BAS\",\"datePublished\":\"2011-06-09T22:00:00+00:00\",\"mainEntityOfPage\":{\"@id\":\"https:\/\/www.justiceinfo.net\/fr\/13206-100611-cpikatanga-les-temoins-demandeurs-dasile-resteront-provisoirement-aux-pays-bas10018.html\"},\"wordCount\":886,\"commentCount\":0,\"publisher\":{\"@id\":\"https:\/\/www.justiceinfo.net\/fr#organization\"},\"articleSection\":[\"Hirondelle News\"],\"inLanguage\":\"fr-FR\",\"potentialAction\":[{\"@type\":\"CommentAction\",\"name\":\"Comment\",\"target\":[\"https:\/\/www.justiceinfo.net\/fr\/13206-100611-cpikatanga-les-temoins-demandeurs-dasile-resteront-provisoirement-aux-pays-bas10018.html#respond\"]}]},{\"@type\":\"WebPage\",\"@id\":\"https:\/\/www.justiceinfo.net\/fr\/13206-100611-cpikatanga-les-temoins-demandeurs-dasile-resteront-provisoirement-aux-pays-bas10018.html\",\"url\":\"https:\/\/www.justiceinfo.net\/fr\/13206-100611-cpikatanga-les-temoins-demandeurs-dasile-resteront-provisoirement-aux-pays-bas10018.html\",\"name\":\"10.06.11 - CPI\/KATANGA - LES TEMOINS DEMANDEURS D'ASILE RESTERONT PROVISOIREMENT AUX PAYS-BAS - JusticeInfo.net\",\"isPartOf\":{\"@id\":\"https:\/\/www.justiceinfo.net\/fr#website\"},\"datePublished\":\"2011-06-09T22:00:00+00:00\",\"breadcrumb\":{\"@id\":\"https:\/\/www.justiceinfo.net\/fr\/13206-100611-cpikatanga-les-temoins-demandeurs-dasile-resteront-provisoirement-aux-pays-bas10018.html#breadcrumb\"},\"inLanguage\":\"fr-FR\",\"potentialAction\":[{\"@type\":\"ReadAction\",\"target\":[\"https:\/\/www.justiceinfo.net\/fr\/13206-100611-cpikatanga-les-temoins-demandeurs-dasile-resteront-provisoirement-aux-pays-bas10018.html\"]}]},{\"@type\":\"BreadcrumbList\",\"@id\":\"https:\/\/www.justiceinfo.net\/fr\/13206-100611-cpikatanga-les-temoins-demandeurs-dasile-resteront-provisoirement-aux-pays-bas10018.html#breadcrumb\",\"itemListElement\":[{\"@type\":\"ListItem\",\"position\":1,\"name\":\"Home\",\"item\":\"https:\/\/www.justiceinfo.net\/fr\"},{\"@type\":\"ListItem\",\"position\":2,\"name\":\"10.06.11 - CPI\/KATANGA - LES TEMOINS DEMANDEURS D'ASILE RESTERONT PROVISOIREMENT AUX PAYS-BAS\"}]},{\"@type\":\"WebSite\",\"@id\":\"https:\/\/www.justiceinfo.net\/fr#website\",\"url\":\"https:\/\/www.justiceinfo.net\/fr\",\"name\":\"JusticeInfo.net\",\"description\":\"La justice doit \u00eatre vue pour \u00eatre rendue\",\"publisher\":{\"@id\":\"https:\/\/www.justiceinfo.net\/fr#organization\"},\"potentialAction\":[{\"@type\":\"SearchAction\",\"target\":{\"@type\":\"EntryPoint\",\"urlTemplate\":\"https:\/\/www.justiceinfo.net\/fr?s={search_term_string}\"},\"query-input\":{\"@type\":\"PropertyValueSpecification\",\"valueRequired\":true,\"valueName\":\"search_term_string\"}}],\"inLanguage\":\"fr-FR\"},{\"@type\":\"Organization\",\"@id\":\"https:\/\/www.justiceinfo.net\/fr#organization\",\"name\":\"Justice Info\",\"url\":\"https:\/\/www.justiceinfo.net\/fr\",\"logo\":{\"@type\":\"ImageObject\",\"inLanguage\":\"fr-FR\",\"@id\":\"https:\/\/www.justiceinfo.net\/fr#\/schema\/logo\/image\/\",\"url\":\"https:\/\/www.justiceinfo.net\/wp-content\/uploads\/justiceinfo_logo-trans_1200x1200px.png\",\"contentUrl\":\"https:\/\/www.justiceinfo.net\/wp-content\/uploads\/justiceinfo_logo-trans_1200x1200px.png\",\"width\":1199,\"height\":1200,\"caption\":\"Justice Info\"},\"image\":{\"@id\":\"https:\/\/www.justiceinfo.net\/fr#\/schema\/logo\/image\/\"},\"sameAs\":[\"https:\/\/www.facebook.com\/JusticeInfo\/\",\"https:\/\/x.com\/justiceinfonet\",\"https:\/\/www.linkedin.com\/company\/justice-info\",\"https:\/\/www.youtube.com\/channel\/UCyCEsARodyuWtkWyhn-e7pA\"]},{\"@type\":\"Person\",\"name\":\"solivri\",\"url\":\"\/fr\/?s=solivri\"}]}<\/script>\n<!-- \/ Yoast SEO Premium plugin. -->","yoast_head_json":{"title":"10.06.11 - CPI\/KATANGA - LES TEMOINS DEMANDEURS D'ASILE RESTERONT PROVISOIREMENT AUX PAYS-BAS - JusticeInfo.net","robots":{"index":"index","follow":"follow","max-snippet":"max-snippet:-1","max-image-preview":"max-image-preview:large","max-video-preview":"max-video-preview:-1"},"canonical":"https:\/\/www.justiceinfo.net\/fr\/13206-100611-cpikatanga-les-temoins-demandeurs-dasile-resteront-provisoirement-aux-pays-bas10018.html","og_locale":"fr_FR","og_type":"article","og_title":"10.06.11 - CPI\/KATANGA - LES TEMOINS DEMANDEURS D'ASILE RESTERONT PROVISOIREMENT AUX PAYS-BAS","og_description":"La Haye, 10 juin 2011 (FH) - Les juges de la Cour p&eacute;nale internationale (CPI) ont d&eacute;cid&eacute; de ne pas renvoyer vers Kinshasa les trois t&eacute;moins qui ont demand&eacute; l'asile politique aux Pays-Bas. Ils estiment que &laquo; la question de leur protection &raquo; n'a pu &ecirc;tre encore r&eacute;solue et qu'un retour sans d&eacute;lai, tel qu'impos&eacute; [&hellip;]","og_url":"https:\/\/www.justiceinfo.net\/fr\/13206-100611-cpikatanga-les-temoins-demandeurs-dasile-resteront-provisoirement-aux-pays-bas10018.html","og_site_name":"JusticeInfo.net","article_publisher":"https:\/\/www.facebook.com\/JusticeInfo\/","article_published_time":"2011-06-09T22:00:00+00:00","og_image":[{"width":1200,"height":630,"url":"https:\/\/www.justiceinfo.net\/wp-content\/uploads\/JusticeInfoNet_logo_1200x630px.jpg","type":"image\/jpeg"}],"author":"solivri","twitter_card":"summary_large_image","twitter_creator":"@justiceinfonet","twitter_site":"@justiceinfonet","twitter_misc":{"\u00c9crit par":"solivri","Dur\u00e9e de lecture estim\u00e9e":"4 minutes"},"schema":{"@context":"https:\/\/schema.org","@graph":[{"@type":"NewsArticle","@id":"https:\/\/www.justiceinfo.net\/fr\/13206-100611-cpikatanga-les-temoins-demandeurs-dasile-resteront-provisoirement-aux-pays-bas10018.html#article","isPartOf":{"@id":"https:\/\/www.justiceinfo.net\/fr\/13206-100611-cpikatanga-les-temoins-demandeurs-dasile-resteront-provisoirement-aux-pays-bas10018.html"},"author":{"name":"solivri","@id":"https:\/\/www.justiceinfo.net\/fr#\/schema\/person\/6e53cba1629e2e66f3fc1821d3091865"},"headline":"10.06.11 - CPI\/KATANGA - LES TEMOINS DEMANDEURS D'ASILE RESTERONT PROVISOIREMENT AUX PAYS-BAS","datePublished":"2011-06-09T22:00:00+00:00","mainEntityOfPage":{"@id":"https:\/\/www.justiceinfo.net\/fr\/13206-100611-cpikatanga-les-temoins-demandeurs-dasile-resteront-provisoirement-aux-pays-bas10018.html"},"wordCount":886,"commentCount":0,"publisher":{"@id":"https:\/\/www.justiceinfo.net\/fr#organization"},"articleSection":["Hirondelle News"],"inLanguage":"fr-FR","potentialAction":[{"@type":"CommentAction","name":"Comment","target":["https:\/\/www.justiceinfo.net\/fr\/13206-100611-cpikatanga-les-temoins-demandeurs-dasile-resteront-provisoirement-aux-pays-bas10018.html#respond"]}]},{"@type":"WebPage","@id":"https:\/\/www.justiceinfo.net\/fr\/13206-100611-cpikatanga-les-temoins-demandeurs-dasile-resteront-provisoirement-aux-pays-bas10018.html","url":"https:\/\/www.justiceinfo.net\/fr\/13206-100611-cpikatanga-les-temoins-demandeurs-dasile-resteront-provisoirement-aux-pays-bas10018.html","name":"10.06.11 - CPI\/KATANGA - LES TEMOINS DEMANDEURS D'ASILE RESTERONT PROVISOIREMENT AUX PAYS-BAS - JusticeInfo.net","isPartOf":{"@id":"https:\/\/www.justiceinfo.net\/fr#website"},"datePublished":"2011-06-09T22:00:00+00:00","breadcrumb":{"@id":"https:\/\/www.justiceinfo.net\/fr\/13206-100611-cpikatanga-les-temoins-demandeurs-dasile-resteront-provisoirement-aux-pays-bas10018.html#breadcrumb"},"inLanguage":"fr-FR","potentialAction":[{"@type":"ReadAction","target":["https:\/\/www.justiceinfo.net\/fr\/13206-100611-cpikatanga-les-temoins-demandeurs-dasile-resteront-provisoirement-aux-pays-bas10018.html"]}]},{"@type":"BreadcrumbList","@id":"https:\/\/www.justiceinfo.net\/fr\/13206-100611-cpikatanga-les-temoins-demandeurs-dasile-resteront-provisoirement-aux-pays-bas10018.html#breadcrumb","itemListElement":[{"@type":"ListItem","position":1,"name":"Home","item":"https:\/\/www.justiceinfo.net\/fr"},{"@type":"ListItem","position":2,"name":"10.06.11 - CPI\/KATANGA - LES TEMOINS DEMANDEURS D'ASILE RESTERONT PROVISOIREMENT AUX PAYS-BAS"}]},{"@type":"WebSite","@id":"https:\/\/www.justiceinfo.net\/fr#website","url":"https:\/\/www.justiceinfo.net\/fr","name":"JusticeInfo.net","description":"La justice doit \u00eatre vue pour \u00eatre rendue","publisher":{"@id":"https:\/\/www.justiceinfo.net\/fr#organization"},"potentialAction":[{"@type":"SearchAction","target":{"@type":"EntryPoint","urlTemplate":"https:\/\/www.justiceinfo.net\/fr?s={search_term_string}"},"query-input":{"@type":"PropertyValueSpecification","valueRequired":true,"valueName":"search_term_string"}}],"inLanguage":"fr-FR"},{"@type":"Organization","@id":"https:\/\/www.justiceinfo.net\/fr#organization","name":"Justice Info","url":"https:\/\/www.justiceinfo.net\/fr","logo":{"@type":"ImageObject","inLanguage":"fr-FR","@id":"https:\/\/www.justiceinfo.net\/fr#\/schema\/logo\/image\/","url":"https:\/\/www.justiceinfo.net\/wp-content\/uploads\/justiceinfo_logo-trans_1200x1200px.png","contentUrl":"https:\/\/www.justiceinfo.net\/wp-content\/uploads\/justiceinfo_logo-trans_1200x1200px.png","width":1199,"height":1200,"caption":"Justice Info"},"image":{"@id":"https:\/\/www.justiceinfo.net\/fr#\/schema\/logo\/image\/"},"sameAs":["https:\/\/www.facebook.com\/JusticeInfo\/","https:\/\/x.com\/justiceinfonet","https:\/\/www.linkedin.com\/company\/justice-info","https:\/\/www.youtube.com\/channel\/UCyCEsARodyuWtkWyhn-e7pA"]},{"@type":"Person","name":"solivri","url":"\/fr\/?s=solivri"}]}},"_links":{"self":[{"href":"https:\/\/www.justiceinfo.net\/fr\/wp-json\/wp\/v2\/posts\/13206","targetHints":{"allow":["GET"]}}],"collection":[{"href":"https:\/\/www.justiceinfo.net\/fr\/wp-json\/wp\/v2\/posts"}],"about":[{"href":"https:\/\/www.justiceinfo.net\/fr\/wp-json\/wp\/v2\/types\/post"}],"author":[{"embeddable":true,"href":"https:\/\/www.justiceinfo.net\/fr\/wp-json\/wp\/v2\/users\/64"}],"replies":[{"embeddable":true,"href":"https:\/\/www.justiceinfo.net\/fr\/wp-json\/wp\/v2\/comments?post=13206"}],"version-history":[{"count":0,"href":"https:\/\/www.justiceinfo.net\/fr\/wp-json\/wp\/v2\/posts\/13206\/revisions"}],"wp:attachment":[{"href":"https:\/\/www.justiceinfo.net\/fr\/wp-json\/wp\/v2\/media?parent=13206"}],"wp:term":[{"taxonomy":"category","embeddable":true,"href":"https:\/\/www.justiceinfo.net\/fr\/wp-json\/wp\/v2\/categories?post=13206"},{"taxonomy":"post_tag","embeddable":true,"href":"https:\/\/www.justiceinfo.net\/fr\/wp-json\/wp\/v2\/tags?post=13206"},{"taxonomy":"ji_location","embeddable":true,"href":"https:\/\/www.justiceinfo.net\/fr\/wp-json\/wp\/v2\/ji_location?post=13206"}],"curies":[{"name":"wp","href":"https:\/\/api.w.org\/{rel}","templated":true}]}}