{"id":13210,"date":"2011-06-13T00:00:00","date_gmt":"2011-06-12T22:00:00","guid":{"rendered":"https:\/\/www.justiceinfo.net\/13210-130611-rwandagenocide-genocide-hommage-a-des-activistes-des-droits-de-lhomme10022.html"},"modified":"2011-06-13T00:00:00","modified_gmt":"2011-06-12T22:00:00","slug":"130611-rwandagenocide-genocide-hommage-a-des-activistes-des-droits-de-lhomme10022","status":"publish","type":"post","link":"https:\/\/www.justiceinfo.net\/fr\/13210-130611-rwandagenocide-genocide-hommage-a-des-activistes-des-droits-de-lhomme10022.html","title":{"rendered":"13.06.11 - RWANDA\/GENOCIDE - GENOCIDE : HOMMAGE A DES ACTIVISTES DES DROITS DE L'HOMME"},"content":{"rendered":"<p>\nKigali, 13 juin 2011 (FH) - Une organisation rwandaise de d&eacute;fense de droits de l'homme, a organis&eacute; le week-end, &agrave; Kigali, une premi&egrave;re c&eacute;r&eacute;monie sp&eacute;ciale en m&eacute;moire de ses membres, militants et pionniers des droits de l'homme, tu&eacute;s pendant le g&eacute;nocide des Tutsis de 1994.\n<\/p>\n<p><!--more--><\/p>\n<p >\nLes responsables de Kanyarwanda (l'anc&ecirc;tre des Rwandais, en langue nationale) ont rendu hommage samedi &agrave; une trentaine de leurs pr&eacute;d&eacute;cesseurs, en pr&eacute;sence des proches de ces derniers.\n<\/p>\n<p >\n&laquo;Pour la premi&egrave;re fois, nous avons pu r&eacute;unir les membres de famille de nos camarades tu&eacute;s pendant le g&eacute;nocide. Ces rescap&eacute;s ont pu se conna&icirc;tre et partager l'id&eacute;al pour lequel leurs parents sont morts &raquo;, a indiqu&eacute; &agrave; l'agence Hirondelle, Samuel Rubayiza, actuel secr&eacute;taire ex&eacute;cutif de Kanyarwanda.\n<\/p>\n<p >\nParmi ces militants des droits de l'homme dont la m&eacute;moire a &eacute;t&eacute; honor&eacute;e, figure Fid&egrave;le Kanyabugoyi, premier pr&eacute;sident de Kanyarwanda. Physicien de formation, ce Tutsi originaire du nord du Rwanda, &eacute;tait haut fonctionnaire au minist&egrave;re des Travaux publics.\n<\/p>\n<p >\nA c&ocirc;t&eacute; de ces responsabilit&eacute;s gouvernementales, il avait particip&eacute; en 1991 &agrave; l'&eacute;closion d'un vibrant mouvement de d&eacute;fense des droits de l'homme qui vit na&icirc;tre plusieurs associations aujourd'hui encore actives.\n<\/p>\n<p >\nIl avait ainsi particip&eacute; &agrave; la r&eacute;daction de plusieurs rapports sur les massacres de Tutsis avant le g&eacute;nocide, ce qui lui avait valu d'&ecirc;tre plusieurs fois interrog&eacute; et arr&ecirc;t&eacute; par les services de renseignements du pr&eacute;sident Juv&eacute;nal Habyarimana.\n<\/p>\n<p >\nSes rapports avaient largement contribu&eacute; &agrave; alerter les organisations internationales des droits de l'homme, comme Amnesty et Human rights watch (HRW) sur les exactions visant les Tutsis avant le g&eacute;nocide.\n<\/p>\n<p >\nAu cours de cette c&eacute;r&eacute;monie, plusieurs t&eacute;moignages ont salu&eacute; le courage de ces &laquo; ap&ocirc;tres de la non-violence &raquo; au cours de &laquo; ces moments de tension et de mensonge &raquo;.\n<\/p>\n<p >\nKanyarwanda entend publier les portraits de ses 32&nbsp; membres tu&eacute;s pendant le g&eacute;nocide.\n<\/p>\n<p >\nSRE-ER\/GF\n<\/p>\n<p>\n&nbsp;&copy; Agence Hirondelle<\/p>\n","protected":false},"excerpt":{"rendered":"<p>Kigali, 13 juin 2011 (FH) - Une organisation rwandaise de d&eacute;fense de droits de l'homme, a organis&eacute; le week-end, &agrave; Kigali, une premi&egrave;re c&eacute;r&eacute;monie sp&eacute;ciale en m&eacute;moire de ses membres, militants et pionniers des droits de l'homme, tu&eacute;s pendant le g&eacute;nocide des Tutsis de 1994.<\/p>\n","protected":false},"author":64,"featured_media":0,"comment_status":"open","ping_status":"closed","sticky":false,"template":"","format":"standard","meta":{"_acf_changed":false,"footnotes":""},"categories":[554],"tags":[],"ji_location":[],"class_list":["post-13210","post","type-post","status-publish","format-standard","hentry","category-hirondellenews"],"acf":[],"yoast_head":"<!-- This site is optimized with the Yoast SEO Premium plugin v25.3.1 (Yoast SEO v25.3.1) - https:\/\/yoast.com\/wordpress\/plugins\/seo\/ -->\n<title>13.06.11 - RWANDA\/GENOCIDE - GENOCIDE : HOMMAGE A DES ACTIVISTES DES DROITS DE L&#039;HOMME - JusticeInfo.net<\/title>\n<meta name=\"robots\" content=\"index, follow, max-snippet:-1, max-image-preview:large, max-video-preview:-1\" \/>\n<link rel=\"canonical\" href=\"https:\/\/www.justiceinfo.net\/fr\/13210-130611-rwandagenocide-genocide-hommage-a-des-activistes-des-droits-de-lhomme10022.html\" \/>\n<meta property=\"og:locale\" content=\"fr_FR\" \/>\n<meta property=\"og:type\" content=\"article\" \/>\n<meta property=\"og:title\" content=\"13.06.11 - RWANDA\/GENOCIDE - GENOCIDE : HOMMAGE A DES ACTIVISTES DES DROITS DE L&#039;HOMME\" \/>\n<meta property=\"og:description\" content=\"Kigali, 13 juin 2011 (FH) - Une organisation rwandaise de d&eacute;fense de droits de l&#039;homme, a organis&eacute; le week-end, &agrave; Kigali, une premi&egrave;re c&eacute;r&eacute;monie sp&eacute;ciale en m&eacute;moire de ses membres, militants et pionniers des droits de l&#039;homme, tu&eacute;s pendant le g&eacute;nocide des Tutsis de 1994.\" \/>\n<meta property=\"og:url\" content=\"https:\/\/www.justiceinfo.net\/fr\/13210-130611-rwandagenocide-genocide-hommage-a-des-activistes-des-droits-de-lhomme10022.html\" \/>\n<meta property=\"og:site_name\" content=\"JusticeInfo.net\" \/>\n<meta property=\"article:publisher\" content=\"https:\/\/www.facebook.com\/JusticeInfo\/\" \/>\n<meta property=\"article:published_time\" content=\"2011-06-12T22:00:00+00:00\" \/>\n<meta property=\"og:image\" content=\"https:\/\/www.justiceinfo.net\/wp-content\/uploads\/JusticeInfoNet_logo_1200x630px.jpg\" \/>\n\t<meta property=\"og:image:width\" content=\"1200\" \/>\n\t<meta property=\"og:image:height\" content=\"630\" \/>\n\t<meta property=\"og:image:type\" content=\"image\/jpeg\" \/>\n<meta name=\"author\" content=\"solivri\" \/>\n<meta name=\"twitter:card\" content=\"summary_large_image\" \/>\n<meta name=\"twitter:creator\" content=\"@justiceinfonet\" \/>\n<meta name=\"twitter:site\" content=\"@justiceinfonet\" \/>\n<meta name=\"twitter:label1\" content=\"\u00c9crit par\" \/>\n\t<meta name=\"twitter:data1\" content=\"solivri\" \/>\n\t<meta name=\"twitter:label2\" content=\"Dur\u00e9e de lecture estim\u00e9e\" \/>\n\t<meta name=\"twitter:data2\" content=\"2 minutes\" \/>\n<script type=\"application\/ld+json\" class=\"yoast-schema-graph\">{\"@context\":\"https:\/\/schema.org\",\"@graph\":[{\"@type\":\"NewsArticle\",\"@id\":\"https:\/\/www.justiceinfo.net\/fr\/13210-130611-rwandagenocide-genocide-hommage-a-des-activistes-des-droits-de-lhomme10022.html#article\",\"isPartOf\":{\"@id\":\"https:\/\/www.justiceinfo.net\/fr\/13210-130611-rwandagenocide-genocide-hommage-a-des-activistes-des-droits-de-lhomme10022.html\"},\"author\":{\"name\":\"solivri\",\"@id\":\"https:\/\/www.justiceinfo.net\/fr#\/schema\/person\/6e53cba1629e2e66f3fc1821d3091865\"},\"headline\":\"13.06.11 - RWANDA\/GENOCIDE - GENOCIDE : HOMMAGE A DES ACTIVISTES DES DROITS DE L'HOMME\",\"datePublished\":\"2011-06-12T22:00:00+00:00\",\"mainEntityOfPage\":{\"@id\":\"https:\/\/www.justiceinfo.net\/fr\/13210-130611-rwandagenocide-genocide-hommage-a-des-activistes-des-droits-de-lhomme10022.html\"},\"wordCount\":426,\"commentCount\":0,\"publisher\":{\"@id\":\"https:\/\/www.justiceinfo.net\/fr#organization\"},\"articleSection\":[\"Hirondelle News\"],\"inLanguage\":\"fr-FR\",\"potentialAction\":[{\"@type\":\"CommentAction\",\"name\":\"Comment\",\"target\":[\"https:\/\/www.justiceinfo.net\/fr\/13210-130611-rwandagenocide-genocide-hommage-a-des-activistes-des-droits-de-lhomme10022.html#respond\"]}]},{\"@type\":\"WebPage\",\"@id\":\"https:\/\/www.justiceinfo.net\/fr\/13210-130611-rwandagenocide-genocide-hommage-a-des-activistes-des-droits-de-lhomme10022.html\",\"url\":\"https:\/\/www.justiceinfo.net\/fr\/13210-130611-rwandagenocide-genocide-hommage-a-des-activistes-des-droits-de-lhomme10022.html\",\"name\":\"13.06.11 - RWANDA\/GENOCIDE - GENOCIDE : HOMMAGE A DES ACTIVISTES DES DROITS DE L'HOMME - JusticeInfo.net\",\"isPartOf\":{\"@id\":\"https:\/\/www.justiceinfo.net\/fr#website\"},\"datePublished\":\"2011-06-12T22:00:00+00:00\",\"breadcrumb\":{\"@id\":\"https:\/\/www.justiceinfo.net\/fr\/13210-130611-rwandagenocide-genocide-hommage-a-des-activistes-des-droits-de-lhomme10022.html#breadcrumb\"},\"inLanguage\":\"fr-FR\",\"potentialAction\":[{\"@type\":\"ReadAction\",\"target\":[\"https:\/\/www.justiceinfo.net\/fr\/13210-130611-rwandagenocide-genocide-hommage-a-des-activistes-des-droits-de-lhomme10022.html\"]}]},{\"@type\":\"BreadcrumbList\",\"@id\":\"https:\/\/www.justiceinfo.net\/fr\/13210-130611-rwandagenocide-genocide-hommage-a-des-activistes-des-droits-de-lhomme10022.html#breadcrumb\",\"itemListElement\":[{\"@type\":\"ListItem\",\"position\":1,\"name\":\"Home\",\"item\":\"https:\/\/www.justiceinfo.net\/fr\"},{\"@type\":\"ListItem\",\"position\":2,\"name\":\"13.06.11 - RWANDA\/GENOCIDE - GENOCIDE : HOMMAGE A DES ACTIVISTES DES DROITS DE L'HOMME\"}]},{\"@type\":\"WebSite\",\"@id\":\"https:\/\/www.justiceinfo.net\/fr#website\",\"url\":\"https:\/\/www.justiceinfo.net\/fr\",\"name\":\"JusticeInfo.net\",\"description\":\"La justice doit \u00eatre vue pour \u00eatre rendue\",\"publisher\":{\"@id\":\"https:\/\/www.justiceinfo.net\/fr#organization\"},\"potentialAction\":[{\"@type\":\"SearchAction\",\"target\":{\"@type\":\"EntryPoint\",\"urlTemplate\":\"https:\/\/www.justiceinfo.net\/fr?s={search_term_string}\"},\"query-input\":{\"@type\":\"PropertyValueSpecification\",\"valueRequired\":true,\"valueName\":\"search_term_string\"}}],\"inLanguage\":\"fr-FR\"},{\"@type\":\"Organization\",\"@id\":\"https:\/\/www.justiceinfo.net\/fr#organization\",\"name\":\"Justice Info\",\"url\":\"https:\/\/www.justiceinfo.net\/fr\",\"logo\":{\"@type\":\"ImageObject\",\"inLanguage\":\"fr-FR\",\"@id\":\"https:\/\/www.justiceinfo.net\/fr#\/schema\/logo\/image\/\",\"url\":\"https:\/\/www.justiceinfo.net\/wp-content\/uploads\/justiceinfo_logo-trans_1200x1200px.png\",\"contentUrl\":\"https:\/\/www.justiceinfo.net\/wp-content\/uploads\/justiceinfo_logo-trans_1200x1200px.png\",\"width\":1199,\"height\":1200,\"caption\":\"Justice Info\"},\"image\":{\"@id\":\"https:\/\/www.justiceinfo.net\/fr#\/schema\/logo\/image\/\"},\"sameAs\":[\"https:\/\/www.facebook.com\/JusticeInfo\/\",\"https:\/\/x.com\/justiceinfonet\",\"https:\/\/www.linkedin.com\/company\/justice-info\",\"https:\/\/www.youtube.com\/channel\/UCyCEsARodyuWtkWyhn-e7pA\"]},{\"@type\":\"Person\",\"name\":\"solivri\",\"url\":\"\/fr\/?s=solivri\"}]}<\/script>\n<!-- \/ Yoast SEO Premium plugin. -->","yoast_head_json":{"title":"13.06.11 - RWANDA\/GENOCIDE - GENOCIDE : HOMMAGE A DES ACTIVISTES DES DROITS DE L'HOMME - JusticeInfo.net","robots":{"index":"index","follow":"follow","max-snippet":"max-snippet:-1","max-image-preview":"max-image-preview:large","max-video-preview":"max-video-preview:-1"},"canonical":"https:\/\/www.justiceinfo.net\/fr\/13210-130611-rwandagenocide-genocide-hommage-a-des-activistes-des-droits-de-lhomme10022.html","og_locale":"fr_FR","og_type":"article","og_title":"13.06.11 - RWANDA\/GENOCIDE - GENOCIDE : HOMMAGE A DES ACTIVISTES DES DROITS DE L'HOMME","og_description":"Kigali, 13 juin 2011 (FH) - Une organisation rwandaise de d&eacute;fense de droits de l'homme, a organis&eacute; le week-end, &agrave; Kigali, une premi&egrave;re c&eacute;r&eacute;monie sp&eacute;ciale en m&eacute;moire de ses membres, militants et pionniers des droits de l'homme, tu&eacute;s pendant le g&eacute;nocide des Tutsis de 1994.","og_url":"https:\/\/www.justiceinfo.net\/fr\/13210-130611-rwandagenocide-genocide-hommage-a-des-activistes-des-droits-de-lhomme10022.html","og_site_name":"JusticeInfo.net","article_publisher":"https:\/\/www.facebook.com\/JusticeInfo\/","article_published_time":"2011-06-12T22:00:00+00:00","og_image":[{"width":1200,"height":630,"url":"https:\/\/www.justiceinfo.net\/wp-content\/uploads\/JusticeInfoNet_logo_1200x630px.jpg","type":"image\/jpeg"}],"author":"solivri","twitter_card":"summary_large_image","twitter_creator":"@justiceinfonet","twitter_site":"@justiceinfonet","twitter_misc":{"\u00c9crit par":"solivri","Dur\u00e9e de lecture estim\u00e9e":"2 minutes"},"schema":{"@context":"https:\/\/schema.org","@graph":[{"@type":"NewsArticle","@id":"https:\/\/www.justiceinfo.net\/fr\/13210-130611-rwandagenocide-genocide-hommage-a-des-activistes-des-droits-de-lhomme10022.html#article","isPartOf":{"@id":"https:\/\/www.justiceinfo.net\/fr\/13210-130611-rwandagenocide-genocide-hommage-a-des-activistes-des-droits-de-lhomme10022.html"},"author":{"name":"solivri","@id":"https:\/\/www.justiceinfo.net\/fr#\/schema\/person\/6e53cba1629e2e66f3fc1821d3091865"},"headline":"13.06.11 - RWANDA\/GENOCIDE - GENOCIDE : HOMMAGE A DES ACTIVISTES DES DROITS DE L'HOMME","datePublished":"2011-06-12T22:00:00+00:00","mainEntityOfPage":{"@id":"https:\/\/www.justiceinfo.net\/fr\/13210-130611-rwandagenocide-genocide-hommage-a-des-activistes-des-droits-de-lhomme10022.html"},"wordCount":426,"commentCount":0,"publisher":{"@id":"https:\/\/www.justiceinfo.net\/fr#organization"},"articleSection":["Hirondelle News"],"inLanguage":"fr-FR","potentialAction":[{"@type":"CommentAction","name":"Comment","target":["https:\/\/www.justiceinfo.net\/fr\/13210-130611-rwandagenocide-genocide-hommage-a-des-activistes-des-droits-de-lhomme10022.html#respond"]}]},{"@type":"WebPage","@id":"https:\/\/www.justiceinfo.net\/fr\/13210-130611-rwandagenocide-genocide-hommage-a-des-activistes-des-droits-de-lhomme10022.html","url":"https:\/\/www.justiceinfo.net\/fr\/13210-130611-rwandagenocide-genocide-hommage-a-des-activistes-des-droits-de-lhomme10022.html","name":"13.06.11 - RWANDA\/GENOCIDE - GENOCIDE : HOMMAGE A DES ACTIVISTES DES DROITS DE L'HOMME - JusticeInfo.net","isPartOf":{"@id":"https:\/\/www.justiceinfo.net\/fr#website"},"datePublished":"2011-06-12T22:00:00+00:00","breadcrumb":{"@id":"https:\/\/www.justiceinfo.net\/fr\/13210-130611-rwandagenocide-genocide-hommage-a-des-activistes-des-droits-de-lhomme10022.html#breadcrumb"},"inLanguage":"fr-FR","potentialAction":[{"@type":"ReadAction","target":["https:\/\/www.justiceinfo.net\/fr\/13210-130611-rwandagenocide-genocide-hommage-a-des-activistes-des-droits-de-lhomme10022.html"]}]},{"@type":"BreadcrumbList","@id":"https:\/\/www.justiceinfo.net\/fr\/13210-130611-rwandagenocide-genocide-hommage-a-des-activistes-des-droits-de-lhomme10022.html#breadcrumb","itemListElement":[{"@type":"ListItem","position":1,"name":"Home","item":"https:\/\/www.justiceinfo.net\/fr"},{"@type":"ListItem","position":2,"name":"13.06.11 - RWANDA\/GENOCIDE - GENOCIDE : HOMMAGE A DES ACTIVISTES DES DROITS DE L'HOMME"}]},{"@type":"WebSite","@id":"https:\/\/www.justiceinfo.net\/fr#website","url":"https:\/\/www.justiceinfo.net\/fr","name":"JusticeInfo.net","description":"La justice doit \u00eatre vue pour \u00eatre rendue","publisher":{"@id":"https:\/\/www.justiceinfo.net\/fr#organization"},"potentialAction":[{"@type":"SearchAction","target":{"@type":"EntryPoint","urlTemplate":"https:\/\/www.justiceinfo.net\/fr?s={search_term_string}"},"query-input":{"@type":"PropertyValueSpecification","valueRequired":true,"valueName":"search_term_string"}}],"inLanguage":"fr-FR"},{"@type":"Organization","@id":"https:\/\/www.justiceinfo.net\/fr#organization","name":"Justice Info","url":"https:\/\/www.justiceinfo.net\/fr","logo":{"@type":"ImageObject","inLanguage":"fr-FR","@id":"https:\/\/www.justiceinfo.net\/fr#\/schema\/logo\/image\/","url":"https:\/\/www.justiceinfo.net\/wp-content\/uploads\/justiceinfo_logo-trans_1200x1200px.png","contentUrl":"https:\/\/www.justiceinfo.net\/wp-content\/uploads\/justiceinfo_logo-trans_1200x1200px.png","width":1199,"height":1200,"caption":"Justice Info"},"image":{"@id":"https:\/\/www.justiceinfo.net\/fr#\/schema\/logo\/image\/"},"sameAs":["https:\/\/www.facebook.com\/JusticeInfo\/","https:\/\/x.com\/justiceinfonet","https:\/\/www.linkedin.com\/company\/justice-info","https:\/\/www.youtube.com\/channel\/UCyCEsARodyuWtkWyhn-e7pA"]},{"@type":"Person","name":"solivri","url":"\/fr\/?s=solivri"}]}},"_links":{"self":[{"href":"https:\/\/www.justiceinfo.net\/fr\/wp-json\/wp\/v2\/posts\/13210","targetHints":{"allow":["GET"]}}],"collection":[{"href":"https:\/\/www.justiceinfo.net\/fr\/wp-json\/wp\/v2\/posts"}],"about":[{"href":"https:\/\/www.justiceinfo.net\/fr\/wp-json\/wp\/v2\/types\/post"}],"author":[{"embeddable":true,"href":"https:\/\/www.justiceinfo.net\/fr\/wp-json\/wp\/v2\/users\/64"}],"replies":[{"embeddable":true,"href":"https:\/\/www.justiceinfo.net\/fr\/wp-json\/wp\/v2\/comments?post=13210"}],"version-history":[{"count":0,"href":"https:\/\/www.justiceinfo.net\/fr\/wp-json\/wp\/v2\/posts\/13210\/revisions"}],"wp:attachment":[{"href":"https:\/\/www.justiceinfo.net\/fr\/wp-json\/wp\/v2\/media?parent=13210"}],"wp:term":[{"taxonomy":"category","embeddable":true,"href":"https:\/\/www.justiceinfo.net\/fr\/wp-json\/wp\/v2\/categories?post=13210"},{"taxonomy":"post_tag","embeddable":true,"href":"https:\/\/www.justiceinfo.net\/fr\/wp-json\/wp\/v2\/tags?post=13210"},{"taxonomy":"ji_location","embeddable":true,"href":"https:\/\/www.justiceinfo.net\/fr\/wp-json\/wp\/v2\/ji_location?post=13210"}],"curies":[{"name":"wp","href":"https:\/\/api.w.org\/{rel}","templated":true}]}}