{"id":13231,"date":"2011-06-17T00:00:00","date_gmt":"2011-06-16T22:00:00","guid":{"rendered":"https:\/\/www.justiceinfo.net\/13231-170611-synthese-hebdomadaire-un-nouveau-pensionnaire-au-centre-de-detention-du-tpir10044.html"},"modified":"2011-06-17T00:00:00","modified_gmt":"2011-06-16T22:00:00","slug":"170611-synthese-hebdomadaire-un-nouveau-pensionnaire-au-centre-de-detention-du-tpir10044","status":"publish","type":"post","link":"https:\/\/www.justiceinfo.net\/fr\/13231-170611-synthese-hebdomadaire-un-nouveau-pensionnaire-au-centre-de-detention-du-tpir10044.html","title":{"rendered":"17.06.11 - SYNTHESE HEBDOMADAIRE - UN NOUVEAU PENSIONNAIRE AU CENTRE DE DETENTION DU TPIR"},"content":{"rendered":"<p>\nArusha, 17 juin 2011 (FH) - Un ancien chef milicien pr&eacute;sum&eacute; arr&ecirc;t&eacute; le mois dernier dans l'est de la R&eacute;publique d&eacute;mocratique du Congo (RDC) a &eacute;t&eacute; transf&eacute;r&eacute; mardi soir au centre de d&eacute;tention des Nations Unies &agrave; Arusha, en Tanzanie.\n<\/p>\n<p><!--more--><\/p>\n<\/p>\n<p>\nBernard Munyagishari, 52 ans, avait &eacute;t&eacute; arr&ecirc;t&eacute; le 25 mai dans l'est de la RDC.\n<\/p>\n<\/p>\n<p>\nAu lendemain de son transf&egrave;rement, la Grande Bretagne a appel&eacute; les Etats &agrave; coop&eacute;rer pleinement avec ce tribunal des Nations Unies en vue de l'arrestation des neuf accus&eacute;s encore en fuite, dont le riche homme\n<\/p>\n<p>\nd'affaires F&eacute;licien Kabuga, pr&eacute;sent&eacute; comme le principal argentier du g&eacute;nocide des Tutsis de 1994.\n<\/p>\n<\/p>\n<p>\nPoursuivi pour crimes de g&eacute;nocide et crimes contre l'humanit&eacute;, Munyagishari est accus&eacute; d'avoir recrut&eacute;, entra&icirc;n&eacute; et conduit les miliciens Interahamwe lors de massacres et viols en masse en 1994 &agrave; Gisenyi nord-ouest), sa ville natale.\n<\/p>\n<\/p>\n<p>\nIl doit compara&icirc;tre lundi prochain devant un juge du TPIR pour dire s'il reconna&icirc;t sa responsabilit&eacute; ou s'il plaide non coupable.\n<\/p>\n<\/p>\n<p>\nToujours au TPIR, le capitaine Ildephonse Nizeyimana, accus&eacute; d'&ecirc;tre l'un des principaux responsables du g&eacute;nocide &agrave; Butare (sud), a boucl&eacute; sa d&eacute;fense jeudi. Le dernier t&eacute;moin &agrave; d&eacute;charge a &eacute;t&eacute; Rose Nyirasafari, l'&eacute;pouse de l'accus&eacute;. Les auditions ne sont pas closes pour autant car le procureur a &eacute;t&eacute; autoris&eacute; &agrave; citer trois t&eacute;moins suppl&eacute;mentaires en septembre.\n<\/p>\n<\/p>\n<p>\nLa d&eacute;fense de l'ex-ministre du Plan, Augustin Ngirabatware a repris lundi et s'est poursuivie jusqu'&agrave; jeudi. Trois t&eacute;moins ont &eacute;t&eacute; entendus cette semaine et d'autres sont attendus la semaine prochaine.\n<\/p>\n<\/p>\n<p>\nDans une autre salle d'audience, les d&eacute;positions sp&eacute;ciales se poursuivaient dans le dossier de F&eacute;licien Kabuga, beau-p&egrave;re de Ngirabatware. Cette proc&eacute;dure sp&eacute;ciale vise &agrave; pr&eacute;server les preuves de l'accusation, en vue d'un proc&egrave;s futur si le riche homme d'affaires est arr&ecirc;t&eacute; un jour.\n<\/p>\n<\/p>\n<p>\nA la Cour p&eacute;nale internationale (CPI), l'ancien chef milicien Germain Katanga a poursuivi sa d&eacute;fense tandis que les t&eacute;moins du procureur d&eacute;filaient dans le proc&egrave;s du s&eacute;nateur Jean Pierre Bemba, qui se d&eacute;roule\n<\/p>\n<p>\nessentiellement &agrave; huis clos.\n<\/p>\n<\/p>\n<p>\nLes deux affaires ont &eacute;t&eacute; suspendues pour reprendre le 27 juin, selon l'unit&eacute; des relations publiques de la CPI.\n<\/p>\n<\/p>\n<p>\nER\/GF\n<\/p>\n<\/p>\n<p>\n&copy; Agence Hirondelle<\/p>\n","protected":false},"excerpt":{"rendered":"<p>Arusha, 17 juin 2011 (FH) - Un ancien chef milicien pr&eacute;sum&eacute; arr&ecirc;t&eacute; le mois dernier dans l'est de la R&eacute;publique d&eacute;mocratique du Congo (RDC) a &eacute;t&eacute; transf&eacute;r&eacute; mardi soir au centre de d&eacute;tention des Nations Unies &agrave; Arusha, en Tanzanie.<\/p>\n","protected":false},"author":64,"featured_media":0,"comment_status":"open","ping_status":"closed","sticky":false,"template":"","format":"standard","meta":{"_acf_changed":false,"footnotes":""},"categories":[554],"tags":[],"ji_location":[],"class_list":["post-13231","post","type-post","status-publish","format-standard","hentry","category-hirondellenews"],"acf":[],"yoast_head":"<!-- This site is optimized with the Yoast SEO Premium plugin v25.3.1 (Yoast SEO v25.3.1) - https:\/\/yoast.com\/wordpress\/plugins\/seo\/ -->\n<title>17.06.11 - SYNTHESE HEBDOMADAIRE - UN NOUVEAU PENSIONNAIRE AU CENTRE DE DETENTION DU TPIR - JusticeInfo.net<\/title>\n<meta name=\"robots\" content=\"index, follow, max-snippet:-1, max-image-preview:large, max-video-preview:-1\" \/>\n<link rel=\"canonical\" href=\"https:\/\/www.justiceinfo.net\/fr\/13231-170611-synthese-hebdomadaire-un-nouveau-pensionnaire-au-centre-de-detention-du-tpir10044.html\" \/>\n<meta property=\"og:locale\" content=\"fr_FR\" \/>\n<meta property=\"og:type\" content=\"article\" \/>\n<meta property=\"og:title\" content=\"17.06.11 - SYNTHESE HEBDOMADAIRE - UN NOUVEAU PENSIONNAIRE AU CENTRE DE DETENTION DU TPIR\" \/>\n<meta property=\"og:description\" content=\"Arusha, 17 juin 2011 (FH) - Un ancien chef milicien pr&eacute;sum&eacute; arr&ecirc;t&eacute; le mois dernier dans l&#039;est de la R&eacute;publique d&eacute;mocratique du Congo (RDC) a &eacute;t&eacute; transf&eacute;r&eacute; mardi soir au centre de d&eacute;tention des Nations Unies &agrave; Arusha, en Tanzanie.\" \/>\n<meta property=\"og:url\" content=\"https:\/\/www.justiceinfo.net\/fr\/13231-170611-synthese-hebdomadaire-un-nouveau-pensionnaire-au-centre-de-detention-du-tpir10044.html\" \/>\n<meta property=\"og:site_name\" content=\"JusticeInfo.net\" \/>\n<meta property=\"article:publisher\" content=\"https:\/\/www.facebook.com\/JusticeInfo\/\" \/>\n<meta property=\"article:published_time\" content=\"2011-06-16T22:00:00+00:00\" \/>\n<meta property=\"og:image\" content=\"https:\/\/www.justiceinfo.net\/wp-content\/uploads\/JusticeInfoNet_logo_1200x630px.jpg\" \/>\n\t<meta property=\"og:image:width\" content=\"1200\" \/>\n\t<meta property=\"og:image:height\" content=\"630\" \/>\n\t<meta property=\"og:image:type\" content=\"image\/jpeg\" \/>\n<meta name=\"author\" content=\"solivri\" \/>\n<meta name=\"twitter:card\" content=\"summary_large_image\" \/>\n<meta name=\"twitter:creator\" content=\"@justiceinfonet\" \/>\n<meta name=\"twitter:site\" content=\"@justiceinfonet\" \/>\n<meta name=\"twitter:label1\" content=\"\u00c9crit par\" \/>\n\t<meta name=\"twitter:data1\" content=\"solivri\" \/>\n\t<meta name=\"twitter:label2\" content=\"Dur\u00e9e de lecture estim\u00e9e\" \/>\n\t<meta name=\"twitter:data2\" content=\"2 minutes\" \/>\n<script type=\"application\/ld+json\" class=\"yoast-schema-graph\">{\"@context\":\"https:\/\/schema.org\",\"@graph\":[{\"@type\":\"NewsArticle\",\"@id\":\"https:\/\/www.justiceinfo.net\/fr\/13231-170611-synthese-hebdomadaire-un-nouveau-pensionnaire-au-centre-de-detention-du-tpir10044.html#article\",\"isPartOf\":{\"@id\":\"https:\/\/www.justiceinfo.net\/fr\/13231-170611-synthese-hebdomadaire-un-nouveau-pensionnaire-au-centre-de-detention-du-tpir10044.html\"},\"author\":{\"name\":\"solivri\",\"@id\":\"https:\/\/www.justiceinfo.net\/fr#\/schema\/person\/6e53cba1629e2e66f3fc1821d3091865\"},\"headline\":\"17.06.11 - SYNTHESE HEBDOMADAIRE - UN NOUVEAU PENSIONNAIRE AU CENTRE DE DETENTION DU TPIR\",\"datePublished\":\"2011-06-16T22:00:00+00:00\",\"mainEntityOfPage\":{\"@id\":\"https:\/\/www.justiceinfo.net\/fr\/13231-170611-synthese-hebdomadaire-un-nouveau-pensionnaire-au-centre-de-detention-du-tpir10044.html\"},\"wordCount\":491,\"commentCount\":0,\"publisher\":{\"@id\":\"https:\/\/www.justiceinfo.net\/fr#organization\"},\"articleSection\":[\"Hirondelle News\"],\"inLanguage\":\"fr-FR\",\"potentialAction\":[{\"@type\":\"CommentAction\",\"name\":\"Comment\",\"target\":[\"https:\/\/www.justiceinfo.net\/fr\/13231-170611-synthese-hebdomadaire-un-nouveau-pensionnaire-au-centre-de-detention-du-tpir10044.html#respond\"]}]},{\"@type\":\"WebPage\",\"@id\":\"https:\/\/www.justiceinfo.net\/fr\/13231-170611-synthese-hebdomadaire-un-nouveau-pensionnaire-au-centre-de-detention-du-tpir10044.html\",\"url\":\"https:\/\/www.justiceinfo.net\/fr\/13231-170611-synthese-hebdomadaire-un-nouveau-pensionnaire-au-centre-de-detention-du-tpir10044.html\",\"name\":\"17.06.11 - SYNTHESE HEBDOMADAIRE - UN NOUVEAU PENSIONNAIRE AU CENTRE DE DETENTION DU TPIR - JusticeInfo.net\",\"isPartOf\":{\"@id\":\"https:\/\/www.justiceinfo.net\/fr#website\"},\"datePublished\":\"2011-06-16T22:00:00+00:00\",\"breadcrumb\":{\"@id\":\"https:\/\/www.justiceinfo.net\/fr\/13231-170611-synthese-hebdomadaire-un-nouveau-pensionnaire-au-centre-de-detention-du-tpir10044.html#breadcrumb\"},\"inLanguage\":\"fr-FR\",\"potentialAction\":[{\"@type\":\"ReadAction\",\"target\":[\"https:\/\/www.justiceinfo.net\/fr\/13231-170611-synthese-hebdomadaire-un-nouveau-pensionnaire-au-centre-de-detention-du-tpir10044.html\"]}]},{\"@type\":\"BreadcrumbList\",\"@id\":\"https:\/\/www.justiceinfo.net\/fr\/13231-170611-synthese-hebdomadaire-un-nouveau-pensionnaire-au-centre-de-detention-du-tpir10044.html#breadcrumb\",\"itemListElement\":[{\"@type\":\"ListItem\",\"position\":1,\"name\":\"Home\",\"item\":\"https:\/\/www.justiceinfo.net\/fr\"},{\"@type\":\"ListItem\",\"position\":2,\"name\":\"17.06.11 - SYNTHESE HEBDOMADAIRE - UN NOUVEAU PENSIONNAIRE AU CENTRE DE DETENTION DU TPIR\"}]},{\"@type\":\"WebSite\",\"@id\":\"https:\/\/www.justiceinfo.net\/fr#website\",\"url\":\"https:\/\/www.justiceinfo.net\/fr\",\"name\":\"JusticeInfo.net\",\"description\":\"La justice doit \u00eatre vue pour \u00eatre rendue\",\"publisher\":{\"@id\":\"https:\/\/www.justiceinfo.net\/fr#organization\"},\"potentialAction\":[{\"@type\":\"SearchAction\",\"target\":{\"@type\":\"EntryPoint\",\"urlTemplate\":\"https:\/\/www.justiceinfo.net\/fr?s={search_term_string}\"},\"query-input\":{\"@type\":\"PropertyValueSpecification\",\"valueRequired\":true,\"valueName\":\"search_term_string\"}}],\"inLanguage\":\"fr-FR\"},{\"@type\":\"Organization\",\"@id\":\"https:\/\/www.justiceinfo.net\/fr#organization\",\"name\":\"Justice Info\",\"url\":\"https:\/\/www.justiceinfo.net\/fr\",\"logo\":{\"@type\":\"ImageObject\",\"inLanguage\":\"fr-FR\",\"@id\":\"https:\/\/www.justiceinfo.net\/fr#\/schema\/logo\/image\/\",\"url\":\"https:\/\/www.justiceinfo.net\/wp-content\/uploads\/justiceinfo_logo-trans_1200x1200px.png\",\"contentUrl\":\"https:\/\/www.justiceinfo.net\/wp-content\/uploads\/justiceinfo_logo-trans_1200x1200px.png\",\"width\":1199,\"height\":1200,\"caption\":\"Justice Info\"},\"image\":{\"@id\":\"https:\/\/www.justiceinfo.net\/fr#\/schema\/logo\/image\/\"},\"sameAs\":[\"https:\/\/www.facebook.com\/JusticeInfo\/\",\"https:\/\/x.com\/justiceinfonet\",\"https:\/\/www.linkedin.com\/company\/justice-info\",\"https:\/\/www.youtube.com\/channel\/UCyCEsARodyuWtkWyhn-e7pA\"]},{\"@type\":\"Person\",\"name\":\"solivri\",\"url\":\"\/fr\/?s=solivri\"}]}<\/script>\n<!-- \/ Yoast SEO Premium plugin. -->","yoast_head_json":{"title":"17.06.11 - SYNTHESE HEBDOMADAIRE - UN NOUVEAU PENSIONNAIRE AU CENTRE DE DETENTION DU TPIR - JusticeInfo.net","robots":{"index":"index","follow":"follow","max-snippet":"max-snippet:-1","max-image-preview":"max-image-preview:large","max-video-preview":"max-video-preview:-1"},"canonical":"https:\/\/www.justiceinfo.net\/fr\/13231-170611-synthese-hebdomadaire-un-nouveau-pensionnaire-au-centre-de-detention-du-tpir10044.html","og_locale":"fr_FR","og_type":"article","og_title":"17.06.11 - SYNTHESE HEBDOMADAIRE - UN NOUVEAU PENSIONNAIRE AU CENTRE DE DETENTION DU TPIR","og_description":"Arusha, 17 juin 2011 (FH) - Un ancien chef milicien pr&eacute;sum&eacute; arr&ecirc;t&eacute; le mois dernier dans l'est de la R&eacute;publique d&eacute;mocratique du Congo (RDC) a &eacute;t&eacute; transf&eacute;r&eacute; mardi soir au centre de d&eacute;tention des Nations Unies &agrave; Arusha, en Tanzanie.","og_url":"https:\/\/www.justiceinfo.net\/fr\/13231-170611-synthese-hebdomadaire-un-nouveau-pensionnaire-au-centre-de-detention-du-tpir10044.html","og_site_name":"JusticeInfo.net","article_publisher":"https:\/\/www.facebook.com\/JusticeInfo\/","article_published_time":"2011-06-16T22:00:00+00:00","og_image":[{"width":1200,"height":630,"url":"https:\/\/www.justiceinfo.net\/wp-content\/uploads\/JusticeInfoNet_logo_1200x630px.jpg","type":"image\/jpeg"}],"author":"solivri","twitter_card":"summary_large_image","twitter_creator":"@justiceinfonet","twitter_site":"@justiceinfonet","twitter_misc":{"\u00c9crit par":"solivri","Dur\u00e9e de lecture estim\u00e9e":"2 minutes"},"schema":{"@context":"https:\/\/schema.org","@graph":[{"@type":"NewsArticle","@id":"https:\/\/www.justiceinfo.net\/fr\/13231-170611-synthese-hebdomadaire-un-nouveau-pensionnaire-au-centre-de-detention-du-tpir10044.html#article","isPartOf":{"@id":"https:\/\/www.justiceinfo.net\/fr\/13231-170611-synthese-hebdomadaire-un-nouveau-pensionnaire-au-centre-de-detention-du-tpir10044.html"},"author":{"name":"solivri","@id":"https:\/\/www.justiceinfo.net\/fr#\/schema\/person\/6e53cba1629e2e66f3fc1821d3091865"},"headline":"17.06.11 - SYNTHESE HEBDOMADAIRE - UN NOUVEAU PENSIONNAIRE AU CENTRE DE DETENTION DU TPIR","datePublished":"2011-06-16T22:00:00+00:00","mainEntityOfPage":{"@id":"https:\/\/www.justiceinfo.net\/fr\/13231-170611-synthese-hebdomadaire-un-nouveau-pensionnaire-au-centre-de-detention-du-tpir10044.html"},"wordCount":491,"commentCount":0,"publisher":{"@id":"https:\/\/www.justiceinfo.net\/fr#organization"},"articleSection":["Hirondelle News"],"inLanguage":"fr-FR","potentialAction":[{"@type":"CommentAction","name":"Comment","target":["https:\/\/www.justiceinfo.net\/fr\/13231-170611-synthese-hebdomadaire-un-nouveau-pensionnaire-au-centre-de-detention-du-tpir10044.html#respond"]}]},{"@type":"WebPage","@id":"https:\/\/www.justiceinfo.net\/fr\/13231-170611-synthese-hebdomadaire-un-nouveau-pensionnaire-au-centre-de-detention-du-tpir10044.html","url":"https:\/\/www.justiceinfo.net\/fr\/13231-170611-synthese-hebdomadaire-un-nouveau-pensionnaire-au-centre-de-detention-du-tpir10044.html","name":"17.06.11 - SYNTHESE HEBDOMADAIRE - UN NOUVEAU PENSIONNAIRE AU CENTRE DE DETENTION DU TPIR - JusticeInfo.net","isPartOf":{"@id":"https:\/\/www.justiceinfo.net\/fr#website"},"datePublished":"2011-06-16T22:00:00+00:00","breadcrumb":{"@id":"https:\/\/www.justiceinfo.net\/fr\/13231-170611-synthese-hebdomadaire-un-nouveau-pensionnaire-au-centre-de-detention-du-tpir10044.html#breadcrumb"},"inLanguage":"fr-FR","potentialAction":[{"@type":"ReadAction","target":["https:\/\/www.justiceinfo.net\/fr\/13231-170611-synthese-hebdomadaire-un-nouveau-pensionnaire-au-centre-de-detention-du-tpir10044.html"]}]},{"@type":"BreadcrumbList","@id":"https:\/\/www.justiceinfo.net\/fr\/13231-170611-synthese-hebdomadaire-un-nouveau-pensionnaire-au-centre-de-detention-du-tpir10044.html#breadcrumb","itemListElement":[{"@type":"ListItem","position":1,"name":"Home","item":"https:\/\/www.justiceinfo.net\/fr"},{"@type":"ListItem","position":2,"name":"17.06.11 - SYNTHESE HEBDOMADAIRE - UN NOUVEAU PENSIONNAIRE AU CENTRE DE DETENTION DU TPIR"}]},{"@type":"WebSite","@id":"https:\/\/www.justiceinfo.net\/fr#website","url":"https:\/\/www.justiceinfo.net\/fr","name":"JusticeInfo.net","description":"La justice doit \u00eatre vue pour \u00eatre rendue","publisher":{"@id":"https:\/\/www.justiceinfo.net\/fr#organization"},"potentialAction":[{"@type":"SearchAction","target":{"@type":"EntryPoint","urlTemplate":"https:\/\/www.justiceinfo.net\/fr?s={search_term_string}"},"query-input":{"@type":"PropertyValueSpecification","valueRequired":true,"valueName":"search_term_string"}}],"inLanguage":"fr-FR"},{"@type":"Organization","@id":"https:\/\/www.justiceinfo.net\/fr#organization","name":"Justice Info","url":"https:\/\/www.justiceinfo.net\/fr","logo":{"@type":"ImageObject","inLanguage":"fr-FR","@id":"https:\/\/www.justiceinfo.net\/fr#\/schema\/logo\/image\/","url":"https:\/\/www.justiceinfo.net\/wp-content\/uploads\/justiceinfo_logo-trans_1200x1200px.png","contentUrl":"https:\/\/www.justiceinfo.net\/wp-content\/uploads\/justiceinfo_logo-trans_1200x1200px.png","width":1199,"height":1200,"caption":"Justice Info"},"image":{"@id":"https:\/\/www.justiceinfo.net\/fr#\/schema\/logo\/image\/"},"sameAs":["https:\/\/www.facebook.com\/JusticeInfo\/","https:\/\/x.com\/justiceinfonet","https:\/\/www.linkedin.com\/company\/justice-info","https:\/\/www.youtube.com\/channel\/UCyCEsARodyuWtkWyhn-e7pA"]},{"@type":"Person","name":"solivri","url":"\/fr\/?s=solivri"}]}},"_links":{"self":[{"href":"https:\/\/www.justiceinfo.net\/fr\/wp-json\/wp\/v2\/posts\/13231","targetHints":{"allow":["GET"]}}],"collection":[{"href":"https:\/\/www.justiceinfo.net\/fr\/wp-json\/wp\/v2\/posts"}],"about":[{"href":"https:\/\/www.justiceinfo.net\/fr\/wp-json\/wp\/v2\/types\/post"}],"author":[{"embeddable":true,"href":"https:\/\/www.justiceinfo.net\/fr\/wp-json\/wp\/v2\/users\/64"}],"replies":[{"embeddable":true,"href":"https:\/\/www.justiceinfo.net\/fr\/wp-json\/wp\/v2\/comments?post=13231"}],"version-history":[{"count":0,"href":"https:\/\/www.justiceinfo.net\/fr\/wp-json\/wp\/v2\/posts\/13231\/revisions"}],"wp:attachment":[{"href":"https:\/\/www.justiceinfo.net\/fr\/wp-json\/wp\/v2\/media?parent=13231"}],"wp:term":[{"taxonomy":"category","embeddable":true,"href":"https:\/\/www.justiceinfo.net\/fr\/wp-json\/wp\/v2\/categories?post=13231"},{"taxonomy":"post_tag","embeddable":true,"href":"https:\/\/www.justiceinfo.net\/fr\/wp-json\/wp\/v2\/tags?post=13231"},{"taxonomy":"ji_location","embeddable":true,"href":"https:\/\/www.justiceinfo.net\/fr\/wp-json\/wp\/v2\/ji_location?post=13231"}],"curies":[{"name":"wp","href":"https:\/\/api.w.org\/{rel}","templated":true}]}}