{"id":13269,"date":"2011-06-24T00:00:00","date_gmt":"2011-06-23T22:00:00","guid":{"rendered":"https:\/\/www.justiceinfo.net\/13269-240611-tpirbutare-le-procureur-salue-la-condamnation-dune-ex-ministre-et-ses-co-accuses10082.html"},"modified":"2011-06-24T00:00:00","modified_gmt":"2011-06-23T22:00:00","slug":"240611-tpirbutare-le-procureur-salue-la-condamnation-dune-ex-ministre-et-ses-co-accuses10082","status":"publish","type":"post","link":"https:\/\/www.justiceinfo.net\/fr\/13269-240611-tpirbutare-le-procureur-salue-la-condamnation-dune-ex-ministre-et-ses-co-accuses10082.html","title":{"rendered":"24.06.11 - TPIR\/BUTARE - LE PROCUREUR SALUE LA CONDAMNATION D'UNE EX-MINISTRE ET SES CO-ACCUSES"},"content":{"rendered":"<p>\nArusha, 24 juin 2011(FH) - Le bureau du procureur aupr&egrave;s du Tribunal p&eacute;nal international pour le Rwanda (TPIR) a salu&eacute; vendredi la condamnation le m&ecirc;me jour de l'ex-ministre de la Famille et de la promotion f&eacute;minine Pauline Nyiramasuhuko, et de cinq autres personnes.\n<\/p>\n<p><!--more--><\/p>\n<p >\n<p >\nPri&egrave;re femme jug&eacute;e pour g&eacute;nocide devant un tribunal international, l'ex-ministre a &eacute;cop&eacute; de la perp&eacute;tuit&eacute; apr&egrave;s avoir &eacute;t&eacute; reconnue coupable d'entente en vue de commettre le g&eacute;nocide, g&eacute;nocide, extermination, viols, pers&eacute;cution, violence &agrave; la vie, autres actes inhumains et outrage &agrave; la dignit&eacute; de la personne humaine.\n<\/p>\n<p >\nSon fils Ars&egrave;ne Shalom Ntahobali, et l'ancien maire de Muganza, (sud), Elie Ndayambaje ont &eacute;galement &eacute;t&eacute; condamn&eacute;s &agrave; la prison &agrave; vie.\n<\/p>\n<p >\nL'ancien maire de Ngoma (sud) Joseph Kanyabashi s'est vu infliger 35 ans de r&eacute;clusion tandis que les anciens pr&eacute;fets de Butare, Sylvain Nsabimana et Alphonse Nteziryayo ont &eacute;cop&eacute; respectivement de 25 et 30 ans d'emprisonnement.\n<\/p>\n<p >\n&nbsp;&laquo; Le procureur salue le verdict et les peines prononc&eacute;es &raquo;, s'est r&eacute;joui l'Ougandais Richard Karegyesa, chef des poursuites au TPIR. Il a soulign&eacute; que le proc&egrave;s avait &eacute;t&eacute; &laquo; complexe et long &raquo; et remerci&eacute; les t&eacute;moins &agrave; charge pour avoir accept&eacute; de venir relater devant la chambre leur calvaire en 1994.\n<\/p>\n<p >\nLa Tanzanienne Holo Makwaia, qui menait l'&eacute;quipe de l'accusation dans le proc&egrave;s, s'est &eacute;galement d&eacute;clar&eacute;e &laquo; satisfaite &raquo;, saluant particuli&egrave;rement la condamnation de l'ex-ministre pour entente en vue de commettre le g&eacute;nocide.\n<\/p>\n<p >\nPour sa part, le porte-parole du tribunal, Roland Amoussouga a estim&eacute; que le jugement marquait &laquo; un jour tr&egrave;s important dans la vie du tribunal &raquo;, soulignant que pour la premi&egrave;re fois, une femme &eacute;tait jug&eacute;e pour g&eacute;nocide devant une juridiction internationale.\n<\/p>\n<p >\n&laquo; C'&eacute;tait l'une des grandes affaires &raquo; du TPIR, a-t-il soulign&eacute;.\n<\/p>\n<p >\nDe leur c&ocirc;t&eacute;, les avocats des condamn&eacute;s se sont refus&eacute;s &agrave; tout commentaire.\n<\/p>\n<p >\nLe jugement n'est cependant pas d&eacute;finitif, comme l'a&nbsp; rappel&eacute; Karegyesa, car chaque partie a le droit d'interjeter appel.\n<\/p>\n<p >\nSelon le r&eacute;sum&eacute; du jugement lu en audience publique par le juge tanzanien William Hussein Sekule, l'ancienne ministre &laquo; s'est entendue avec d'autres membres du gouvernement int&eacute;rimaire pour commettre le g&eacute;nocide &agrave; Butare&raquo;. &laquo; Elle a ordonn&eacute; aux (miliciens) Interahamwe de violer les femmes tutsies (...) Elle exer&ccedil;ait une responsabilit&eacute; de sup&eacute;rieur hi&eacute;rarchique sur les Interahamwe qui ont commis des viols au bureau pr&eacute;fectoral de Butare &raquo;, a poursuivi le juge pr&eacute;sident.\n<\/p>\n<p >\n&laquo; Pour ces crimes et apr&egrave;s avoir consid&eacute;r&eacute; les diff&eacute;rentes circonstances, la chambre vous condamne &agrave; l'emprisonnement &agrave; vie &raquo;, a-t-il conclu s'adressant &agrave; l'ancienne ministre, debout.\n<\/p>\n<p >\nParlant de Ntahobali, le magistrat a d&eacute;clar&eacute; qu'il avait &laquo; viol&eacute; et ordonn&eacute; des viols &raquo; en diff&eacute;rents endroits de la ville, notamment devant l'h&ocirc;tel familial Ihuliro.\n<\/p>\n<p >\nIl contr&ocirc;lait, selon le jugement, le barrage le plus terrible de la ville, &eacute;rig&eacute; devant cet h&ocirc;tel. Ntahobali, qui &eacute;tait alors &eacute;tudiant &agrave; l'Universit&eacute; nationale du Rwanda (UNR) &eacute;galement situ&eacute;e &agrave; Butare, a, entre autres crimes, tu&eacute; une fille tutsie &agrave; ce barrage apr&egrave;s l'avoir viol&eacute;e, selon les trois juges.\n<\/p>\n<p >\n<p >\nLe fils de Nyiramasuhuko a &eacute;t&eacute; jug&eacute; coupable de g&eacute;nocide, extermination, viols, pers&eacute;cution, violence &agrave; la vie et outrage &agrave; la dignit&eacute; de la personne humaine.\n<\/p>\n<p >\nLe jugement tombe 16 ans apr&egrave;s l'arrestation de certains d'entre eux et plus de deux ans apr&egrave;s la cl&ocirc;ture des d&eacute;bats.\n<\/p>\n<p >\nKanyabashi et Ndayambaje ont &eacute;t&eacute; arr&ecirc;t&eacute;s en Belgique en juin 1995 ; Nyiramasuhuko, son fils et Nsabimana en juillet 1997 au Kenya et le colonel Nteziryayo en avril 1998 au Burkina-Faso.\n<\/p>\n<p >\nOuvert en juin 2001, leur proc&egrave;s est le plus long et sans doute aussi le plus co&ucirc;teux de la justice internationale.&nbsp;\n<\/p>\n<p >\nER\/GF\n<\/p>\n<p>\n&copy; Agence Hirondelle<\/p>\n","protected":false},"excerpt":{"rendered":"<p>Arusha, 24 juin 2011(FH) - Le bureau du procureur aupr&egrave;s du Tribunal p&eacute;nal international pour le Rwanda (TPIR) a salu&eacute; vendredi la condamnation le m&ecirc;me jour de l'ex-ministre de la Famille et de la promotion f&eacute;minine Pauline Nyiramasuhuko, et de cinq autres personnes.<\/p>\n","protected":false},"author":64,"featured_media":0,"comment_status":"open","ping_status":"closed","sticky":false,"template":"","format":"standard","meta":{"_acf_changed":false,"footnotes":""},"categories":[554],"tags":[],"ji_location":[],"class_list":["post-13269","post","type-post","status-publish","format-standard","hentry","category-hirondellenews"],"acf":[],"yoast_head":"<!-- This site is optimized with the Yoast SEO Premium plugin v25.3.1 (Yoast SEO v25.3.1) - https:\/\/yoast.com\/wordpress\/plugins\/seo\/ -->\n<title>24.06.11 - TPIR\/BUTARE - LE PROCUREUR SALUE LA CONDAMNATION D&#039;UNE EX-MINISTRE ET SES CO-ACCUSES - JusticeInfo.net<\/title>\n<meta name=\"robots\" content=\"index, follow, max-snippet:-1, max-image-preview:large, max-video-preview:-1\" \/>\n<link rel=\"canonical\" href=\"https:\/\/www.justiceinfo.net\/fr\/13269-240611-tpirbutare-le-procureur-salue-la-condamnation-dune-ex-ministre-et-ses-co-accuses10082.html\" \/>\n<meta property=\"og:locale\" content=\"fr_FR\" \/>\n<meta property=\"og:type\" content=\"article\" \/>\n<meta property=\"og:title\" content=\"24.06.11 - TPIR\/BUTARE - LE PROCUREUR SALUE LA CONDAMNATION D&#039;UNE EX-MINISTRE ET SES CO-ACCUSES\" \/>\n<meta property=\"og:description\" content=\"Arusha, 24 juin 2011(FH) - Le bureau du procureur aupr&egrave;s du Tribunal p&eacute;nal international pour le Rwanda (TPIR) a salu&eacute; vendredi la condamnation le m&ecirc;me jour de l&#039;ex-ministre de la Famille et de la promotion f&eacute;minine Pauline Nyiramasuhuko, et de cinq autres personnes.\" \/>\n<meta property=\"og:url\" content=\"https:\/\/www.justiceinfo.net\/fr\/13269-240611-tpirbutare-le-procureur-salue-la-condamnation-dune-ex-ministre-et-ses-co-accuses10082.html\" \/>\n<meta property=\"og:site_name\" content=\"JusticeInfo.net\" \/>\n<meta property=\"article:publisher\" content=\"https:\/\/www.facebook.com\/JusticeInfo\/\" \/>\n<meta property=\"article:published_time\" content=\"2011-06-23T22:00:00+00:00\" \/>\n<meta property=\"og:image\" content=\"https:\/\/www.justiceinfo.net\/wp-content\/uploads\/JusticeInfoNet_logo_1200x630px.jpg\" \/>\n\t<meta property=\"og:image:width\" content=\"1200\" \/>\n\t<meta property=\"og:image:height\" content=\"630\" \/>\n\t<meta property=\"og:image:type\" content=\"image\/jpeg\" \/>\n<meta name=\"author\" content=\"solivri\" \/>\n<meta name=\"twitter:card\" content=\"summary_large_image\" \/>\n<meta name=\"twitter:creator\" content=\"@justiceinfonet\" \/>\n<meta name=\"twitter:site\" content=\"@justiceinfonet\" \/>\n<meta name=\"twitter:label1\" content=\"\u00c9crit par\" \/>\n\t<meta name=\"twitter:data1\" content=\"solivri\" \/>\n\t<meta name=\"twitter:label2\" content=\"Dur\u00e9e de lecture estim\u00e9e\" \/>\n\t<meta name=\"twitter:data2\" content=\"4 minutes\" \/>\n<script type=\"application\/ld+json\" class=\"yoast-schema-graph\">{\"@context\":\"https:\/\/schema.org\",\"@graph\":[{\"@type\":\"NewsArticle\",\"@id\":\"https:\/\/www.justiceinfo.net\/fr\/13269-240611-tpirbutare-le-procureur-salue-la-condamnation-dune-ex-ministre-et-ses-co-accuses10082.html#article\",\"isPartOf\":{\"@id\":\"https:\/\/www.justiceinfo.net\/fr\/13269-240611-tpirbutare-le-procureur-salue-la-condamnation-dune-ex-ministre-et-ses-co-accuses10082.html\"},\"author\":{\"name\":\"solivri\",\"@id\":\"https:\/\/www.justiceinfo.net\/fr#\/schema\/person\/6e53cba1629e2e66f3fc1821d3091865\"},\"headline\":\"24.06.11 - TPIR\/BUTARE - LE PROCUREUR SALUE LA CONDAMNATION D'UNE EX-MINISTRE ET SES CO-ACCUSES\",\"datePublished\":\"2011-06-23T22:00:00+00:00\",\"mainEntityOfPage\":{\"@id\":\"https:\/\/www.justiceinfo.net\/fr\/13269-240611-tpirbutare-le-procureur-salue-la-condamnation-dune-ex-ministre-et-ses-co-accuses10082.html\"},\"wordCount\":802,\"commentCount\":0,\"publisher\":{\"@id\":\"https:\/\/www.justiceinfo.net\/fr#organization\"},\"articleSection\":[\"Hirondelle News\"],\"inLanguage\":\"fr-FR\",\"potentialAction\":[{\"@type\":\"CommentAction\",\"name\":\"Comment\",\"target\":[\"https:\/\/www.justiceinfo.net\/fr\/13269-240611-tpirbutare-le-procureur-salue-la-condamnation-dune-ex-ministre-et-ses-co-accuses10082.html#respond\"]}]},{\"@type\":\"WebPage\",\"@id\":\"https:\/\/www.justiceinfo.net\/fr\/13269-240611-tpirbutare-le-procureur-salue-la-condamnation-dune-ex-ministre-et-ses-co-accuses10082.html\",\"url\":\"https:\/\/www.justiceinfo.net\/fr\/13269-240611-tpirbutare-le-procureur-salue-la-condamnation-dune-ex-ministre-et-ses-co-accuses10082.html\",\"name\":\"24.06.11 - TPIR\/BUTARE - LE PROCUREUR SALUE LA CONDAMNATION D'UNE EX-MINISTRE ET SES CO-ACCUSES - JusticeInfo.net\",\"isPartOf\":{\"@id\":\"https:\/\/www.justiceinfo.net\/fr#website\"},\"datePublished\":\"2011-06-23T22:00:00+00:00\",\"breadcrumb\":{\"@id\":\"https:\/\/www.justiceinfo.net\/fr\/13269-240611-tpirbutare-le-procureur-salue-la-condamnation-dune-ex-ministre-et-ses-co-accuses10082.html#breadcrumb\"},\"inLanguage\":\"fr-FR\",\"potentialAction\":[{\"@type\":\"ReadAction\",\"target\":[\"https:\/\/www.justiceinfo.net\/fr\/13269-240611-tpirbutare-le-procureur-salue-la-condamnation-dune-ex-ministre-et-ses-co-accuses10082.html\"]}]},{\"@type\":\"BreadcrumbList\",\"@id\":\"https:\/\/www.justiceinfo.net\/fr\/13269-240611-tpirbutare-le-procureur-salue-la-condamnation-dune-ex-ministre-et-ses-co-accuses10082.html#breadcrumb\",\"itemListElement\":[{\"@type\":\"ListItem\",\"position\":1,\"name\":\"Home\",\"item\":\"https:\/\/www.justiceinfo.net\/fr\"},{\"@type\":\"ListItem\",\"position\":2,\"name\":\"24.06.11 - TPIR\/BUTARE - LE PROCUREUR SALUE LA CONDAMNATION D'UNE EX-MINISTRE ET SES CO-ACCUSES\"}]},{\"@type\":\"WebSite\",\"@id\":\"https:\/\/www.justiceinfo.net\/fr#website\",\"url\":\"https:\/\/www.justiceinfo.net\/fr\",\"name\":\"JusticeInfo.net\",\"description\":\"La justice doit \u00eatre vue pour \u00eatre rendue\",\"publisher\":{\"@id\":\"https:\/\/www.justiceinfo.net\/fr#organization\"},\"potentialAction\":[{\"@type\":\"SearchAction\",\"target\":{\"@type\":\"EntryPoint\",\"urlTemplate\":\"https:\/\/www.justiceinfo.net\/fr?s={search_term_string}\"},\"query-input\":{\"@type\":\"PropertyValueSpecification\",\"valueRequired\":true,\"valueName\":\"search_term_string\"}}],\"inLanguage\":\"fr-FR\"},{\"@type\":\"Organization\",\"@id\":\"https:\/\/www.justiceinfo.net\/fr#organization\",\"name\":\"Justice Info\",\"url\":\"https:\/\/www.justiceinfo.net\/fr\",\"logo\":{\"@type\":\"ImageObject\",\"inLanguage\":\"fr-FR\",\"@id\":\"https:\/\/www.justiceinfo.net\/fr#\/schema\/logo\/image\/\",\"url\":\"https:\/\/www.justiceinfo.net\/wp-content\/uploads\/justiceinfo_logo-trans_1200x1200px.png\",\"contentUrl\":\"https:\/\/www.justiceinfo.net\/wp-content\/uploads\/justiceinfo_logo-trans_1200x1200px.png\",\"width\":1199,\"height\":1200,\"caption\":\"Justice Info\"},\"image\":{\"@id\":\"https:\/\/www.justiceinfo.net\/fr#\/schema\/logo\/image\/\"},\"sameAs\":[\"https:\/\/www.facebook.com\/JusticeInfo\/\",\"https:\/\/x.com\/justiceinfonet\",\"https:\/\/www.linkedin.com\/company\/justice-info\",\"https:\/\/www.youtube.com\/channel\/UCyCEsARodyuWtkWyhn-e7pA\"]},{\"@type\":\"Person\",\"name\":\"solivri\",\"url\":\"\/fr\/?s=solivri\"}]}<\/script>\n<!-- \/ Yoast SEO Premium plugin. -->","yoast_head_json":{"title":"24.06.11 - TPIR\/BUTARE - LE PROCUREUR SALUE LA CONDAMNATION D'UNE EX-MINISTRE ET SES CO-ACCUSES - JusticeInfo.net","robots":{"index":"index","follow":"follow","max-snippet":"max-snippet:-1","max-image-preview":"max-image-preview:large","max-video-preview":"max-video-preview:-1"},"canonical":"https:\/\/www.justiceinfo.net\/fr\/13269-240611-tpirbutare-le-procureur-salue-la-condamnation-dune-ex-ministre-et-ses-co-accuses10082.html","og_locale":"fr_FR","og_type":"article","og_title":"24.06.11 - TPIR\/BUTARE - LE PROCUREUR SALUE LA CONDAMNATION D'UNE EX-MINISTRE ET SES CO-ACCUSES","og_description":"Arusha, 24 juin 2011(FH) - Le bureau du procureur aupr&egrave;s du Tribunal p&eacute;nal international pour le Rwanda (TPIR) a salu&eacute; vendredi la condamnation le m&ecirc;me jour de l'ex-ministre de la Famille et de la promotion f&eacute;minine Pauline Nyiramasuhuko, et de cinq autres personnes.","og_url":"https:\/\/www.justiceinfo.net\/fr\/13269-240611-tpirbutare-le-procureur-salue-la-condamnation-dune-ex-ministre-et-ses-co-accuses10082.html","og_site_name":"JusticeInfo.net","article_publisher":"https:\/\/www.facebook.com\/JusticeInfo\/","article_published_time":"2011-06-23T22:00:00+00:00","og_image":[{"width":1200,"height":630,"url":"https:\/\/www.justiceinfo.net\/wp-content\/uploads\/JusticeInfoNet_logo_1200x630px.jpg","type":"image\/jpeg"}],"author":"solivri","twitter_card":"summary_large_image","twitter_creator":"@justiceinfonet","twitter_site":"@justiceinfonet","twitter_misc":{"\u00c9crit par":"solivri","Dur\u00e9e de lecture estim\u00e9e":"4 minutes"},"schema":{"@context":"https:\/\/schema.org","@graph":[{"@type":"NewsArticle","@id":"https:\/\/www.justiceinfo.net\/fr\/13269-240611-tpirbutare-le-procureur-salue-la-condamnation-dune-ex-ministre-et-ses-co-accuses10082.html#article","isPartOf":{"@id":"https:\/\/www.justiceinfo.net\/fr\/13269-240611-tpirbutare-le-procureur-salue-la-condamnation-dune-ex-ministre-et-ses-co-accuses10082.html"},"author":{"name":"solivri","@id":"https:\/\/www.justiceinfo.net\/fr#\/schema\/person\/6e53cba1629e2e66f3fc1821d3091865"},"headline":"24.06.11 - TPIR\/BUTARE - LE PROCUREUR SALUE LA CONDAMNATION D'UNE EX-MINISTRE ET SES CO-ACCUSES","datePublished":"2011-06-23T22:00:00+00:00","mainEntityOfPage":{"@id":"https:\/\/www.justiceinfo.net\/fr\/13269-240611-tpirbutare-le-procureur-salue-la-condamnation-dune-ex-ministre-et-ses-co-accuses10082.html"},"wordCount":802,"commentCount":0,"publisher":{"@id":"https:\/\/www.justiceinfo.net\/fr#organization"},"articleSection":["Hirondelle News"],"inLanguage":"fr-FR","potentialAction":[{"@type":"CommentAction","name":"Comment","target":["https:\/\/www.justiceinfo.net\/fr\/13269-240611-tpirbutare-le-procureur-salue-la-condamnation-dune-ex-ministre-et-ses-co-accuses10082.html#respond"]}]},{"@type":"WebPage","@id":"https:\/\/www.justiceinfo.net\/fr\/13269-240611-tpirbutare-le-procureur-salue-la-condamnation-dune-ex-ministre-et-ses-co-accuses10082.html","url":"https:\/\/www.justiceinfo.net\/fr\/13269-240611-tpirbutare-le-procureur-salue-la-condamnation-dune-ex-ministre-et-ses-co-accuses10082.html","name":"24.06.11 - TPIR\/BUTARE - LE PROCUREUR SALUE LA CONDAMNATION D'UNE EX-MINISTRE ET SES CO-ACCUSES - JusticeInfo.net","isPartOf":{"@id":"https:\/\/www.justiceinfo.net\/fr#website"},"datePublished":"2011-06-23T22:00:00+00:00","breadcrumb":{"@id":"https:\/\/www.justiceinfo.net\/fr\/13269-240611-tpirbutare-le-procureur-salue-la-condamnation-dune-ex-ministre-et-ses-co-accuses10082.html#breadcrumb"},"inLanguage":"fr-FR","potentialAction":[{"@type":"ReadAction","target":["https:\/\/www.justiceinfo.net\/fr\/13269-240611-tpirbutare-le-procureur-salue-la-condamnation-dune-ex-ministre-et-ses-co-accuses10082.html"]}]},{"@type":"BreadcrumbList","@id":"https:\/\/www.justiceinfo.net\/fr\/13269-240611-tpirbutare-le-procureur-salue-la-condamnation-dune-ex-ministre-et-ses-co-accuses10082.html#breadcrumb","itemListElement":[{"@type":"ListItem","position":1,"name":"Home","item":"https:\/\/www.justiceinfo.net\/fr"},{"@type":"ListItem","position":2,"name":"24.06.11 - TPIR\/BUTARE - LE PROCUREUR SALUE LA CONDAMNATION D'UNE EX-MINISTRE ET SES CO-ACCUSES"}]},{"@type":"WebSite","@id":"https:\/\/www.justiceinfo.net\/fr#website","url":"https:\/\/www.justiceinfo.net\/fr","name":"JusticeInfo.net","description":"La justice doit \u00eatre vue pour \u00eatre rendue","publisher":{"@id":"https:\/\/www.justiceinfo.net\/fr#organization"},"potentialAction":[{"@type":"SearchAction","target":{"@type":"EntryPoint","urlTemplate":"https:\/\/www.justiceinfo.net\/fr?s={search_term_string}"},"query-input":{"@type":"PropertyValueSpecification","valueRequired":true,"valueName":"search_term_string"}}],"inLanguage":"fr-FR"},{"@type":"Organization","@id":"https:\/\/www.justiceinfo.net\/fr#organization","name":"Justice Info","url":"https:\/\/www.justiceinfo.net\/fr","logo":{"@type":"ImageObject","inLanguage":"fr-FR","@id":"https:\/\/www.justiceinfo.net\/fr#\/schema\/logo\/image\/","url":"https:\/\/www.justiceinfo.net\/wp-content\/uploads\/justiceinfo_logo-trans_1200x1200px.png","contentUrl":"https:\/\/www.justiceinfo.net\/wp-content\/uploads\/justiceinfo_logo-trans_1200x1200px.png","width":1199,"height":1200,"caption":"Justice Info"},"image":{"@id":"https:\/\/www.justiceinfo.net\/fr#\/schema\/logo\/image\/"},"sameAs":["https:\/\/www.facebook.com\/JusticeInfo\/","https:\/\/x.com\/justiceinfonet","https:\/\/www.linkedin.com\/company\/justice-info","https:\/\/www.youtube.com\/channel\/UCyCEsARodyuWtkWyhn-e7pA"]},{"@type":"Person","name":"solivri","url":"\/fr\/?s=solivri"}]}},"_links":{"self":[{"href":"https:\/\/www.justiceinfo.net\/fr\/wp-json\/wp\/v2\/posts\/13269","targetHints":{"allow":["GET"]}}],"collection":[{"href":"https:\/\/www.justiceinfo.net\/fr\/wp-json\/wp\/v2\/posts"}],"about":[{"href":"https:\/\/www.justiceinfo.net\/fr\/wp-json\/wp\/v2\/types\/post"}],"author":[{"embeddable":true,"href":"https:\/\/www.justiceinfo.net\/fr\/wp-json\/wp\/v2\/users\/64"}],"replies":[{"embeddable":true,"href":"https:\/\/www.justiceinfo.net\/fr\/wp-json\/wp\/v2\/comments?post=13269"}],"version-history":[{"count":0,"href":"https:\/\/www.justiceinfo.net\/fr\/wp-json\/wp\/v2\/posts\/13269\/revisions"}],"wp:attachment":[{"href":"https:\/\/www.justiceinfo.net\/fr\/wp-json\/wp\/v2\/media?parent=13269"}],"wp:term":[{"taxonomy":"category","embeddable":true,"href":"https:\/\/www.justiceinfo.net\/fr\/wp-json\/wp\/v2\/categories?post=13269"},{"taxonomy":"post_tag","embeddable":true,"href":"https:\/\/www.justiceinfo.net\/fr\/wp-json\/wp\/v2\/tags?post=13269"},{"taxonomy":"ji_location","embeddable":true,"href":"https:\/\/www.justiceinfo.net\/fr\/wp-json\/wp\/v2\/ji_location?post=13269"}],"curies":[{"name":"wp","href":"https:\/\/api.w.org\/{rel}","templated":true}]}}