{"id":13278,"date":"2011-06-27T00:00:00","date_gmt":"2011-06-26T22:00:00","guid":{"rendered":"https:\/\/www.justiceinfo.net\/13278-270611-rwandatpir-le-rwanda-salue-la-condamnation-dune-ex-ministre10091.html"},"modified":"2011-06-27T00:00:00","modified_gmt":"2011-06-26T22:00:00","slug":"270611-rwandatpir-le-rwanda-salue-la-condamnation-dune-ex-ministre10091","status":"publish","type":"post","link":"https:\/\/www.justiceinfo.net\/fr\/13278-270611-rwandatpir-le-rwanda-salue-la-condamnation-dune-ex-ministre10091.html","title":{"rendered":"27.06.11 - RWANDA\/TPIR - LE RWANDA SALUE LA CONDAMNATION D'UNE EX-MINISTRE"},"content":{"rendered":"<p>\nKigali, 27 juin 2011 (FH) - Les milieux officiels rwandais ont salu&eacute; le jugement prononc&eacute; vendredi par le Tribunal p&eacute;nal international pour le Rwanda (TPIR) dans le proc&egrave;s de l'ex-ministre de la Famille, Pauline Nyiramasuhuko, et cinq autres personnes.\n<\/p>\n<p><!--more--><\/p>\n<p >\n<p >\nPremi&egrave;re femme jug&eacute;e pour g&eacute;nocide devant un tribunal international, l'ex-ministre a &eacute;cop&eacute; de la perp&eacute;tuit&eacute; apr&egrave;s avoir &eacute;t&eacute; reconnue coupable d'entente en vue de commettre le g&eacute;nocide, g&eacute;nocide, extermination, viols, pers&eacute;cution, violence &agrave; la vie, autres actes inhumains et outrage &agrave; la dignit&eacute; de la personne humaine.\n<\/p>\n<p >\nSon fils Ars&egrave;ne Shalom Ntahobali, et l'ancien maire de Muganza, (sud), Elie Ndayambaje ont &eacute;galement &eacute;t&eacute; condamn&eacute;s &agrave; la prison &agrave; vie. L'ancien maire de Ngoma (sud) Joseph Kanyabashi s'est vu infliger 35 ans de r&eacute;clusion tandis que les anciens pr&eacute;fets de Butare, Sylvain Nsabimana et Alphonse Nteziryayo ont &eacute;cop&eacute; respectivement de 25 et 30 ans d'emprisonnement.\n<\/p>\n<p >\n&nbsp;&laquo; Nous sommes satisfaits (...) Nous estimons que justice a &eacute;t&eacute; rendue et que les peines prononc&eacute;es sont proportionnelles aux crimes commis &raquo;, a d&eacute;clar&eacute; &agrave; l'agence Hirondelle le porte-parole du parquet g&eacute;n&eacute;ral &agrave; Kigali, Alain Mukurarinda.\n<\/p>\n<p >\nM&ecirc;me sentiment de satisfaction de la part d'Ibuka, la principale organisation de survivants du g&eacute;nocide. &laquo; Nous saluons la sentence prononc&eacute;e surtout contre Nyiramasuhuko et son fils Shalom, &eacute;tant donn&eacute; que la perp&eacute;tuit&eacute; est la peine la plus lourde au TPIR &raquo;, a indiqu&eacute; Jean Pierre Dusingizemungu, pr&eacute;sident d'Ibuka.\n<\/p>\n<p >\nPour lui, ce jugement constitue un signal clair aux suspects de g&eacute;nocide en fuite, notamment &agrave; Agathe Kanziga, la veuve de l'ex-pr&eacute;sident Juv&eacute;nal Habyarimana, qui vit en France. &laquo;Qu'elle sache que personne, m&ecirc;me une ancienne premi&egrave;re dame, ne peut se moquer ind&eacute;finiment de la justice, ni entraver l'action de la justice &raquo;, a ajout&eacute; Dusingizemungu.\n<\/p>\n<p >\n&nbsp;&laquo; M&ecirc;me si ce proc&egrave;s a dur&eacute; plus de 10 ans, nous saluons le jugement rendu...Toute personne qui aime la justice devrait &ecirc;tre satisfaite de ces conclusions &raquo;, a rench&eacute;ri, sur les ondes de la radio nationale, Jean de Dieu Mucyo, secr&eacute;taire ex&eacute;cutif de la Commission nationale de lutte contre le g&eacute;nocide.\n<\/p>\n<p >\nER\/GF\n<\/p>\n<p >\n<p>\n&copy; Agence Hirondelle<\/p>\n","protected":false},"excerpt":{"rendered":"<p>Kigali, 27 juin 2011 (FH) - Les milieux officiels rwandais ont salu&eacute; le jugement prononc&eacute; vendredi par le Tribunal p&eacute;nal international pour le Rwanda (TPIR) dans le proc&egrave;s de l'ex-ministre de la Famille, Pauline Nyiramasuhuko, et cinq autres personnes.<\/p>\n","protected":false},"author":64,"featured_media":0,"comment_status":"open","ping_status":"closed","sticky":false,"template":"","format":"standard","meta":{"_acf_changed":false,"footnotes":""},"categories":[554],"tags":[],"ji_location":[],"class_list":["post-13278","post","type-post","status-publish","format-standard","hentry","category-hirondellenews"],"acf":[],"yoast_head":"<!-- This site is optimized with the Yoast SEO Premium plugin v25.3.1 (Yoast SEO v25.3.1) - https:\/\/yoast.com\/wordpress\/plugins\/seo\/ -->\n<title>27.06.11 - RWANDA\/TPIR - LE RWANDA SALUE LA CONDAMNATION D&#039;UNE EX-MINISTRE - JusticeInfo.net<\/title>\n<meta name=\"robots\" content=\"index, follow, max-snippet:-1, max-image-preview:large, max-video-preview:-1\" \/>\n<link rel=\"canonical\" href=\"https:\/\/www.justiceinfo.net\/fr\/13278-270611-rwandatpir-le-rwanda-salue-la-condamnation-dune-ex-ministre10091.html\" \/>\n<meta property=\"og:locale\" content=\"fr_FR\" \/>\n<meta property=\"og:type\" content=\"article\" \/>\n<meta property=\"og:title\" content=\"27.06.11 - RWANDA\/TPIR - LE RWANDA SALUE LA CONDAMNATION D&#039;UNE EX-MINISTRE\" \/>\n<meta property=\"og:description\" content=\"Kigali, 27 juin 2011 (FH) - Les milieux officiels rwandais ont salu&eacute; le jugement prononc&eacute; vendredi par le Tribunal p&eacute;nal international pour le Rwanda (TPIR) dans le proc&egrave;s de l&#039;ex-ministre de la Famille, Pauline Nyiramasuhuko, et cinq autres personnes.\" \/>\n<meta property=\"og:url\" content=\"https:\/\/www.justiceinfo.net\/fr\/13278-270611-rwandatpir-le-rwanda-salue-la-condamnation-dune-ex-ministre10091.html\" \/>\n<meta property=\"og:site_name\" content=\"JusticeInfo.net\" \/>\n<meta property=\"article:publisher\" content=\"https:\/\/www.facebook.com\/JusticeInfo\/\" \/>\n<meta property=\"article:published_time\" content=\"2011-06-26T22:00:00+00:00\" \/>\n<meta property=\"og:image\" content=\"https:\/\/www.justiceinfo.net\/wp-content\/uploads\/JusticeInfoNet_logo_1200x630px.jpg\" \/>\n\t<meta property=\"og:image:width\" content=\"1200\" \/>\n\t<meta property=\"og:image:height\" content=\"630\" \/>\n\t<meta property=\"og:image:type\" content=\"image\/jpeg\" \/>\n<meta name=\"author\" content=\"solivri\" \/>\n<meta name=\"twitter:card\" content=\"summary_large_image\" \/>\n<meta name=\"twitter:creator\" content=\"@justiceinfonet\" \/>\n<meta name=\"twitter:site\" content=\"@justiceinfonet\" \/>\n<meta name=\"twitter:label1\" content=\"\u00c9crit par\" \/>\n\t<meta name=\"twitter:data1\" content=\"solivri\" \/>\n\t<meta name=\"twitter:label2\" content=\"Dur\u00e9e de lecture estim\u00e9e\" \/>\n\t<meta name=\"twitter:data2\" content=\"2 minutes\" \/>\n<script type=\"application\/ld+json\" class=\"yoast-schema-graph\">{\"@context\":\"https:\/\/schema.org\",\"@graph\":[{\"@type\":\"NewsArticle\",\"@id\":\"https:\/\/www.justiceinfo.net\/fr\/13278-270611-rwandatpir-le-rwanda-salue-la-condamnation-dune-ex-ministre10091.html#article\",\"isPartOf\":{\"@id\":\"https:\/\/www.justiceinfo.net\/fr\/13278-270611-rwandatpir-le-rwanda-salue-la-condamnation-dune-ex-ministre10091.html\"},\"author\":{\"name\":\"solivri\",\"@id\":\"https:\/\/www.justiceinfo.net\/fr#\/schema\/person\/6e53cba1629e2e66f3fc1821d3091865\"},\"headline\":\"27.06.11 - RWANDA\/TPIR - LE RWANDA SALUE LA CONDAMNATION D'UNE EX-MINISTRE\",\"datePublished\":\"2011-06-26T22:00:00+00:00\",\"mainEntityOfPage\":{\"@id\":\"https:\/\/www.justiceinfo.net\/fr\/13278-270611-rwandatpir-le-rwanda-salue-la-condamnation-dune-ex-ministre10091.html\"},\"wordCount\":456,\"commentCount\":0,\"publisher\":{\"@id\":\"https:\/\/www.justiceinfo.net\/fr#organization\"},\"articleSection\":[\"Hirondelle News\"],\"inLanguage\":\"fr-FR\",\"potentialAction\":[{\"@type\":\"CommentAction\",\"name\":\"Comment\",\"target\":[\"https:\/\/www.justiceinfo.net\/fr\/13278-270611-rwandatpir-le-rwanda-salue-la-condamnation-dune-ex-ministre10091.html#respond\"]}]},{\"@type\":\"WebPage\",\"@id\":\"https:\/\/www.justiceinfo.net\/fr\/13278-270611-rwandatpir-le-rwanda-salue-la-condamnation-dune-ex-ministre10091.html\",\"url\":\"https:\/\/www.justiceinfo.net\/fr\/13278-270611-rwandatpir-le-rwanda-salue-la-condamnation-dune-ex-ministre10091.html\",\"name\":\"27.06.11 - RWANDA\/TPIR - LE RWANDA SALUE LA CONDAMNATION D'UNE EX-MINISTRE - JusticeInfo.net\",\"isPartOf\":{\"@id\":\"https:\/\/www.justiceinfo.net\/fr#website\"},\"datePublished\":\"2011-06-26T22:00:00+00:00\",\"breadcrumb\":{\"@id\":\"https:\/\/www.justiceinfo.net\/fr\/13278-270611-rwandatpir-le-rwanda-salue-la-condamnation-dune-ex-ministre10091.html#breadcrumb\"},\"inLanguage\":\"fr-FR\",\"potentialAction\":[{\"@type\":\"ReadAction\",\"target\":[\"https:\/\/www.justiceinfo.net\/fr\/13278-270611-rwandatpir-le-rwanda-salue-la-condamnation-dune-ex-ministre10091.html\"]}]},{\"@type\":\"BreadcrumbList\",\"@id\":\"https:\/\/www.justiceinfo.net\/fr\/13278-270611-rwandatpir-le-rwanda-salue-la-condamnation-dune-ex-ministre10091.html#breadcrumb\",\"itemListElement\":[{\"@type\":\"ListItem\",\"position\":1,\"name\":\"Home\",\"item\":\"https:\/\/www.justiceinfo.net\/fr\"},{\"@type\":\"ListItem\",\"position\":2,\"name\":\"27.06.11 - RWANDA\/TPIR - LE RWANDA SALUE LA CONDAMNATION D'UNE EX-MINISTRE\"}]},{\"@type\":\"WebSite\",\"@id\":\"https:\/\/www.justiceinfo.net\/fr#website\",\"url\":\"https:\/\/www.justiceinfo.net\/fr\",\"name\":\"JusticeInfo.net\",\"description\":\"La justice doit \u00eatre vue pour \u00eatre rendue\",\"publisher\":{\"@id\":\"https:\/\/www.justiceinfo.net\/fr#organization\"},\"potentialAction\":[{\"@type\":\"SearchAction\",\"target\":{\"@type\":\"EntryPoint\",\"urlTemplate\":\"https:\/\/www.justiceinfo.net\/fr?s={search_term_string}\"},\"query-input\":{\"@type\":\"PropertyValueSpecification\",\"valueRequired\":true,\"valueName\":\"search_term_string\"}}],\"inLanguage\":\"fr-FR\"},{\"@type\":\"Organization\",\"@id\":\"https:\/\/www.justiceinfo.net\/fr#organization\",\"name\":\"Justice Info\",\"url\":\"https:\/\/www.justiceinfo.net\/fr\",\"logo\":{\"@type\":\"ImageObject\",\"inLanguage\":\"fr-FR\",\"@id\":\"https:\/\/www.justiceinfo.net\/fr#\/schema\/logo\/image\/\",\"url\":\"https:\/\/www.justiceinfo.net\/wp-content\/uploads\/justiceinfo_logo-trans_1200x1200px.png\",\"contentUrl\":\"https:\/\/www.justiceinfo.net\/wp-content\/uploads\/justiceinfo_logo-trans_1200x1200px.png\",\"width\":1199,\"height\":1200,\"caption\":\"Justice Info\"},\"image\":{\"@id\":\"https:\/\/www.justiceinfo.net\/fr#\/schema\/logo\/image\/\"},\"sameAs\":[\"https:\/\/www.facebook.com\/JusticeInfo\/\",\"https:\/\/x.com\/justiceinfonet\",\"https:\/\/www.linkedin.com\/company\/justice-info\",\"https:\/\/www.youtube.com\/channel\/UCyCEsARodyuWtkWyhn-e7pA\"]},{\"@type\":\"Person\",\"name\":\"solivri\",\"url\":\"\/fr\/?s=solivri\"}]}<\/script>\n<!-- \/ Yoast SEO Premium plugin. -->","yoast_head_json":{"title":"27.06.11 - RWANDA\/TPIR - LE RWANDA SALUE LA CONDAMNATION D'UNE EX-MINISTRE - JusticeInfo.net","robots":{"index":"index","follow":"follow","max-snippet":"max-snippet:-1","max-image-preview":"max-image-preview:large","max-video-preview":"max-video-preview:-1"},"canonical":"https:\/\/www.justiceinfo.net\/fr\/13278-270611-rwandatpir-le-rwanda-salue-la-condamnation-dune-ex-ministre10091.html","og_locale":"fr_FR","og_type":"article","og_title":"27.06.11 - RWANDA\/TPIR - LE RWANDA SALUE LA CONDAMNATION D'UNE EX-MINISTRE","og_description":"Kigali, 27 juin 2011 (FH) - Les milieux officiels rwandais ont salu&eacute; le jugement prononc&eacute; vendredi par le Tribunal p&eacute;nal international pour le Rwanda (TPIR) dans le proc&egrave;s de l'ex-ministre de la Famille, Pauline Nyiramasuhuko, et cinq autres personnes.","og_url":"https:\/\/www.justiceinfo.net\/fr\/13278-270611-rwandatpir-le-rwanda-salue-la-condamnation-dune-ex-ministre10091.html","og_site_name":"JusticeInfo.net","article_publisher":"https:\/\/www.facebook.com\/JusticeInfo\/","article_published_time":"2011-06-26T22:00:00+00:00","og_image":[{"width":1200,"height":630,"url":"https:\/\/www.justiceinfo.net\/wp-content\/uploads\/JusticeInfoNet_logo_1200x630px.jpg","type":"image\/jpeg"}],"author":"solivri","twitter_card":"summary_large_image","twitter_creator":"@justiceinfonet","twitter_site":"@justiceinfonet","twitter_misc":{"\u00c9crit par":"solivri","Dur\u00e9e de lecture estim\u00e9e":"2 minutes"},"schema":{"@context":"https:\/\/schema.org","@graph":[{"@type":"NewsArticle","@id":"https:\/\/www.justiceinfo.net\/fr\/13278-270611-rwandatpir-le-rwanda-salue-la-condamnation-dune-ex-ministre10091.html#article","isPartOf":{"@id":"https:\/\/www.justiceinfo.net\/fr\/13278-270611-rwandatpir-le-rwanda-salue-la-condamnation-dune-ex-ministre10091.html"},"author":{"name":"solivri","@id":"https:\/\/www.justiceinfo.net\/fr#\/schema\/person\/6e53cba1629e2e66f3fc1821d3091865"},"headline":"27.06.11 - RWANDA\/TPIR - LE RWANDA SALUE LA CONDAMNATION D'UNE EX-MINISTRE","datePublished":"2011-06-26T22:00:00+00:00","mainEntityOfPage":{"@id":"https:\/\/www.justiceinfo.net\/fr\/13278-270611-rwandatpir-le-rwanda-salue-la-condamnation-dune-ex-ministre10091.html"},"wordCount":456,"commentCount":0,"publisher":{"@id":"https:\/\/www.justiceinfo.net\/fr#organization"},"articleSection":["Hirondelle News"],"inLanguage":"fr-FR","potentialAction":[{"@type":"CommentAction","name":"Comment","target":["https:\/\/www.justiceinfo.net\/fr\/13278-270611-rwandatpir-le-rwanda-salue-la-condamnation-dune-ex-ministre10091.html#respond"]}]},{"@type":"WebPage","@id":"https:\/\/www.justiceinfo.net\/fr\/13278-270611-rwandatpir-le-rwanda-salue-la-condamnation-dune-ex-ministre10091.html","url":"https:\/\/www.justiceinfo.net\/fr\/13278-270611-rwandatpir-le-rwanda-salue-la-condamnation-dune-ex-ministre10091.html","name":"27.06.11 - RWANDA\/TPIR - LE RWANDA SALUE LA CONDAMNATION D'UNE EX-MINISTRE - JusticeInfo.net","isPartOf":{"@id":"https:\/\/www.justiceinfo.net\/fr#website"},"datePublished":"2011-06-26T22:00:00+00:00","breadcrumb":{"@id":"https:\/\/www.justiceinfo.net\/fr\/13278-270611-rwandatpir-le-rwanda-salue-la-condamnation-dune-ex-ministre10091.html#breadcrumb"},"inLanguage":"fr-FR","potentialAction":[{"@type":"ReadAction","target":["https:\/\/www.justiceinfo.net\/fr\/13278-270611-rwandatpir-le-rwanda-salue-la-condamnation-dune-ex-ministre10091.html"]}]},{"@type":"BreadcrumbList","@id":"https:\/\/www.justiceinfo.net\/fr\/13278-270611-rwandatpir-le-rwanda-salue-la-condamnation-dune-ex-ministre10091.html#breadcrumb","itemListElement":[{"@type":"ListItem","position":1,"name":"Home","item":"https:\/\/www.justiceinfo.net\/fr"},{"@type":"ListItem","position":2,"name":"27.06.11 - RWANDA\/TPIR - LE RWANDA SALUE LA CONDAMNATION D'UNE EX-MINISTRE"}]},{"@type":"WebSite","@id":"https:\/\/www.justiceinfo.net\/fr#website","url":"https:\/\/www.justiceinfo.net\/fr","name":"JusticeInfo.net","description":"La justice doit \u00eatre vue pour \u00eatre rendue","publisher":{"@id":"https:\/\/www.justiceinfo.net\/fr#organization"},"potentialAction":[{"@type":"SearchAction","target":{"@type":"EntryPoint","urlTemplate":"https:\/\/www.justiceinfo.net\/fr?s={search_term_string}"},"query-input":{"@type":"PropertyValueSpecification","valueRequired":true,"valueName":"search_term_string"}}],"inLanguage":"fr-FR"},{"@type":"Organization","@id":"https:\/\/www.justiceinfo.net\/fr#organization","name":"Justice Info","url":"https:\/\/www.justiceinfo.net\/fr","logo":{"@type":"ImageObject","inLanguage":"fr-FR","@id":"https:\/\/www.justiceinfo.net\/fr#\/schema\/logo\/image\/","url":"https:\/\/www.justiceinfo.net\/wp-content\/uploads\/justiceinfo_logo-trans_1200x1200px.png","contentUrl":"https:\/\/www.justiceinfo.net\/wp-content\/uploads\/justiceinfo_logo-trans_1200x1200px.png","width":1199,"height":1200,"caption":"Justice Info"},"image":{"@id":"https:\/\/www.justiceinfo.net\/fr#\/schema\/logo\/image\/"},"sameAs":["https:\/\/www.facebook.com\/JusticeInfo\/","https:\/\/x.com\/justiceinfonet","https:\/\/www.linkedin.com\/company\/justice-info","https:\/\/www.youtube.com\/channel\/UCyCEsARodyuWtkWyhn-e7pA"]},{"@type":"Person","name":"solivri","url":"\/fr\/?s=solivri"}]}},"_links":{"self":[{"href":"https:\/\/www.justiceinfo.net\/fr\/wp-json\/wp\/v2\/posts\/13278","targetHints":{"allow":["GET"]}}],"collection":[{"href":"https:\/\/www.justiceinfo.net\/fr\/wp-json\/wp\/v2\/posts"}],"about":[{"href":"https:\/\/www.justiceinfo.net\/fr\/wp-json\/wp\/v2\/types\/post"}],"author":[{"embeddable":true,"href":"https:\/\/www.justiceinfo.net\/fr\/wp-json\/wp\/v2\/users\/64"}],"replies":[{"embeddable":true,"href":"https:\/\/www.justiceinfo.net\/fr\/wp-json\/wp\/v2\/comments?post=13278"}],"version-history":[{"count":0,"href":"https:\/\/www.justiceinfo.net\/fr\/wp-json\/wp\/v2\/posts\/13278\/revisions"}],"wp:attachment":[{"href":"https:\/\/www.justiceinfo.net\/fr\/wp-json\/wp\/v2\/media?parent=13278"}],"wp:term":[{"taxonomy":"category","embeddable":true,"href":"https:\/\/www.justiceinfo.net\/fr\/wp-json\/wp\/v2\/categories?post=13278"},{"taxonomy":"post_tag","embeddable":true,"href":"https:\/\/www.justiceinfo.net\/fr\/wp-json\/wp\/v2\/tags?post=13278"},{"taxonomy":"ji_location","embeddable":true,"href":"https:\/\/www.justiceinfo.net\/fr\/wp-json\/wp\/v2\/ji_location?post=13278"}],"curies":[{"name":"wp","href":"https:\/\/api.w.org\/{rel}","templated":true}]}}