{"id":13288,"date":"2011-06-28T00:00:00","date_gmt":"2011-06-27T22:00:00","guid":{"rendered":"https:\/\/www.justiceinfo.net\/13288-280611-cpilibye-ocampo-demande-aux-proches-de-kadhafi-de-larreter10101.html"},"modified":"2011-06-28T00:00:00","modified_gmt":"2011-06-27T22:00:00","slug":"280611-cpilibye-ocampo-demande-aux-proches-de-kadhafi-de-larreter10101","status":"publish","type":"post","link":"https:\/\/www.justiceinfo.net\/fr\/13288-280611-cpilibye-ocampo-demande-aux-proches-de-kadhafi-de-larreter10101.html","title":{"rendered":"28.06.11 - CPI\/LIBYE - OCAMPO DEMANDE AUX PROCHES DE KADHAFI DE L'ARRETER"},"content":{"rendered":"<p>\nLa Haye, 28 juin 2011 (FH) - Le procureur de la Cour p&eacute;nale internationale (CPI) Luis Moreno Ocampo a estim&eacute; mardi que la Libye avait la responsabilit&eacute; premi&egrave;re de mettre en &oelig;uvre les mandats d'arr&ecirc;t &raquo;. Le procureur s'exprimait au cours d'une conf&eacute;rence de presse &agrave; La Haye, suite &agrave; la d&eacute;livrance de trois mandats d'arr&ecirc;t pour crimes contre l'humanit&eacute; contre Mouammar Kadhafi, son fils, Sa&iuml;f Al-Islam Kadhafi et le chef des renseignements militaires, Abdullah Al-Senoussi.\n<\/p>\n<p><!--more--><\/p>\n<p >\n<p >\n<p >\nLa Cour avait &eacute;t&eacute; saisie par le Conseil de s&eacute;curit&eacute; des Nations unies des crimes commis en Libye, le 26 f&eacute;vrier. Dans la r&eacute;solution 1970, l'Onu soulignait l'obligation, pour la Libye, de coop&eacute;rer avec la Cour. &laquo; La premi&egrave;re option est le cercle proche de Kadhafi. Ils peuvent mettre en &oelig;uvre les mandats d'arr&ecirc;t &raquo; a harangu&eacute; Ocampo, avant de menacer : &laquo;Ils peuvent choisir d'&ecirc;tre partie du probl&egrave;me et d'&ecirc;tre poursuivis, ou d'&ecirc;tre partie de la solution, travailler avec les autres libyens et arr&ecirc;ter les criminels &raquo;.\n<\/p>\n<p >\n<p >\nLa seconde option envisag&eacute;e par le procureur est l'arrestation des suspects par le Conseil national de transition (CNT). &laquo; Nous devons les arr&ecirc;ter nous-m&ecirc;mes &raquo;, avait estim&eacute; lundi, &agrave; La Haye, Mohammed El-Alagi, charg&eacute; de la Justice au sein du Conseil national de transition (CNT), avant d'assurer que &laquo; le r&eacute;gime est proche de tomber. Nous sommes en train de lib&eacute;rer la ville du r&eacute;gime Kadhafi &raquo;.\n<\/p>\n<p >\n<p >\nLe procureur a, en revanche, d&eacute;douan&eacute; l'Otan de toute obligation. &laquo; Les forces internationales (...) n'ont pas pour mandat de mettre en &oelig;uvre les mandats d'arr&ecirc;t et la Cour ne le demande pas &raquo; a-t-il d&eacute;clar&eacute;. La Coalition, autoris&eacute;e par les Nations unies le 17 mars, et pass&eacute;e sous contr&ocirc;le de l'Otan, comprend deux Etats cl&eacute;s, la France et le Royaume Uni, qui font partie des 116 &eacute;tats parties &agrave; la CPI.\n<\/p>\n<p >\n<p >\nLes mandats d'arr&ecirc;t pourraient compliquer les n&eacute;gociations pour un exil du Guide libyen, qui continue cependant de rejeter cette option. &laquo; Plus que jamais, il y a un besoin urgent de n&eacute;gociation &raquo; a estim&eacute; le procureur, mais les n&eacute;gociations doivent respecter la r&eacute;solution 1970 de rendre justice en Libye, et la d&eacute;cision de la Cour &raquo;.\n<\/p>\n<p >\n<p >\nLe procureur a confirm&eacute; qu'il poursuivait son enqu&ecirc;te. Luis Moreno Ocampo n'a cependant pas l'intention, aujourd'hui, de poursuivre les responsables de crimes commis du c&ocirc;t&eacute; des rebelles. &laquo; Nous devons concentrer nos enqu&ecirc;tes sur les crimes commis par les forces de Kadhafi &raquo;, a-t-il expliqu&eacute;, estimant que leur gravit&eacute; n'est pas comparable.\n<\/p>\n<p >\n<p >\nSM\/ER\/GF\n<\/p>\n<p>\n&copy; Agence Hirondelle\n<\/p><\/p>\n","protected":false},"excerpt":{"rendered":"<p>La Haye, 28 juin 2011 (FH) - Le procureur de la Cour p&eacute;nale internationale (CPI) Luis Moreno Ocampo a estim&eacute; mardi que la Libye avait la responsabilit&eacute; premi&egrave;re de mettre en &oelig;uvre les mandats d'arr&ecirc;t &raquo;. Le procureur s'exprimait au cours d'une conf&eacute;rence de presse &agrave; La Haye, suite &agrave; la d&eacute;livrance de trois mandats [&hellip;]<\/p>\n","protected":false},"author":64,"featured_media":0,"comment_status":"open","ping_status":"closed","sticky":false,"template":"","format":"standard","meta":{"_acf_changed":false,"footnotes":""},"categories":[554],"tags":[],"ji_location":[],"class_list":["post-13288","post","type-post","status-publish","format-standard","hentry","category-hirondellenews"],"acf":[],"yoast_head":"<!-- This site is optimized with the Yoast SEO Premium plugin v25.3.1 (Yoast SEO v25.3.1) - https:\/\/yoast.com\/wordpress\/plugins\/seo\/ -->\n<title>28.06.11 - CPI\/LIBYE - OCAMPO DEMANDE AUX PROCHES DE KADHAFI DE L&#039;ARRETER - JusticeInfo.net<\/title>\n<meta name=\"robots\" content=\"index, follow, max-snippet:-1, max-image-preview:large, max-video-preview:-1\" \/>\n<link rel=\"canonical\" href=\"https:\/\/www.justiceinfo.net\/fr\/13288-280611-cpilibye-ocampo-demande-aux-proches-de-kadhafi-de-larreter10101.html\" \/>\n<meta property=\"og:locale\" content=\"fr_FR\" \/>\n<meta property=\"og:type\" content=\"article\" \/>\n<meta property=\"og:title\" content=\"28.06.11 - CPI\/LIBYE - OCAMPO DEMANDE AUX PROCHES DE KADHAFI DE L&#039;ARRETER\" \/>\n<meta property=\"og:description\" content=\"La Haye, 28 juin 2011 (FH) - Le procureur de la Cour p&eacute;nale internationale (CPI) Luis Moreno Ocampo a estim&eacute; mardi que la Libye avait la responsabilit&eacute; premi&egrave;re de mettre en &oelig;uvre les mandats d&#039;arr&ecirc;t &raquo;. Le procureur s&#039;exprimait au cours d&#039;une conf&eacute;rence de presse &agrave; La Haye, suite &agrave; la d&eacute;livrance de trois mandats [&hellip;]\" \/>\n<meta property=\"og:url\" content=\"https:\/\/www.justiceinfo.net\/fr\/13288-280611-cpilibye-ocampo-demande-aux-proches-de-kadhafi-de-larreter10101.html\" \/>\n<meta property=\"og:site_name\" content=\"JusticeInfo.net\" \/>\n<meta property=\"article:publisher\" content=\"https:\/\/www.facebook.com\/JusticeInfo\/\" \/>\n<meta property=\"article:published_time\" content=\"2011-06-27T22:00:00+00:00\" \/>\n<meta property=\"og:image\" content=\"https:\/\/www.justiceinfo.net\/wp-content\/uploads\/JusticeInfoNet_logo_1200x630px.jpg\" \/>\n\t<meta property=\"og:image:width\" content=\"1200\" \/>\n\t<meta property=\"og:image:height\" content=\"630\" \/>\n\t<meta property=\"og:image:type\" content=\"image\/jpeg\" \/>\n<meta name=\"author\" content=\"solivri\" \/>\n<meta name=\"twitter:card\" content=\"summary_large_image\" \/>\n<meta name=\"twitter:creator\" content=\"@justiceinfonet\" \/>\n<meta name=\"twitter:site\" content=\"@justiceinfonet\" \/>\n<meta name=\"twitter:label1\" content=\"\u00c9crit par\" \/>\n\t<meta name=\"twitter:data1\" content=\"solivri\" \/>\n\t<meta name=\"twitter:label2\" content=\"Dur\u00e9e de lecture estim\u00e9e\" \/>\n\t<meta name=\"twitter:data2\" content=\"3 minutes\" \/>\n<script type=\"application\/ld+json\" class=\"yoast-schema-graph\">{\"@context\":\"https:\/\/schema.org\",\"@graph\":[{\"@type\":\"NewsArticle\",\"@id\":\"https:\/\/www.justiceinfo.net\/fr\/13288-280611-cpilibye-ocampo-demande-aux-proches-de-kadhafi-de-larreter10101.html#article\",\"isPartOf\":{\"@id\":\"https:\/\/www.justiceinfo.net\/fr\/13288-280611-cpilibye-ocampo-demande-aux-proches-de-kadhafi-de-larreter10101.html\"},\"author\":{\"name\":\"solivri\",\"@id\":\"https:\/\/www.justiceinfo.net\/fr#\/schema\/person\/6e53cba1629e2e66f3fc1821d3091865\"},\"headline\":\"28.06.11 - CPI\/LIBYE - OCAMPO DEMANDE AUX PROCHES DE KADHAFI DE L'ARRETER\",\"datePublished\":\"2011-06-27T22:00:00+00:00\",\"mainEntityOfPage\":{\"@id\":\"https:\/\/www.justiceinfo.net\/fr\/13288-280611-cpilibye-ocampo-demande-aux-proches-de-kadhafi-de-larreter10101.html\"},\"wordCount\":543,\"commentCount\":0,\"publisher\":{\"@id\":\"https:\/\/www.justiceinfo.net\/fr#organization\"},\"articleSection\":[\"Hirondelle News\"],\"inLanguage\":\"fr-FR\",\"potentialAction\":[{\"@type\":\"CommentAction\",\"name\":\"Comment\",\"target\":[\"https:\/\/www.justiceinfo.net\/fr\/13288-280611-cpilibye-ocampo-demande-aux-proches-de-kadhafi-de-larreter10101.html#respond\"]}]},{\"@type\":\"WebPage\",\"@id\":\"https:\/\/www.justiceinfo.net\/fr\/13288-280611-cpilibye-ocampo-demande-aux-proches-de-kadhafi-de-larreter10101.html\",\"url\":\"https:\/\/www.justiceinfo.net\/fr\/13288-280611-cpilibye-ocampo-demande-aux-proches-de-kadhafi-de-larreter10101.html\",\"name\":\"28.06.11 - CPI\/LIBYE - OCAMPO DEMANDE AUX PROCHES DE KADHAFI DE L'ARRETER - JusticeInfo.net\",\"isPartOf\":{\"@id\":\"https:\/\/www.justiceinfo.net\/fr#website\"},\"datePublished\":\"2011-06-27T22:00:00+00:00\",\"breadcrumb\":{\"@id\":\"https:\/\/www.justiceinfo.net\/fr\/13288-280611-cpilibye-ocampo-demande-aux-proches-de-kadhafi-de-larreter10101.html#breadcrumb\"},\"inLanguage\":\"fr-FR\",\"potentialAction\":[{\"@type\":\"ReadAction\",\"target\":[\"https:\/\/www.justiceinfo.net\/fr\/13288-280611-cpilibye-ocampo-demande-aux-proches-de-kadhafi-de-larreter10101.html\"]}]},{\"@type\":\"BreadcrumbList\",\"@id\":\"https:\/\/www.justiceinfo.net\/fr\/13288-280611-cpilibye-ocampo-demande-aux-proches-de-kadhafi-de-larreter10101.html#breadcrumb\",\"itemListElement\":[{\"@type\":\"ListItem\",\"position\":1,\"name\":\"Home\",\"item\":\"https:\/\/www.justiceinfo.net\/fr\"},{\"@type\":\"ListItem\",\"position\":2,\"name\":\"28.06.11 - CPI\/LIBYE - OCAMPO DEMANDE AUX PROCHES DE KADHAFI DE L'ARRETER\"}]},{\"@type\":\"WebSite\",\"@id\":\"https:\/\/www.justiceinfo.net\/fr#website\",\"url\":\"https:\/\/www.justiceinfo.net\/fr\",\"name\":\"JusticeInfo.net\",\"description\":\"La justice doit \u00eatre vue pour \u00eatre rendue\",\"publisher\":{\"@id\":\"https:\/\/www.justiceinfo.net\/fr#organization\"},\"potentialAction\":[{\"@type\":\"SearchAction\",\"target\":{\"@type\":\"EntryPoint\",\"urlTemplate\":\"https:\/\/www.justiceinfo.net\/fr?s={search_term_string}\"},\"query-input\":{\"@type\":\"PropertyValueSpecification\",\"valueRequired\":true,\"valueName\":\"search_term_string\"}}],\"inLanguage\":\"fr-FR\"},{\"@type\":\"Organization\",\"@id\":\"https:\/\/www.justiceinfo.net\/fr#organization\",\"name\":\"Justice Info\",\"url\":\"https:\/\/www.justiceinfo.net\/fr\",\"logo\":{\"@type\":\"ImageObject\",\"inLanguage\":\"fr-FR\",\"@id\":\"https:\/\/www.justiceinfo.net\/fr#\/schema\/logo\/image\/\",\"url\":\"https:\/\/www.justiceinfo.net\/wp-content\/uploads\/justiceinfo_logo-trans_1200x1200px.png\",\"contentUrl\":\"https:\/\/www.justiceinfo.net\/wp-content\/uploads\/justiceinfo_logo-trans_1200x1200px.png\",\"width\":1199,\"height\":1200,\"caption\":\"Justice Info\"},\"image\":{\"@id\":\"https:\/\/www.justiceinfo.net\/fr#\/schema\/logo\/image\/\"},\"sameAs\":[\"https:\/\/www.facebook.com\/JusticeInfo\/\",\"https:\/\/x.com\/justiceinfonet\",\"https:\/\/www.linkedin.com\/company\/justice-info\",\"https:\/\/www.youtube.com\/channel\/UCyCEsARodyuWtkWyhn-e7pA\"]},{\"@type\":\"Person\",\"name\":\"solivri\",\"url\":\"\/fr\/?s=solivri\"}]}<\/script>\n<!-- \/ Yoast SEO Premium plugin. -->","yoast_head_json":{"title":"28.06.11 - CPI\/LIBYE - OCAMPO DEMANDE AUX PROCHES DE KADHAFI DE L'ARRETER - JusticeInfo.net","robots":{"index":"index","follow":"follow","max-snippet":"max-snippet:-1","max-image-preview":"max-image-preview:large","max-video-preview":"max-video-preview:-1"},"canonical":"https:\/\/www.justiceinfo.net\/fr\/13288-280611-cpilibye-ocampo-demande-aux-proches-de-kadhafi-de-larreter10101.html","og_locale":"fr_FR","og_type":"article","og_title":"28.06.11 - CPI\/LIBYE - OCAMPO DEMANDE AUX PROCHES DE KADHAFI DE L'ARRETER","og_description":"La Haye, 28 juin 2011 (FH) - Le procureur de la Cour p&eacute;nale internationale (CPI) Luis Moreno Ocampo a estim&eacute; mardi que la Libye avait la responsabilit&eacute; premi&egrave;re de mettre en &oelig;uvre les mandats d'arr&ecirc;t &raquo;. Le procureur s'exprimait au cours d'une conf&eacute;rence de presse &agrave; La Haye, suite &agrave; la d&eacute;livrance de trois mandats [&hellip;]","og_url":"https:\/\/www.justiceinfo.net\/fr\/13288-280611-cpilibye-ocampo-demande-aux-proches-de-kadhafi-de-larreter10101.html","og_site_name":"JusticeInfo.net","article_publisher":"https:\/\/www.facebook.com\/JusticeInfo\/","article_published_time":"2011-06-27T22:00:00+00:00","og_image":[{"width":1200,"height":630,"url":"https:\/\/www.justiceinfo.net\/wp-content\/uploads\/JusticeInfoNet_logo_1200x630px.jpg","type":"image\/jpeg"}],"author":"solivri","twitter_card":"summary_large_image","twitter_creator":"@justiceinfonet","twitter_site":"@justiceinfonet","twitter_misc":{"\u00c9crit par":"solivri","Dur\u00e9e de lecture estim\u00e9e":"3 minutes"},"schema":{"@context":"https:\/\/schema.org","@graph":[{"@type":"NewsArticle","@id":"https:\/\/www.justiceinfo.net\/fr\/13288-280611-cpilibye-ocampo-demande-aux-proches-de-kadhafi-de-larreter10101.html#article","isPartOf":{"@id":"https:\/\/www.justiceinfo.net\/fr\/13288-280611-cpilibye-ocampo-demande-aux-proches-de-kadhafi-de-larreter10101.html"},"author":{"name":"solivri","@id":"https:\/\/www.justiceinfo.net\/fr#\/schema\/person\/6e53cba1629e2e66f3fc1821d3091865"},"headline":"28.06.11 - CPI\/LIBYE - OCAMPO DEMANDE AUX PROCHES DE KADHAFI DE L'ARRETER","datePublished":"2011-06-27T22:00:00+00:00","mainEntityOfPage":{"@id":"https:\/\/www.justiceinfo.net\/fr\/13288-280611-cpilibye-ocampo-demande-aux-proches-de-kadhafi-de-larreter10101.html"},"wordCount":543,"commentCount":0,"publisher":{"@id":"https:\/\/www.justiceinfo.net\/fr#organization"},"articleSection":["Hirondelle News"],"inLanguage":"fr-FR","potentialAction":[{"@type":"CommentAction","name":"Comment","target":["https:\/\/www.justiceinfo.net\/fr\/13288-280611-cpilibye-ocampo-demande-aux-proches-de-kadhafi-de-larreter10101.html#respond"]}]},{"@type":"WebPage","@id":"https:\/\/www.justiceinfo.net\/fr\/13288-280611-cpilibye-ocampo-demande-aux-proches-de-kadhafi-de-larreter10101.html","url":"https:\/\/www.justiceinfo.net\/fr\/13288-280611-cpilibye-ocampo-demande-aux-proches-de-kadhafi-de-larreter10101.html","name":"28.06.11 - CPI\/LIBYE - OCAMPO DEMANDE AUX PROCHES DE KADHAFI DE L'ARRETER - JusticeInfo.net","isPartOf":{"@id":"https:\/\/www.justiceinfo.net\/fr#website"},"datePublished":"2011-06-27T22:00:00+00:00","breadcrumb":{"@id":"https:\/\/www.justiceinfo.net\/fr\/13288-280611-cpilibye-ocampo-demande-aux-proches-de-kadhafi-de-larreter10101.html#breadcrumb"},"inLanguage":"fr-FR","potentialAction":[{"@type":"ReadAction","target":["https:\/\/www.justiceinfo.net\/fr\/13288-280611-cpilibye-ocampo-demande-aux-proches-de-kadhafi-de-larreter10101.html"]}]},{"@type":"BreadcrumbList","@id":"https:\/\/www.justiceinfo.net\/fr\/13288-280611-cpilibye-ocampo-demande-aux-proches-de-kadhafi-de-larreter10101.html#breadcrumb","itemListElement":[{"@type":"ListItem","position":1,"name":"Home","item":"https:\/\/www.justiceinfo.net\/fr"},{"@type":"ListItem","position":2,"name":"28.06.11 - CPI\/LIBYE - OCAMPO DEMANDE AUX PROCHES DE KADHAFI DE L'ARRETER"}]},{"@type":"WebSite","@id":"https:\/\/www.justiceinfo.net\/fr#website","url":"https:\/\/www.justiceinfo.net\/fr","name":"JusticeInfo.net","description":"La justice doit \u00eatre vue pour \u00eatre rendue","publisher":{"@id":"https:\/\/www.justiceinfo.net\/fr#organization"},"potentialAction":[{"@type":"SearchAction","target":{"@type":"EntryPoint","urlTemplate":"https:\/\/www.justiceinfo.net\/fr?s={search_term_string}"},"query-input":{"@type":"PropertyValueSpecification","valueRequired":true,"valueName":"search_term_string"}}],"inLanguage":"fr-FR"},{"@type":"Organization","@id":"https:\/\/www.justiceinfo.net\/fr#organization","name":"Justice Info","url":"https:\/\/www.justiceinfo.net\/fr","logo":{"@type":"ImageObject","inLanguage":"fr-FR","@id":"https:\/\/www.justiceinfo.net\/fr#\/schema\/logo\/image\/","url":"https:\/\/www.justiceinfo.net\/wp-content\/uploads\/justiceinfo_logo-trans_1200x1200px.png","contentUrl":"https:\/\/www.justiceinfo.net\/wp-content\/uploads\/justiceinfo_logo-trans_1200x1200px.png","width":1199,"height":1200,"caption":"Justice Info"},"image":{"@id":"https:\/\/www.justiceinfo.net\/fr#\/schema\/logo\/image\/"},"sameAs":["https:\/\/www.facebook.com\/JusticeInfo\/","https:\/\/x.com\/justiceinfonet","https:\/\/www.linkedin.com\/company\/justice-info","https:\/\/www.youtube.com\/channel\/UCyCEsARodyuWtkWyhn-e7pA"]},{"@type":"Person","name":"solivri","url":"\/fr\/?s=solivri"}]}},"_links":{"self":[{"href":"https:\/\/www.justiceinfo.net\/fr\/wp-json\/wp\/v2\/posts\/13288","targetHints":{"allow":["GET"]}}],"collection":[{"href":"https:\/\/www.justiceinfo.net\/fr\/wp-json\/wp\/v2\/posts"}],"about":[{"href":"https:\/\/www.justiceinfo.net\/fr\/wp-json\/wp\/v2\/types\/post"}],"author":[{"embeddable":true,"href":"https:\/\/www.justiceinfo.net\/fr\/wp-json\/wp\/v2\/users\/64"}],"replies":[{"embeddable":true,"href":"https:\/\/www.justiceinfo.net\/fr\/wp-json\/wp\/v2\/comments?post=13288"}],"version-history":[{"count":0,"href":"https:\/\/www.justiceinfo.net\/fr\/wp-json\/wp\/v2\/posts\/13288\/revisions"}],"wp:attachment":[{"href":"https:\/\/www.justiceinfo.net\/fr\/wp-json\/wp\/v2\/media?parent=13288"}],"wp:term":[{"taxonomy":"category","embeddable":true,"href":"https:\/\/www.justiceinfo.net\/fr\/wp-json\/wp\/v2\/categories?post=13288"},{"taxonomy":"post_tag","embeddable":true,"href":"https:\/\/www.justiceinfo.net\/fr\/wp-json\/wp\/v2\/tags?post=13288"},{"taxonomy":"ji_location","embeddable":true,"href":"https:\/\/www.justiceinfo.net\/fr\/wp-json\/wp\/v2\/ji_location?post=13288"}],"curies":[{"name":"wp","href":"https:\/\/api.w.org\/{rel}","templated":true}]}}