{"id":13292,"date":"2011-06-28T00:00:00","date_gmt":"2011-06-27T22:00:00","guid":{"rendered":"https:\/\/www.justiceinfo.net\/13292-280611-francerwanda-des-militaires-francais-accuses-de-viols-au-rwanda-plainte10105.html"},"modified":"2011-06-28T00:00:00","modified_gmt":"2011-06-27T22:00:00","slug":"280611-francerwanda-des-militaires-francais-accuses-de-viols-au-rwanda-plainte10105","status":"publish","type":"post","link":"https:\/\/www.justiceinfo.net\/fr\/13292-280611-francerwanda-des-militaires-francais-accuses-de-viols-au-rwanda-plainte10105.html","title":{"rendered":"28.06.11 - FRANCE\/RWANDA - DES MILITAIRES FRAN\u00c7AIS ACCUSES DE VIOLS AU RWANDA (PLAINTE)"},"content":{"rendered":"<p>\nParis, 28 juin 2011 (FH) - Trois femmes rwandaises ayant port&eacute;&nbsp; plainte pour viol contre des militaires fran&ccedil;ais de l'op&eacute;ration&nbsp; Turquoise ont d&eacute;cid&eacute; mardi de parler devant la presse, alors que&nbsp; vient d'&ecirc;tre report&eacute;e leur audition pr&eacute;vue les 28, 29 et 30 juin&nbsp; devant un juge d'instruction du Tribunal aux arm&eacute;es de Paris.\n<\/p>\n<p><!--more--><\/p>\n<p >\n<p >\n<p >\n&quot;Tous les militaires savaient ce qui se passait, a t&eacute;moign&eacute;&nbsp; mardi sur France Inter une des plaignantes d&eacute;sign&eacute;e sous le&nbsp; pseudonyme d'Olive. Pour les gens autour de moi, c'est comme une&nbsp; souillure et maintenant je veux la justice pour retrouver ma dignit&eacute;.&quot;\n<\/p>\n<p >\n<p >\nLes trois plaignantes Tutsi &eacute;taient convoqu&eacute;es par le juge&nbsp; d'instruction Fr&eacute;d&eacute;ric Digne, pour une audition concernant ces&nbsp; plaintes contre X d&eacute;pos&eacute;es en 2009 contre l'arm&eacute;e fran&ccedil;aise. Elles&nbsp; accusent de viol des soldats de l'op&eacute;ration Turquoise, men&eacute;e par la&nbsp; France du 22 juin au 22 ao&ucirc;t 1994 pour prot&eacute;ger les populations&nbsp; menac&eacute;es par les affrontements entre le gouvernement int&eacute;rimaire et&nbsp; le Front patriotique rwandais (FPR).\n<\/p>\n<p >\n<p >\nLeurs t&eacute;moignages avaient &eacute;t&eacute; recueillis au Rwanda en 2004 par un&nbsp; m&eacute;decin fran&ccedil;ais, Annie Faure, qui travaillait au Rwanda pour l'ONG&nbsp; M&eacute;decins du Monde durant le g&eacute;nocide de 1994, et qui les a port&eacute;s&nbsp; devant les tribunaux fran&ccedil;ais. Une instruction a &eacute;t&eacute; ouverte le 30&nbsp; mars 2010 devant le Tribunal aux arm&eacute;es de Paris, pour crimes contre&nbsp; l'humanit&eacute;.\n<\/p>\n<p >\n<p >\n&quot;L'audition pr&eacute;vue cette semaine &eacute;tait le premier acte d'instruction&nbsp; dans ce dossier, pr&eacute;cise l'avocate des trois plaignantes, Me Laure&nbsp; Heinich-Luijer. Le juge Digne a &eacute;galement demand&eacute; une expertise&nbsp; m&eacute;dico-psychologique, qui sera effectu&eacute;e cette semaine. Le juge&nbsp; serait arr&ecirc;t&eacute; pour trois mois, nous esp&eacute;rons qu'il pourra les&nbsp; auditionner avant la dissolution du tribunal aux arm&eacute;es, pr&eacute;vue pour&nbsp; fin d&eacute;cembre.&quot;\n<\/p>\n<p >\n<p >\nCr&eacute;&eacute; en 1999 pour statuer sur les infractions commises par des&nbsp; militaires hors du territoire national, le tribunal aux arm&eacute;es de&nbsp; Paris est amen&eacute; &agrave; dispara&icirc;tre. Ses dossiers devraient d&egrave;s lors&nbsp; rejoindre le p&ocirc;le judiciaire sp&eacute;cialis&eacute; dans les crimes les plus&nbsp; graves, en voie de constitution au Tribunal de grande instance de Paris.\n<\/p>\n<p >\n<p >\nLes trois rwandaises venues t&eacute;moigner devant le juge d'instruction&nbsp; fran&ccedil;ais devront repartir dans leur pays. Contact&eacute;e par l'agence&nbsp; Hirondelle, la greffi&egrave;re du juge Digne confirme que ce report est d&ucirc;&nbsp; &agrave; des &quot;raisons m&eacute;dicales&quot;. La date d'une nouvelle convocation n'a pas&nbsp; &eacute;t&eacute; fix&eacute;e.\n<\/p>\n<p >\n<p >\nFP\/ER\/GF\n<\/p>\n<p >\n<p>\n&copy; Agence Hirondelle<\/p>\n","protected":false},"excerpt":{"rendered":"<p>Paris, 28 juin 2011 (FH) - Trois femmes rwandaises ayant port&eacute;&nbsp; plainte pour viol contre des militaires fran&ccedil;ais de l'op&eacute;ration&nbsp; Turquoise ont d&eacute;cid&eacute; mardi de parler devant la presse, alors que&nbsp; vient d'&ecirc;tre report&eacute;e leur audition pr&eacute;vue les 28, 29 et 30 juin&nbsp; devant un juge d'instruction du Tribunal aux arm&eacute;es de Paris.<\/p>\n","protected":false},"author":64,"featured_media":0,"comment_status":"open","ping_status":"closed","sticky":false,"template":"","format":"standard","meta":{"_acf_changed":false,"footnotes":""},"categories":[554],"tags":[],"ji_location":[],"class_list":["post-13292","post","type-post","status-publish","format-standard","hentry","category-hirondellenews"],"acf":[],"yoast_head":"<!-- This site is optimized with the Yoast SEO Premium plugin v25.3.1 (Yoast SEO v25.3.1) - https:\/\/yoast.com\/wordpress\/plugins\/seo\/ -->\n<title>28.06.11 - FRANCE\/RWANDA - DES MILITAIRES FRAN\u00c7AIS ACCUSES DE VIOLS AU RWANDA (PLAINTE) - JusticeInfo.net<\/title>\n<meta name=\"robots\" content=\"index, follow, max-snippet:-1, max-image-preview:large, max-video-preview:-1\" \/>\n<link rel=\"canonical\" href=\"https:\/\/www.justiceinfo.net\/fr\/13292-280611-francerwanda-des-militaires-francais-accuses-de-viols-au-rwanda-plainte10105.html\" \/>\n<meta property=\"og:locale\" content=\"fr_FR\" \/>\n<meta property=\"og:type\" content=\"article\" \/>\n<meta property=\"og:title\" content=\"28.06.11 - FRANCE\/RWANDA - DES MILITAIRES FRAN\u00c7AIS ACCUSES DE VIOLS AU RWANDA (PLAINTE)\" \/>\n<meta property=\"og:description\" content=\"Paris, 28 juin 2011 (FH) - Trois femmes rwandaises ayant port&eacute;&nbsp; plainte pour viol contre des militaires fran&ccedil;ais de l&#039;op&eacute;ration&nbsp; Turquoise ont d&eacute;cid&eacute; mardi de parler devant la presse, alors que&nbsp; vient d&#039;&ecirc;tre report&eacute;e leur audition pr&eacute;vue les 28, 29 et 30 juin&nbsp; devant un juge d&#039;instruction du Tribunal aux arm&eacute;es de Paris.\" \/>\n<meta property=\"og:url\" content=\"https:\/\/www.justiceinfo.net\/fr\/13292-280611-francerwanda-des-militaires-francais-accuses-de-viols-au-rwanda-plainte10105.html\" \/>\n<meta property=\"og:site_name\" content=\"JusticeInfo.net\" \/>\n<meta property=\"article:publisher\" content=\"https:\/\/www.facebook.com\/JusticeInfo\/\" \/>\n<meta property=\"article:published_time\" content=\"2011-06-27T22:00:00+00:00\" \/>\n<meta property=\"og:image\" content=\"https:\/\/www.justiceinfo.net\/wp-content\/uploads\/JusticeInfoNet_logo_1200x630px.jpg\" \/>\n\t<meta property=\"og:image:width\" content=\"1200\" \/>\n\t<meta property=\"og:image:height\" content=\"630\" \/>\n\t<meta property=\"og:image:type\" content=\"image\/jpeg\" \/>\n<meta name=\"author\" content=\"solivri\" \/>\n<meta name=\"twitter:card\" content=\"summary_large_image\" \/>\n<meta name=\"twitter:creator\" content=\"@justiceinfonet\" \/>\n<meta name=\"twitter:site\" content=\"@justiceinfonet\" \/>\n<meta name=\"twitter:label1\" content=\"\u00c9crit par\" \/>\n\t<meta name=\"twitter:data1\" content=\"solivri\" \/>\n\t<meta name=\"twitter:label2\" content=\"Dur\u00e9e de lecture estim\u00e9e\" \/>\n\t<meta name=\"twitter:data2\" content=\"3 minutes\" \/>\n<script type=\"application\/ld+json\" class=\"yoast-schema-graph\">{\"@context\":\"https:\/\/schema.org\",\"@graph\":[{\"@type\":\"NewsArticle\",\"@id\":\"https:\/\/www.justiceinfo.net\/fr\/13292-280611-francerwanda-des-militaires-francais-accuses-de-viols-au-rwanda-plainte10105.html#article\",\"isPartOf\":{\"@id\":\"https:\/\/www.justiceinfo.net\/fr\/13292-280611-francerwanda-des-militaires-francais-accuses-de-viols-au-rwanda-plainte10105.html\"},\"author\":{\"name\":\"solivri\",\"@id\":\"https:\/\/www.justiceinfo.net\/fr#\/schema\/person\/6e53cba1629e2e66f3fc1821d3091865\"},\"headline\":\"28.06.11 - FRANCE\/RWANDA - DES MILITAIRES FRAN\u00c7AIS ACCUSES DE VIOLS AU RWANDA (PLAINTE)\",\"datePublished\":\"2011-06-27T22:00:00+00:00\",\"mainEntityOfPage\":{\"@id\":\"https:\/\/www.justiceinfo.net\/fr\/13292-280611-francerwanda-des-militaires-francais-accuses-de-viols-au-rwanda-plainte10105.html\"},\"wordCount\":555,\"commentCount\":0,\"publisher\":{\"@id\":\"https:\/\/www.justiceinfo.net\/fr#organization\"},\"articleSection\":[\"Hirondelle News\"],\"inLanguage\":\"fr-FR\",\"potentialAction\":[{\"@type\":\"CommentAction\",\"name\":\"Comment\",\"target\":[\"https:\/\/www.justiceinfo.net\/fr\/13292-280611-francerwanda-des-militaires-francais-accuses-de-viols-au-rwanda-plainte10105.html#respond\"]}]},{\"@type\":\"WebPage\",\"@id\":\"https:\/\/www.justiceinfo.net\/fr\/13292-280611-francerwanda-des-militaires-francais-accuses-de-viols-au-rwanda-plainte10105.html\",\"url\":\"https:\/\/www.justiceinfo.net\/fr\/13292-280611-francerwanda-des-militaires-francais-accuses-de-viols-au-rwanda-plainte10105.html\",\"name\":\"28.06.11 - FRANCE\/RWANDA - DES MILITAIRES FRAN\u00c7AIS ACCUSES DE VIOLS AU RWANDA (PLAINTE) - JusticeInfo.net\",\"isPartOf\":{\"@id\":\"https:\/\/www.justiceinfo.net\/fr#website\"},\"datePublished\":\"2011-06-27T22:00:00+00:00\",\"breadcrumb\":{\"@id\":\"https:\/\/www.justiceinfo.net\/fr\/13292-280611-francerwanda-des-militaires-francais-accuses-de-viols-au-rwanda-plainte10105.html#breadcrumb\"},\"inLanguage\":\"fr-FR\",\"potentialAction\":[{\"@type\":\"ReadAction\",\"target\":[\"https:\/\/www.justiceinfo.net\/fr\/13292-280611-francerwanda-des-militaires-francais-accuses-de-viols-au-rwanda-plainte10105.html\"]}]},{\"@type\":\"BreadcrumbList\",\"@id\":\"https:\/\/www.justiceinfo.net\/fr\/13292-280611-francerwanda-des-militaires-francais-accuses-de-viols-au-rwanda-plainte10105.html#breadcrumb\",\"itemListElement\":[{\"@type\":\"ListItem\",\"position\":1,\"name\":\"Home\",\"item\":\"https:\/\/www.justiceinfo.net\/fr\"},{\"@type\":\"ListItem\",\"position\":2,\"name\":\"28.06.11 - FRANCE\/RWANDA - DES MILITAIRES FRAN\u00c7AIS ACCUSES DE VIOLS AU RWANDA (PLAINTE)\"}]},{\"@type\":\"WebSite\",\"@id\":\"https:\/\/www.justiceinfo.net\/fr#website\",\"url\":\"https:\/\/www.justiceinfo.net\/fr\",\"name\":\"JusticeInfo.net\",\"description\":\"La justice doit \u00eatre vue pour \u00eatre rendue\",\"publisher\":{\"@id\":\"https:\/\/www.justiceinfo.net\/fr#organization\"},\"potentialAction\":[{\"@type\":\"SearchAction\",\"target\":{\"@type\":\"EntryPoint\",\"urlTemplate\":\"https:\/\/www.justiceinfo.net\/fr?s={search_term_string}\"},\"query-input\":{\"@type\":\"PropertyValueSpecification\",\"valueRequired\":true,\"valueName\":\"search_term_string\"}}],\"inLanguage\":\"fr-FR\"},{\"@type\":\"Organization\",\"@id\":\"https:\/\/www.justiceinfo.net\/fr#organization\",\"name\":\"Justice Info\",\"url\":\"https:\/\/www.justiceinfo.net\/fr\",\"logo\":{\"@type\":\"ImageObject\",\"inLanguage\":\"fr-FR\",\"@id\":\"https:\/\/www.justiceinfo.net\/fr#\/schema\/logo\/image\/\",\"url\":\"https:\/\/www.justiceinfo.net\/wp-content\/uploads\/justiceinfo_logo-trans_1200x1200px.png\",\"contentUrl\":\"https:\/\/www.justiceinfo.net\/wp-content\/uploads\/justiceinfo_logo-trans_1200x1200px.png\",\"width\":1199,\"height\":1200,\"caption\":\"Justice Info\"},\"image\":{\"@id\":\"https:\/\/www.justiceinfo.net\/fr#\/schema\/logo\/image\/\"},\"sameAs\":[\"https:\/\/www.facebook.com\/JusticeInfo\/\",\"https:\/\/x.com\/justiceinfonet\",\"https:\/\/www.linkedin.com\/company\/justice-info\",\"https:\/\/www.youtube.com\/channel\/UCyCEsARodyuWtkWyhn-e7pA\"]},{\"@type\":\"Person\",\"name\":\"solivri\",\"url\":\"\/fr\/?s=solivri\"}]}<\/script>\n<!-- \/ Yoast SEO Premium plugin. -->","yoast_head_json":{"title":"28.06.11 - FRANCE\/RWANDA - DES MILITAIRES FRAN\u00c7AIS ACCUSES DE VIOLS AU RWANDA (PLAINTE) - JusticeInfo.net","robots":{"index":"index","follow":"follow","max-snippet":"max-snippet:-1","max-image-preview":"max-image-preview:large","max-video-preview":"max-video-preview:-1"},"canonical":"https:\/\/www.justiceinfo.net\/fr\/13292-280611-francerwanda-des-militaires-francais-accuses-de-viols-au-rwanda-plainte10105.html","og_locale":"fr_FR","og_type":"article","og_title":"28.06.11 - FRANCE\/RWANDA - DES MILITAIRES FRAN\u00c7AIS ACCUSES DE VIOLS AU RWANDA (PLAINTE)","og_description":"Paris, 28 juin 2011 (FH) - Trois femmes rwandaises ayant port&eacute;&nbsp; plainte pour viol contre des militaires fran&ccedil;ais de l'op&eacute;ration&nbsp; Turquoise ont d&eacute;cid&eacute; mardi de parler devant la presse, alors que&nbsp; vient d'&ecirc;tre report&eacute;e leur audition pr&eacute;vue les 28, 29 et 30 juin&nbsp; devant un juge d'instruction du Tribunal aux arm&eacute;es de Paris.","og_url":"https:\/\/www.justiceinfo.net\/fr\/13292-280611-francerwanda-des-militaires-francais-accuses-de-viols-au-rwanda-plainte10105.html","og_site_name":"JusticeInfo.net","article_publisher":"https:\/\/www.facebook.com\/JusticeInfo\/","article_published_time":"2011-06-27T22:00:00+00:00","og_image":[{"width":1200,"height":630,"url":"https:\/\/www.justiceinfo.net\/wp-content\/uploads\/JusticeInfoNet_logo_1200x630px.jpg","type":"image\/jpeg"}],"author":"solivri","twitter_card":"summary_large_image","twitter_creator":"@justiceinfonet","twitter_site":"@justiceinfonet","twitter_misc":{"\u00c9crit par":"solivri","Dur\u00e9e de lecture estim\u00e9e":"3 minutes"},"schema":{"@context":"https:\/\/schema.org","@graph":[{"@type":"NewsArticle","@id":"https:\/\/www.justiceinfo.net\/fr\/13292-280611-francerwanda-des-militaires-francais-accuses-de-viols-au-rwanda-plainte10105.html#article","isPartOf":{"@id":"https:\/\/www.justiceinfo.net\/fr\/13292-280611-francerwanda-des-militaires-francais-accuses-de-viols-au-rwanda-plainte10105.html"},"author":{"name":"solivri","@id":"https:\/\/www.justiceinfo.net\/fr#\/schema\/person\/6e53cba1629e2e66f3fc1821d3091865"},"headline":"28.06.11 - FRANCE\/RWANDA - DES MILITAIRES FRAN\u00c7AIS ACCUSES DE VIOLS AU RWANDA (PLAINTE)","datePublished":"2011-06-27T22:00:00+00:00","mainEntityOfPage":{"@id":"https:\/\/www.justiceinfo.net\/fr\/13292-280611-francerwanda-des-militaires-francais-accuses-de-viols-au-rwanda-plainte10105.html"},"wordCount":555,"commentCount":0,"publisher":{"@id":"https:\/\/www.justiceinfo.net\/fr#organization"},"articleSection":["Hirondelle News"],"inLanguage":"fr-FR","potentialAction":[{"@type":"CommentAction","name":"Comment","target":["https:\/\/www.justiceinfo.net\/fr\/13292-280611-francerwanda-des-militaires-francais-accuses-de-viols-au-rwanda-plainte10105.html#respond"]}]},{"@type":"WebPage","@id":"https:\/\/www.justiceinfo.net\/fr\/13292-280611-francerwanda-des-militaires-francais-accuses-de-viols-au-rwanda-plainte10105.html","url":"https:\/\/www.justiceinfo.net\/fr\/13292-280611-francerwanda-des-militaires-francais-accuses-de-viols-au-rwanda-plainte10105.html","name":"28.06.11 - FRANCE\/RWANDA - DES MILITAIRES FRAN\u00c7AIS ACCUSES DE VIOLS AU RWANDA (PLAINTE) - JusticeInfo.net","isPartOf":{"@id":"https:\/\/www.justiceinfo.net\/fr#website"},"datePublished":"2011-06-27T22:00:00+00:00","breadcrumb":{"@id":"https:\/\/www.justiceinfo.net\/fr\/13292-280611-francerwanda-des-militaires-francais-accuses-de-viols-au-rwanda-plainte10105.html#breadcrumb"},"inLanguage":"fr-FR","potentialAction":[{"@type":"ReadAction","target":["https:\/\/www.justiceinfo.net\/fr\/13292-280611-francerwanda-des-militaires-francais-accuses-de-viols-au-rwanda-plainte10105.html"]}]},{"@type":"BreadcrumbList","@id":"https:\/\/www.justiceinfo.net\/fr\/13292-280611-francerwanda-des-militaires-francais-accuses-de-viols-au-rwanda-plainte10105.html#breadcrumb","itemListElement":[{"@type":"ListItem","position":1,"name":"Home","item":"https:\/\/www.justiceinfo.net\/fr"},{"@type":"ListItem","position":2,"name":"28.06.11 - FRANCE\/RWANDA - DES MILITAIRES FRAN\u00c7AIS ACCUSES DE VIOLS AU RWANDA (PLAINTE)"}]},{"@type":"WebSite","@id":"https:\/\/www.justiceinfo.net\/fr#website","url":"https:\/\/www.justiceinfo.net\/fr","name":"JusticeInfo.net","description":"La justice doit \u00eatre vue pour \u00eatre rendue","publisher":{"@id":"https:\/\/www.justiceinfo.net\/fr#organization"},"potentialAction":[{"@type":"SearchAction","target":{"@type":"EntryPoint","urlTemplate":"https:\/\/www.justiceinfo.net\/fr?s={search_term_string}"},"query-input":{"@type":"PropertyValueSpecification","valueRequired":true,"valueName":"search_term_string"}}],"inLanguage":"fr-FR"},{"@type":"Organization","@id":"https:\/\/www.justiceinfo.net\/fr#organization","name":"Justice Info","url":"https:\/\/www.justiceinfo.net\/fr","logo":{"@type":"ImageObject","inLanguage":"fr-FR","@id":"https:\/\/www.justiceinfo.net\/fr#\/schema\/logo\/image\/","url":"https:\/\/www.justiceinfo.net\/wp-content\/uploads\/justiceinfo_logo-trans_1200x1200px.png","contentUrl":"https:\/\/www.justiceinfo.net\/wp-content\/uploads\/justiceinfo_logo-trans_1200x1200px.png","width":1199,"height":1200,"caption":"Justice Info"},"image":{"@id":"https:\/\/www.justiceinfo.net\/fr#\/schema\/logo\/image\/"},"sameAs":["https:\/\/www.facebook.com\/JusticeInfo\/","https:\/\/x.com\/justiceinfonet","https:\/\/www.linkedin.com\/company\/justice-info","https:\/\/www.youtube.com\/channel\/UCyCEsARodyuWtkWyhn-e7pA"]},{"@type":"Person","name":"solivri","url":"\/fr\/?s=solivri"}]}},"_links":{"self":[{"href":"https:\/\/www.justiceinfo.net\/fr\/wp-json\/wp\/v2\/posts\/13292","targetHints":{"allow":["GET"]}}],"collection":[{"href":"https:\/\/www.justiceinfo.net\/fr\/wp-json\/wp\/v2\/posts"}],"about":[{"href":"https:\/\/www.justiceinfo.net\/fr\/wp-json\/wp\/v2\/types\/post"}],"author":[{"embeddable":true,"href":"https:\/\/www.justiceinfo.net\/fr\/wp-json\/wp\/v2\/users\/64"}],"replies":[{"embeddable":true,"href":"https:\/\/www.justiceinfo.net\/fr\/wp-json\/wp\/v2\/comments?post=13292"}],"version-history":[{"count":0,"href":"https:\/\/www.justiceinfo.net\/fr\/wp-json\/wp\/v2\/posts\/13292\/revisions"}],"wp:attachment":[{"href":"https:\/\/www.justiceinfo.net\/fr\/wp-json\/wp\/v2\/media?parent=13292"}],"wp:term":[{"taxonomy":"category","embeddable":true,"href":"https:\/\/www.justiceinfo.net\/fr\/wp-json\/wp\/v2\/categories?post=13292"},{"taxonomy":"post_tag","embeddable":true,"href":"https:\/\/www.justiceinfo.net\/fr\/wp-json\/wp\/v2\/tags?post=13292"},{"taxonomy":"ji_location","embeddable":true,"href":"https:\/\/www.justiceinfo.net\/fr\/wp-json\/wp\/v2\/ji_location?post=13292"}],"curies":[{"name":"wp","href":"https:\/\/api.w.org\/{rel}","templated":true}]}}