{"id":13296,"date":"2011-06-29T00:00:00","date_gmt":"2011-06-28T22:00:00","guid":{"rendered":"https:\/\/www.justiceinfo.net\/13296-290611-francerwanda-agathe-habyarimana-demande-a-etre-jugee-en-france10109.html"},"modified":"2011-06-29T00:00:00","modified_gmt":"2011-06-28T22:00:00","slug":"290611-francerwanda-agathe-habyarimana-demande-a-etre-jugee-en-france10109","status":"publish","type":"post","link":"https:\/\/www.justiceinfo.net\/fr\/13296-290611-francerwanda-agathe-habyarimana-demande-a-etre-jugee-en-france10109.html","title":{"rendered":"29.06.11 - FRANCE\/RWANDA - AGATHE HABYARIMANA DEMANDE A \u00caTRE JUG\u00c9E EN FRANCE"},"content":{"rendered":"<p>\nParis, 29 juin 2011 (FH) - Convoqu&eacute;e mercredi devant la Cour d'appel de Paris pour r&eacute;pondre &agrave; une demande d'extradition du Rwanda, qui souhaite la juger pour g&eacute;nocide, la veuve de l'ancien pr&eacute;sident rwandais Agathe Habyarimana a assur&eacute; vouloir &ecirc;tre traduite devant la justice fran&ccedil;aise.\n<\/p>\n<p><!--more--><\/p>\n<p >\n<p >\n<p >\n&quot;J'aimerais que vraiment la justice fran&ccedil;aise prenne en main mon dossier et vous pourrez constater par vous-m&ecirc;me Mme la pr&eacute;sidente, comment je suis victime d'une manipulation et des mensonges du gouvernement [rwandais]&quot;, a d&eacute;clar&eacute; Agathe Kanziga-Habyarimana au terme de l'audience &agrave; laquelle elle a assist&eacute; ce mercredi.\n<\/p>\n<p >\n<p >\nL'ancienne premi&egrave;re dame du Rwanda, entour&eacute;e d'une vingtaine de ses proches, v&ecirc;tue simplement d'un boubou vert bouteille &agrave; motifs, s'est oppos&eacute;e sans surprise &agrave; l'extradition demand&eacute;e en d&eacute;cembre 2009 par son pays d'origine.\n<\/p>\n<p >\n<p >\nLes sept chefs d'accusation port&eacute;s contre elle ont &eacute;t&eacute; longuement expos&eacute;s par la pr&eacute;sidente de la Cour d'appel. Mme Habyarimana aurait notamment, selon le Rwanda, particip&eacute; &agrave; des r&eacute;unions pr&eacute;paratoires au g&eacute;nocide, promis de donner des uniformes aux milices Interahamwe, appel&eacute; les Hutus &agrave; &eacute;liminer les Tutsis, donn&eacute; l'ordre &agrave; quelqu'un - &quot;je n'ai pas not&eacute; le nom car il est trop compliqu&eacute;&quot;, pr&eacute;cise la pr&eacute;sidente -&nbsp; d'aller chercher la garde pr&eacute;sidentielle pour tuer un Tutsi, donn&eacute; des ordres pour des massacres massifs &agrave; Mutura en collaboration avec les milices, aid&eacute; &agrave; la planification du g&eacute;nocide.\n<\/p>\n<p >\n<p >\nSoulignant qu'il ne s'agit pas d'une demande d'extradition classique, formul&eacute;e par l'ambassade du Rwanda, &quot;mais d'une transmission d'actes d'accusation par le Quai d'Orsay&quot;, le procureur g&eacute;n&eacute;ral en fait une description cinglante. La demande d'extradition rwandaise est, selon le repr&eacute;sentant du minist&egrave;re public, &quot;marqu&eacute;e par une certaine approximation, un flou artistique qui entoure la description de faits &quot;qui rel&egrave;vent &quot;plus de g&eacute;n&eacute;ralit&eacute;s que de faits pr&eacute;cis&quot;.\n<\/p>\n<p >\n<p >\n&quot;On ne voit pas le fondement l&eacute;gal qui justifie de telles poursuites au Rwanda&quot;, ajoute-t-il, en expliquant que la demande rwandaise s'appuie sur une loi promulgu&eacute;e en 2004, soit dix ans apr&egrave;s les faits, et que pour ce motif toutes les requ&ecirc;tes d'extradition similaires ont jusqu'ici &eacute;t&eacute; d&eacute;bout&eacute;es par les tribunaux fran&ccedil;ais. &quot;Avis d&eacute;favorable !&quot;, tranche-t-il.\n<\/p>\n<p >\n<p >\nPour l'avocat d'Agathe Habyarimana, qui la d&eacute;crit comme &quot;avant tout une victime, car elle a perdu son mari dans l'avion qui a &eacute;t&eacute; abattu dans les jardins de la r&eacute;sidence pr&eacute;sidentielle le 6 avril 1994&quot;, &quot;lancer de telles accusations, &ccedil;a n'a effectivement gu&egrave;re de sens. Ma cliente n'a jamais &eacute;t&eacute; vis&eacute;e par des poursuites par la justice internationale, et en France il y a une plainte qui a &eacute;t&eacute; d&eacute;pos&eacute;e.&quot;\n<\/p>\n<p >\n<p >\n&quot;Je peux comprendre qu'il y ait une exasp&eacute;ration de la part de l'Etat rwandais du fait qu'il ne se passe rien, poursuit Me Philippe Meilhac. Mais il y a en France une jurisprudence qui s'est d&eacute;gag&eacute;e, et qui a conduit toutes les cours d'appel &agrave; rendre un avis d&eacute;favorable &agrave; l'extradition vers le Rwanda. Parce que, comme le montre encore un rapport r&eacute;cent de Human Rights Watch [...], la justice n'y fonctionne pas bien.&quot;\n<\/p>\n<p >\n<p >\nPour la premi&egrave;re fois en France dans une proc&eacute;dure d'extradition, le Rwanda &eacute;tait repr&eacute;sent&eacute; &agrave; l'audience par un avocat fran&ccedil;ais, qui pr&eacute;cise qu'il demandera &agrave; intervenir &agrave; l'avenir dans toutes les requ&ecirc;tes similaires. Pour Me Gilles Paruelle, Mme Habyarimana &quot;est l'une des pi&egrave;ces ma&icirc;tresses du pire g&eacute;nocide du XXe si&egrave;cle, [...] l'&eacute;minence grise du pouvoir hutu g&eacute;nocidaire.&quot;\n<\/p>\n<p >\n<p >\n&quot;Soup&ccedil;onn&eacute;e du crime le plus grave qui soit, elle vit sereinement sans qu'aucune proc&eacute;dure ne vienne troubler sa tranquilit&eacute;. Elle a d&eacute;j&agrave; pass&eacute; 17 ans sur le territoire national en situation irr&eacute;guli&egrave;re&quot;, poursuit l'avocat, qui s'inqui&egrave;te de l'absence de suites donn&eacute;es aux plaintes d&eacute;pos&eacute;es devant la justice fran&ccedil;aise : &quot;Nous faisons moins bien que nos voisins imm&eacute;diats, la Belgique, la Suisse, les Pays-Bas qui ont jug&eacute; sur leur sol en vertu de la comp&eacute;tence universelle.&quot;\n<\/p>\n<p >\n<p >\n&quot;Elle va continuer sa vie tranquile ici en France : le Rwanda ne saurait l'accepter&quot;, appuie Me Paruelle. Saisissant l'opportunit&eacute; que lui donne le Tribunal international pour le Rwanda, il se f&eacute;licite de la premi&egrave;re d&eacute;cision de transfert d'un dossier vers le Rwanda prise mardi &agrave; Arusha, en premi&egrave;re instance. &quot;Hier, ce qui &eacute;tait impossible est devenu faisable [...], car le Rwanda a effectu&eacute; des r&eacute;formes judiciaires satisfaisantes&quot;, estime-t-il.\n<\/p>\n<p >\n<p >\nLa chambre d'appel du Tribunal de grande instance de Paris rendra sa d&eacute;cision dans le dossier Agathe Habyarimana le 28 septembre.\n<\/p>\n<p >\n<p >\nFP\/GF\n<\/p>\n<p>\n&copy; Agence Hirondelle<\/p>\n","protected":false},"excerpt":{"rendered":"<p>Paris, 29 juin 2011 (FH) - Convoqu&eacute;e mercredi devant la Cour d'appel de Paris pour r&eacute;pondre &agrave; une demande d'extradition du Rwanda, qui souhaite la juger pour g&eacute;nocide, la veuve de l'ancien pr&eacute;sident rwandais Agathe Habyarimana a assur&eacute; vouloir &ecirc;tre traduite devant la justice fran&ccedil;aise.<\/p>\n","protected":false},"author":64,"featured_media":0,"comment_status":"open","ping_status":"closed","sticky":false,"template":"","format":"standard","meta":{"_acf_changed":false,"footnotes":""},"categories":[554],"tags":[],"ji_location":[],"class_list":["post-13296","post","type-post","status-publish","format-standard","hentry","category-hirondellenews"],"acf":[],"yoast_head":"<!-- This site is optimized with the Yoast SEO Premium plugin v25.3.1 (Yoast SEO v25.3.1) - https:\/\/yoast.com\/wordpress\/plugins\/seo\/ -->\n<title>29.06.11 - FRANCE\/RWANDA - AGATHE HABYARIMANA DEMANDE A \u00caTRE JUG\u00c9E EN FRANCE - JusticeInfo.net<\/title>\n<meta name=\"robots\" content=\"index, follow, max-snippet:-1, max-image-preview:large, max-video-preview:-1\" \/>\n<link rel=\"canonical\" href=\"https:\/\/www.justiceinfo.net\/fr\/13296-290611-francerwanda-agathe-habyarimana-demande-a-etre-jugee-en-france10109.html\" \/>\n<meta property=\"og:locale\" content=\"fr_FR\" \/>\n<meta property=\"og:type\" content=\"article\" \/>\n<meta property=\"og:title\" content=\"29.06.11 - FRANCE\/RWANDA - AGATHE HABYARIMANA DEMANDE A \u00caTRE JUG\u00c9E EN FRANCE\" \/>\n<meta property=\"og:description\" content=\"Paris, 29 juin 2011 (FH) - Convoqu&eacute;e mercredi devant la Cour d&#039;appel de Paris pour r&eacute;pondre &agrave; une demande d&#039;extradition du Rwanda, qui souhaite la juger pour g&eacute;nocide, la veuve de l&#039;ancien pr&eacute;sident rwandais Agathe Habyarimana a assur&eacute; vouloir &ecirc;tre traduite devant la justice fran&ccedil;aise.\" \/>\n<meta property=\"og:url\" content=\"https:\/\/www.justiceinfo.net\/fr\/13296-290611-francerwanda-agathe-habyarimana-demande-a-etre-jugee-en-france10109.html\" \/>\n<meta property=\"og:site_name\" content=\"JusticeInfo.net\" \/>\n<meta property=\"article:publisher\" content=\"https:\/\/www.facebook.com\/JusticeInfo\/\" \/>\n<meta property=\"article:published_time\" content=\"2011-06-28T22:00:00+00:00\" \/>\n<meta property=\"og:image\" content=\"https:\/\/www.justiceinfo.net\/wp-content\/uploads\/JusticeInfoNet_logo_1200x630px.jpg\" \/>\n\t<meta property=\"og:image:width\" content=\"1200\" \/>\n\t<meta property=\"og:image:height\" content=\"630\" \/>\n\t<meta property=\"og:image:type\" content=\"image\/jpeg\" \/>\n<meta name=\"author\" content=\"solivri\" \/>\n<meta name=\"twitter:card\" content=\"summary_large_image\" \/>\n<meta name=\"twitter:creator\" content=\"@justiceinfonet\" \/>\n<meta name=\"twitter:site\" content=\"@justiceinfonet\" \/>\n<meta name=\"twitter:label1\" content=\"\u00c9crit par\" \/>\n\t<meta name=\"twitter:data1\" content=\"solivri\" \/>\n\t<meta name=\"twitter:label2\" content=\"Dur\u00e9e de lecture estim\u00e9e\" \/>\n\t<meta name=\"twitter:data2\" content=\"5 minutes\" \/>\n<script type=\"application\/ld+json\" class=\"yoast-schema-graph\">{\"@context\":\"https:\/\/schema.org\",\"@graph\":[{\"@type\":\"NewsArticle\",\"@id\":\"https:\/\/www.justiceinfo.net\/fr\/13296-290611-francerwanda-agathe-habyarimana-demande-a-etre-jugee-en-france10109.html#article\",\"isPartOf\":{\"@id\":\"https:\/\/www.justiceinfo.net\/fr\/13296-290611-francerwanda-agathe-habyarimana-demande-a-etre-jugee-en-france10109.html\"},\"author\":{\"name\":\"solivri\",\"@id\":\"https:\/\/www.justiceinfo.net\/fr#\/schema\/person\/6e53cba1629e2e66f3fc1821d3091865\"},\"headline\":\"29.06.11 - FRANCE\/RWANDA - AGATHE HABYARIMANA DEMANDE A \u00caTRE JUG\u00c9E EN FRANCE\",\"datePublished\":\"2011-06-28T22:00:00+00:00\",\"mainEntityOfPage\":{\"@id\":\"https:\/\/www.justiceinfo.net\/fr\/13296-290611-francerwanda-agathe-habyarimana-demande-a-etre-jugee-en-france10109.html\"},\"wordCount\":1005,\"commentCount\":0,\"publisher\":{\"@id\":\"https:\/\/www.justiceinfo.net\/fr#organization\"},\"articleSection\":[\"Hirondelle News\"],\"inLanguage\":\"fr-FR\",\"potentialAction\":[{\"@type\":\"CommentAction\",\"name\":\"Comment\",\"target\":[\"https:\/\/www.justiceinfo.net\/fr\/13296-290611-francerwanda-agathe-habyarimana-demande-a-etre-jugee-en-france10109.html#respond\"]}]},{\"@type\":\"WebPage\",\"@id\":\"https:\/\/www.justiceinfo.net\/fr\/13296-290611-francerwanda-agathe-habyarimana-demande-a-etre-jugee-en-france10109.html\",\"url\":\"https:\/\/www.justiceinfo.net\/fr\/13296-290611-francerwanda-agathe-habyarimana-demande-a-etre-jugee-en-france10109.html\",\"name\":\"29.06.11 - FRANCE\/RWANDA - AGATHE HABYARIMANA DEMANDE A \u00caTRE JUG\u00c9E EN FRANCE - JusticeInfo.net\",\"isPartOf\":{\"@id\":\"https:\/\/www.justiceinfo.net\/fr#website\"},\"datePublished\":\"2011-06-28T22:00:00+00:00\",\"breadcrumb\":{\"@id\":\"https:\/\/www.justiceinfo.net\/fr\/13296-290611-francerwanda-agathe-habyarimana-demande-a-etre-jugee-en-france10109.html#breadcrumb\"},\"inLanguage\":\"fr-FR\",\"potentialAction\":[{\"@type\":\"ReadAction\",\"target\":[\"https:\/\/www.justiceinfo.net\/fr\/13296-290611-francerwanda-agathe-habyarimana-demande-a-etre-jugee-en-france10109.html\"]}]},{\"@type\":\"BreadcrumbList\",\"@id\":\"https:\/\/www.justiceinfo.net\/fr\/13296-290611-francerwanda-agathe-habyarimana-demande-a-etre-jugee-en-france10109.html#breadcrumb\",\"itemListElement\":[{\"@type\":\"ListItem\",\"position\":1,\"name\":\"Home\",\"item\":\"https:\/\/www.justiceinfo.net\/fr\"},{\"@type\":\"ListItem\",\"position\":2,\"name\":\"29.06.11 - FRANCE\/RWANDA - AGATHE HABYARIMANA DEMANDE A \u00caTRE JUG\u00c9E EN FRANCE\"}]},{\"@type\":\"WebSite\",\"@id\":\"https:\/\/www.justiceinfo.net\/fr#website\",\"url\":\"https:\/\/www.justiceinfo.net\/fr\",\"name\":\"JusticeInfo.net\",\"description\":\"La justice doit \u00eatre vue pour \u00eatre rendue\",\"publisher\":{\"@id\":\"https:\/\/www.justiceinfo.net\/fr#organization\"},\"potentialAction\":[{\"@type\":\"SearchAction\",\"target\":{\"@type\":\"EntryPoint\",\"urlTemplate\":\"https:\/\/www.justiceinfo.net\/fr?s={search_term_string}\"},\"query-input\":{\"@type\":\"PropertyValueSpecification\",\"valueRequired\":true,\"valueName\":\"search_term_string\"}}],\"inLanguage\":\"fr-FR\"},{\"@type\":\"Organization\",\"@id\":\"https:\/\/www.justiceinfo.net\/fr#organization\",\"name\":\"Justice Info\",\"url\":\"https:\/\/www.justiceinfo.net\/fr\",\"logo\":{\"@type\":\"ImageObject\",\"inLanguage\":\"fr-FR\",\"@id\":\"https:\/\/www.justiceinfo.net\/fr#\/schema\/logo\/image\/\",\"url\":\"https:\/\/www.justiceinfo.net\/wp-content\/uploads\/justiceinfo_logo-trans_1200x1200px.png\",\"contentUrl\":\"https:\/\/www.justiceinfo.net\/wp-content\/uploads\/justiceinfo_logo-trans_1200x1200px.png\",\"width\":1199,\"height\":1200,\"caption\":\"Justice Info\"},\"image\":{\"@id\":\"https:\/\/www.justiceinfo.net\/fr#\/schema\/logo\/image\/\"},\"sameAs\":[\"https:\/\/www.facebook.com\/JusticeInfo\/\",\"https:\/\/x.com\/justiceinfonet\",\"https:\/\/www.linkedin.com\/company\/justice-info\",\"https:\/\/www.youtube.com\/channel\/UCyCEsARodyuWtkWyhn-e7pA\"]},{\"@type\":\"Person\",\"name\":\"solivri\",\"url\":\"\/fr\/?s=solivri\"}]}<\/script>\n<!-- \/ Yoast SEO Premium plugin. -->","yoast_head_json":{"title":"29.06.11 - FRANCE\/RWANDA - AGATHE HABYARIMANA DEMANDE A \u00caTRE JUG\u00c9E EN FRANCE - JusticeInfo.net","robots":{"index":"index","follow":"follow","max-snippet":"max-snippet:-1","max-image-preview":"max-image-preview:large","max-video-preview":"max-video-preview:-1"},"canonical":"https:\/\/www.justiceinfo.net\/fr\/13296-290611-francerwanda-agathe-habyarimana-demande-a-etre-jugee-en-france10109.html","og_locale":"fr_FR","og_type":"article","og_title":"29.06.11 - FRANCE\/RWANDA - AGATHE HABYARIMANA DEMANDE A \u00caTRE JUG\u00c9E EN FRANCE","og_description":"Paris, 29 juin 2011 (FH) - Convoqu&eacute;e mercredi devant la Cour d'appel de Paris pour r&eacute;pondre &agrave; une demande d'extradition du Rwanda, qui souhaite la juger pour g&eacute;nocide, la veuve de l'ancien pr&eacute;sident rwandais Agathe Habyarimana a assur&eacute; vouloir &ecirc;tre traduite devant la justice fran&ccedil;aise.","og_url":"https:\/\/www.justiceinfo.net\/fr\/13296-290611-francerwanda-agathe-habyarimana-demande-a-etre-jugee-en-france10109.html","og_site_name":"JusticeInfo.net","article_publisher":"https:\/\/www.facebook.com\/JusticeInfo\/","article_published_time":"2011-06-28T22:00:00+00:00","og_image":[{"width":1200,"height":630,"url":"https:\/\/www.justiceinfo.net\/wp-content\/uploads\/JusticeInfoNet_logo_1200x630px.jpg","type":"image\/jpeg"}],"author":"solivri","twitter_card":"summary_large_image","twitter_creator":"@justiceinfonet","twitter_site":"@justiceinfonet","twitter_misc":{"\u00c9crit par":"solivri","Dur\u00e9e de lecture estim\u00e9e":"5 minutes"},"schema":{"@context":"https:\/\/schema.org","@graph":[{"@type":"NewsArticle","@id":"https:\/\/www.justiceinfo.net\/fr\/13296-290611-francerwanda-agathe-habyarimana-demande-a-etre-jugee-en-france10109.html#article","isPartOf":{"@id":"https:\/\/www.justiceinfo.net\/fr\/13296-290611-francerwanda-agathe-habyarimana-demande-a-etre-jugee-en-france10109.html"},"author":{"name":"solivri","@id":"https:\/\/www.justiceinfo.net\/fr#\/schema\/person\/6e53cba1629e2e66f3fc1821d3091865"},"headline":"29.06.11 - FRANCE\/RWANDA - AGATHE HABYARIMANA DEMANDE A \u00caTRE JUG\u00c9E EN FRANCE","datePublished":"2011-06-28T22:00:00+00:00","mainEntityOfPage":{"@id":"https:\/\/www.justiceinfo.net\/fr\/13296-290611-francerwanda-agathe-habyarimana-demande-a-etre-jugee-en-france10109.html"},"wordCount":1005,"commentCount":0,"publisher":{"@id":"https:\/\/www.justiceinfo.net\/fr#organization"},"articleSection":["Hirondelle News"],"inLanguage":"fr-FR","potentialAction":[{"@type":"CommentAction","name":"Comment","target":["https:\/\/www.justiceinfo.net\/fr\/13296-290611-francerwanda-agathe-habyarimana-demande-a-etre-jugee-en-france10109.html#respond"]}]},{"@type":"WebPage","@id":"https:\/\/www.justiceinfo.net\/fr\/13296-290611-francerwanda-agathe-habyarimana-demande-a-etre-jugee-en-france10109.html","url":"https:\/\/www.justiceinfo.net\/fr\/13296-290611-francerwanda-agathe-habyarimana-demande-a-etre-jugee-en-france10109.html","name":"29.06.11 - FRANCE\/RWANDA - AGATHE HABYARIMANA DEMANDE A \u00caTRE JUG\u00c9E EN FRANCE - JusticeInfo.net","isPartOf":{"@id":"https:\/\/www.justiceinfo.net\/fr#website"},"datePublished":"2011-06-28T22:00:00+00:00","breadcrumb":{"@id":"https:\/\/www.justiceinfo.net\/fr\/13296-290611-francerwanda-agathe-habyarimana-demande-a-etre-jugee-en-france10109.html#breadcrumb"},"inLanguage":"fr-FR","potentialAction":[{"@type":"ReadAction","target":["https:\/\/www.justiceinfo.net\/fr\/13296-290611-francerwanda-agathe-habyarimana-demande-a-etre-jugee-en-france10109.html"]}]},{"@type":"BreadcrumbList","@id":"https:\/\/www.justiceinfo.net\/fr\/13296-290611-francerwanda-agathe-habyarimana-demande-a-etre-jugee-en-france10109.html#breadcrumb","itemListElement":[{"@type":"ListItem","position":1,"name":"Home","item":"https:\/\/www.justiceinfo.net\/fr"},{"@type":"ListItem","position":2,"name":"29.06.11 - FRANCE\/RWANDA - AGATHE HABYARIMANA DEMANDE A \u00caTRE JUG\u00c9E EN FRANCE"}]},{"@type":"WebSite","@id":"https:\/\/www.justiceinfo.net\/fr#website","url":"https:\/\/www.justiceinfo.net\/fr","name":"JusticeInfo.net","description":"La justice doit \u00eatre vue pour \u00eatre rendue","publisher":{"@id":"https:\/\/www.justiceinfo.net\/fr#organization"},"potentialAction":[{"@type":"SearchAction","target":{"@type":"EntryPoint","urlTemplate":"https:\/\/www.justiceinfo.net\/fr?s={search_term_string}"},"query-input":{"@type":"PropertyValueSpecification","valueRequired":true,"valueName":"search_term_string"}}],"inLanguage":"fr-FR"},{"@type":"Organization","@id":"https:\/\/www.justiceinfo.net\/fr#organization","name":"Justice Info","url":"https:\/\/www.justiceinfo.net\/fr","logo":{"@type":"ImageObject","inLanguage":"fr-FR","@id":"https:\/\/www.justiceinfo.net\/fr#\/schema\/logo\/image\/","url":"https:\/\/www.justiceinfo.net\/wp-content\/uploads\/justiceinfo_logo-trans_1200x1200px.png","contentUrl":"https:\/\/www.justiceinfo.net\/wp-content\/uploads\/justiceinfo_logo-trans_1200x1200px.png","width":1199,"height":1200,"caption":"Justice Info"},"image":{"@id":"https:\/\/www.justiceinfo.net\/fr#\/schema\/logo\/image\/"},"sameAs":["https:\/\/www.facebook.com\/JusticeInfo\/","https:\/\/x.com\/justiceinfonet","https:\/\/www.linkedin.com\/company\/justice-info","https:\/\/www.youtube.com\/channel\/UCyCEsARodyuWtkWyhn-e7pA"]},{"@type":"Person","name":"solivri","url":"\/fr\/?s=solivri"}]}},"_links":{"self":[{"href":"https:\/\/www.justiceinfo.net\/fr\/wp-json\/wp\/v2\/posts\/13296","targetHints":{"allow":["GET"]}}],"collection":[{"href":"https:\/\/www.justiceinfo.net\/fr\/wp-json\/wp\/v2\/posts"}],"about":[{"href":"https:\/\/www.justiceinfo.net\/fr\/wp-json\/wp\/v2\/types\/post"}],"author":[{"embeddable":true,"href":"https:\/\/www.justiceinfo.net\/fr\/wp-json\/wp\/v2\/users\/64"}],"replies":[{"embeddable":true,"href":"https:\/\/www.justiceinfo.net\/fr\/wp-json\/wp\/v2\/comments?post=13296"}],"version-history":[{"count":0,"href":"https:\/\/www.justiceinfo.net\/fr\/wp-json\/wp\/v2\/posts\/13296\/revisions"}],"wp:attachment":[{"href":"https:\/\/www.justiceinfo.net\/fr\/wp-json\/wp\/v2\/media?parent=13296"}],"wp:term":[{"taxonomy":"category","embeddable":true,"href":"https:\/\/www.justiceinfo.net\/fr\/wp-json\/wp\/v2\/categories?post=13296"},{"taxonomy":"post_tag","embeddable":true,"href":"https:\/\/www.justiceinfo.net\/fr\/wp-json\/wp\/v2\/tags?post=13296"},{"taxonomy":"ji_location","embeddable":true,"href":"https:\/\/www.justiceinfo.net\/fr\/wp-json\/wp\/v2\/ji_location?post=13296"}],"curies":[{"name":"wp","href":"https:\/\/api.w.org\/{rel}","templated":true}]}}