{"id":13303,"date":"2011-07-01T00:00:00","date_gmt":"2011-06-30T22:00:00","guid":{"rendered":"https:\/\/www.justiceinfo.net\/13303-010711-francerwanda-des-enqueteurs-belges-interrogent-un-suspect-rwandais-a-angouleme10116.html"},"modified":"2011-07-01T00:00:00","modified_gmt":"2011-06-30T22:00:00","slug":"010711-francerwanda-des-enqueteurs-belges-interrogent-un-suspect-rwandais-a-angouleme10116","status":"publish","type":"post","link":"https:\/\/www.justiceinfo.net\/fr\/13303-010711-francerwanda-des-enqueteurs-belges-interrogent-un-suspect-rwandais-a-angouleme10116.html","title":{"rendered":"01.07.11 - FRANCE\/RWANDA - DES ENQU\u00caTEURS BELGES INTERROGENT UN SUSPECT RWANDAIS \u00c0 ANGOUL\u00caME"},"content":{"rendered":"<p>\nParis, 1er juillet 2011 (FH) - Interpell&eacute; jeudi &agrave; Angoul&ecirc;me (Ouest de la France) dans le cadre d'une commission rogatoire internationale,&nbsp; Fabien Neretse a &eacute;t&eacute; interrog&eacute; par deux enqu&ecirc;teurs venus de&nbsp; Bruxelles, dans le cadre d'une instruction ouverte en 2004 pour sa participation au g&eacute;nocide rwandais de 1994, a-t-on appris de sources judiciaires en France et en Belgique.\n<\/p>\n<p><!--more--><\/p>\n<p >\n<p >\n<p >\nVivant depuis plusieurs ann&eacute;es &agrave; Angoul&ecirc;me sous le nom de son p&egrave;re, Fabien Nsabimana, M. Neretse est &acirc;g&eacute; de 54 ans d'apr&egrave;s sa fiche Interpol, qui indique qu'il est recherch&eacute; pour g&eacute;nocide et crimes de guerre.\n<\/p>\n<p >\n<p >\nSelon un article publi&eacute; en 2010 par le quotidien r&eacute;gional La Charente&nbsp; libre, Fabien Neretse &eacute;tait &quot;tr&egrave;s investi dans le tissu associatif et social angoumoisin, membre du comit&eacute; de son quartier&quot;. Il venait alors &quot;de rendre un rapport &agrave; la pr&eacute;fecture pour pr&eacute;venir les faits&nbsp; de d&eacute;linquance &agrave; La Grand-Font&quot;.\n<\/p>\n<p >\n<p >\nOriginaire de Ruhengeri, directeur de l'OCIR-Caf&eacute; - l'office des caf&eacute;s rwandais - de 1989 &agrave; 1991, consid&eacute;r&eacute; comme un homme d'influence sous le r&eacute;gime de l'ancien pr&eacute;sident Habyarimana, Fabien Neretse est accus&eacute;, notamment, d'avoir donn&eacute; &quot;maintes facilit&eacute;s aux [milices] Interahamwe en fournissant les armes, le transport et l'argent pour&nbsp;\n<\/p>\n<p >\nr&eacute;mun&eacute;rer et encourager les massacres&quot;, selon un acte d'accusation&nbsp; &eacute;mis par Kigali en ao&ucirc;t 2007, repris par la plainte d&eacute;pos&eacute;e en France&nbsp; en mai 2008 par le Comit&eacute; des parties civiles pour le Rwanda.\n<\/p>\n<p >\n<p >\nEn Belgique, Fabien Neretse est notamment accus&eacute; d'avoir une responsabilit&eacute; dans l'assassinat de Claire Beckers, une citoyenne belge mari&eacute;e &agrave; un Rwandais, le 9 avril 1994 dans le quartier de Nyamirambo &agrave; Kigali. Celle-ci r&eacute;sidait pr&egrave;s de la famille Neretse, qui aurait incit&eacute; des miliciens Interahamwe &agrave; les assassiner. Une&nbsp; plainte contre X avait &eacute;t&eacute; d&eacute;pos&eacute;e en juillet 1994 &agrave; Bruxelles, par sa soeur Martine Beckers.\n<\/p>\n<p >\n<p >\nUne instruction a &eacute;t&eacute; ouverte en 2004 &agrave; Bruxelles, actuellement suivie par le juge Jean Coumans. En France, le dossier Neretse est suivi par les juges d'instruction Ren&eacute; Cros et C&eacute;line Hildenbrandt, qui ont ordonn&eacute; la commission rogatoire internationale et la perquisition effectu&eacute;e jeudi au domicile de Fabien Neretse.\n<\/p>\n<p >\n<p >\nInterpell&eacute; jeudi par la section de recherche de la gendarmerie des&nbsp; Charentes, qui a &eacute;t&eacute; charg&eacute;e de mettre en oeuvre la commission rogatoire, Fabien Neretse a &eacute;t&eacute; entendu par les deux enqu&ecirc;teurs belges puis &eacute;crou&eacute; &agrave; la maison d'arr&ecirc;t de Gradignan, pr&egrave;s de Bordeaux.\n<\/p>\n<p >\n<p >\nEn Belgique, l'instruction est en cours, mais bien avanc&eacute;e selon une source judiciaire qui pr&eacute;cise que l'audition men&eacute;e &agrave; Angoul&ecirc;me pourrait &ecirc;tre suivie rapidement d'une demande d'extradition, &quot;&agrave; moins que la France ne conserve son dossier, et dans ce cas nous lui&nbsp; transmettrons le n&ocirc;tre&quot;.\n<\/p>\n<p >\n<p >\nTrois proc&egrave;s &quot;rwandais&quot; ont d&eacute;j&agrave; &eacute;t&eacute; organis&eacute;s en Belgique, tandis que la France n'en a pas encore organis&eacute;, en d&eacute;pit des vingt informations judiciaires ouvertes actuellement au Tribunal de grande instance de Paris.\n<\/p>\n<p >\n<p >\nFP\/GF\n<\/p>\n<p>\n&copy; Hirondelle News Agency<\/p>\n","protected":false},"excerpt":{"rendered":"<p>Paris, 1er juillet 2011 (FH) - Interpell&eacute; jeudi &agrave; Angoul&ecirc;me (Ouest de la France) dans le cadre d'une commission rogatoire internationale,&nbsp; Fabien Neretse a &eacute;t&eacute; interrog&eacute; par deux enqu&ecirc;teurs venus de&nbsp; Bruxelles, dans le cadre d'une instruction ouverte en 2004 pour sa participation au g&eacute;nocide rwandais de 1994, a-t-on appris de sources judiciaires en France [&hellip;]<\/p>\n","protected":false},"author":64,"featured_media":0,"comment_status":"open","ping_status":"closed","sticky":false,"template":"","format":"standard","meta":{"_acf_changed":false,"footnotes":""},"categories":[554],"tags":[],"ji_location":[],"class_list":["post-13303","post","type-post","status-publish","format-standard","hentry","category-hirondellenews"],"acf":[],"yoast_head":"<!-- This site is optimized with the Yoast SEO Premium plugin v25.3.1 (Yoast SEO v25.3.1) - https:\/\/yoast.com\/wordpress\/plugins\/seo\/ -->\n<title>01.07.11 - FRANCE\/RWANDA - DES ENQU\u00caTEURS BELGES INTERROGENT UN SUSPECT RWANDAIS \u00c0 ANGOUL\u00caME - JusticeInfo.net<\/title>\n<meta name=\"robots\" content=\"index, follow, max-snippet:-1, max-image-preview:large, max-video-preview:-1\" \/>\n<link rel=\"canonical\" href=\"https:\/\/www.justiceinfo.net\/fr\/13303-010711-francerwanda-des-enqueteurs-belges-interrogent-un-suspect-rwandais-a-angouleme10116.html\" \/>\n<meta property=\"og:locale\" content=\"fr_FR\" \/>\n<meta property=\"og:type\" content=\"article\" \/>\n<meta property=\"og:title\" content=\"01.07.11 - FRANCE\/RWANDA - DES ENQU\u00caTEURS BELGES INTERROGENT UN SUSPECT RWANDAIS \u00c0 ANGOUL\u00caME\" \/>\n<meta property=\"og:description\" content=\"Paris, 1er juillet 2011 (FH) - Interpell&eacute; jeudi &agrave; Angoul&ecirc;me (Ouest de la France) dans le cadre d&#039;une commission rogatoire internationale,&nbsp; Fabien Neretse a &eacute;t&eacute; interrog&eacute; par deux enqu&ecirc;teurs venus de&nbsp; Bruxelles, dans le cadre d&#039;une instruction ouverte en 2004 pour sa participation au g&eacute;nocide rwandais de 1994, a-t-on appris de sources judiciaires en France [&hellip;]\" \/>\n<meta property=\"og:url\" content=\"https:\/\/www.justiceinfo.net\/fr\/13303-010711-francerwanda-des-enqueteurs-belges-interrogent-un-suspect-rwandais-a-angouleme10116.html\" \/>\n<meta property=\"og:site_name\" content=\"JusticeInfo.net\" \/>\n<meta property=\"article:publisher\" content=\"https:\/\/www.facebook.com\/JusticeInfo\/\" \/>\n<meta property=\"article:published_time\" content=\"2011-06-30T22:00:00+00:00\" \/>\n<meta property=\"og:image\" content=\"https:\/\/www.justiceinfo.net\/wp-content\/uploads\/JusticeInfoNet_logo_1200x630px.jpg\" \/>\n\t<meta property=\"og:image:width\" content=\"1200\" \/>\n\t<meta property=\"og:image:height\" content=\"630\" \/>\n\t<meta property=\"og:image:type\" content=\"image\/jpeg\" \/>\n<meta name=\"author\" content=\"solivri\" \/>\n<meta name=\"twitter:card\" content=\"summary_large_image\" \/>\n<meta name=\"twitter:creator\" content=\"@justiceinfonet\" \/>\n<meta name=\"twitter:site\" content=\"@justiceinfonet\" \/>\n<meta name=\"twitter:label1\" content=\"\u00c9crit par\" \/>\n\t<meta name=\"twitter:data1\" content=\"solivri\" \/>\n\t<meta name=\"twitter:label2\" content=\"Dur\u00e9e de lecture estim\u00e9e\" \/>\n\t<meta name=\"twitter:data2\" content=\"3 minutes\" \/>\n<script type=\"application\/ld+json\" class=\"yoast-schema-graph\">{\"@context\":\"https:\/\/schema.org\",\"@graph\":[{\"@type\":\"NewsArticle\",\"@id\":\"https:\/\/www.justiceinfo.net\/fr\/13303-010711-francerwanda-des-enqueteurs-belges-interrogent-un-suspect-rwandais-a-angouleme10116.html#article\",\"isPartOf\":{\"@id\":\"https:\/\/www.justiceinfo.net\/fr\/13303-010711-francerwanda-des-enqueteurs-belges-interrogent-un-suspect-rwandais-a-angouleme10116.html\"},\"author\":{\"name\":\"solivri\",\"@id\":\"https:\/\/www.justiceinfo.net\/fr#\/schema\/person\/6e53cba1629e2e66f3fc1821d3091865\"},\"headline\":\"01.07.11 - FRANCE\/RWANDA - DES ENQU\u00caTEURS BELGES INTERROGENT UN SUSPECT RWANDAIS \u00c0 ANGOUL\u00caME\",\"datePublished\":\"2011-06-30T22:00:00+00:00\",\"mainEntityOfPage\":{\"@id\":\"https:\/\/www.justiceinfo.net\/fr\/13303-010711-francerwanda-des-enqueteurs-belges-interrogent-un-suspect-rwandais-a-angouleme10116.html\"},\"wordCount\":634,\"commentCount\":0,\"publisher\":{\"@id\":\"https:\/\/www.justiceinfo.net\/fr#organization\"},\"articleSection\":[\"Hirondelle News\"],\"inLanguage\":\"fr-FR\",\"potentialAction\":[{\"@type\":\"CommentAction\",\"name\":\"Comment\",\"target\":[\"https:\/\/www.justiceinfo.net\/fr\/13303-010711-francerwanda-des-enqueteurs-belges-interrogent-un-suspect-rwandais-a-angouleme10116.html#respond\"]}]},{\"@type\":\"WebPage\",\"@id\":\"https:\/\/www.justiceinfo.net\/fr\/13303-010711-francerwanda-des-enqueteurs-belges-interrogent-un-suspect-rwandais-a-angouleme10116.html\",\"url\":\"https:\/\/www.justiceinfo.net\/fr\/13303-010711-francerwanda-des-enqueteurs-belges-interrogent-un-suspect-rwandais-a-angouleme10116.html\",\"name\":\"01.07.11 - FRANCE\/RWANDA - DES ENQU\u00caTEURS BELGES INTERROGENT UN SUSPECT RWANDAIS \u00c0 ANGOUL\u00caME - JusticeInfo.net\",\"isPartOf\":{\"@id\":\"https:\/\/www.justiceinfo.net\/fr#website\"},\"datePublished\":\"2011-06-30T22:00:00+00:00\",\"breadcrumb\":{\"@id\":\"https:\/\/www.justiceinfo.net\/fr\/13303-010711-francerwanda-des-enqueteurs-belges-interrogent-un-suspect-rwandais-a-angouleme10116.html#breadcrumb\"},\"inLanguage\":\"fr-FR\",\"potentialAction\":[{\"@type\":\"ReadAction\",\"target\":[\"https:\/\/www.justiceinfo.net\/fr\/13303-010711-francerwanda-des-enqueteurs-belges-interrogent-un-suspect-rwandais-a-angouleme10116.html\"]}]},{\"@type\":\"BreadcrumbList\",\"@id\":\"https:\/\/www.justiceinfo.net\/fr\/13303-010711-francerwanda-des-enqueteurs-belges-interrogent-un-suspect-rwandais-a-angouleme10116.html#breadcrumb\",\"itemListElement\":[{\"@type\":\"ListItem\",\"position\":1,\"name\":\"Home\",\"item\":\"https:\/\/www.justiceinfo.net\/fr\"},{\"@type\":\"ListItem\",\"position\":2,\"name\":\"01.07.11 - FRANCE\/RWANDA - DES ENQU\u00caTEURS BELGES INTERROGENT UN SUSPECT RWANDAIS \u00c0 ANGOUL\u00caME\"}]},{\"@type\":\"WebSite\",\"@id\":\"https:\/\/www.justiceinfo.net\/fr#website\",\"url\":\"https:\/\/www.justiceinfo.net\/fr\",\"name\":\"JusticeInfo.net\",\"description\":\"La justice doit \u00eatre vue pour \u00eatre rendue\",\"publisher\":{\"@id\":\"https:\/\/www.justiceinfo.net\/fr#organization\"},\"potentialAction\":[{\"@type\":\"SearchAction\",\"target\":{\"@type\":\"EntryPoint\",\"urlTemplate\":\"https:\/\/www.justiceinfo.net\/fr?s={search_term_string}\"},\"query-input\":{\"@type\":\"PropertyValueSpecification\",\"valueRequired\":true,\"valueName\":\"search_term_string\"}}],\"inLanguage\":\"fr-FR\"},{\"@type\":\"Organization\",\"@id\":\"https:\/\/www.justiceinfo.net\/fr#organization\",\"name\":\"Justice Info\",\"url\":\"https:\/\/www.justiceinfo.net\/fr\",\"logo\":{\"@type\":\"ImageObject\",\"inLanguage\":\"fr-FR\",\"@id\":\"https:\/\/www.justiceinfo.net\/fr#\/schema\/logo\/image\/\",\"url\":\"https:\/\/www.justiceinfo.net\/wp-content\/uploads\/justiceinfo_logo-trans_1200x1200px.png\",\"contentUrl\":\"https:\/\/www.justiceinfo.net\/wp-content\/uploads\/justiceinfo_logo-trans_1200x1200px.png\",\"width\":1199,\"height\":1200,\"caption\":\"Justice Info\"},\"image\":{\"@id\":\"https:\/\/www.justiceinfo.net\/fr#\/schema\/logo\/image\/\"},\"sameAs\":[\"https:\/\/www.facebook.com\/JusticeInfo\/\",\"https:\/\/x.com\/justiceinfonet\",\"https:\/\/www.linkedin.com\/company\/justice-info\",\"https:\/\/www.youtube.com\/channel\/UCyCEsARodyuWtkWyhn-e7pA\"]},{\"@type\":\"Person\",\"name\":\"solivri\",\"url\":\"\/fr\/?s=solivri\"}]}<\/script>\n<!-- \/ Yoast SEO Premium plugin. -->","yoast_head_json":{"title":"01.07.11 - FRANCE\/RWANDA - DES ENQU\u00caTEURS BELGES INTERROGENT UN SUSPECT RWANDAIS \u00c0 ANGOUL\u00caME - JusticeInfo.net","robots":{"index":"index","follow":"follow","max-snippet":"max-snippet:-1","max-image-preview":"max-image-preview:large","max-video-preview":"max-video-preview:-1"},"canonical":"https:\/\/www.justiceinfo.net\/fr\/13303-010711-francerwanda-des-enqueteurs-belges-interrogent-un-suspect-rwandais-a-angouleme10116.html","og_locale":"fr_FR","og_type":"article","og_title":"01.07.11 - FRANCE\/RWANDA - DES ENQU\u00caTEURS BELGES INTERROGENT UN SUSPECT RWANDAIS \u00c0 ANGOUL\u00caME","og_description":"Paris, 1er juillet 2011 (FH) - Interpell&eacute; jeudi &agrave; Angoul&ecirc;me (Ouest de la France) dans le cadre d'une commission rogatoire internationale,&nbsp; Fabien Neretse a &eacute;t&eacute; interrog&eacute; par deux enqu&ecirc;teurs venus de&nbsp; Bruxelles, dans le cadre d'une instruction ouverte en 2004 pour sa participation au g&eacute;nocide rwandais de 1994, a-t-on appris de sources judiciaires en France [&hellip;]","og_url":"https:\/\/www.justiceinfo.net\/fr\/13303-010711-francerwanda-des-enqueteurs-belges-interrogent-un-suspect-rwandais-a-angouleme10116.html","og_site_name":"JusticeInfo.net","article_publisher":"https:\/\/www.facebook.com\/JusticeInfo\/","article_published_time":"2011-06-30T22:00:00+00:00","og_image":[{"width":1200,"height":630,"url":"https:\/\/www.justiceinfo.net\/wp-content\/uploads\/JusticeInfoNet_logo_1200x630px.jpg","type":"image\/jpeg"}],"author":"solivri","twitter_card":"summary_large_image","twitter_creator":"@justiceinfonet","twitter_site":"@justiceinfonet","twitter_misc":{"\u00c9crit par":"solivri","Dur\u00e9e de lecture estim\u00e9e":"3 minutes"},"schema":{"@context":"https:\/\/schema.org","@graph":[{"@type":"NewsArticle","@id":"https:\/\/www.justiceinfo.net\/fr\/13303-010711-francerwanda-des-enqueteurs-belges-interrogent-un-suspect-rwandais-a-angouleme10116.html#article","isPartOf":{"@id":"https:\/\/www.justiceinfo.net\/fr\/13303-010711-francerwanda-des-enqueteurs-belges-interrogent-un-suspect-rwandais-a-angouleme10116.html"},"author":{"name":"solivri","@id":"https:\/\/www.justiceinfo.net\/fr#\/schema\/person\/6e53cba1629e2e66f3fc1821d3091865"},"headline":"01.07.11 - FRANCE\/RWANDA - DES ENQU\u00caTEURS BELGES INTERROGENT UN SUSPECT RWANDAIS \u00c0 ANGOUL\u00caME","datePublished":"2011-06-30T22:00:00+00:00","mainEntityOfPage":{"@id":"https:\/\/www.justiceinfo.net\/fr\/13303-010711-francerwanda-des-enqueteurs-belges-interrogent-un-suspect-rwandais-a-angouleme10116.html"},"wordCount":634,"commentCount":0,"publisher":{"@id":"https:\/\/www.justiceinfo.net\/fr#organization"},"articleSection":["Hirondelle News"],"inLanguage":"fr-FR","potentialAction":[{"@type":"CommentAction","name":"Comment","target":["https:\/\/www.justiceinfo.net\/fr\/13303-010711-francerwanda-des-enqueteurs-belges-interrogent-un-suspect-rwandais-a-angouleme10116.html#respond"]}]},{"@type":"WebPage","@id":"https:\/\/www.justiceinfo.net\/fr\/13303-010711-francerwanda-des-enqueteurs-belges-interrogent-un-suspect-rwandais-a-angouleme10116.html","url":"https:\/\/www.justiceinfo.net\/fr\/13303-010711-francerwanda-des-enqueteurs-belges-interrogent-un-suspect-rwandais-a-angouleme10116.html","name":"01.07.11 - FRANCE\/RWANDA - DES ENQU\u00caTEURS BELGES INTERROGENT UN SUSPECT RWANDAIS \u00c0 ANGOUL\u00caME - JusticeInfo.net","isPartOf":{"@id":"https:\/\/www.justiceinfo.net\/fr#website"},"datePublished":"2011-06-30T22:00:00+00:00","breadcrumb":{"@id":"https:\/\/www.justiceinfo.net\/fr\/13303-010711-francerwanda-des-enqueteurs-belges-interrogent-un-suspect-rwandais-a-angouleme10116.html#breadcrumb"},"inLanguage":"fr-FR","potentialAction":[{"@type":"ReadAction","target":["https:\/\/www.justiceinfo.net\/fr\/13303-010711-francerwanda-des-enqueteurs-belges-interrogent-un-suspect-rwandais-a-angouleme10116.html"]}]},{"@type":"BreadcrumbList","@id":"https:\/\/www.justiceinfo.net\/fr\/13303-010711-francerwanda-des-enqueteurs-belges-interrogent-un-suspect-rwandais-a-angouleme10116.html#breadcrumb","itemListElement":[{"@type":"ListItem","position":1,"name":"Home","item":"https:\/\/www.justiceinfo.net\/fr"},{"@type":"ListItem","position":2,"name":"01.07.11 - FRANCE\/RWANDA - DES ENQU\u00caTEURS BELGES INTERROGENT UN SUSPECT RWANDAIS \u00c0 ANGOUL\u00caME"}]},{"@type":"WebSite","@id":"https:\/\/www.justiceinfo.net\/fr#website","url":"https:\/\/www.justiceinfo.net\/fr","name":"JusticeInfo.net","description":"La justice doit \u00eatre vue pour \u00eatre rendue","publisher":{"@id":"https:\/\/www.justiceinfo.net\/fr#organization"},"potentialAction":[{"@type":"SearchAction","target":{"@type":"EntryPoint","urlTemplate":"https:\/\/www.justiceinfo.net\/fr?s={search_term_string}"},"query-input":{"@type":"PropertyValueSpecification","valueRequired":true,"valueName":"search_term_string"}}],"inLanguage":"fr-FR"},{"@type":"Organization","@id":"https:\/\/www.justiceinfo.net\/fr#organization","name":"Justice Info","url":"https:\/\/www.justiceinfo.net\/fr","logo":{"@type":"ImageObject","inLanguage":"fr-FR","@id":"https:\/\/www.justiceinfo.net\/fr#\/schema\/logo\/image\/","url":"https:\/\/www.justiceinfo.net\/wp-content\/uploads\/justiceinfo_logo-trans_1200x1200px.png","contentUrl":"https:\/\/www.justiceinfo.net\/wp-content\/uploads\/justiceinfo_logo-trans_1200x1200px.png","width":1199,"height":1200,"caption":"Justice Info"},"image":{"@id":"https:\/\/www.justiceinfo.net\/fr#\/schema\/logo\/image\/"},"sameAs":["https:\/\/www.facebook.com\/JusticeInfo\/","https:\/\/x.com\/justiceinfonet","https:\/\/www.linkedin.com\/company\/justice-info","https:\/\/www.youtube.com\/channel\/UCyCEsARodyuWtkWyhn-e7pA"]},{"@type":"Person","name":"solivri","url":"\/fr\/?s=solivri"}]}},"_links":{"self":[{"href":"https:\/\/www.justiceinfo.net\/fr\/wp-json\/wp\/v2\/posts\/13303","targetHints":{"allow":["GET"]}}],"collection":[{"href":"https:\/\/www.justiceinfo.net\/fr\/wp-json\/wp\/v2\/posts"}],"about":[{"href":"https:\/\/www.justiceinfo.net\/fr\/wp-json\/wp\/v2\/types\/post"}],"author":[{"embeddable":true,"href":"https:\/\/www.justiceinfo.net\/fr\/wp-json\/wp\/v2\/users\/64"}],"replies":[{"embeddable":true,"href":"https:\/\/www.justiceinfo.net\/fr\/wp-json\/wp\/v2\/comments?post=13303"}],"version-history":[{"count":0,"href":"https:\/\/www.justiceinfo.net\/fr\/wp-json\/wp\/v2\/posts\/13303\/revisions"}],"wp:attachment":[{"href":"https:\/\/www.justiceinfo.net\/fr\/wp-json\/wp\/v2\/media?parent=13303"}],"wp:term":[{"taxonomy":"category","embeddable":true,"href":"https:\/\/www.justiceinfo.net\/fr\/wp-json\/wp\/v2\/categories?post=13303"},{"taxonomy":"post_tag","embeddable":true,"href":"https:\/\/www.justiceinfo.net\/fr\/wp-json\/wp\/v2\/tags?post=13303"},{"taxonomy":"ji_location","embeddable":true,"href":"https:\/\/www.justiceinfo.net\/fr\/wp-json\/wp\/v2\/ji_location?post=13303"}],"curies":[{"name":"wp","href":"https:\/\/api.w.org\/{rel}","templated":true}]}}