{"id":13316,"date":"2011-06-01T00:00:00","date_gmt":"2011-05-31T22:00:00","guid":{"rendered":"https:\/\/www.justiceinfo.net\/13316-010611-tpirrdc-munyagishari-est-toujours-en-rdc-une-semaine-apres-son-arrestation10130.html"},"modified":"2011-06-01T00:00:00","modified_gmt":"2011-05-31T22:00:00","slug":"010611-tpirrdc-munyagishari-est-toujours-en-rdc-une-semaine-apres-son-arrestation10130","status":"publish","type":"post","link":"https:\/\/www.justiceinfo.net\/fr\/13316-010611-tpirrdc-munyagishari-est-toujours-en-rdc-une-semaine-apres-son-arrestation10130.html","title":{"rendered":"01.06.11 - TPIR\/RDC - MUNYAGISHARI EST TOUJOURS EN RDC UNE SEMAINE APRES SON ARRESTATION"},"content":{"rendered":"<p>\nArusha, 1 juin 2011 (FH) - Une semaine apr&egrave;s l'annonce de son arrestation dans l'est de la R&eacute;publique d&eacute;mocratique du Congo (RDC), Bernard Munyagishari n'a pas encore &eacute;t&eacute; transf&eacute;r&eacute; au centre de d&eacute;tention du Tribunal p&eacute;nal international pour le Rwanda (TPIR) &agrave; Arusha, en Tanzanie.\n<\/p>\n<p><!--more--><\/p>\n<p >\nD'habitude, le processus de transfert ne prend du temps que pour les inculp&eacute;s appr&eacute;hend&eacute;s en Occident, o&ugrave; les arrestations sont suivies de longues batailles judiciaires.\n<\/p>\n<p >\n<p >\n&laquo; Nous attendons encore &raquo;, r&eacute;pondent invariablement les responsables du tribunal, sans se risquer &agrave; donner des explications sur ce retard.\n<\/p>\n<p >\nInculp&eacute; de crimes de g&eacute;nocide et de crimes contre l'humanit&eacute;, ce fils de la commune urbaine de Rubavu, dans la pr&eacute;fecture de Gisenyi (nord), &eacute;tait, selon le procureur, chef local de la milice Interahamwe.\n<\/p>\n<p >\nIl est accus&eacute; d'avoir recrut&eacute;, entra&icirc;n&eacute; et dirig&eacute; les miliciens Interahamwe de Gisenyi lors de massacres et de viols massifs.\n<\/p>\n<p >\nLe TPIR avait annonc&eacute; le 25 mai que &laquo; les arrangements (&eacute;taient) en cours &raquo; en vue de son transf&egrave;rement au si&egrave;ge du tribunal.\n<\/p>\n<p >\n&laquo; Le transfert de Munyagishari risque de prendre du retard comme celui de (l'ancien maire) Gr&eacute;goire Ndahimana qui avait &eacute;t&eacute; &eacute;galement arr&ecirc;t&eacute; en RDC &raquo;, a pronostiqu&eacute; une source au greffe, sous couvert de l'anonymat.\n<\/p>\n<p >\nArr&ecirc;t&eacute; le 10 ao&ucirc;t 2009, Ndahimana n'&eacute;tait arriv&eacute; au centre de d&eacute;tention du TPIR qu'une quarantaine de jours plus tard.\n<\/p>\n<p >\nIndign&eacute; par ce retard, un cadre sup&eacute;rieur du tribunal avait d&eacute;clar&eacute;, &agrave; quelques jours du transfert, qu'une saisine de l'ONU &eacute;tait envisageable. &laquo; Nous avons des difficult&eacute;s avec les autorit&eacute;s congolaises. Si cela continue, nous allons d&eacute;poser une plainte officielle devant le secr&eacute;taire g&eacute;n&eacute;ral (de l'ONU) &raquo;, avait menac&eacute; le responsable dans un entretien avec l'agence Hirondelle.\n<\/p>\n<p >\nEt pourtant, la derni&egrave;re personne &agrave; &ecirc;tre entr&eacute;e au p&eacute;nitencier du TPIR, le pasteur pentec&ocirc;tiste Jean&nbsp; Uwinkindi, y a &eacute;t&eacute; transf&eacute;r&eacute;e deux jours apr&egrave;s son arrestation le 30 juin 2010 en Ouganda, un pays voisin, comme la RDC, de la Tanzanie h&ocirc;te du tribunal.\n<\/p>\n<p >\nPour la prise pr&eacute;c&eacute;dente, les choses avaient &eacute;t&eacute; encore plus rapides car le capitaine Ildephonse Nizeyimana, avait rejoint d'anciens compagnons d'armes &agrave; la prison d'Arusha, le lendemain de son arrestation le 5 octobre 2009 dans la capitale ougandaise.\n<\/p>\n<p >\n<p >\nER\/GF\n<\/p>\n<p >\n<p>\n&copy; Agence Hirondelle<\/p>\n","protected":false},"excerpt":{"rendered":"<p>Arusha, 1 juin 2011 (FH) - Une semaine apr&egrave;s l'annonce de son arrestation dans l'est de la R&eacute;publique d&eacute;mocratique du Congo (RDC), Bernard Munyagishari n'a pas encore &eacute;t&eacute; transf&eacute;r&eacute; au centre de d&eacute;tention du Tribunal p&eacute;nal international pour le Rwanda (TPIR) &agrave; Arusha, en Tanzanie.<\/p>\n","protected":false},"author":64,"featured_media":0,"comment_status":"open","ping_status":"closed","sticky":false,"template":"","format":"standard","meta":{"_acf_changed":false,"footnotes":""},"categories":[554],"tags":[],"ji_location":[],"class_list":["post-13316","post","type-post","status-publish","format-standard","hentry","category-hirondellenews"],"acf":[],"yoast_head":"<!-- This site is optimized with the Yoast SEO Premium plugin v25.3.1 (Yoast SEO v25.3.1) - https:\/\/yoast.com\/wordpress\/plugins\/seo\/ -->\n<title>01.06.11 - TPIR\/RDC - MUNYAGISHARI EST TOUJOURS EN RDC UNE SEMAINE APRES SON ARRESTATION - JusticeInfo.net<\/title>\n<meta name=\"robots\" content=\"index, follow, max-snippet:-1, max-image-preview:large, max-video-preview:-1\" \/>\n<link rel=\"canonical\" href=\"https:\/\/www.justiceinfo.net\/fr\/13316-010611-tpirrdc-munyagishari-est-toujours-en-rdc-une-semaine-apres-son-arrestation10130.html\" \/>\n<meta property=\"og:locale\" content=\"fr_FR\" \/>\n<meta property=\"og:type\" content=\"article\" \/>\n<meta property=\"og:title\" content=\"01.06.11 - TPIR\/RDC - MUNYAGISHARI EST TOUJOURS EN RDC UNE SEMAINE APRES SON ARRESTATION\" \/>\n<meta property=\"og:description\" content=\"Arusha, 1 juin 2011 (FH) - Une semaine apr&egrave;s l&#039;annonce de son arrestation dans l&#039;est de la R&eacute;publique d&eacute;mocratique du Congo (RDC), Bernard Munyagishari n&#039;a pas encore &eacute;t&eacute; transf&eacute;r&eacute; au centre de d&eacute;tention du Tribunal p&eacute;nal international pour le Rwanda (TPIR) &agrave; Arusha, en Tanzanie.\" \/>\n<meta property=\"og:url\" content=\"https:\/\/www.justiceinfo.net\/fr\/13316-010611-tpirrdc-munyagishari-est-toujours-en-rdc-une-semaine-apres-son-arrestation10130.html\" \/>\n<meta property=\"og:site_name\" content=\"JusticeInfo.net\" \/>\n<meta property=\"article:publisher\" content=\"https:\/\/www.facebook.com\/JusticeInfo\/\" \/>\n<meta property=\"article:published_time\" content=\"2011-05-31T22:00:00+00:00\" \/>\n<meta property=\"og:image\" content=\"https:\/\/www.justiceinfo.net\/wp-content\/uploads\/JusticeInfoNet_logo_1200x630px.jpg\" \/>\n\t<meta property=\"og:image:width\" content=\"1200\" \/>\n\t<meta property=\"og:image:height\" content=\"630\" \/>\n\t<meta property=\"og:image:type\" content=\"image\/jpeg\" \/>\n<meta name=\"author\" content=\"solivri\" \/>\n<meta name=\"twitter:card\" content=\"summary_large_image\" \/>\n<meta name=\"twitter:creator\" content=\"@justiceinfonet\" \/>\n<meta name=\"twitter:site\" content=\"@justiceinfonet\" \/>\n<meta name=\"twitter:label1\" content=\"\u00c9crit par\" \/>\n\t<meta name=\"twitter:data1\" content=\"solivri\" \/>\n\t<meta name=\"twitter:label2\" content=\"Dur\u00e9e de lecture estim\u00e9e\" \/>\n\t<meta name=\"twitter:data2\" content=\"2 minutes\" \/>\n<script type=\"application\/ld+json\" class=\"yoast-schema-graph\">{\"@context\":\"https:\/\/schema.org\",\"@graph\":[{\"@type\":\"NewsArticle\",\"@id\":\"https:\/\/www.justiceinfo.net\/fr\/13316-010611-tpirrdc-munyagishari-est-toujours-en-rdc-une-semaine-apres-son-arrestation10130.html#article\",\"isPartOf\":{\"@id\":\"https:\/\/www.justiceinfo.net\/fr\/13316-010611-tpirrdc-munyagishari-est-toujours-en-rdc-une-semaine-apres-son-arrestation10130.html\"},\"author\":{\"name\":\"solivri\",\"@id\":\"https:\/\/www.justiceinfo.net\/fr#\/schema\/person\/6e53cba1629e2e66f3fc1821d3091865\"},\"headline\":\"01.06.11 - TPIR\/RDC - MUNYAGISHARI EST TOUJOURS EN RDC UNE SEMAINE APRES SON ARRESTATION\",\"datePublished\":\"2011-05-31T22:00:00+00:00\",\"mainEntityOfPage\":{\"@id\":\"https:\/\/www.justiceinfo.net\/fr\/13316-010611-tpirrdc-munyagishari-est-toujours-en-rdc-une-semaine-apres-son-arrestation10130.html\"},\"wordCount\":497,\"commentCount\":0,\"publisher\":{\"@id\":\"https:\/\/www.justiceinfo.net\/fr#organization\"},\"articleSection\":[\"Hirondelle News\"],\"inLanguage\":\"fr-FR\",\"potentialAction\":[{\"@type\":\"CommentAction\",\"name\":\"Comment\",\"target\":[\"https:\/\/www.justiceinfo.net\/fr\/13316-010611-tpirrdc-munyagishari-est-toujours-en-rdc-une-semaine-apres-son-arrestation10130.html#respond\"]}]},{\"@type\":\"WebPage\",\"@id\":\"https:\/\/www.justiceinfo.net\/fr\/13316-010611-tpirrdc-munyagishari-est-toujours-en-rdc-une-semaine-apres-son-arrestation10130.html\",\"url\":\"https:\/\/www.justiceinfo.net\/fr\/13316-010611-tpirrdc-munyagishari-est-toujours-en-rdc-une-semaine-apres-son-arrestation10130.html\",\"name\":\"01.06.11 - TPIR\/RDC - MUNYAGISHARI EST TOUJOURS EN RDC UNE SEMAINE APRES SON ARRESTATION - JusticeInfo.net\",\"isPartOf\":{\"@id\":\"https:\/\/www.justiceinfo.net\/fr#website\"},\"datePublished\":\"2011-05-31T22:00:00+00:00\",\"breadcrumb\":{\"@id\":\"https:\/\/www.justiceinfo.net\/fr\/13316-010611-tpirrdc-munyagishari-est-toujours-en-rdc-une-semaine-apres-son-arrestation10130.html#breadcrumb\"},\"inLanguage\":\"fr-FR\",\"potentialAction\":[{\"@type\":\"ReadAction\",\"target\":[\"https:\/\/www.justiceinfo.net\/fr\/13316-010611-tpirrdc-munyagishari-est-toujours-en-rdc-une-semaine-apres-son-arrestation10130.html\"]}]},{\"@type\":\"BreadcrumbList\",\"@id\":\"https:\/\/www.justiceinfo.net\/fr\/13316-010611-tpirrdc-munyagishari-est-toujours-en-rdc-une-semaine-apres-son-arrestation10130.html#breadcrumb\",\"itemListElement\":[{\"@type\":\"ListItem\",\"position\":1,\"name\":\"Home\",\"item\":\"https:\/\/www.justiceinfo.net\/fr\"},{\"@type\":\"ListItem\",\"position\":2,\"name\":\"01.06.11 - TPIR\/RDC - MUNYAGISHARI EST TOUJOURS EN RDC UNE SEMAINE APRES SON ARRESTATION\"}]},{\"@type\":\"WebSite\",\"@id\":\"https:\/\/www.justiceinfo.net\/fr#website\",\"url\":\"https:\/\/www.justiceinfo.net\/fr\",\"name\":\"JusticeInfo.net\",\"description\":\"La justice doit \u00eatre vue pour \u00eatre rendue\",\"publisher\":{\"@id\":\"https:\/\/www.justiceinfo.net\/fr#organization\"},\"potentialAction\":[{\"@type\":\"SearchAction\",\"target\":{\"@type\":\"EntryPoint\",\"urlTemplate\":\"https:\/\/www.justiceinfo.net\/fr?s={search_term_string}\"},\"query-input\":{\"@type\":\"PropertyValueSpecification\",\"valueRequired\":true,\"valueName\":\"search_term_string\"}}],\"inLanguage\":\"fr-FR\"},{\"@type\":\"Organization\",\"@id\":\"https:\/\/www.justiceinfo.net\/fr#organization\",\"name\":\"Justice Info\",\"url\":\"https:\/\/www.justiceinfo.net\/fr\",\"logo\":{\"@type\":\"ImageObject\",\"inLanguage\":\"fr-FR\",\"@id\":\"https:\/\/www.justiceinfo.net\/fr#\/schema\/logo\/image\/\",\"url\":\"https:\/\/www.justiceinfo.net\/wp-content\/uploads\/justiceinfo_logo-trans_1200x1200px.png\",\"contentUrl\":\"https:\/\/www.justiceinfo.net\/wp-content\/uploads\/justiceinfo_logo-trans_1200x1200px.png\",\"width\":1199,\"height\":1200,\"caption\":\"Justice Info\"},\"image\":{\"@id\":\"https:\/\/www.justiceinfo.net\/fr#\/schema\/logo\/image\/\"},\"sameAs\":[\"https:\/\/www.facebook.com\/JusticeInfo\/\",\"https:\/\/x.com\/justiceinfonet\",\"https:\/\/www.linkedin.com\/company\/justice-info\",\"https:\/\/www.youtube.com\/channel\/UCyCEsARodyuWtkWyhn-e7pA\"]},{\"@type\":\"Person\",\"name\":\"solivri\",\"url\":\"\/fr\/?s=solivri\"}]}<\/script>\n<!-- \/ Yoast SEO Premium plugin. -->","yoast_head_json":{"title":"01.06.11 - TPIR\/RDC - MUNYAGISHARI EST TOUJOURS EN RDC UNE SEMAINE APRES SON ARRESTATION - JusticeInfo.net","robots":{"index":"index","follow":"follow","max-snippet":"max-snippet:-1","max-image-preview":"max-image-preview:large","max-video-preview":"max-video-preview:-1"},"canonical":"https:\/\/www.justiceinfo.net\/fr\/13316-010611-tpirrdc-munyagishari-est-toujours-en-rdc-une-semaine-apres-son-arrestation10130.html","og_locale":"fr_FR","og_type":"article","og_title":"01.06.11 - TPIR\/RDC - MUNYAGISHARI EST TOUJOURS EN RDC UNE SEMAINE APRES SON ARRESTATION","og_description":"Arusha, 1 juin 2011 (FH) - Une semaine apr&egrave;s l'annonce de son arrestation dans l'est de la R&eacute;publique d&eacute;mocratique du Congo (RDC), Bernard Munyagishari n'a pas encore &eacute;t&eacute; transf&eacute;r&eacute; au centre de d&eacute;tention du Tribunal p&eacute;nal international pour le Rwanda (TPIR) &agrave; Arusha, en Tanzanie.","og_url":"https:\/\/www.justiceinfo.net\/fr\/13316-010611-tpirrdc-munyagishari-est-toujours-en-rdc-une-semaine-apres-son-arrestation10130.html","og_site_name":"JusticeInfo.net","article_publisher":"https:\/\/www.facebook.com\/JusticeInfo\/","article_published_time":"2011-05-31T22:00:00+00:00","og_image":[{"width":1200,"height":630,"url":"https:\/\/www.justiceinfo.net\/wp-content\/uploads\/JusticeInfoNet_logo_1200x630px.jpg","type":"image\/jpeg"}],"author":"solivri","twitter_card":"summary_large_image","twitter_creator":"@justiceinfonet","twitter_site":"@justiceinfonet","twitter_misc":{"\u00c9crit par":"solivri","Dur\u00e9e de lecture estim\u00e9e":"2 minutes"},"schema":{"@context":"https:\/\/schema.org","@graph":[{"@type":"NewsArticle","@id":"https:\/\/www.justiceinfo.net\/fr\/13316-010611-tpirrdc-munyagishari-est-toujours-en-rdc-une-semaine-apres-son-arrestation10130.html#article","isPartOf":{"@id":"https:\/\/www.justiceinfo.net\/fr\/13316-010611-tpirrdc-munyagishari-est-toujours-en-rdc-une-semaine-apres-son-arrestation10130.html"},"author":{"name":"solivri","@id":"https:\/\/www.justiceinfo.net\/fr#\/schema\/person\/6e53cba1629e2e66f3fc1821d3091865"},"headline":"01.06.11 - TPIR\/RDC - MUNYAGISHARI EST TOUJOURS EN RDC UNE SEMAINE APRES SON ARRESTATION","datePublished":"2011-05-31T22:00:00+00:00","mainEntityOfPage":{"@id":"https:\/\/www.justiceinfo.net\/fr\/13316-010611-tpirrdc-munyagishari-est-toujours-en-rdc-une-semaine-apres-son-arrestation10130.html"},"wordCount":497,"commentCount":0,"publisher":{"@id":"https:\/\/www.justiceinfo.net\/fr#organization"},"articleSection":["Hirondelle News"],"inLanguage":"fr-FR","potentialAction":[{"@type":"CommentAction","name":"Comment","target":["https:\/\/www.justiceinfo.net\/fr\/13316-010611-tpirrdc-munyagishari-est-toujours-en-rdc-une-semaine-apres-son-arrestation10130.html#respond"]}]},{"@type":"WebPage","@id":"https:\/\/www.justiceinfo.net\/fr\/13316-010611-tpirrdc-munyagishari-est-toujours-en-rdc-une-semaine-apres-son-arrestation10130.html","url":"https:\/\/www.justiceinfo.net\/fr\/13316-010611-tpirrdc-munyagishari-est-toujours-en-rdc-une-semaine-apres-son-arrestation10130.html","name":"01.06.11 - TPIR\/RDC - MUNYAGISHARI EST TOUJOURS EN RDC UNE SEMAINE APRES SON ARRESTATION - JusticeInfo.net","isPartOf":{"@id":"https:\/\/www.justiceinfo.net\/fr#website"},"datePublished":"2011-05-31T22:00:00+00:00","breadcrumb":{"@id":"https:\/\/www.justiceinfo.net\/fr\/13316-010611-tpirrdc-munyagishari-est-toujours-en-rdc-une-semaine-apres-son-arrestation10130.html#breadcrumb"},"inLanguage":"fr-FR","potentialAction":[{"@type":"ReadAction","target":["https:\/\/www.justiceinfo.net\/fr\/13316-010611-tpirrdc-munyagishari-est-toujours-en-rdc-une-semaine-apres-son-arrestation10130.html"]}]},{"@type":"BreadcrumbList","@id":"https:\/\/www.justiceinfo.net\/fr\/13316-010611-tpirrdc-munyagishari-est-toujours-en-rdc-une-semaine-apres-son-arrestation10130.html#breadcrumb","itemListElement":[{"@type":"ListItem","position":1,"name":"Home","item":"https:\/\/www.justiceinfo.net\/fr"},{"@type":"ListItem","position":2,"name":"01.06.11 - TPIR\/RDC - MUNYAGISHARI EST TOUJOURS EN RDC UNE SEMAINE APRES SON ARRESTATION"}]},{"@type":"WebSite","@id":"https:\/\/www.justiceinfo.net\/fr#website","url":"https:\/\/www.justiceinfo.net\/fr","name":"JusticeInfo.net","description":"La justice doit \u00eatre vue pour \u00eatre rendue","publisher":{"@id":"https:\/\/www.justiceinfo.net\/fr#organization"},"potentialAction":[{"@type":"SearchAction","target":{"@type":"EntryPoint","urlTemplate":"https:\/\/www.justiceinfo.net\/fr?s={search_term_string}"},"query-input":{"@type":"PropertyValueSpecification","valueRequired":true,"valueName":"search_term_string"}}],"inLanguage":"fr-FR"},{"@type":"Organization","@id":"https:\/\/www.justiceinfo.net\/fr#organization","name":"Justice Info","url":"https:\/\/www.justiceinfo.net\/fr","logo":{"@type":"ImageObject","inLanguage":"fr-FR","@id":"https:\/\/www.justiceinfo.net\/fr#\/schema\/logo\/image\/","url":"https:\/\/www.justiceinfo.net\/wp-content\/uploads\/justiceinfo_logo-trans_1200x1200px.png","contentUrl":"https:\/\/www.justiceinfo.net\/wp-content\/uploads\/justiceinfo_logo-trans_1200x1200px.png","width":1199,"height":1200,"caption":"Justice Info"},"image":{"@id":"https:\/\/www.justiceinfo.net\/fr#\/schema\/logo\/image\/"},"sameAs":["https:\/\/www.facebook.com\/JusticeInfo\/","https:\/\/x.com\/justiceinfonet","https:\/\/www.linkedin.com\/company\/justice-info","https:\/\/www.youtube.com\/channel\/UCyCEsARodyuWtkWyhn-e7pA"]},{"@type":"Person","name":"solivri","url":"\/fr\/?s=solivri"}]}},"_links":{"self":[{"href":"https:\/\/www.justiceinfo.net\/fr\/wp-json\/wp\/v2\/posts\/13316","targetHints":{"allow":["GET"]}}],"collection":[{"href":"https:\/\/www.justiceinfo.net\/fr\/wp-json\/wp\/v2\/posts"}],"about":[{"href":"https:\/\/www.justiceinfo.net\/fr\/wp-json\/wp\/v2\/types\/post"}],"author":[{"embeddable":true,"href":"https:\/\/www.justiceinfo.net\/fr\/wp-json\/wp\/v2\/users\/64"}],"replies":[{"embeddable":true,"href":"https:\/\/www.justiceinfo.net\/fr\/wp-json\/wp\/v2\/comments?post=13316"}],"version-history":[{"count":0,"href":"https:\/\/www.justiceinfo.net\/fr\/wp-json\/wp\/v2\/posts\/13316\/revisions"}],"wp:attachment":[{"href":"https:\/\/www.justiceinfo.net\/fr\/wp-json\/wp\/v2\/media?parent=13316"}],"wp:term":[{"taxonomy":"category","embeddable":true,"href":"https:\/\/www.justiceinfo.net\/fr\/wp-json\/wp\/v2\/categories?post=13316"},{"taxonomy":"post_tag","embeddable":true,"href":"https:\/\/www.justiceinfo.net\/fr\/wp-json\/wp\/v2\/tags?post=13316"},{"taxonomy":"ji_location","embeddable":true,"href":"https:\/\/www.justiceinfo.net\/fr\/wp-json\/wp\/v2\/ji_location?post=13316"}],"curies":[{"name":"wp","href":"https:\/\/api.w.org\/{rel}","templated":true}]}}