{"id":133570,"date":"2024-06-25T09:05:06","date_gmt":"2024-06-25T07:05:06","guid":{"rendered":"https:\/\/www.justiceinfo.net\/?p=133570"},"modified":"2024-06-25T09:05:07","modified_gmt":"2024-06-25T07:05:07","slug":"guinee-temps-plaidoiries-defense","status":"publish","type":"post","link":"https:\/\/www.justiceinfo.net\/fr\/133570-guinee-temps-plaidoiries-defense.html","title":{"rendered":"En Guin\u00e9e, le temps des plaidoiries de la d\u00e9fense"},"content":{"rendered":"\n<p><strong>Au proc\u00e8s du massacre du stade de Conakry, les avocats des accus\u00e9s se succ\u00e8dent \u00e0 la barre depuis le 27 mai 2024. Presque tous les pr\u00e9venus ont d\u00e9j\u00e0 fait l\u2019objet d\u2019une plaidoirie finale. L'ancien pr\u00e9sident Moussa Dadis Camara, avec ses nombreux conseils, a \u00e9t\u00e9 au centre de l\u2019attention ces derni\u00e8res semaines.<\/strong><\/p>\n\n\n\n<!--more-->\n\n\n\n<p>Boubou flambant neuf ou costume trois pi\u00e8ces tout juste sorti de chez le tailleur\u00a0\u2013 except\u00e9 les tenues des accus\u00e9s, les jours se suivent et se ressemblent au terme du proc\u00e8s du massacre du 28-Septembre. Jug\u00e9s depuis vingt et un mois, onze pr\u00e9venus \u2013 un ancien chef d\u2019\u00c9tat et de hauts responsables de son r\u00e9gime putschiste \u2013 doivent r\u00e9pondre de la r\u00e9pression d'un meeting de l'opposition dans un stade de la capitale guin\u00e9enne, le 28 septembre 2009. Le bain de sang avait fait plus de 150 morts et plus d'une centaine de femmes avaient \u00e9t\u00e9 viol\u00e9es.<\/p>\n\n\n\n<p>Le 27 mai 2024, la d\u00e9fense a d\u00e9but\u00e9 ses plaidoiries. Une vingtaine d\u2019avocats repr\u00e9sentent les accus\u00e9s. Ils sont d\u00e9j\u00e0 une quinzaine \u00e0 \u00eatre pass\u00e9s \u00e0 la barre. Salifou B\u00e9avogui, avocat de l\u2019adjudant Mamadou Aliou Keita, a \u00e9t\u00e9 l'un des premiers appel\u00e9s par le pr\u00e9sident du tribunal. Face aux magistrats, faisant dos au public, le conseil nie les faits qui sont reproch\u00e9s \u00e0 son client. Selon lui, il n\u2019a pas viol\u00e9 Dame Aissatou Barry, l'une des victimes embl\u00e9matiques de ce dossier. \u00ab&nbsp;<em>Il y a erreur sur la personne. E<\/em><em>lle a d\u00fb apercevoir Mamadou Aliou Keita de loin. Mais, au demeurant, <\/em><em>\u00e7a ne peut pas passer devant une Cour, devant un tribunal criminel. Parole contre parole, <\/em><em>\u00e7a ne pourra pas passer, ce n'est pas possible. Mamadou Aliou Keita sera acquitt\u00e9<\/em> \u00bb, assure-t-il, pr\u00e9figurant la ligne de d\u00e9fense des avocats qui vont se succ\u00e9der \u00e0 la barre. Tous plaident l'innocence de leurs clients.<\/p>\n\n\n\n<p>Vient la plaidoirie de l\u2019avocat de Blaise Goumou, ancien \u00e9l\u00e9ment des services sp\u00e9ciaux, consid\u00e9r\u00e9 comme un ex\u00e9cutant. Le gendarme est soup\u00e7onn\u00e9 d\u2019avoir particip\u00e9 \u00e0 la tuerie au stade et le minist\u00e8re public a requis contre lui l\u2019emprisonnement \u00e0 perp\u00e9tuit\u00e9. L\u2019argumentaire de M<sup>e<\/sup> Yaramo-C\u00e9 Saolomou d\u00e9veloppe plusieurs th\u00e8mes que ses confr\u00e8res continueront d\u2019explorer par la suite. Il d\u00e9nonce l\u2019ill\u00e9galit\u00e9 de la requalification des faits en crimes contre l\u2019humanit\u00e9, qui est demand\u00e9e par le parquet et sur laquelle le tribunal a d\u00e9cid\u00e9 de se prononcer seulement au moment du verdict. Une requalification que certains avocats jugent \u00ab&nbsp;<em>opportuniste<\/em>&nbsp;\u00bb et qui montre, d'apr\u00e8s eux, l\u2019absence de preuve dans le dossier. \u00ab<em>&nbsp;Le minist\u00e8re public devrait avoir le courage, l\u2019honn\u00eatet\u00e9 intellectuelle et m\u00eame professionnelle de reconna\u00eetre son \u00e9chec. La loi m\u00eame vous donne la possibilit\u00e9 de requ\u00e9rir \u00e0 d\u00e9charge lorsque vous constatez qu\u2019il n\u2019existe aucun \u00e9l\u00e9ment, aucune pi\u00e8ce \u00e0 conviction de nature \u00e0 \u00e9tablir la culpabilit\u00e9 des accus\u00e9s&nbsp;<\/em>\u00bb, d\u00e9clare sur un ton p\u00e9remptoire M<sup>e<\/sup> Saolomou.<\/p>\n\n\n\n<h2 class=\"wp-block-heading\" id=\"h-victimes-accusees\">Victimes accus\u00e9es<\/h2>\n\n\n\n<p>Face \u00e0 ce dossier qu\u2019ils consid\u00e8rent comme insuffisamment solide, nombreux sont les avocats \u00e0 estimer qu\u2019une condamnation de leur client r\u00e9sulterait d\u2019une \u00ab<em> chasse aux sorci\u00e8res<\/em>\u00a0\u00bb. Certains font r\u00e9f\u00e9rence au proc\u00e8s de Laurent Gbagbo et Charles Bl\u00e9-Goud\u00e9, l\u2019ancien pr\u00e9sident et l\u2019ancien ministre de la Jeunesse ivoiriens jug\u00e9s et acquitt\u00e9s devant la <a href=\"https:\/\/www.justiceinfo.net\/fr\/tribunaux\/cpi\">Cour p\u00e9nale internationale (CPI)<\/a>. M<sup>e<\/sup> Saolomou appelle ainsi le tribunal \u00e0 la raison :\u00ab<em>\u00a0A l'instar des juges de la Cour p\u00e9nale internationale qui se sont laiss\u00e9s guider uniquement par la loi pour restituer la v\u00e9rit\u00e9 historique par l\u2019acquittement de ces deux accus\u00e9s, vous pourrez en faire autant, monsieur le pr\u00e9sident.\u00a0<\/em>\u00bb Pour appuyer ses propos, le conseil brandit le tabou de ce proc\u00e8s sans pr\u00e9c\u00e9dent en Guin\u00e9e : l'affaire aurait une dimension ethnique. \u00ab\u00a0<em>Il y en a qui pensent que ce proc\u00e8s est dirig\u00e9 contre une communaut\u00e9\u00a0<\/em>\u00bb, lance-t-il, sugg\u00e9rant ainsi qu'une condamnation viendrait confirmer cette opinion. \u00ab<em>\u00a0La d\u00e9cision du tribunal ne doit souffrir d\u2019aucune fin communautariste, ethnique, r\u00e9gionaliste ou religieuse\u00a0<\/em>\u00bb, conclut-il.<\/p>\n\n\n\n<p>Dans la m\u00eame veine, M<sup>e<\/sup> P\u00e9p\u00e9 Antoine Lamah, avocat de <a href=\"https:\/\/www.justiceinfo.net\/fr\/110343-dadis-camara-devant-justice-guineenne-quel-pardon-demander.html\">Moussa Dadis Camara<\/a>, chef de l\u2019\u00c9tat au moment du massacre, d\u00e9nonce un proc\u00e8s politique. \u00ab\u00a0<em>Puisqu\u2019il faut juger pour juger, \u00e9ventuellement distribuer des peines parce qu\u2019il faut proc\u00e9der \u00e0 l\u2019ex\u00e9cution d'un sch\u00e9ma politique qui, pour certains, entre dans le cadre de la r\u00e9conciliation nationale, c\u2019est pour \u00e7a qu'on supporte tout \u00e7a. Sinon, si on veut faire un proc\u00e8s s\u00e9rieux, on recherche v\u00e9ritablement les responsables.<\/em>\u00a0\u00bb Il accuse certaines victimes d\u2019avoir menti, de s\u2019\u00eatre enrichies, comme l\u2019Avipa, l\u2019association des victimes, proches et amis du 28-septembre. \u00ab\u00a0<em>Demandez \u00e0 cette ONG de faire le bilan comptable de ses activit\u00e9s de 2010 \u00e0 nos jours, vous verrez les traces de milliards ! Pendant que les vraies victimes sont l\u00e0, \u00e0 souffrir, les autres empochent des milliards, construisent des maisons, envoient leurs enfants \u00e9tudier dans des grandes \u00e9coles \u00e0 l\u2019\u00e9tranger<\/em>\u00a0\u00bb, affirme-t-il. Mais ces attaques dirig\u00e9es contre les parties civiles sont pouss\u00e9es \u00e0 leur paroxysme par un autre avocat de Dadis, M<sup>e<\/sup> Jean-Baptiste Jocamey Haba.<\/p>\n\n\n\n<h2 class=\"wp-block-heading\" id=\"h-la-theorie-du-complot\">La th\u00e9orie du complot<\/h2>\n\n\n\n<p>Celui-ci bat tous les records, monopolisant la parole durant plus de trois jours. A la barre, il reprend le dossier dans ses moindres d\u00e9tails, d\u00e9veloppant, comme jamais avant lui, le th\u00e8me du complot. Selon lui, le massacre a \u00e9t\u00e9 organis\u00e9 par les ennemis de Dadis pour le faire chuter. Il fallait mettre sur la touche cet homme qui g\u00eanait \u00ab <em>les&nbsp;pr\u00e9dateurs de l\u2019\u00e9<\/em><em>conomie guin\u00e9enne<\/em>&nbsp;\u00bb, parce qu'il s\u2019\u00e9tait attaqu\u00e9 aux narcotrafiquants, \u00e0 la corruption, aux int\u00e9r\u00eats des Occidentaux\u2026 Le 18 juin, lors de son deuxi\u00e8me passage \u00e0 la barre, il va encore plus loin. Il d\u00e9nonce le r\u00f4le jou\u00e9, dit-il, par la France et cite des personnalit\u00e9s qui aurait eu int\u00e9r\u00eat \u00e0 \u00e9liminer Dadis : Bernard Kouchner, alors ministre fran\u00e7ais des Affaires \u00e9trang\u00e8res, le pr\u00e9sident fran\u00e7ais Nicolas Sarkozy et l\u2019opposant guin\u00e9en Alpha Cond\u00e9.<\/p>\n\n\n\n<p>La th\u00e9orie se pr\u00e9cise, m\u00ealant des faits av\u00e9r\u00e9s \u2013 les liens d'amiti\u00e9 anciens entre Kouchner et Cond\u00e9 \u2013 \u00e0 de simples suppositions. L'avocat voit ainsi dans le d\u00e9part de Cond\u00e9, la veille de la manifestation, une preuve de son implication. Il savait qu'un massacre allait avoir lieu et il est parti se mettre \u00e0 l\u2019abri \u00e0 l\u2019\u00e9tranger, estime le conseil. L\u2019avocat reprend ici \u00e0 son compte des rumeurs qui circulent depuis des ann\u00e9es \u00e0 Conakry, sans apporter davantage de preuves. Selon ces rumeurs, les leaders politiques guin\u00e9ens et leurs alli\u00e9s ont sciemment organis\u00e9 leur meeting pour provoquer le massacre et d\u00e9stabiliser Dadis. C\u2019est une petite musique que l\u2019on a souvent entendue au proc\u00e8s, du c\u00f4t\u00e9 de la d\u00e9fense. Ces leaders politiques seraient les vrais responsables du bain de sang qu'ils auraient engendr\u00e9 par leurs provocations. Par ce jeu de renversement, l'avocat rejette la responsabilit\u00e9 du crime sur les victimes.<\/p>\n\n\n\n<p>Le proc\u00e8s va-t-il pouvoir se terminer avant ao\u00fbt et les vacances judiciaires, comme le souhaite le pr\u00e9sident du tribunal ? Tout d\u00e9pendra du passage des derniers avocats de la d\u00e9fense. Ils sont une demi-douzaine \u00e0 ne pas avoir plaid\u00e9, dont les conseils d\u2019<a href=\"https:\/\/www.justiceinfo.net\/fr\/108275-proces-massacre-conakry-toumba-dit-part-verite.html\">Aboubacar Diakit\u00e9, dit \u00ab\u00a0Toumba\u00a0\u00bb<\/a>, l\u2019ancien aide de camp de Dadis qui accuse son ancien patron d\u2019avoir ordonn\u00e9 le massacre. Ils pourraient d\u00e9cider, en r\u00e9plique \u00e0 M<sup>e<\/sup> Haba, de s\u2019\u00e9terniser \u00e0 la barre pour \u00e9quilibrer les temps de parole.<\/p>\n\n\n<div class=\"articleLink articleLink--editorRecommanded articleLink--textInImage articleLink--textTop\" style=\"\">\r\n\t\t\t\t\t\r\n\t\t\t<div class=\"articleLinkSurTitle\">Recommand\u00e9 par la r\u00e9daction<\/div>\r\n\t\t\t<a class=\"articleLinkImageLink\" href=\"https:\/\/www.justiceinfo.net\/fr\/130109-guinee-massacre-stade-crime-contre-humanite.html\"><div class=\"articleLinkImageContainer \"><img loading=\"lazy\" decoding=\"async\" width=\"540\" height=\"360\" src=\"https:\/\/www.justiceinfo.net\/wp-content\/uploads\/Guinee_massacre-stade-conakry-28-septembre_@DR-540x360.jpg\" class=\"articleLinkImage backgroundImageTag w-100 wp-post-image\" alt=\"Au proc\u00e8s du 28 Septembre, en Guin\u00e9e, le massacre du stade de Conakry sera-t-il requalifi\u00e9 en crime contre l&#039;humanit\u00e9 ? Photo : un participant au meeting politique escalade une barri\u00e8re du stade (bond\u00e9), le jour du 28 septembre 2009.\" srcset=\"\" sizes=\"auto, (max-width: 540px) 100vw, 540px\" \/><\/div><\/a>\r\n\t\t\t<a href=\"https:\/\/www.justiceinfo.net\/fr\/130109-guinee-massacre-stade-crime-contre-humanite.html\" class=\"articleLinkTitle articleLinkTitle--default\">\r\n\t\t\tGuin\u00e9e : le massacre du stade, un crime contre l\u2019humanit\u00e9\u00a0?\r\n\t\t<\/a>\r\n\t\t\r\n\t\t\t\t<\/div>\n","protected":false},"excerpt":{"rendered":"<p>Au proc\u00e8s du massacre du stade de Conakry, les avocats des accus\u00e9s se succ\u00e8dent \u00e0 la barre depuis le 27 mai 2024. Presque tous les pr\u00e9venus ont d\u00e9j\u00e0 fait l\u2019objet d\u2019une plaidoirie finale. L'ancien pr\u00e9sident Moussa Dadis Camara, avec ses nombreux conseils, a \u00e9t\u00e9 au centre de l\u2019attention ces derni\u00e8res semaines.<\/p>\n","protected":false},"author":105,"featured_media":133574,"comment_status":"open","ping_status":"closed","sticky":false,"template":"","format":"standard","meta":{"_acf_changed":false,"footnotes":""},"categories":[574],"tags":[3808],"ji_location":[2256],"class_list":["post-133570","post","type-post","status-publish","format-standard","has-post-thumbnail","hentry","category-tribunaux-nationaux","tag-proces-du-28-septembre","ji_location-guinee"],"acf":[],"yoast_head":"<!-- This site is optimized with the Yoast SEO Premium plugin v25.3.1 (Yoast SEO v25.3.1) - https:\/\/yoast.com\/wordpress\/plugins\/seo\/ -->\n<title>En Guin\u00e9e, le temps des plaidoiries de la d\u00e9fense<\/title>\n<meta name=\"description\" content=\"Au proc\u00e8s du massacre du stade de Conakry, en Guin\u00e9e, les avocats des accus\u00e9s se succ\u00e8dent \u00e0 la barre depuis plusieurs semaines. Tous plaident l&#039;innocence de leurs clients. Entre accusation des victimes et th\u00e9orie du complot, les contre-attaques sont s\u00e9v\u00e8res.\" \/>\n<meta name=\"robots\" content=\"index, follow, max-snippet:-1, max-image-preview:large, max-video-preview:-1\" \/>\n<link rel=\"canonical\" href=\"https:\/\/www.justiceinfo.net\/fr\/133570-guinee-temps-plaidoiries-defense.html\" \/>\n<meta property=\"og:locale\" content=\"fr_FR\" \/>\n<meta property=\"og:type\" content=\"article\" \/>\n<meta property=\"og:title\" content=\"En Guin\u00e9e, le temps des plaidoiries de la d\u00e9fense\" \/>\n<meta property=\"og:description\" content=\"Au proc\u00e8s du massacre du stade de Conakry, en Guin\u00e9e, les avocats des accus\u00e9s se succ\u00e8dent \u00e0 la barre depuis plusieurs semaines. Tous plaident l&#039;innocence de leurs clients. Entre accusation des victimes et th\u00e9orie du complot, les contre-attaques sont s\u00e9v\u00e8res.\" \/>\n<meta property=\"og:url\" content=\"https:\/\/www.justiceinfo.net\/fr\/133570-guinee-temps-plaidoiries-defense.html\" \/>\n<meta property=\"og:site_name\" content=\"JusticeInfo.net\" \/>\n<meta property=\"article:publisher\" content=\"https:\/\/www.facebook.com\/JusticeInfo\/\" \/>\n<meta property=\"article:published_time\" content=\"2024-06-25T07:05:06+00:00\" \/>\n<meta property=\"article:modified_time\" content=\"2024-06-25T07:05:07+00:00\" \/>\n<meta property=\"og:image\" content=\"https:\/\/www.justiceinfo.net\/wp-content\/uploads\/Guinee_maitre-Jean-Baptiste-Jocamey-Haba-avocat-Dadis-Camara_@Abdoulaye-Bella-Diallo.jpg\" \/>\n\t<meta property=\"og:image:width\" content=\"1200\" \/>\n\t<meta property=\"og:image:height\" content=\"801\" \/>\n\t<meta property=\"og:image:type\" content=\"image\/jpeg\" \/>\n<meta name=\"author\" content=\"Matthias Raynal\" \/>\n<meta name=\"twitter:card\" content=\"summary_large_image\" \/>\n<meta name=\"twitter:creator\" content=\"@MatthiasRaynal\" \/>\n<meta name=\"twitter:site\" content=\"@justiceinfonet\" \/>\n<meta name=\"twitter:label1\" content=\"\u00c9crit par\" \/>\n\t<meta name=\"twitter:data1\" content=\"Matthias Raynal\" \/>\n\t<meta name=\"twitter:label2\" content=\"Dur\u00e9e de lecture estim\u00e9e\" \/>\n\t<meta name=\"twitter:data2\" content=\"7 minutes\" \/>\n<script type=\"application\/ld+json\" class=\"yoast-schema-graph\">{\"@context\":\"https:\/\/schema.org\",\"@graph\":[{\"@type\":\"NewsArticle\",\"@id\":\"https:\/\/www.justiceinfo.net\/fr\/133570-guinee-temps-plaidoiries-defense.html#article\",\"isPartOf\":{\"@id\":\"https:\/\/www.justiceinfo.net\/fr\/133570-guinee-temps-plaidoiries-defense.html\"},\"author\":{\"name\":\"Matthias Raynal\",\"@id\":\"https:\/\/www.justiceinfo.net\/fr#\/schema\/person\/3bd4ea3f8ee78d02cdd89ff757b30a86\"},\"headline\":\"En Guin\u00e9e, le temps des plaidoiries de la d\u00e9fense\",\"datePublished\":\"2024-06-25T07:05:06+00:00\",\"dateModified\":\"2024-06-25T07:05:07+00:00\",\"mainEntityOfPage\":{\"@id\":\"https:\/\/www.justiceinfo.net\/fr\/133570-guinee-temps-plaidoiries-defense.html\"},\"wordCount\":1326,\"commentCount\":0,\"publisher\":{\"@id\":\"https:\/\/www.justiceinfo.net\/fr#organization\"},\"image\":{\"@id\":\"https:\/\/www.justiceinfo.net\/fr\/133570-guinee-temps-plaidoiries-defense.html#primaryimage\"},\"thumbnailUrl\":\"https:\/\/www.justiceinfo.net\/wp-content\/uploads\/Guinee_maitre-Jean-Baptiste-Jocamey-Haba-avocat-Dadis-Camara_@Abdoulaye-Bella-Diallo.jpg\",\"keywords\":[\"Proc\u00e8s du 28 septembre\"],\"articleSection\":[\"Tribunaux nationaux\"],\"inLanguage\":\"fr-FR\",\"potentialAction\":[{\"@type\":\"CommentAction\",\"name\":\"Comment\",\"target\":[\"https:\/\/www.justiceinfo.net\/fr\/133570-guinee-temps-plaidoiries-defense.html#respond\"]}]},{\"@type\":\"WebPage\",\"@id\":\"https:\/\/www.justiceinfo.net\/fr\/133570-guinee-temps-plaidoiries-defense.html\",\"url\":\"https:\/\/www.justiceinfo.net\/fr\/133570-guinee-temps-plaidoiries-defense.html\",\"name\":\"En Guin\u00e9e, le temps des plaidoiries de la d\u00e9fense\",\"isPartOf\":{\"@id\":\"https:\/\/www.justiceinfo.net\/fr#website\"},\"primaryImageOfPage\":{\"@id\":\"https:\/\/www.justiceinfo.net\/fr\/133570-guinee-temps-plaidoiries-defense.html#primaryimage\"},\"image\":{\"@id\":\"https:\/\/www.justiceinfo.net\/fr\/133570-guinee-temps-plaidoiries-defense.html#primaryimage\"},\"thumbnailUrl\":\"https:\/\/www.justiceinfo.net\/wp-content\/uploads\/Guinee_maitre-Jean-Baptiste-Jocamey-Haba-avocat-Dadis-Camara_@Abdoulaye-Bella-Diallo.jpg\",\"datePublished\":\"2024-06-25T07:05:06+00:00\",\"dateModified\":\"2024-06-25T07:05:07+00:00\",\"description\":\"Au proc\u00e8s du massacre du stade de Conakry, en Guin\u00e9e, les avocats des accus\u00e9s se succ\u00e8dent \u00e0 la barre depuis plusieurs semaines. Tous plaident l'innocence de leurs clients. Entre accusation des victimes et th\u00e9orie du complot, les contre-attaques sont s\u00e9v\u00e8res.\",\"breadcrumb\":{\"@id\":\"https:\/\/www.justiceinfo.net\/fr\/133570-guinee-temps-plaidoiries-defense.html#breadcrumb\"},\"inLanguage\":\"fr-FR\",\"potentialAction\":[{\"@type\":\"ReadAction\",\"target\":[\"https:\/\/www.justiceinfo.net\/fr\/133570-guinee-temps-plaidoiries-defense.html\"]}]},{\"@type\":\"ImageObject\",\"inLanguage\":\"fr-FR\",\"@id\":\"https:\/\/www.justiceinfo.net\/fr\/133570-guinee-temps-plaidoiries-defense.html#primaryimage\",\"url\":\"https:\/\/www.justiceinfo.net\/wp-content\/uploads\/Guinee_maitre-Jean-Baptiste-Jocamey-Haba-avocat-Dadis-Camara_@Abdoulaye-Bella-Diallo.jpg\",\"contentUrl\":\"https:\/\/www.justiceinfo.net\/wp-content\/uploads\/Guinee_maitre-Jean-Baptiste-Jocamey-Haba-avocat-Dadis-Camara_@Abdoulaye-Bella-Diallo.jpg\",\"width\":1200,\"height\":801,\"caption\":\"Me Jean-Baptiste Jocamey Haba, avocat de l'ancien pre\u0301sident guin\u00e9en Moussa Dadis Camara, a repris \u00e0 son compte une th\u00e9orie selon laquelle les leaders politiques guin\u00e9ens et leurs alli\u00e9s fran\u00e7ais auraient sciemment organis\u00e9 leur meeting, en septembre 2009, pour provoquer le massacre et d\u00e9stabiliser Dadis. Photo : \u00a9 Abdoulaye Bella Diallo\"},{\"@type\":\"BreadcrumbList\",\"@id\":\"https:\/\/www.justiceinfo.net\/fr\/133570-guinee-temps-plaidoiries-defense.html#breadcrumb\",\"itemListElement\":[{\"@type\":\"ListItem\",\"position\":1,\"name\":\"Home\",\"item\":\"https:\/\/www.justiceinfo.net\/fr\"},{\"@type\":\"ListItem\",\"position\":2,\"name\":\"En Guin\u00e9e, le temps des plaidoiries de la d\u00e9fense\"}]},{\"@type\":\"WebSite\",\"@id\":\"https:\/\/www.justiceinfo.net\/fr#website\",\"url\":\"https:\/\/www.justiceinfo.net\/fr\",\"name\":\"JusticeInfo.net\",\"description\":\"La justice doit \u00eatre vue pour \u00eatre rendue\",\"publisher\":{\"@id\":\"https:\/\/www.justiceinfo.net\/fr#organization\"},\"potentialAction\":[{\"@type\":\"SearchAction\",\"target\":{\"@type\":\"EntryPoint\",\"urlTemplate\":\"https:\/\/www.justiceinfo.net\/fr?s={search_term_string}\"},\"query-input\":{\"@type\":\"PropertyValueSpecification\",\"valueRequired\":true,\"valueName\":\"search_term_string\"}}],\"inLanguage\":\"fr-FR\"},{\"@type\":\"Organization\",\"@id\":\"https:\/\/www.justiceinfo.net\/fr#organization\",\"name\":\"Justice Info\",\"url\":\"https:\/\/www.justiceinfo.net\/fr\",\"logo\":{\"@type\":\"ImageObject\",\"inLanguage\":\"fr-FR\",\"@id\":\"https:\/\/www.justiceinfo.net\/fr#\/schema\/logo\/image\/\",\"url\":\"https:\/\/www.justiceinfo.net\/wp-content\/uploads\/justiceinfo_logo-trans_1200x1200px.png\",\"contentUrl\":\"https:\/\/www.justiceinfo.net\/wp-content\/uploads\/justiceinfo_logo-trans_1200x1200px.png\",\"width\":1199,\"height\":1200,\"caption\":\"Justice Info\"},\"image\":{\"@id\":\"https:\/\/www.justiceinfo.net\/fr#\/schema\/logo\/image\/\"},\"sameAs\":[\"https:\/\/www.facebook.com\/JusticeInfo\/\",\"https:\/\/x.com\/justiceinfonet\",\"https:\/\/www.linkedin.com\/company\/justice-info\",\"https:\/\/www.youtube.com\/channel\/UCyCEsARodyuWtkWyhn-e7pA\"]},{\"@type\":\"Person\",\"name\":\"Matthias Raynal\",\"sameAs\":[\"https:\/\/x.com\/MatthiasRaynal\"],\"url\":\"https:\/\/www.justiceinfo.net\/fr\/auteur\/matthiasraynal\"}]}<\/script>\n<!-- \/ Yoast SEO Premium plugin. -->","yoast_head_json":{"title":"En Guin\u00e9e, le temps des plaidoiries de la d\u00e9fense","description":"Au proc\u00e8s du massacre du stade de Conakry, en Guin\u00e9e, les avocats des accus\u00e9s se succ\u00e8dent \u00e0 la barre depuis plusieurs semaines. Tous plaident l'innocence de leurs clients. Entre accusation des victimes et th\u00e9orie du complot, les contre-attaques sont s\u00e9v\u00e8res.","robots":{"index":"index","follow":"follow","max-snippet":"max-snippet:-1","max-image-preview":"max-image-preview:large","max-video-preview":"max-video-preview:-1"},"canonical":"https:\/\/www.justiceinfo.net\/fr\/133570-guinee-temps-plaidoiries-defense.html","og_locale":"fr_FR","og_type":"article","og_title":"En Guin\u00e9e, le temps des plaidoiries de la d\u00e9fense","og_description":"Au proc\u00e8s du massacre du stade de Conakry, en Guin\u00e9e, les avocats des accus\u00e9s se succ\u00e8dent \u00e0 la barre depuis plusieurs semaines. Tous plaident l'innocence de leurs clients. Entre accusation des victimes et th\u00e9orie du complot, les contre-attaques sont s\u00e9v\u00e8res.","og_url":"https:\/\/www.justiceinfo.net\/fr\/133570-guinee-temps-plaidoiries-defense.html","og_site_name":"JusticeInfo.net","article_publisher":"https:\/\/www.facebook.com\/JusticeInfo\/","article_published_time":"2024-06-25T07:05:06+00:00","article_modified_time":"2024-06-25T07:05:07+00:00","og_image":[{"width":1200,"height":801,"url":"https:\/\/www.justiceinfo.net\/wp-content\/uploads\/Guinee_maitre-Jean-Baptiste-Jocamey-Haba-avocat-Dadis-Camara_@Abdoulaye-Bella-Diallo.jpg","type":"image\/jpeg"}],"author":"Matthias Raynal","twitter_card":"summary_large_image","twitter_creator":"@MatthiasRaynal","twitter_site":"@justiceinfonet","twitter_misc":{"\u00c9crit par":"Matthias Raynal","Dur\u00e9e de lecture estim\u00e9e":"7 minutes"},"schema":{"@context":"https:\/\/schema.org","@graph":[{"@type":"NewsArticle","@id":"https:\/\/www.justiceinfo.net\/fr\/133570-guinee-temps-plaidoiries-defense.html#article","isPartOf":{"@id":"https:\/\/www.justiceinfo.net\/fr\/133570-guinee-temps-plaidoiries-defense.html"},"author":{"name":"Matthias Raynal","@id":"https:\/\/www.justiceinfo.net\/fr#\/schema\/person\/3bd4ea3f8ee78d02cdd89ff757b30a86"},"headline":"En Guin\u00e9e, le temps des plaidoiries de la d\u00e9fense","datePublished":"2024-06-25T07:05:06+00:00","dateModified":"2024-06-25T07:05:07+00:00","mainEntityOfPage":{"@id":"https:\/\/www.justiceinfo.net\/fr\/133570-guinee-temps-plaidoiries-defense.html"},"wordCount":1326,"commentCount":0,"publisher":{"@id":"https:\/\/www.justiceinfo.net\/fr#organization"},"image":{"@id":"https:\/\/www.justiceinfo.net\/fr\/133570-guinee-temps-plaidoiries-defense.html#primaryimage"},"thumbnailUrl":"https:\/\/www.justiceinfo.net\/wp-content\/uploads\/Guinee_maitre-Jean-Baptiste-Jocamey-Haba-avocat-Dadis-Camara_@Abdoulaye-Bella-Diallo.jpg","keywords":["Proc\u00e8s du 28 septembre"],"articleSection":["Tribunaux nationaux"],"inLanguage":"fr-FR","potentialAction":[{"@type":"CommentAction","name":"Comment","target":["https:\/\/www.justiceinfo.net\/fr\/133570-guinee-temps-plaidoiries-defense.html#respond"]}]},{"@type":"WebPage","@id":"https:\/\/www.justiceinfo.net\/fr\/133570-guinee-temps-plaidoiries-defense.html","url":"https:\/\/www.justiceinfo.net\/fr\/133570-guinee-temps-plaidoiries-defense.html","name":"En Guin\u00e9e, le temps des plaidoiries de la d\u00e9fense","isPartOf":{"@id":"https:\/\/www.justiceinfo.net\/fr#website"},"primaryImageOfPage":{"@id":"https:\/\/www.justiceinfo.net\/fr\/133570-guinee-temps-plaidoiries-defense.html#primaryimage"},"image":{"@id":"https:\/\/www.justiceinfo.net\/fr\/133570-guinee-temps-plaidoiries-defense.html#primaryimage"},"thumbnailUrl":"https:\/\/www.justiceinfo.net\/wp-content\/uploads\/Guinee_maitre-Jean-Baptiste-Jocamey-Haba-avocat-Dadis-Camara_@Abdoulaye-Bella-Diallo.jpg","datePublished":"2024-06-25T07:05:06+00:00","dateModified":"2024-06-25T07:05:07+00:00","description":"Au proc\u00e8s du massacre du stade de Conakry, en Guin\u00e9e, les avocats des accus\u00e9s se succ\u00e8dent \u00e0 la barre depuis plusieurs semaines. Tous plaident l'innocence de leurs clients. Entre accusation des victimes et th\u00e9orie du complot, les contre-attaques sont s\u00e9v\u00e8res.","breadcrumb":{"@id":"https:\/\/www.justiceinfo.net\/fr\/133570-guinee-temps-plaidoiries-defense.html#breadcrumb"},"inLanguage":"fr-FR","potentialAction":[{"@type":"ReadAction","target":["https:\/\/www.justiceinfo.net\/fr\/133570-guinee-temps-plaidoiries-defense.html"]}]},{"@type":"ImageObject","inLanguage":"fr-FR","@id":"https:\/\/www.justiceinfo.net\/fr\/133570-guinee-temps-plaidoiries-defense.html#primaryimage","url":"https:\/\/www.justiceinfo.net\/wp-content\/uploads\/Guinee_maitre-Jean-Baptiste-Jocamey-Haba-avocat-Dadis-Camara_@Abdoulaye-Bella-Diallo.jpg","contentUrl":"https:\/\/www.justiceinfo.net\/wp-content\/uploads\/Guinee_maitre-Jean-Baptiste-Jocamey-Haba-avocat-Dadis-Camara_@Abdoulaye-Bella-Diallo.jpg","width":1200,"height":801,"caption":"Me Jean-Baptiste Jocamey Haba, avocat de l'ancien pre\u0301sident guin\u00e9en Moussa Dadis Camara, a repris \u00e0 son compte une th\u00e9orie selon laquelle les leaders politiques guin\u00e9ens et leurs alli\u00e9s fran\u00e7ais auraient sciemment organis\u00e9 leur meeting, en septembre 2009, pour provoquer le massacre et d\u00e9stabiliser Dadis. Photo : \u00a9 Abdoulaye Bella Diallo"},{"@type":"BreadcrumbList","@id":"https:\/\/www.justiceinfo.net\/fr\/133570-guinee-temps-plaidoiries-defense.html#breadcrumb","itemListElement":[{"@type":"ListItem","position":1,"name":"Home","item":"https:\/\/www.justiceinfo.net\/fr"},{"@type":"ListItem","position":2,"name":"En Guin\u00e9e, le temps des plaidoiries de la d\u00e9fense"}]},{"@type":"WebSite","@id":"https:\/\/www.justiceinfo.net\/fr#website","url":"https:\/\/www.justiceinfo.net\/fr","name":"JusticeInfo.net","description":"La justice doit \u00eatre vue pour \u00eatre rendue","publisher":{"@id":"https:\/\/www.justiceinfo.net\/fr#organization"},"potentialAction":[{"@type":"SearchAction","target":{"@type":"EntryPoint","urlTemplate":"https:\/\/www.justiceinfo.net\/fr?s={search_term_string}"},"query-input":{"@type":"PropertyValueSpecification","valueRequired":true,"valueName":"search_term_string"}}],"inLanguage":"fr-FR"},{"@type":"Organization","@id":"https:\/\/www.justiceinfo.net\/fr#organization","name":"Justice Info","url":"https:\/\/www.justiceinfo.net\/fr","logo":{"@type":"ImageObject","inLanguage":"fr-FR","@id":"https:\/\/www.justiceinfo.net\/fr#\/schema\/logo\/image\/","url":"https:\/\/www.justiceinfo.net\/wp-content\/uploads\/justiceinfo_logo-trans_1200x1200px.png","contentUrl":"https:\/\/www.justiceinfo.net\/wp-content\/uploads\/justiceinfo_logo-trans_1200x1200px.png","width":1199,"height":1200,"caption":"Justice Info"},"image":{"@id":"https:\/\/www.justiceinfo.net\/fr#\/schema\/logo\/image\/"},"sameAs":["https:\/\/www.facebook.com\/JusticeInfo\/","https:\/\/x.com\/justiceinfonet","https:\/\/www.linkedin.com\/company\/justice-info","https:\/\/www.youtube.com\/channel\/UCyCEsARodyuWtkWyhn-e7pA"]},{"@type":"Person","name":"Matthias Raynal","sameAs":["https:\/\/x.com\/MatthiasRaynal"],"url":"https:\/\/www.justiceinfo.net\/fr\/auteur\/matthiasraynal"}]}},"_links":{"self":[{"href":"https:\/\/www.justiceinfo.net\/fr\/wp-json\/wp\/v2\/posts\/133570","targetHints":{"allow":["GET"]}}],"collection":[{"href":"https:\/\/www.justiceinfo.net\/fr\/wp-json\/wp\/v2\/posts"}],"about":[{"href":"https:\/\/www.justiceinfo.net\/fr\/wp-json\/wp\/v2\/types\/post"}],"author":[{"embeddable":true,"href":"https:\/\/www.justiceinfo.net\/fr\/wp-json\/wp\/v2\/users\/105"}],"replies":[{"embeddable":true,"href":"https:\/\/www.justiceinfo.net\/fr\/wp-json\/wp\/v2\/comments?post=133570"}],"version-history":[{"count":4,"href":"https:\/\/www.justiceinfo.net\/fr\/wp-json\/wp\/v2\/posts\/133570\/revisions"}],"predecessor-version":[{"id":133581,"href":"https:\/\/www.justiceinfo.net\/fr\/wp-json\/wp\/v2\/posts\/133570\/revisions\/133581"}],"wp:featuredmedia":[{"embeddable":true,"href":"https:\/\/www.justiceinfo.net\/fr\/wp-json\/wp\/v2\/media\/133574"}],"wp:attachment":[{"href":"https:\/\/www.justiceinfo.net\/fr\/wp-json\/wp\/v2\/media?parent=133570"}],"wp:term":[{"taxonomy":"category","embeddable":true,"href":"https:\/\/www.justiceinfo.net\/fr\/wp-json\/wp\/v2\/categories?post=133570"},{"taxonomy":"post_tag","embeddable":true,"href":"https:\/\/www.justiceinfo.net\/fr\/wp-json\/wp\/v2\/tags?post=133570"},{"taxonomy":"ji_location","embeddable":true,"href":"https:\/\/www.justiceinfo.net\/fr\/wp-json\/wp\/v2\/ji_location?post=133570"}],"curies":[{"name":"wp","href":"https:\/\/api.w.org\/{rel}","templated":true}]}}