{"id":13394,"date":"2011-08-15T00:00:00","date_gmt":"2011-08-14T22:00:00","guid":{"rendered":"https:\/\/www.justiceinfo.net\/13394-150811-cpingudjolo-mathieu-ngudjolo-va-pouvoir-donner-sa-version-des-faits10208.html"},"modified":"2011-08-15T00:00:00","modified_gmt":"2011-08-14T22:00:00","slug":"150811-cpingudjolo-mathieu-ngudjolo-va-pouvoir-donner-sa-version-des-faits10208","status":"publish","type":"post","link":"https:\/\/www.justiceinfo.net\/fr\/13394-150811-cpingudjolo-mathieu-ngudjolo-va-pouvoir-donner-sa-version-des-faits10208.html","title":{"rendered":"15.08.11 - CPI\/NGUDJOLO - MATHIEU NGUDJOLO VA POUVOIR DONNER SA VERSION DES FAITS"},"content":{"rendered":"<p>\nLa Haye, 15 ao&ucirc;t 2011 (FH) - Les avocats de Mathieu Ngudjolo ont commenc&eacute;, lundi 15 ao&ucirc;t, &agrave; pr&eacute;senter leurs t&eacute;moins.\n<\/p>\n<p><!--more--><\/p>\n<p >\n<p >\nConsid&eacute;r&eacute; par le procureur comme l'un des repr&eacute;sentant du Front des nationalistes et int&eacute;grationnistes (FNI), une milice de l'Ituri, &agrave; l'est de la R&eacute;publique d&eacute;mocratique du Congo, Mathieu Ngudjolo est poursuivi pour crimes contre l'humanit&eacute; commis lors du massacre de Bogoro, le 24 f&eacute;vrier 2003.\n<\/p>\n<p >\nCes audiences vont permettre &agrave; l'accus&eacute;, &laquo; condamn&eacute; proc&eacute;duralement au silence depuis presque quatre ans, de pouvoir d&eacute;lier sa langue pour vous donner sa version des faits relativement aux crimes qui lui sont imput&eacute;s par la communaut&eacute; internationale &raquo; a d&eacute;clar&eacute; son avocat, ma&icirc;tre Jean-Pierre Kilenda, &agrave; l'ouverture de l'audience.\n<\/p>\n<p >\nLa d&eacute;fense compte appeler dix t&eacute;moins &agrave; la barre, dont l'accus&eacute; lui-m&ecirc;me. Quatre de ces t&eacute;moins, &laquo; qui craignent des repr&eacute;sailles &raquo; apr&egrave;s leur d&eacute;position, b&eacute;n&eacute;ficient de mesures de protection.\n<\/p>\n<p >\nLe premier t&eacute;moin a commenc&eacute; &agrave; d&eacute;poser sous pseudonyme, la voix alt&eacute;r&eacute;e et le visage d&eacute;form&eacute;. Infirmier, comme l'accus&eacute;, il a &eacute;t&eacute; form&eacute; par Mathieu Ngudjolo. Interrog&eacute; par le co-conseil de l'accus&eacute;, le professeur Jean-Pierre Fof&eacute;, le t&eacute;moin a expliqu&eacute; qu'il &eacute;tait de garde dans un centre de sant&eacute;, lors du d&eacute;but de l'attaque de Bogoro. &laquo; J'ai compris qu'il y avait des combats &agrave; Bogoro lorsque j'ai entendu le cr&eacute;pitement des balles, a-t-il expliqu&eacute;, j'avais pass&eacute; la nuit &agrave; l'h&ocirc;pital pour faire la permanence &raquo;.\n<\/p>\n<p >\nPeu apr&egrave;s, Mathieu Ngudjolo &laquo; est venu me remplacer. Je suis parti et il est rest&eacute; avec les malades. Il &eacute;tait difficile, en ce qui me concerne, de savoir ce qu'il faisait &raquo;. A la demande du pr&eacute;sident de la chambre, le juge Bruno Cotte, le t&eacute;moin s'est fait plus pr&eacute;cis. &laquo; Lorsqu'un coll&egrave;gue travaillait, nous n'allions pas voir ce qu'il faisait. Moi, quand je travaillais, il passait la nuit au village et il venait me relayer au travail. &raquo;\n<\/p>\n<p >\n&laquo; Lorsque Mathieu Ngudjolo vous a relev&eacute;, quels cas deviez-vous traiter au poste de sant&eacute; ? &raquo; a demand&eacute; le professeur Fof&eacute;. &laquo; Concernant ce jour particulier, je ne peux pas vous donner de d&eacute;tails, c'&eacute;tait il y a tr&egrave;s longtemps. J'ai travaill&eacute; le temps imparti et apr&egrave;s, je suis all&eacute; me reposer &raquo;.\n<\/p>\n<p >\nSelon la d&eacute;fense, Mathieu Ngudjolo proc&eacute;dait &agrave; un accouchement le jour de l'attaque.\n<\/p>\n<p >\nMathieu Ngudjolo a &eacute;t&eacute; transf&eacute;r&eacute; &agrave; la prison de la Cour p&eacute;nale internationale &agrave; La Haye, le 7 f&eacute;vrier 2008. Il est co-accus&eacute; avec Germain Katanga, l'un des commandants d'une autre milice de l'Ituri. Leur proc&egrave;s s'est ouvert le 24 novembre 2009.&nbsp; &nbsp;\n<\/p>\n<p >\nSM\/GF\n<\/p>\n<p>\n&copy; Agence Hirondelle<\/p>\n","protected":false},"excerpt":{"rendered":"<p>La Haye, 15 ao&ucirc;t 2011 (FH) - Les avocats de Mathieu Ngudjolo ont commenc&eacute;, lundi 15 ao&ucirc;t, &agrave; pr&eacute;senter leurs t&eacute;moins.<\/p>\n","protected":false},"author":64,"featured_media":0,"comment_status":"open","ping_status":"closed","sticky":false,"template":"","format":"standard","meta":{"_acf_changed":false,"footnotes":""},"categories":[554],"tags":[],"ji_location":[],"class_list":["post-13394","post","type-post","status-publish","format-standard","hentry","category-hirondellenews"],"acf":[],"yoast_head":"<!-- This site is optimized with the Yoast SEO Premium plugin v25.3.1 (Yoast SEO v25.3.1) - https:\/\/yoast.com\/wordpress\/plugins\/seo\/ -->\n<title>15.08.11 - CPI\/NGUDJOLO - MATHIEU NGUDJOLO VA POUVOIR DONNER SA VERSION DES FAITS - JusticeInfo.net<\/title>\n<meta name=\"robots\" content=\"index, follow, max-snippet:-1, max-image-preview:large, max-video-preview:-1\" \/>\n<link rel=\"canonical\" href=\"https:\/\/www.justiceinfo.net\/fr\/13394-150811-cpingudjolo-mathieu-ngudjolo-va-pouvoir-donner-sa-version-des-faits10208.html\" \/>\n<meta property=\"og:locale\" content=\"fr_FR\" \/>\n<meta property=\"og:type\" content=\"article\" \/>\n<meta property=\"og:title\" content=\"15.08.11 - CPI\/NGUDJOLO - MATHIEU NGUDJOLO VA POUVOIR DONNER SA VERSION DES FAITS\" \/>\n<meta property=\"og:description\" content=\"La Haye, 15 ao&ucirc;t 2011 (FH) - Les avocats de Mathieu Ngudjolo ont commenc&eacute;, lundi 15 ao&ucirc;t, &agrave; pr&eacute;senter leurs t&eacute;moins.\" \/>\n<meta property=\"og:url\" content=\"https:\/\/www.justiceinfo.net\/fr\/13394-150811-cpingudjolo-mathieu-ngudjolo-va-pouvoir-donner-sa-version-des-faits10208.html\" \/>\n<meta property=\"og:site_name\" content=\"JusticeInfo.net\" \/>\n<meta property=\"article:publisher\" content=\"https:\/\/www.facebook.com\/JusticeInfo\/\" \/>\n<meta property=\"article:published_time\" content=\"2011-08-14T22:00:00+00:00\" \/>\n<meta property=\"og:image\" content=\"https:\/\/www.justiceinfo.net\/wp-content\/uploads\/JusticeInfoNet_logo_1200x630px.jpg\" \/>\n\t<meta property=\"og:image:width\" content=\"1200\" \/>\n\t<meta property=\"og:image:height\" content=\"630\" \/>\n\t<meta property=\"og:image:type\" content=\"image\/jpeg\" \/>\n<meta name=\"author\" content=\"solivri\" \/>\n<meta name=\"twitter:card\" content=\"summary_large_image\" \/>\n<meta name=\"twitter:creator\" content=\"@justiceinfonet\" \/>\n<meta name=\"twitter:site\" content=\"@justiceinfonet\" \/>\n<meta name=\"twitter:label1\" content=\"\u00c9crit par\" \/>\n\t<meta name=\"twitter:data1\" content=\"solivri\" \/>\n\t<meta name=\"twitter:label2\" content=\"Dur\u00e9e de lecture estim\u00e9e\" \/>\n\t<meta name=\"twitter:data2\" content=\"3 minutes\" \/>\n<script type=\"application\/ld+json\" class=\"yoast-schema-graph\">{\"@context\":\"https:\/\/schema.org\",\"@graph\":[{\"@type\":\"NewsArticle\",\"@id\":\"https:\/\/www.justiceinfo.net\/fr\/13394-150811-cpingudjolo-mathieu-ngudjolo-va-pouvoir-donner-sa-version-des-faits10208.html#article\",\"isPartOf\":{\"@id\":\"https:\/\/www.justiceinfo.net\/fr\/13394-150811-cpingudjolo-mathieu-ngudjolo-va-pouvoir-donner-sa-version-des-faits10208.html\"},\"author\":{\"name\":\"solivri\",\"@id\":\"https:\/\/www.justiceinfo.net\/fr#\/schema\/person\/6e53cba1629e2e66f3fc1821d3091865\"},\"headline\":\"15.08.11 - CPI\/NGUDJOLO - MATHIEU NGUDJOLO VA POUVOIR DONNER SA VERSION DES FAITS\",\"datePublished\":\"2011-08-14T22:00:00+00:00\",\"mainEntityOfPage\":{\"@id\":\"https:\/\/www.justiceinfo.net\/fr\/13394-150811-cpingudjolo-mathieu-ngudjolo-va-pouvoir-donner-sa-version-des-faits10208.html\"},\"wordCount\":589,\"commentCount\":0,\"publisher\":{\"@id\":\"https:\/\/www.justiceinfo.net\/fr#organization\"},\"articleSection\":[\"Hirondelle News\"],\"inLanguage\":\"fr-FR\",\"potentialAction\":[{\"@type\":\"CommentAction\",\"name\":\"Comment\",\"target\":[\"https:\/\/www.justiceinfo.net\/fr\/13394-150811-cpingudjolo-mathieu-ngudjolo-va-pouvoir-donner-sa-version-des-faits10208.html#respond\"]}]},{\"@type\":\"WebPage\",\"@id\":\"https:\/\/www.justiceinfo.net\/fr\/13394-150811-cpingudjolo-mathieu-ngudjolo-va-pouvoir-donner-sa-version-des-faits10208.html\",\"url\":\"https:\/\/www.justiceinfo.net\/fr\/13394-150811-cpingudjolo-mathieu-ngudjolo-va-pouvoir-donner-sa-version-des-faits10208.html\",\"name\":\"15.08.11 - CPI\/NGUDJOLO - MATHIEU NGUDJOLO VA POUVOIR DONNER SA VERSION DES FAITS - JusticeInfo.net\",\"isPartOf\":{\"@id\":\"https:\/\/www.justiceinfo.net\/fr#website\"},\"datePublished\":\"2011-08-14T22:00:00+00:00\",\"breadcrumb\":{\"@id\":\"https:\/\/www.justiceinfo.net\/fr\/13394-150811-cpingudjolo-mathieu-ngudjolo-va-pouvoir-donner-sa-version-des-faits10208.html#breadcrumb\"},\"inLanguage\":\"fr-FR\",\"potentialAction\":[{\"@type\":\"ReadAction\",\"target\":[\"https:\/\/www.justiceinfo.net\/fr\/13394-150811-cpingudjolo-mathieu-ngudjolo-va-pouvoir-donner-sa-version-des-faits10208.html\"]}]},{\"@type\":\"BreadcrumbList\",\"@id\":\"https:\/\/www.justiceinfo.net\/fr\/13394-150811-cpingudjolo-mathieu-ngudjolo-va-pouvoir-donner-sa-version-des-faits10208.html#breadcrumb\",\"itemListElement\":[{\"@type\":\"ListItem\",\"position\":1,\"name\":\"Home\",\"item\":\"https:\/\/www.justiceinfo.net\/fr\"},{\"@type\":\"ListItem\",\"position\":2,\"name\":\"15.08.11 - CPI\/NGUDJOLO - MATHIEU NGUDJOLO VA POUVOIR DONNER SA VERSION DES FAITS\"}]},{\"@type\":\"WebSite\",\"@id\":\"https:\/\/www.justiceinfo.net\/fr#website\",\"url\":\"https:\/\/www.justiceinfo.net\/fr\",\"name\":\"JusticeInfo.net\",\"description\":\"La justice doit \u00eatre vue pour \u00eatre rendue\",\"publisher\":{\"@id\":\"https:\/\/www.justiceinfo.net\/fr#organization\"},\"potentialAction\":[{\"@type\":\"SearchAction\",\"target\":{\"@type\":\"EntryPoint\",\"urlTemplate\":\"https:\/\/www.justiceinfo.net\/fr?s={search_term_string}\"},\"query-input\":{\"@type\":\"PropertyValueSpecification\",\"valueRequired\":true,\"valueName\":\"search_term_string\"}}],\"inLanguage\":\"fr-FR\"},{\"@type\":\"Organization\",\"@id\":\"https:\/\/www.justiceinfo.net\/fr#organization\",\"name\":\"Justice Info\",\"url\":\"https:\/\/www.justiceinfo.net\/fr\",\"logo\":{\"@type\":\"ImageObject\",\"inLanguage\":\"fr-FR\",\"@id\":\"https:\/\/www.justiceinfo.net\/fr#\/schema\/logo\/image\/\",\"url\":\"https:\/\/www.justiceinfo.net\/wp-content\/uploads\/justiceinfo_logo-trans_1200x1200px.png\",\"contentUrl\":\"https:\/\/www.justiceinfo.net\/wp-content\/uploads\/justiceinfo_logo-trans_1200x1200px.png\",\"width\":1199,\"height\":1200,\"caption\":\"Justice Info\"},\"image\":{\"@id\":\"https:\/\/www.justiceinfo.net\/fr#\/schema\/logo\/image\/\"},\"sameAs\":[\"https:\/\/www.facebook.com\/JusticeInfo\/\",\"https:\/\/x.com\/justiceinfonet\",\"https:\/\/www.linkedin.com\/company\/justice-info\",\"https:\/\/www.youtube.com\/channel\/UCyCEsARodyuWtkWyhn-e7pA\"]},{\"@type\":\"Person\",\"name\":\"solivri\",\"url\":\"\/fr\/?s=solivri\"}]}<\/script>\n<!-- \/ Yoast SEO Premium plugin. -->","yoast_head_json":{"title":"15.08.11 - CPI\/NGUDJOLO - MATHIEU NGUDJOLO VA POUVOIR DONNER SA VERSION DES FAITS - JusticeInfo.net","robots":{"index":"index","follow":"follow","max-snippet":"max-snippet:-1","max-image-preview":"max-image-preview:large","max-video-preview":"max-video-preview:-1"},"canonical":"https:\/\/www.justiceinfo.net\/fr\/13394-150811-cpingudjolo-mathieu-ngudjolo-va-pouvoir-donner-sa-version-des-faits10208.html","og_locale":"fr_FR","og_type":"article","og_title":"15.08.11 - CPI\/NGUDJOLO - MATHIEU NGUDJOLO VA POUVOIR DONNER SA VERSION DES FAITS","og_description":"La Haye, 15 ao&ucirc;t 2011 (FH) - Les avocats de Mathieu Ngudjolo ont commenc&eacute;, lundi 15 ao&ucirc;t, &agrave; pr&eacute;senter leurs t&eacute;moins.","og_url":"https:\/\/www.justiceinfo.net\/fr\/13394-150811-cpingudjolo-mathieu-ngudjolo-va-pouvoir-donner-sa-version-des-faits10208.html","og_site_name":"JusticeInfo.net","article_publisher":"https:\/\/www.facebook.com\/JusticeInfo\/","article_published_time":"2011-08-14T22:00:00+00:00","og_image":[{"width":1200,"height":630,"url":"https:\/\/www.justiceinfo.net\/wp-content\/uploads\/JusticeInfoNet_logo_1200x630px.jpg","type":"image\/jpeg"}],"author":"solivri","twitter_card":"summary_large_image","twitter_creator":"@justiceinfonet","twitter_site":"@justiceinfonet","twitter_misc":{"\u00c9crit par":"solivri","Dur\u00e9e de lecture estim\u00e9e":"3 minutes"},"schema":{"@context":"https:\/\/schema.org","@graph":[{"@type":"NewsArticle","@id":"https:\/\/www.justiceinfo.net\/fr\/13394-150811-cpingudjolo-mathieu-ngudjolo-va-pouvoir-donner-sa-version-des-faits10208.html#article","isPartOf":{"@id":"https:\/\/www.justiceinfo.net\/fr\/13394-150811-cpingudjolo-mathieu-ngudjolo-va-pouvoir-donner-sa-version-des-faits10208.html"},"author":{"name":"solivri","@id":"https:\/\/www.justiceinfo.net\/fr#\/schema\/person\/6e53cba1629e2e66f3fc1821d3091865"},"headline":"15.08.11 - CPI\/NGUDJOLO - MATHIEU NGUDJOLO VA POUVOIR DONNER SA VERSION DES FAITS","datePublished":"2011-08-14T22:00:00+00:00","mainEntityOfPage":{"@id":"https:\/\/www.justiceinfo.net\/fr\/13394-150811-cpingudjolo-mathieu-ngudjolo-va-pouvoir-donner-sa-version-des-faits10208.html"},"wordCount":589,"commentCount":0,"publisher":{"@id":"https:\/\/www.justiceinfo.net\/fr#organization"},"articleSection":["Hirondelle News"],"inLanguage":"fr-FR","potentialAction":[{"@type":"CommentAction","name":"Comment","target":["https:\/\/www.justiceinfo.net\/fr\/13394-150811-cpingudjolo-mathieu-ngudjolo-va-pouvoir-donner-sa-version-des-faits10208.html#respond"]}]},{"@type":"WebPage","@id":"https:\/\/www.justiceinfo.net\/fr\/13394-150811-cpingudjolo-mathieu-ngudjolo-va-pouvoir-donner-sa-version-des-faits10208.html","url":"https:\/\/www.justiceinfo.net\/fr\/13394-150811-cpingudjolo-mathieu-ngudjolo-va-pouvoir-donner-sa-version-des-faits10208.html","name":"15.08.11 - CPI\/NGUDJOLO - MATHIEU NGUDJOLO VA POUVOIR DONNER SA VERSION DES FAITS - JusticeInfo.net","isPartOf":{"@id":"https:\/\/www.justiceinfo.net\/fr#website"},"datePublished":"2011-08-14T22:00:00+00:00","breadcrumb":{"@id":"https:\/\/www.justiceinfo.net\/fr\/13394-150811-cpingudjolo-mathieu-ngudjolo-va-pouvoir-donner-sa-version-des-faits10208.html#breadcrumb"},"inLanguage":"fr-FR","potentialAction":[{"@type":"ReadAction","target":["https:\/\/www.justiceinfo.net\/fr\/13394-150811-cpingudjolo-mathieu-ngudjolo-va-pouvoir-donner-sa-version-des-faits10208.html"]}]},{"@type":"BreadcrumbList","@id":"https:\/\/www.justiceinfo.net\/fr\/13394-150811-cpingudjolo-mathieu-ngudjolo-va-pouvoir-donner-sa-version-des-faits10208.html#breadcrumb","itemListElement":[{"@type":"ListItem","position":1,"name":"Home","item":"https:\/\/www.justiceinfo.net\/fr"},{"@type":"ListItem","position":2,"name":"15.08.11 - CPI\/NGUDJOLO - MATHIEU NGUDJOLO VA POUVOIR DONNER SA VERSION DES FAITS"}]},{"@type":"WebSite","@id":"https:\/\/www.justiceinfo.net\/fr#website","url":"https:\/\/www.justiceinfo.net\/fr","name":"JusticeInfo.net","description":"La justice doit \u00eatre vue pour \u00eatre rendue","publisher":{"@id":"https:\/\/www.justiceinfo.net\/fr#organization"},"potentialAction":[{"@type":"SearchAction","target":{"@type":"EntryPoint","urlTemplate":"https:\/\/www.justiceinfo.net\/fr?s={search_term_string}"},"query-input":{"@type":"PropertyValueSpecification","valueRequired":true,"valueName":"search_term_string"}}],"inLanguage":"fr-FR"},{"@type":"Organization","@id":"https:\/\/www.justiceinfo.net\/fr#organization","name":"Justice Info","url":"https:\/\/www.justiceinfo.net\/fr","logo":{"@type":"ImageObject","inLanguage":"fr-FR","@id":"https:\/\/www.justiceinfo.net\/fr#\/schema\/logo\/image\/","url":"https:\/\/www.justiceinfo.net\/wp-content\/uploads\/justiceinfo_logo-trans_1200x1200px.png","contentUrl":"https:\/\/www.justiceinfo.net\/wp-content\/uploads\/justiceinfo_logo-trans_1200x1200px.png","width":1199,"height":1200,"caption":"Justice Info"},"image":{"@id":"https:\/\/www.justiceinfo.net\/fr#\/schema\/logo\/image\/"},"sameAs":["https:\/\/www.facebook.com\/JusticeInfo\/","https:\/\/x.com\/justiceinfonet","https:\/\/www.linkedin.com\/company\/justice-info","https:\/\/www.youtube.com\/channel\/UCyCEsARodyuWtkWyhn-e7pA"]},{"@type":"Person","name":"solivri","url":"\/fr\/?s=solivri"}]}},"_links":{"self":[{"href":"https:\/\/www.justiceinfo.net\/fr\/wp-json\/wp\/v2\/posts\/13394","targetHints":{"allow":["GET"]}}],"collection":[{"href":"https:\/\/www.justiceinfo.net\/fr\/wp-json\/wp\/v2\/posts"}],"about":[{"href":"https:\/\/www.justiceinfo.net\/fr\/wp-json\/wp\/v2\/types\/post"}],"author":[{"embeddable":true,"href":"https:\/\/www.justiceinfo.net\/fr\/wp-json\/wp\/v2\/users\/64"}],"replies":[{"embeddable":true,"href":"https:\/\/www.justiceinfo.net\/fr\/wp-json\/wp\/v2\/comments?post=13394"}],"version-history":[{"count":0,"href":"https:\/\/www.justiceinfo.net\/fr\/wp-json\/wp\/v2\/posts\/13394\/revisions"}],"wp:attachment":[{"href":"https:\/\/www.justiceinfo.net\/fr\/wp-json\/wp\/v2\/media?parent=13394"}],"wp:term":[{"taxonomy":"category","embeddable":true,"href":"https:\/\/www.justiceinfo.net\/fr\/wp-json\/wp\/v2\/categories?post=13394"},{"taxonomy":"post_tag","embeddable":true,"href":"https:\/\/www.justiceinfo.net\/fr\/wp-json\/wp\/v2\/tags?post=13394"},{"taxonomy":"ji_location","embeddable":true,"href":"https:\/\/www.justiceinfo.net\/fr\/wp-json\/wp\/v2\/ji_location?post=13394"}],"curies":[{"name":"wp","href":"https:\/\/api.w.org\/{rel}","templated":true}]}}