{"id":13400,"date":"2011-08-18T00:00:00","date_gmt":"2011-08-17T22:00:00","guid":{"rendered":"https:\/\/www.justiceinfo.net\/13400-180811-tpirkaremera-requisitions-des-lundi-dans-le-proces-des-dirigeants-du-mrnd10214.html"},"modified":"2011-08-18T00:00:00","modified_gmt":"2011-08-17T22:00:00","slug":"180811-tpirkaremera-requisitions-des-lundi-dans-le-proces-des-dirigeants-du-mrnd10214","status":"publish","type":"post","link":"https:\/\/www.justiceinfo.net\/fr\/13400-180811-tpirkaremera-requisitions-des-lundi-dans-le-proces-des-dirigeants-du-mrnd10214.html","title":{"rendered":"18.08.11 - TPIR\/KAREMERA - REQUISITIONS DES LUNDI DANS LE PROCES DES DIRIGEANTS DU MRND"},"content":{"rendered":"<p>\nArusha, 18 ao&ucirc;t 2011 (FH) - Changements de juges, reprise des d&eacute;bats &agrave; z&eacute;ro, longue hospitalisation d'un accus&eacute;, d&eacute;c&egrave;s d'un autre : le proc&egrave;s des anciens dirigeants du MRND, qui entre dans son ultime phase la semaine prochaine, a connu bien des vicissitudes.\n<\/p>\n<p><!--more--><\/p>\n<p >\n<p >\n<p >\nDe lundi &agrave; jeudi, la chambre pr&eacute;sid&eacute;e par le juge Dennis Byron, originaire de la F&eacute;d&eacute;ration des &icirc;les Saint-Kitts-et-Nevis, entendra les r&eacute;quisitions du procureur et les plaidoiries des &eacute;quipes de d&eacute;fense. Les accus&eacute;s, &agrave; savoir l'ancien pr&eacute;sident du parti, Mathieu Ngirumpatse et l'ancien vice-pr&eacute;sident, Edouard Karemera qui avaient d&eacute;j&agrave; donn&eacute; leurs versions des faits lors de leurs t&eacute;moignages, auront aussi une nouvelle occasion de s'adresser directement &agrave; leurs juges.\n<\/p>\n<p >\n<p >\nUn premier proc&egrave;s dans lequel les deux hommes comparaissaient avec l'ancien secr&eacute;taire g&eacute;n&eacute;ral du MRND, Joseph Nzirorera et&nbsp; l'ancien ministre de l'Enseignement primaire et secondaire Andr&eacute; Rwamakuba s'&eacute;tait ouvert en novembre 2003.\n<\/p>\n<p >\n<p >\nMais en mai 2004, la pr&eacute;sidente s&eacute;n&eacute;galaise de la chambre, Andr&eacute;sia Vaz, accus&eacute;e par la d&eacute;fense d'apparence de partialit&eacute; pour avoir eu l'imprudente g&eacute;n&eacute;rosit&eacute; d'abriter momentan&eacute;ment sous son toit un membre du banc du procureur, est oblig&eacute;e de se r&eacute;cuser.\n<\/p>\n<p >\n<p >\nL'accusation en profite pour demander une disjonction d'instances, dans le but de modifier sa strat&eacute;gie en se concentrant sur la th&egrave;se de la planification du g&eacute;nocide &agrave; la t&ecirc;te du MRND.\n<\/p>\n<p >\nUn nouveau proc&egrave;s\n<\/p>\n<p >\n<p >\nLa s&eacute;paration accord&eacute;e, Rwamakuba, qui &eacute;tait issu du Mouvement d&eacute;mocratique r&eacute;publicain (MDR), principal adversaire du MRND avant le g&eacute;nocide, sera jug&eacute; seul et acquitt&eacute; le 20 septembre 2006. Il vit actuellement en Suisse o&ugrave; il a rejoint sa famille.\n<\/p>\n<p >\n<p >\nPour leur part, les trois dirigeants du MRND reviennent au pr&eacute;toire&nbsp; le 19 septembre 2005, dans le cadre d'un nouveau proc&egrave;s devant une nouvelle chambre.\n<\/p>\n<p >\n<p >\nLes d&eacute;bats avancent laborieusement, souvent ralentis par d'innombrables requ&ecirc;tes de la d&eacute;fense, en particulier de la part des avocats de Nzirorera.\n<\/p>\n<p >\n<p >\nLe 19 janvier 2007, en phase accusatoire, nouvelle p&eacute;rip&eacute;tie : le juge ghan&eacute;en Emile Francis Short se retire &laquo; pour des raisons de sant&eacute; &raquo;. Les juges restants - Dennis Byron et le Burkinab&eacute; Gustave Kam - d&eacute;cident de poursuivre et, un nouveau magistrat, le Danois Vagn Joensen, est d&eacute;sign&eacute; pour compl&eacute;ter le si&egrave;ge.\n<\/p>\n<p >\n<p >\nMais en ao&ucirc;t 2008, Ngirumpatse, gravement malade, est hospitalis&eacute; &agrave; Nairobi. Faisant valoir son droit - consacr&eacute; par la jurisprudence du TPIR - d'&ecirc;tre physiquement pr&eacute;sent &agrave; son proc&egrave;s, il n'autorisera que la tenue de quelques audiences en son absence.\n<\/p>\n<p >\n<p >\nSon &eacute;tat s'&eacute;tant l&eacute;g&egrave;rement am&eacute;lior&eacute;, il revient dans le pr&eacute;toire le 19 octobre 2009, date de l'ouverture de la d&eacute;fense de Nzirorera. La chambre ne si&egrave;ge cependant qu'une partie de la journ&eacute;e car l'ex-pr&eacute;sident du MRND &laquo; n'est ni gu&eacute;ri, ni en voie de convalescence &raquo;, selon l'un de ses avocats, le Fran&ccedil;ais Fr&eacute;d&eacute;ric Weyl.\n<\/p>\n<p >\n<p >\nMe Peter Robinson, l'avocat am&eacute;ricain de Nzirorera, pr&eacute;sente sa d&eacute;fense sur fond d'une bataille quasi-permanente avec la chambre qui lui demande sans cesse de r&eacute;duire son nombre record de t&eacute;moins, dont plusieurs condamn&eacute;s ou accus&eacute;s du TPIR.\n<\/p>\n<p >\nNzirorera &eacute;chappe &agrave; la justice des hommes\n<\/p>\n<p >\nLe 1er&nbsp;juillet 2010, le tribunal annonce la mort de Nzirorera. Deux semaines plus tard, il sera enterr&eacute; en Belgique o&ugrave; vivent certains membres de sa famille.\n<\/p>\n<p >\n<p >\nDans une d&eacute;cision rendue le 12 ao&ucirc;t, la chambre formalise l'extinction des poursuites engag&eacute;es contre l'ing&eacute;nieur civil qui laisse, devant la justice les juristes Ngirumpatse et Karemera.\n<\/p>\n<p >\n<p >\nPoursuivis pour crimes de g&eacute;nocide et crimes contre l'humanit&eacute;, les deux hommes qui sont aussi d'anciens ministres du pr&eacute;sident Habyarimana, r&eacute;pondent surtout d'exactions perp&eacute;tr&eacute;es en 1994 par des membres de leur parti, en particulier les jeunes, les fameux Interahamwe du MRND. Ils sont donc poursuivis, pour l'essentiel, pour responsabilit&eacute; de sup&eacute;rieur hi&eacute;rarchique ; ce qu'ils ont r&eacute;fut&eacute;, niant l'existence de tout lien de subordination entre eux et les auteurs mat&eacute;riels de ces crimes qui comprennent de nombreux viols de femmes et filles tutsies.\n<\/p>\n<p >\n<p >\nLa chambre promet de trancher avant le 31 d&eacute;cembre.\n<\/p>\n<p >\n&nbsp;&nbsp;\n<\/p>\n<p >\nER\/GF\n<\/p>\n<p >\n<p>\n&copy; Agence Hirondelle<\/p>\n","protected":false},"excerpt":{"rendered":"<p>Arusha, 18 ao&ucirc;t 2011 (FH) - Changements de juges, reprise des d&eacute;bats &agrave; z&eacute;ro, longue hospitalisation d'un accus&eacute;, d&eacute;c&egrave;s d'un autre : le proc&egrave;s des anciens dirigeants du MRND, qui entre dans son ultime phase la semaine prochaine, a connu bien des vicissitudes.<\/p>\n","protected":false},"author":64,"featured_media":0,"comment_status":"open","ping_status":"closed","sticky":false,"template":"","format":"standard","meta":{"_acf_changed":false,"footnotes":""},"categories":[554],"tags":[],"ji_location":[],"class_list":["post-13400","post","type-post","status-publish","format-standard","hentry","category-hirondellenews"],"acf":[],"yoast_head":"<!-- This site is optimized with the Yoast SEO Premium plugin v25.3.1 (Yoast SEO v25.3.1) - https:\/\/yoast.com\/wordpress\/plugins\/seo\/ -->\n<title>18.08.11 - TPIR\/KAREMERA - REQUISITIONS DES LUNDI DANS LE PROCES DES DIRIGEANTS DU MRND - JusticeInfo.net<\/title>\n<meta name=\"robots\" content=\"index, follow, max-snippet:-1, max-image-preview:large, max-video-preview:-1\" \/>\n<link rel=\"canonical\" href=\"https:\/\/www.justiceinfo.net\/fr\/13400-180811-tpirkaremera-requisitions-des-lundi-dans-le-proces-des-dirigeants-du-mrnd10214.html\" \/>\n<meta property=\"og:locale\" content=\"fr_FR\" \/>\n<meta property=\"og:type\" content=\"article\" \/>\n<meta property=\"og:title\" content=\"18.08.11 - TPIR\/KAREMERA - REQUISITIONS DES LUNDI DANS LE PROCES DES DIRIGEANTS DU MRND\" \/>\n<meta property=\"og:description\" content=\"Arusha, 18 ao&ucirc;t 2011 (FH) - Changements de juges, reprise des d&eacute;bats &agrave; z&eacute;ro, longue hospitalisation d&#039;un accus&eacute;, d&eacute;c&egrave;s d&#039;un autre : le proc&egrave;s des anciens dirigeants du MRND, qui entre dans son ultime phase la semaine prochaine, a connu bien des vicissitudes.\" \/>\n<meta property=\"og:url\" content=\"https:\/\/www.justiceinfo.net\/fr\/13400-180811-tpirkaremera-requisitions-des-lundi-dans-le-proces-des-dirigeants-du-mrnd10214.html\" \/>\n<meta property=\"og:site_name\" content=\"JusticeInfo.net\" \/>\n<meta property=\"article:publisher\" content=\"https:\/\/www.facebook.com\/JusticeInfo\/\" \/>\n<meta property=\"article:published_time\" content=\"2011-08-17T22:00:00+00:00\" \/>\n<meta property=\"og:image\" content=\"https:\/\/www.justiceinfo.net\/wp-content\/uploads\/JusticeInfoNet_logo_1200x630px.jpg\" \/>\n\t<meta property=\"og:image:width\" content=\"1200\" \/>\n\t<meta property=\"og:image:height\" content=\"630\" \/>\n\t<meta property=\"og:image:type\" content=\"image\/jpeg\" \/>\n<meta name=\"author\" content=\"solivri\" \/>\n<meta name=\"twitter:card\" content=\"summary_large_image\" \/>\n<meta name=\"twitter:creator\" content=\"@justiceinfonet\" \/>\n<meta name=\"twitter:site\" content=\"@justiceinfonet\" \/>\n<meta name=\"twitter:label1\" content=\"\u00c9crit par\" \/>\n\t<meta name=\"twitter:data1\" content=\"solivri\" \/>\n\t<meta name=\"twitter:label2\" content=\"Dur\u00e9e de lecture estim\u00e9e\" \/>\n\t<meta name=\"twitter:data2\" content=\"4 minutes\" \/>\n<script type=\"application\/ld+json\" class=\"yoast-schema-graph\">{\"@context\":\"https:\/\/schema.org\",\"@graph\":[{\"@type\":\"NewsArticle\",\"@id\":\"https:\/\/www.justiceinfo.net\/fr\/13400-180811-tpirkaremera-requisitions-des-lundi-dans-le-proces-des-dirigeants-du-mrnd10214.html#article\",\"isPartOf\":{\"@id\":\"https:\/\/www.justiceinfo.net\/fr\/13400-180811-tpirkaremera-requisitions-des-lundi-dans-le-proces-des-dirigeants-du-mrnd10214.html\"},\"author\":{\"name\":\"solivri\",\"@id\":\"https:\/\/www.justiceinfo.net\/fr#\/schema\/person\/6e53cba1629e2e66f3fc1821d3091865\"},\"headline\":\"18.08.11 - TPIR\/KAREMERA - REQUISITIONS DES LUNDI DANS LE PROCES DES DIRIGEANTS DU MRND\",\"datePublished\":\"2011-08-17T22:00:00+00:00\",\"mainEntityOfPage\":{\"@id\":\"https:\/\/www.justiceinfo.net\/fr\/13400-180811-tpirkaremera-requisitions-des-lundi-dans-le-proces-des-dirigeants-du-mrnd10214.html\"},\"wordCount\":888,\"commentCount\":0,\"publisher\":{\"@id\":\"https:\/\/www.justiceinfo.net\/fr#organization\"},\"articleSection\":[\"Hirondelle News\"],\"inLanguage\":\"fr-FR\",\"potentialAction\":[{\"@type\":\"CommentAction\",\"name\":\"Comment\",\"target\":[\"https:\/\/www.justiceinfo.net\/fr\/13400-180811-tpirkaremera-requisitions-des-lundi-dans-le-proces-des-dirigeants-du-mrnd10214.html#respond\"]}]},{\"@type\":\"WebPage\",\"@id\":\"https:\/\/www.justiceinfo.net\/fr\/13400-180811-tpirkaremera-requisitions-des-lundi-dans-le-proces-des-dirigeants-du-mrnd10214.html\",\"url\":\"https:\/\/www.justiceinfo.net\/fr\/13400-180811-tpirkaremera-requisitions-des-lundi-dans-le-proces-des-dirigeants-du-mrnd10214.html\",\"name\":\"18.08.11 - TPIR\/KAREMERA - REQUISITIONS DES LUNDI DANS LE PROCES DES DIRIGEANTS DU MRND - JusticeInfo.net\",\"isPartOf\":{\"@id\":\"https:\/\/www.justiceinfo.net\/fr#website\"},\"datePublished\":\"2011-08-17T22:00:00+00:00\",\"breadcrumb\":{\"@id\":\"https:\/\/www.justiceinfo.net\/fr\/13400-180811-tpirkaremera-requisitions-des-lundi-dans-le-proces-des-dirigeants-du-mrnd10214.html#breadcrumb\"},\"inLanguage\":\"fr-FR\",\"potentialAction\":[{\"@type\":\"ReadAction\",\"target\":[\"https:\/\/www.justiceinfo.net\/fr\/13400-180811-tpirkaremera-requisitions-des-lundi-dans-le-proces-des-dirigeants-du-mrnd10214.html\"]}]},{\"@type\":\"BreadcrumbList\",\"@id\":\"https:\/\/www.justiceinfo.net\/fr\/13400-180811-tpirkaremera-requisitions-des-lundi-dans-le-proces-des-dirigeants-du-mrnd10214.html#breadcrumb\",\"itemListElement\":[{\"@type\":\"ListItem\",\"position\":1,\"name\":\"Home\",\"item\":\"https:\/\/www.justiceinfo.net\/fr\"},{\"@type\":\"ListItem\",\"position\":2,\"name\":\"18.08.11 - TPIR\/KAREMERA - REQUISITIONS DES LUNDI DANS LE PROCES DES DIRIGEANTS DU MRND\"}]},{\"@type\":\"WebSite\",\"@id\":\"https:\/\/www.justiceinfo.net\/fr#website\",\"url\":\"https:\/\/www.justiceinfo.net\/fr\",\"name\":\"JusticeInfo.net\",\"description\":\"La justice doit \u00eatre vue pour \u00eatre rendue\",\"publisher\":{\"@id\":\"https:\/\/www.justiceinfo.net\/fr#organization\"},\"potentialAction\":[{\"@type\":\"SearchAction\",\"target\":{\"@type\":\"EntryPoint\",\"urlTemplate\":\"https:\/\/www.justiceinfo.net\/fr?s={search_term_string}\"},\"query-input\":{\"@type\":\"PropertyValueSpecification\",\"valueRequired\":true,\"valueName\":\"search_term_string\"}}],\"inLanguage\":\"fr-FR\"},{\"@type\":\"Organization\",\"@id\":\"https:\/\/www.justiceinfo.net\/fr#organization\",\"name\":\"Justice Info\",\"url\":\"https:\/\/www.justiceinfo.net\/fr\",\"logo\":{\"@type\":\"ImageObject\",\"inLanguage\":\"fr-FR\",\"@id\":\"https:\/\/www.justiceinfo.net\/fr#\/schema\/logo\/image\/\",\"url\":\"https:\/\/www.justiceinfo.net\/wp-content\/uploads\/justiceinfo_logo-trans_1200x1200px.png\",\"contentUrl\":\"https:\/\/www.justiceinfo.net\/wp-content\/uploads\/justiceinfo_logo-trans_1200x1200px.png\",\"width\":1199,\"height\":1200,\"caption\":\"Justice Info\"},\"image\":{\"@id\":\"https:\/\/www.justiceinfo.net\/fr#\/schema\/logo\/image\/\"},\"sameAs\":[\"https:\/\/www.facebook.com\/JusticeInfo\/\",\"https:\/\/x.com\/justiceinfonet\",\"https:\/\/www.linkedin.com\/company\/justice-info\",\"https:\/\/www.youtube.com\/channel\/UCyCEsARodyuWtkWyhn-e7pA\"]},{\"@type\":\"Person\",\"name\":\"solivri\",\"url\":\"\/fr\/?s=solivri\"}]}<\/script>\n<!-- \/ Yoast SEO Premium plugin. -->","yoast_head_json":{"title":"18.08.11 - TPIR\/KAREMERA - REQUISITIONS DES LUNDI DANS LE PROCES DES DIRIGEANTS DU MRND - JusticeInfo.net","robots":{"index":"index","follow":"follow","max-snippet":"max-snippet:-1","max-image-preview":"max-image-preview:large","max-video-preview":"max-video-preview:-1"},"canonical":"https:\/\/www.justiceinfo.net\/fr\/13400-180811-tpirkaremera-requisitions-des-lundi-dans-le-proces-des-dirigeants-du-mrnd10214.html","og_locale":"fr_FR","og_type":"article","og_title":"18.08.11 - TPIR\/KAREMERA - REQUISITIONS DES LUNDI DANS LE PROCES DES DIRIGEANTS DU MRND","og_description":"Arusha, 18 ao&ucirc;t 2011 (FH) - Changements de juges, reprise des d&eacute;bats &agrave; z&eacute;ro, longue hospitalisation d'un accus&eacute;, d&eacute;c&egrave;s d'un autre : le proc&egrave;s des anciens dirigeants du MRND, qui entre dans son ultime phase la semaine prochaine, a connu bien des vicissitudes.","og_url":"https:\/\/www.justiceinfo.net\/fr\/13400-180811-tpirkaremera-requisitions-des-lundi-dans-le-proces-des-dirigeants-du-mrnd10214.html","og_site_name":"JusticeInfo.net","article_publisher":"https:\/\/www.facebook.com\/JusticeInfo\/","article_published_time":"2011-08-17T22:00:00+00:00","og_image":[{"width":1200,"height":630,"url":"https:\/\/www.justiceinfo.net\/wp-content\/uploads\/JusticeInfoNet_logo_1200x630px.jpg","type":"image\/jpeg"}],"author":"solivri","twitter_card":"summary_large_image","twitter_creator":"@justiceinfonet","twitter_site":"@justiceinfonet","twitter_misc":{"\u00c9crit par":"solivri","Dur\u00e9e de lecture estim\u00e9e":"4 minutes"},"schema":{"@context":"https:\/\/schema.org","@graph":[{"@type":"NewsArticle","@id":"https:\/\/www.justiceinfo.net\/fr\/13400-180811-tpirkaremera-requisitions-des-lundi-dans-le-proces-des-dirigeants-du-mrnd10214.html#article","isPartOf":{"@id":"https:\/\/www.justiceinfo.net\/fr\/13400-180811-tpirkaremera-requisitions-des-lundi-dans-le-proces-des-dirigeants-du-mrnd10214.html"},"author":{"name":"solivri","@id":"https:\/\/www.justiceinfo.net\/fr#\/schema\/person\/6e53cba1629e2e66f3fc1821d3091865"},"headline":"18.08.11 - TPIR\/KAREMERA - REQUISITIONS DES LUNDI DANS LE PROCES DES DIRIGEANTS DU MRND","datePublished":"2011-08-17T22:00:00+00:00","mainEntityOfPage":{"@id":"https:\/\/www.justiceinfo.net\/fr\/13400-180811-tpirkaremera-requisitions-des-lundi-dans-le-proces-des-dirigeants-du-mrnd10214.html"},"wordCount":888,"commentCount":0,"publisher":{"@id":"https:\/\/www.justiceinfo.net\/fr#organization"},"articleSection":["Hirondelle News"],"inLanguage":"fr-FR","potentialAction":[{"@type":"CommentAction","name":"Comment","target":["https:\/\/www.justiceinfo.net\/fr\/13400-180811-tpirkaremera-requisitions-des-lundi-dans-le-proces-des-dirigeants-du-mrnd10214.html#respond"]}]},{"@type":"WebPage","@id":"https:\/\/www.justiceinfo.net\/fr\/13400-180811-tpirkaremera-requisitions-des-lundi-dans-le-proces-des-dirigeants-du-mrnd10214.html","url":"https:\/\/www.justiceinfo.net\/fr\/13400-180811-tpirkaremera-requisitions-des-lundi-dans-le-proces-des-dirigeants-du-mrnd10214.html","name":"18.08.11 - TPIR\/KAREMERA - REQUISITIONS DES LUNDI DANS LE PROCES DES DIRIGEANTS DU MRND - JusticeInfo.net","isPartOf":{"@id":"https:\/\/www.justiceinfo.net\/fr#website"},"datePublished":"2011-08-17T22:00:00+00:00","breadcrumb":{"@id":"https:\/\/www.justiceinfo.net\/fr\/13400-180811-tpirkaremera-requisitions-des-lundi-dans-le-proces-des-dirigeants-du-mrnd10214.html#breadcrumb"},"inLanguage":"fr-FR","potentialAction":[{"@type":"ReadAction","target":["https:\/\/www.justiceinfo.net\/fr\/13400-180811-tpirkaremera-requisitions-des-lundi-dans-le-proces-des-dirigeants-du-mrnd10214.html"]}]},{"@type":"BreadcrumbList","@id":"https:\/\/www.justiceinfo.net\/fr\/13400-180811-tpirkaremera-requisitions-des-lundi-dans-le-proces-des-dirigeants-du-mrnd10214.html#breadcrumb","itemListElement":[{"@type":"ListItem","position":1,"name":"Home","item":"https:\/\/www.justiceinfo.net\/fr"},{"@type":"ListItem","position":2,"name":"18.08.11 - TPIR\/KAREMERA - REQUISITIONS DES LUNDI DANS LE PROCES DES DIRIGEANTS DU MRND"}]},{"@type":"WebSite","@id":"https:\/\/www.justiceinfo.net\/fr#website","url":"https:\/\/www.justiceinfo.net\/fr","name":"JusticeInfo.net","description":"La justice doit \u00eatre vue pour \u00eatre rendue","publisher":{"@id":"https:\/\/www.justiceinfo.net\/fr#organization"},"potentialAction":[{"@type":"SearchAction","target":{"@type":"EntryPoint","urlTemplate":"https:\/\/www.justiceinfo.net\/fr?s={search_term_string}"},"query-input":{"@type":"PropertyValueSpecification","valueRequired":true,"valueName":"search_term_string"}}],"inLanguage":"fr-FR"},{"@type":"Organization","@id":"https:\/\/www.justiceinfo.net\/fr#organization","name":"Justice Info","url":"https:\/\/www.justiceinfo.net\/fr","logo":{"@type":"ImageObject","inLanguage":"fr-FR","@id":"https:\/\/www.justiceinfo.net\/fr#\/schema\/logo\/image\/","url":"https:\/\/www.justiceinfo.net\/wp-content\/uploads\/justiceinfo_logo-trans_1200x1200px.png","contentUrl":"https:\/\/www.justiceinfo.net\/wp-content\/uploads\/justiceinfo_logo-trans_1200x1200px.png","width":1199,"height":1200,"caption":"Justice Info"},"image":{"@id":"https:\/\/www.justiceinfo.net\/fr#\/schema\/logo\/image\/"},"sameAs":["https:\/\/www.facebook.com\/JusticeInfo\/","https:\/\/x.com\/justiceinfonet","https:\/\/www.linkedin.com\/company\/justice-info","https:\/\/www.youtube.com\/channel\/UCyCEsARodyuWtkWyhn-e7pA"]},{"@type":"Person","name":"solivri","url":"\/fr\/?s=solivri"}]}},"_links":{"self":[{"href":"https:\/\/www.justiceinfo.net\/fr\/wp-json\/wp\/v2\/posts\/13400","targetHints":{"allow":["GET"]}}],"collection":[{"href":"https:\/\/www.justiceinfo.net\/fr\/wp-json\/wp\/v2\/posts"}],"about":[{"href":"https:\/\/www.justiceinfo.net\/fr\/wp-json\/wp\/v2\/types\/post"}],"author":[{"embeddable":true,"href":"https:\/\/www.justiceinfo.net\/fr\/wp-json\/wp\/v2\/users\/64"}],"replies":[{"embeddable":true,"href":"https:\/\/www.justiceinfo.net\/fr\/wp-json\/wp\/v2\/comments?post=13400"}],"version-history":[{"count":0,"href":"https:\/\/www.justiceinfo.net\/fr\/wp-json\/wp\/v2\/posts\/13400\/revisions"}],"wp:attachment":[{"href":"https:\/\/www.justiceinfo.net\/fr\/wp-json\/wp\/v2\/media?parent=13400"}],"wp:term":[{"taxonomy":"category","embeddable":true,"href":"https:\/\/www.justiceinfo.net\/fr\/wp-json\/wp\/v2\/categories?post=13400"},{"taxonomy":"post_tag","embeddable":true,"href":"https:\/\/www.justiceinfo.net\/fr\/wp-json\/wp\/v2\/tags?post=13400"},{"taxonomy":"ji_location","embeddable":true,"href":"https:\/\/www.justiceinfo.net\/fr\/wp-json\/wp\/v2\/ji_location?post=13400"}],"curies":[{"name":"wp","href":"https:\/\/api.w.org\/{rel}","templated":true}]}}