{"id":13404,"date":"2011-08-18T00:00:00","date_gmt":"2011-08-17T22:00:00","guid":{"rendered":"https:\/\/www.justiceinfo.net\/13404-180811-rwandagenocide-la-communaute-internationale-appelee-a-contribuer-a-la-reparation10218.html"},"modified":"2011-08-18T00:00:00","modified_gmt":"2011-08-17T22:00:00","slug":"180811-rwandagenocide-la-communaute-internationale-appelee-a-contribuer-a-la-reparation10218","status":"publish","type":"post","link":"https:\/\/www.justiceinfo.net\/fr\/13404-180811-rwandagenocide-la-communaute-internationale-appelee-a-contribuer-a-la-reparation10218.html","title":{"rendered":"18.08.11 - RWANDA\/GENOCIDE - LA COMMUNAUTE INTERNATIONALE APPELEE A CONTRIBUER A LA REPARATION"},"content":{"rendered":"<p>\nKigali, 18 ao&ucirc;t 2011 (FH) - Une conf&eacute;rence internationale organis&eacute;e &agrave; Kigali par les associations Ibuka, Redress et African rights, a cl&ocirc;tur&eacute; ses travaux mercredi soir en appelant la communaut&eacute; internationale &agrave; contribuer financi&egrave;rement aux r&eacute;parations du g&eacute;nocide rwandais de 1994.\n<\/p>\n<p><!--more--><\/p>\n<p >\n<p >\n<p >\nDans son discours d'ouverture, le ministre rwandais de la Justice Tharcisse Karugarama, avait donn&eacute; te ton :&nbsp; &laquo; Si la r&eacute;paration incombe avant tout au gouvernement rwandais, la communaut&eacute; internationale a le devoir moral de cr&eacute;er un fonds de r&eacute;paration, le g&eacute;nocide &eacute;tant un crime contre l'humanit&eacute; &raquo;.\n<\/p>\n<p >\n<p >\nLe gouvernement rwandais a mis en place en 1998 le Fonds d'assistance aux rescap&eacute;s du g&eacute;nocide les plus d&eacute;munis (FARG), aliment&eacute; par ses propres recettes. Sur le plan judiciaire, des jugements devant les tribunaux ordinaires ont parfois condamn&eacute; les coupables de g&eacute;nocide &agrave; payer des dommages et int&eacute;r&ecirc;ts. Les juridictions populaires gacacas, quant &agrave; elles, ont ordonn&eacute; &agrave; des condamn&eacute;s de restituer ou r&eacute;parer les biens pill&eacute;s, d&eacute;truits ou endommag&eacute;s pendant le g&eacute;nocide. Mais, selon les rescap&eacute;s pr&eacute;sents &agrave; la conf&eacute;rence, l'ex&eacute;cution de ces jugements pose probl&egrave;me, surtout &agrave; cause de l'insolvabilit&eacute; des condamn&eacute;s.\n<\/p>\n<p >\n<p >\nHugues Mukendi, un repr&eacute;sentant d'Avocats sans fronti&egrave;res (ASF), a regrett&eacute; que la r&eacute;paration ait &eacute;t&eacute; une question ignor&eacute;e par l'ONU lors de la cr&eacute;ation du Tribunal p&eacute;nal international pour le Rwanda (TPIR). Des responsables du tribunal ont soulev&eacute; plus d'une fois la question aux Nations Unies mais aucune r&eacute;solution n'a encore &eacute;t&eacute; prise en ce sens, a-t-il pr&eacute;cis&eacute;.\n<\/p>\n<p >\n<p >\nL'appel de l'Association des veuves du g&eacute;nocide (AVEGA) &eacute;tait plus concret. &laquo; Certaines de nos membres ont infect&eacute;es du VIH\/SIDA, lors de viols subis pendant le g&eacute;nocide. Elles ont besoin d'un accompagnement m&eacute;dical, psychosocial et &eacute;conomique, tout le reste de leur vie. Cela requiert des moyens &eacute;normes &raquo;, a ainsi expliqu&eacute; Odette Kabarere, secr&eacute;taire ex&eacute;cutive de l'association.\n<\/p>\n<p >\n<p >\nA l'issue de la conf&eacute;rence, Ibuka, Redress, et African Rights, ont convenu de dresser une liste d'actions &agrave; mener aupr&egrave;s du gouvernement rwandais et de la communaut&eacute; internationale.\n<\/p>\n<p >\n<p >\nSRE-ER\/GF\n<\/p>\n<p >\n<p>\n&copy; Agence Hirondelle<\/p>\n","protected":false},"excerpt":{"rendered":"<p>Kigali, 18 ao&ucirc;t 2011 (FH) - Une conf&eacute;rence internationale organis&eacute;e &agrave; Kigali par les associations Ibuka, Redress et African rights, a cl&ocirc;tur&eacute; ses travaux mercredi soir en appelant la communaut&eacute; internationale &agrave; contribuer financi&egrave;rement aux r&eacute;parations du g&eacute;nocide rwandais de 1994.<\/p>\n","protected":false},"author":64,"featured_media":0,"comment_status":"open","ping_status":"closed","sticky":false,"template":"","format":"standard","meta":{"_acf_changed":false,"footnotes":""},"categories":[554],"tags":[],"ji_location":[],"class_list":["post-13404","post","type-post","status-publish","format-standard","hentry","category-hirondellenews"],"acf":[],"yoast_head":"<!-- This site is optimized with the Yoast SEO Premium plugin v25.3.1 (Yoast SEO v25.3.1) - https:\/\/yoast.com\/wordpress\/plugins\/seo\/ -->\n<title>18.08.11 - RWANDA\/GENOCIDE - LA COMMUNAUTE INTERNATIONALE APPELEE A CONTRIBUER A LA REPARATION - JusticeInfo.net<\/title>\n<meta name=\"robots\" content=\"index, follow, max-snippet:-1, max-image-preview:large, max-video-preview:-1\" \/>\n<link rel=\"canonical\" href=\"https:\/\/www.justiceinfo.net\/fr\/13404-180811-rwandagenocide-la-communaute-internationale-appelee-a-contribuer-a-la-reparation10218.html\" \/>\n<meta property=\"og:locale\" content=\"fr_FR\" \/>\n<meta property=\"og:type\" content=\"article\" \/>\n<meta property=\"og:title\" content=\"18.08.11 - RWANDA\/GENOCIDE - LA COMMUNAUTE INTERNATIONALE APPELEE A CONTRIBUER A LA REPARATION\" \/>\n<meta property=\"og:description\" content=\"Kigali, 18 ao&ucirc;t 2011 (FH) - Une conf&eacute;rence internationale organis&eacute;e &agrave; Kigali par les associations Ibuka, Redress et African rights, a cl&ocirc;tur&eacute; ses travaux mercredi soir en appelant la communaut&eacute; internationale &agrave; contribuer financi&egrave;rement aux r&eacute;parations du g&eacute;nocide rwandais de 1994.\" \/>\n<meta property=\"og:url\" content=\"https:\/\/www.justiceinfo.net\/fr\/13404-180811-rwandagenocide-la-communaute-internationale-appelee-a-contribuer-a-la-reparation10218.html\" \/>\n<meta property=\"og:site_name\" content=\"JusticeInfo.net\" \/>\n<meta property=\"article:publisher\" content=\"https:\/\/www.facebook.com\/JusticeInfo\/\" \/>\n<meta property=\"article:published_time\" content=\"2011-08-17T22:00:00+00:00\" \/>\n<meta property=\"og:image\" content=\"https:\/\/www.justiceinfo.net\/wp-content\/uploads\/JusticeInfoNet_logo_1200x630px.jpg\" \/>\n\t<meta property=\"og:image:width\" content=\"1200\" \/>\n\t<meta property=\"og:image:height\" content=\"630\" \/>\n\t<meta property=\"og:image:type\" content=\"image\/jpeg\" \/>\n<meta name=\"author\" content=\"solivri\" \/>\n<meta name=\"twitter:card\" content=\"summary_large_image\" \/>\n<meta name=\"twitter:creator\" content=\"@justiceinfonet\" \/>\n<meta name=\"twitter:site\" content=\"@justiceinfonet\" \/>\n<meta name=\"twitter:label1\" content=\"\u00c9crit par\" \/>\n\t<meta name=\"twitter:data1\" content=\"solivri\" \/>\n\t<meta name=\"twitter:label2\" content=\"Dur\u00e9e de lecture estim\u00e9e\" \/>\n\t<meta name=\"twitter:data2\" content=\"2 minutes\" \/>\n<script type=\"application\/ld+json\" class=\"yoast-schema-graph\">{\"@context\":\"https:\/\/schema.org\",\"@graph\":[{\"@type\":\"NewsArticle\",\"@id\":\"https:\/\/www.justiceinfo.net\/fr\/13404-180811-rwandagenocide-la-communaute-internationale-appelee-a-contribuer-a-la-reparation10218.html#article\",\"isPartOf\":{\"@id\":\"https:\/\/www.justiceinfo.net\/fr\/13404-180811-rwandagenocide-la-communaute-internationale-appelee-a-contribuer-a-la-reparation10218.html\"},\"author\":{\"name\":\"solivri\",\"@id\":\"https:\/\/www.justiceinfo.net\/fr#\/schema\/person\/6e53cba1629e2e66f3fc1821d3091865\"},\"headline\":\"18.08.11 - RWANDA\/GENOCIDE - LA COMMUNAUTE INTERNATIONALE APPELEE A CONTRIBUER A LA REPARATION\",\"datePublished\":\"2011-08-17T22:00:00+00:00\",\"mainEntityOfPage\":{\"@id\":\"https:\/\/www.justiceinfo.net\/fr\/13404-180811-rwandagenocide-la-communaute-internationale-appelee-a-contribuer-a-la-reparation10218.html\"},\"wordCount\":468,\"commentCount\":0,\"publisher\":{\"@id\":\"https:\/\/www.justiceinfo.net\/fr#organization\"},\"articleSection\":[\"Hirondelle News\"],\"inLanguage\":\"fr-FR\",\"potentialAction\":[{\"@type\":\"CommentAction\",\"name\":\"Comment\",\"target\":[\"https:\/\/www.justiceinfo.net\/fr\/13404-180811-rwandagenocide-la-communaute-internationale-appelee-a-contribuer-a-la-reparation10218.html#respond\"]}]},{\"@type\":\"WebPage\",\"@id\":\"https:\/\/www.justiceinfo.net\/fr\/13404-180811-rwandagenocide-la-communaute-internationale-appelee-a-contribuer-a-la-reparation10218.html\",\"url\":\"https:\/\/www.justiceinfo.net\/fr\/13404-180811-rwandagenocide-la-communaute-internationale-appelee-a-contribuer-a-la-reparation10218.html\",\"name\":\"18.08.11 - RWANDA\/GENOCIDE - LA COMMUNAUTE INTERNATIONALE APPELEE A CONTRIBUER A LA REPARATION - JusticeInfo.net\",\"isPartOf\":{\"@id\":\"https:\/\/www.justiceinfo.net\/fr#website\"},\"datePublished\":\"2011-08-17T22:00:00+00:00\",\"breadcrumb\":{\"@id\":\"https:\/\/www.justiceinfo.net\/fr\/13404-180811-rwandagenocide-la-communaute-internationale-appelee-a-contribuer-a-la-reparation10218.html#breadcrumb\"},\"inLanguage\":\"fr-FR\",\"potentialAction\":[{\"@type\":\"ReadAction\",\"target\":[\"https:\/\/www.justiceinfo.net\/fr\/13404-180811-rwandagenocide-la-communaute-internationale-appelee-a-contribuer-a-la-reparation10218.html\"]}]},{\"@type\":\"BreadcrumbList\",\"@id\":\"https:\/\/www.justiceinfo.net\/fr\/13404-180811-rwandagenocide-la-communaute-internationale-appelee-a-contribuer-a-la-reparation10218.html#breadcrumb\",\"itemListElement\":[{\"@type\":\"ListItem\",\"position\":1,\"name\":\"Home\",\"item\":\"https:\/\/www.justiceinfo.net\/fr\"},{\"@type\":\"ListItem\",\"position\":2,\"name\":\"18.08.11 - RWANDA\/GENOCIDE - LA COMMUNAUTE INTERNATIONALE APPELEE A CONTRIBUER A LA REPARATION\"}]},{\"@type\":\"WebSite\",\"@id\":\"https:\/\/www.justiceinfo.net\/fr#website\",\"url\":\"https:\/\/www.justiceinfo.net\/fr\",\"name\":\"JusticeInfo.net\",\"description\":\"La justice doit \u00eatre vue pour \u00eatre rendue\",\"publisher\":{\"@id\":\"https:\/\/www.justiceinfo.net\/fr#organization\"},\"potentialAction\":[{\"@type\":\"SearchAction\",\"target\":{\"@type\":\"EntryPoint\",\"urlTemplate\":\"https:\/\/www.justiceinfo.net\/fr?s={search_term_string}\"},\"query-input\":{\"@type\":\"PropertyValueSpecification\",\"valueRequired\":true,\"valueName\":\"search_term_string\"}}],\"inLanguage\":\"fr-FR\"},{\"@type\":\"Organization\",\"@id\":\"https:\/\/www.justiceinfo.net\/fr#organization\",\"name\":\"Justice Info\",\"url\":\"https:\/\/www.justiceinfo.net\/fr\",\"logo\":{\"@type\":\"ImageObject\",\"inLanguage\":\"fr-FR\",\"@id\":\"https:\/\/www.justiceinfo.net\/fr#\/schema\/logo\/image\/\",\"url\":\"https:\/\/www.justiceinfo.net\/wp-content\/uploads\/justiceinfo_logo-trans_1200x1200px.png\",\"contentUrl\":\"https:\/\/www.justiceinfo.net\/wp-content\/uploads\/justiceinfo_logo-trans_1200x1200px.png\",\"width\":1199,\"height\":1200,\"caption\":\"Justice Info\"},\"image\":{\"@id\":\"https:\/\/www.justiceinfo.net\/fr#\/schema\/logo\/image\/\"},\"sameAs\":[\"https:\/\/www.facebook.com\/JusticeInfo\/\",\"https:\/\/x.com\/justiceinfonet\",\"https:\/\/www.linkedin.com\/company\/justice-info\",\"https:\/\/www.youtube.com\/channel\/UCyCEsARodyuWtkWyhn-e7pA\"]},{\"@type\":\"Person\",\"name\":\"solivri\",\"url\":\"\/fr\/?s=solivri\"}]}<\/script>\n<!-- \/ Yoast SEO Premium plugin. -->","yoast_head_json":{"title":"18.08.11 - RWANDA\/GENOCIDE - LA COMMUNAUTE INTERNATIONALE APPELEE A CONTRIBUER A LA REPARATION - JusticeInfo.net","robots":{"index":"index","follow":"follow","max-snippet":"max-snippet:-1","max-image-preview":"max-image-preview:large","max-video-preview":"max-video-preview:-1"},"canonical":"https:\/\/www.justiceinfo.net\/fr\/13404-180811-rwandagenocide-la-communaute-internationale-appelee-a-contribuer-a-la-reparation10218.html","og_locale":"fr_FR","og_type":"article","og_title":"18.08.11 - RWANDA\/GENOCIDE - LA COMMUNAUTE INTERNATIONALE APPELEE A CONTRIBUER A LA REPARATION","og_description":"Kigali, 18 ao&ucirc;t 2011 (FH) - Une conf&eacute;rence internationale organis&eacute;e &agrave; Kigali par les associations Ibuka, Redress et African rights, a cl&ocirc;tur&eacute; ses travaux mercredi soir en appelant la communaut&eacute; internationale &agrave; contribuer financi&egrave;rement aux r&eacute;parations du g&eacute;nocide rwandais de 1994.","og_url":"https:\/\/www.justiceinfo.net\/fr\/13404-180811-rwandagenocide-la-communaute-internationale-appelee-a-contribuer-a-la-reparation10218.html","og_site_name":"JusticeInfo.net","article_publisher":"https:\/\/www.facebook.com\/JusticeInfo\/","article_published_time":"2011-08-17T22:00:00+00:00","og_image":[{"width":1200,"height":630,"url":"https:\/\/www.justiceinfo.net\/wp-content\/uploads\/JusticeInfoNet_logo_1200x630px.jpg","type":"image\/jpeg"}],"author":"solivri","twitter_card":"summary_large_image","twitter_creator":"@justiceinfonet","twitter_site":"@justiceinfonet","twitter_misc":{"\u00c9crit par":"solivri","Dur\u00e9e de lecture estim\u00e9e":"2 minutes"},"schema":{"@context":"https:\/\/schema.org","@graph":[{"@type":"NewsArticle","@id":"https:\/\/www.justiceinfo.net\/fr\/13404-180811-rwandagenocide-la-communaute-internationale-appelee-a-contribuer-a-la-reparation10218.html#article","isPartOf":{"@id":"https:\/\/www.justiceinfo.net\/fr\/13404-180811-rwandagenocide-la-communaute-internationale-appelee-a-contribuer-a-la-reparation10218.html"},"author":{"name":"solivri","@id":"https:\/\/www.justiceinfo.net\/fr#\/schema\/person\/6e53cba1629e2e66f3fc1821d3091865"},"headline":"18.08.11 - RWANDA\/GENOCIDE - LA COMMUNAUTE INTERNATIONALE APPELEE A CONTRIBUER A LA REPARATION","datePublished":"2011-08-17T22:00:00+00:00","mainEntityOfPage":{"@id":"https:\/\/www.justiceinfo.net\/fr\/13404-180811-rwandagenocide-la-communaute-internationale-appelee-a-contribuer-a-la-reparation10218.html"},"wordCount":468,"commentCount":0,"publisher":{"@id":"https:\/\/www.justiceinfo.net\/fr#organization"},"articleSection":["Hirondelle News"],"inLanguage":"fr-FR","potentialAction":[{"@type":"CommentAction","name":"Comment","target":["https:\/\/www.justiceinfo.net\/fr\/13404-180811-rwandagenocide-la-communaute-internationale-appelee-a-contribuer-a-la-reparation10218.html#respond"]}]},{"@type":"WebPage","@id":"https:\/\/www.justiceinfo.net\/fr\/13404-180811-rwandagenocide-la-communaute-internationale-appelee-a-contribuer-a-la-reparation10218.html","url":"https:\/\/www.justiceinfo.net\/fr\/13404-180811-rwandagenocide-la-communaute-internationale-appelee-a-contribuer-a-la-reparation10218.html","name":"18.08.11 - RWANDA\/GENOCIDE - LA COMMUNAUTE INTERNATIONALE APPELEE A CONTRIBUER A LA REPARATION - JusticeInfo.net","isPartOf":{"@id":"https:\/\/www.justiceinfo.net\/fr#website"},"datePublished":"2011-08-17T22:00:00+00:00","breadcrumb":{"@id":"https:\/\/www.justiceinfo.net\/fr\/13404-180811-rwandagenocide-la-communaute-internationale-appelee-a-contribuer-a-la-reparation10218.html#breadcrumb"},"inLanguage":"fr-FR","potentialAction":[{"@type":"ReadAction","target":["https:\/\/www.justiceinfo.net\/fr\/13404-180811-rwandagenocide-la-communaute-internationale-appelee-a-contribuer-a-la-reparation10218.html"]}]},{"@type":"BreadcrumbList","@id":"https:\/\/www.justiceinfo.net\/fr\/13404-180811-rwandagenocide-la-communaute-internationale-appelee-a-contribuer-a-la-reparation10218.html#breadcrumb","itemListElement":[{"@type":"ListItem","position":1,"name":"Home","item":"https:\/\/www.justiceinfo.net\/fr"},{"@type":"ListItem","position":2,"name":"18.08.11 - RWANDA\/GENOCIDE - LA COMMUNAUTE INTERNATIONALE APPELEE A CONTRIBUER A LA REPARATION"}]},{"@type":"WebSite","@id":"https:\/\/www.justiceinfo.net\/fr#website","url":"https:\/\/www.justiceinfo.net\/fr","name":"JusticeInfo.net","description":"La justice doit \u00eatre vue pour \u00eatre rendue","publisher":{"@id":"https:\/\/www.justiceinfo.net\/fr#organization"},"potentialAction":[{"@type":"SearchAction","target":{"@type":"EntryPoint","urlTemplate":"https:\/\/www.justiceinfo.net\/fr?s={search_term_string}"},"query-input":{"@type":"PropertyValueSpecification","valueRequired":true,"valueName":"search_term_string"}}],"inLanguage":"fr-FR"},{"@type":"Organization","@id":"https:\/\/www.justiceinfo.net\/fr#organization","name":"Justice Info","url":"https:\/\/www.justiceinfo.net\/fr","logo":{"@type":"ImageObject","inLanguage":"fr-FR","@id":"https:\/\/www.justiceinfo.net\/fr#\/schema\/logo\/image\/","url":"https:\/\/www.justiceinfo.net\/wp-content\/uploads\/justiceinfo_logo-trans_1200x1200px.png","contentUrl":"https:\/\/www.justiceinfo.net\/wp-content\/uploads\/justiceinfo_logo-trans_1200x1200px.png","width":1199,"height":1200,"caption":"Justice Info"},"image":{"@id":"https:\/\/www.justiceinfo.net\/fr#\/schema\/logo\/image\/"},"sameAs":["https:\/\/www.facebook.com\/JusticeInfo\/","https:\/\/x.com\/justiceinfonet","https:\/\/www.linkedin.com\/company\/justice-info","https:\/\/www.youtube.com\/channel\/UCyCEsARodyuWtkWyhn-e7pA"]},{"@type":"Person","name":"solivri","url":"\/fr\/?s=solivri"}]}},"_links":{"self":[{"href":"https:\/\/www.justiceinfo.net\/fr\/wp-json\/wp\/v2\/posts\/13404","targetHints":{"allow":["GET"]}}],"collection":[{"href":"https:\/\/www.justiceinfo.net\/fr\/wp-json\/wp\/v2\/posts"}],"about":[{"href":"https:\/\/www.justiceinfo.net\/fr\/wp-json\/wp\/v2\/types\/post"}],"author":[{"embeddable":true,"href":"https:\/\/www.justiceinfo.net\/fr\/wp-json\/wp\/v2\/users\/64"}],"replies":[{"embeddable":true,"href":"https:\/\/www.justiceinfo.net\/fr\/wp-json\/wp\/v2\/comments?post=13404"}],"version-history":[{"count":0,"href":"https:\/\/www.justiceinfo.net\/fr\/wp-json\/wp\/v2\/posts\/13404\/revisions"}],"wp:attachment":[{"href":"https:\/\/www.justiceinfo.net\/fr\/wp-json\/wp\/v2\/media?parent=13404"}],"wp:term":[{"taxonomy":"category","embeddable":true,"href":"https:\/\/www.justiceinfo.net\/fr\/wp-json\/wp\/v2\/categories?post=13404"},{"taxonomy":"post_tag","embeddable":true,"href":"https:\/\/www.justiceinfo.net\/fr\/wp-json\/wp\/v2\/tags?post=13404"},{"taxonomy":"ji_location","embeddable":true,"href":"https:\/\/www.justiceinfo.net\/fr\/wp-json\/wp\/v2\/ji_location?post=13404"}],"curies":[{"name":"wp","href":"https:\/\/api.w.org\/{rel}","templated":true}]}}