{"id":13421,"date":"2011-08-17T00:00:00","date_gmt":"2011-08-16T22:00:00","guid":{"rendered":"https:\/\/www.justiceinfo.net\/13421-170811-tpirngirabatware-qle-gouvernement-voulait-mettre-en-application-laccord-de-paixq10235.html"},"modified":"2011-08-17T00:00:00","modified_gmt":"2011-08-16T22:00:00","slug":"170811-tpirngirabatware-qle-gouvernement-voulait-mettre-en-application-laccord-de-paixq10235","status":"publish","type":"post","link":"https:\/\/www.justiceinfo.net\/fr\/13421-170811-tpirngirabatware-qle-gouvernement-voulait-mettre-en-application-laccord-de-paixq10235.html","title":{"rendered":"17.08.11 - TPIR\/NGIRABATWARE - \"LE GOUVERNEMENT VOULAIT METTRE EN APPLICATION L'ACCORD DE PAIX\""},"content":{"rendered":"<p>\nArusha, 17 ao&ucirc;t 2011 (FH) - Un ancien membre du gouvernement int&eacute;rimaire en place pendant le g&eacute;nocide des Tutsis a affirm&eacute; lundi devant le Tribunal p&eacute;nal international pour le Rwanda (TPIR) que son &eacute;quipe voulait bien mettre en application l'accord de paix.\n<\/p>\n<p><!--more--><\/p>\n<p >\n<p >\nCet accord, qui couronnait une ann&eacute;e de n&eacute;gociations ardues, avait &eacute;t&eacute; sign&eacute; le 4 ao&ucirc;t 1993 par le chef de l'Etat Juv&eacute;nal Habyarimana et le pr&eacute;sident du Front patriotique rwandais (FPR, actuellement au pouvoir) Alexis Kanyarengwe.\n<\/p>\n<p >\nL'accord &eacute;tait cens&eacute; mettre fin &agrave; la guerre qui opposait alors les troupes gouvernementales aux rebelles du FPR. Mais &agrave; la date fatidique du 6 avril 1994, les institutions de transition pr&eacute;vues par le texte n'avaient pas encore &eacute;t&eacute; install&eacute;es.\n<\/p>\n<p >\nPour J&eacute;r&ocirc;me Bicamumpaka, chef de la diplomatie dans le gouvernement mis en place apr&egrave;s l'assassinat du pr&eacute;sident Habyarimana, l'ex&eacute;cutif voulait mettre en application l'accord de paix. Lui-m&ecirc;me poursuivi devant le TPIR, Bicamumpaka a fait cette d&eacute;claration au d&eacute;but de son t&eacute;moignage pour la d&eacute;fense de son ancien coll&egrave;gue du Plan, Augustin Ngirabatware.\n<\/p>\n<p >\nIl a affirm&eacute; que lui, Ngirabatware et l'ex-ministre de la Sant&eacute;,&nbsp; Casimir Bizumungu, avaient &eacute;t&eacute; mandat&eacute;s par le gouvernement int&eacute;rimaire pour rencontrer le corps diplomatique et solliciter son assistance en vue de stopper le g&eacute;nocide, arr&ecirc;ter la guerre et dialoguer avec le FPR.\n<\/p>\n<p >\nBizimungu et Bicamumpaka sont jug&eacute;s dans un m&ecirc;me proc&egrave;s.\n<\/p>\n<p >\nLe procureur all&egrave;gue que le gouvernement int&eacute;rimaire &eacute;tait hostile au partage du pouvoir avec le FPR et soutenait le g&eacute;nocide des Tutsis, ce que les accus&eacute;s contestent.\n<\/p>\n<p >\nNgirabatware, qui clame son innocence, est poursuivi pour crimes de g&eacute;nocide et crimes contre l'humanit&eacute;. Il est surtout accus&eacute; d'avoir incit&eacute; aux massacres de Tutsis dans sa commune natale Nyamyumba (pr&eacute;fecture de Gisenyi, nord) et d'y avoir distribu&eacute; les armes du g&eacute;nocide\n<\/p>\n<p >\nDocteur en &eacute;conomie de l'Universit&eacute; de Fribourg, en Suisse, Ngirabatware&nbsp; fut, dans son pays, enseignant &agrave; l'Universit&eacute; Nationale du Rwanda (1986-1994), puis ministre du Plan (1990-1994).&nbsp; Durant son exil &agrave; partir de juillet 1994, il a travaill&eacute; dans diff&eacute;rents instituts de recherche au Gabon et en France.\n<\/p>\n<p >\n<p >\nArr&ecirc;t&eacute; en Allemagne le 17 septembre 2007, il se trouve entre les mains du TPIR depuis le 08 octobre 2008. Le proc&egrave;s a d&eacute;but&eacute; le 22 septembre 2009 et le procureur a boucl&eacute; son accusation le 31 ao&ucirc;t 2010.\n<\/p>\n<p >\n<p >\nNI\/ER\/GF\n<\/p>\n<p >\n<p>\n&copy; Agence Hirondelle<\/p>\n","protected":false},"excerpt":{"rendered":"<p>Arusha, 17 ao&ucirc;t 2011 (FH) - Un ancien membre du gouvernement int&eacute;rimaire en place pendant le g&eacute;nocide des Tutsis a affirm&eacute; lundi devant le Tribunal p&eacute;nal international pour le Rwanda (TPIR) que son &eacute;quipe voulait bien mettre en application l'accord de paix.<\/p>\n","protected":false},"author":64,"featured_media":0,"comment_status":"open","ping_status":"closed","sticky":false,"template":"","format":"standard","meta":{"_acf_changed":false,"footnotes":""},"categories":[554],"tags":[],"ji_location":[],"class_list":["post-13421","post","type-post","status-publish","format-standard","hentry","category-hirondellenews"],"acf":[],"yoast_head":"<!-- This site is optimized with the Yoast SEO Premium plugin v25.3.1 (Yoast SEO v25.3.1) - https:\/\/yoast.com\/wordpress\/plugins\/seo\/ -->\n<title>17.08.11 - TPIR\/NGIRABATWARE - &quot;LE GOUVERNEMENT VOULAIT METTRE EN APPLICATION L&#039;ACCORD DE PAIX&quot; - JusticeInfo.net<\/title>\n<meta name=\"robots\" content=\"index, follow, max-snippet:-1, max-image-preview:large, max-video-preview:-1\" \/>\n<link rel=\"canonical\" href=\"https:\/\/www.justiceinfo.net\/fr\/13421-170811-tpirngirabatware-qle-gouvernement-voulait-mettre-en-application-laccord-de-paixq10235.html\" \/>\n<meta property=\"og:locale\" content=\"fr_FR\" \/>\n<meta property=\"og:type\" content=\"article\" \/>\n<meta property=\"og:title\" content=\"17.08.11 - TPIR\/NGIRABATWARE - &quot;LE GOUVERNEMENT VOULAIT METTRE EN APPLICATION L&#039;ACCORD DE PAIX&quot;\" \/>\n<meta property=\"og:description\" content=\"Arusha, 17 ao&ucirc;t 2011 (FH) - Un ancien membre du gouvernement int&eacute;rimaire en place pendant le g&eacute;nocide des Tutsis a affirm&eacute; lundi devant le Tribunal p&eacute;nal international pour le Rwanda (TPIR) que son &eacute;quipe voulait bien mettre en application l&#039;accord de paix.\" \/>\n<meta property=\"og:url\" content=\"https:\/\/www.justiceinfo.net\/fr\/13421-170811-tpirngirabatware-qle-gouvernement-voulait-mettre-en-application-laccord-de-paixq10235.html\" \/>\n<meta property=\"og:site_name\" content=\"JusticeInfo.net\" \/>\n<meta property=\"article:publisher\" content=\"https:\/\/www.facebook.com\/JusticeInfo\/\" \/>\n<meta property=\"article:published_time\" content=\"2011-08-16T22:00:00+00:00\" \/>\n<meta property=\"og:image\" content=\"https:\/\/www.justiceinfo.net\/wp-content\/uploads\/JusticeInfoNet_logo_1200x630px.jpg\" \/>\n\t<meta property=\"og:image:width\" content=\"1200\" \/>\n\t<meta property=\"og:image:height\" content=\"630\" \/>\n\t<meta property=\"og:image:type\" content=\"image\/jpeg\" \/>\n<meta name=\"author\" content=\"solivri\" \/>\n<meta name=\"twitter:card\" content=\"summary_large_image\" \/>\n<meta name=\"twitter:creator\" content=\"@justiceinfonet\" \/>\n<meta name=\"twitter:site\" content=\"@justiceinfonet\" \/>\n<meta name=\"twitter:label1\" content=\"\u00c9crit par\" \/>\n\t<meta name=\"twitter:data1\" content=\"solivri\" \/>\n\t<meta name=\"twitter:label2\" content=\"Dur\u00e9e de lecture estim\u00e9e\" \/>\n\t<meta name=\"twitter:data2\" content=\"2 minutes\" \/>\n<script type=\"application\/ld+json\" class=\"yoast-schema-graph\">{\"@context\":\"https:\/\/schema.org\",\"@graph\":[{\"@type\":\"NewsArticle\",\"@id\":\"https:\/\/www.justiceinfo.net\/fr\/13421-170811-tpirngirabatware-qle-gouvernement-voulait-mettre-en-application-laccord-de-paixq10235.html#article\",\"isPartOf\":{\"@id\":\"https:\/\/www.justiceinfo.net\/fr\/13421-170811-tpirngirabatware-qle-gouvernement-voulait-mettre-en-application-laccord-de-paixq10235.html\"},\"author\":{\"name\":\"solivri\",\"@id\":\"https:\/\/www.justiceinfo.net\/fr#\/schema\/person\/6e53cba1629e2e66f3fc1821d3091865\"},\"headline\":\"17.08.11 - TPIR\/NGIRABATWARE - \\\"LE GOUVERNEMENT VOULAIT METTRE EN APPLICATION L'ACCORD DE PAIX\\\"\",\"datePublished\":\"2011-08-16T22:00:00+00:00\",\"mainEntityOfPage\":{\"@id\":\"https:\/\/www.justiceinfo.net\/fr\/13421-170811-tpirngirabatware-qle-gouvernement-voulait-mettre-en-application-laccord-de-paixq10235.html\"},\"wordCount\":505,\"commentCount\":0,\"publisher\":{\"@id\":\"https:\/\/www.justiceinfo.net\/fr#organization\"},\"articleSection\":[\"Hirondelle News\"],\"inLanguage\":\"fr-FR\",\"potentialAction\":[{\"@type\":\"CommentAction\",\"name\":\"Comment\",\"target\":[\"https:\/\/www.justiceinfo.net\/fr\/13421-170811-tpirngirabatware-qle-gouvernement-voulait-mettre-en-application-laccord-de-paixq10235.html#respond\"]}]},{\"@type\":\"WebPage\",\"@id\":\"https:\/\/www.justiceinfo.net\/fr\/13421-170811-tpirngirabatware-qle-gouvernement-voulait-mettre-en-application-laccord-de-paixq10235.html\",\"url\":\"https:\/\/www.justiceinfo.net\/fr\/13421-170811-tpirngirabatware-qle-gouvernement-voulait-mettre-en-application-laccord-de-paixq10235.html\",\"name\":\"17.08.11 - TPIR\/NGIRABATWARE - \\\"LE GOUVERNEMENT VOULAIT METTRE EN APPLICATION L'ACCORD DE PAIX\\\" - JusticeInfo.net\",\"isPartOf\":{\"@id\":\"https:\/\/www.justiceinfo.net\/fr#website\"},\"datePublished\":\"2011-08-16T22:00:00+00:00\",\"breadcrumb\":{\"@id\":\"https:\/\/www.justiceinfo.net\/fr\/13421-170811-tpirngirabatware-qle-gouvernement-voulait-mettre-en-application-laccord-de-paixq10235.html#breadcrumb\"},\"inLanguage\":\"fr-FR\",\"potentialAction\":[{\"@type\":\"ReadAction\",\"target\":[\"https:\/\/www.justiceinfo.net\/fr\/13421-170811-tpirngirabatware-qle-gouvernement-voulait-mettre-en-application-laccord-de-paixq10235.html\"]}]},{\"@type\":\"BreadcrumbList\",\"@id\":\"https:\/\/www.justiceinfo.net\/fr\/13421-170811-tpirngirabatware-qle-gouvernement-voulait-mettre-en-application-laccord-de-paixq10235.html#breadcrumb\",\"itemListElement\":[{\"@type\":\"ListItem\",\"position\":1,\"name\":\"Home\",\"item\":\"https:\/\/www.justiceinfo.net\/fr\"},{\"@type\":\"ListItem\",\"position\":2,\"name\":\"17.08.11 - TPIR\/NGIRABATWARE - \\\"LE GOUVERNEMENT VOULAIT METTRE EN APPLICATION L'ACCORD DE PAIX\\\"\"}]},{\"@type\":\"WebSite\",\"@id\":\"https:\/\/www.justiceinfo.net\/fr#website\",\"url\":\"https:\/\/www.justiceinfo.net\/fr\",\"name\":\"JusticeInfo.net\",\"description\":\"La justice doit \u00eatre vue pour \u00eatre rendue\",\"publisher\":{\"@id\":\"https:\/\/www.justiceinfo.net\/fr#organization\"},\"potentialAction\":[{\"@type\":\"SearchAction\",\"target\":{\"@type\":\"EntryPoint\",\"urlTemplate\":\"https:\/\/www.justiceinfo.net\/fr?s={search_term_string}\"},\"query-input\":{\"@type\":\"PropertyValueSpecification\",\"valueRequired\":true,\"valueName\":\"search_term_string\"}}],\"inLanguage\":\"fr-FR\"},{\"@type\":\"Organization\",\"@id\":\"https:\/\/www.justiceinfo.net\/fr#organization\",\"name\":\"Justice Info\",\"url\":\"https:\/\/www.justiceinfo.net\/fr\",\"logo\":{\"@type\":\"ImageObject\",\"inLanguage\":\"fr-FR\",\"@id\":\"https:\/\/www.justiceinfo.net\/fr#\/schema\/logo\/image\/\",\"url\":\"https:\/\/www.justiceinfo.net\/wp-content\/uploads\/justiceinfo_logo-trans_1200x1200px.png\",\"contentUrl\":\"https:\/\/www.justiceinfo.net\/wp-content\/uploads\/justiceinfo_logo-trans_1200x1200px.png\",\"width\":1199,\"height\":1200,\"caption\":\"Justice Info\"},\"image\":{\"@id\":\"https:\/\/www.justiceinfo.net\/fr#\/schema\/logo\/image\/\"},\"sameAs\":[\"https:\/\/www.facebook.com\/JusticeInfo\/\",\"https:\/\/x.com\/justiceinfonet\",\"https:\/\/www.linkedin.com\/company\/justice-info\",\"https:\/\/www.youtube.com\/channel\/UCyCEsARodyuWtkWyhn-e7pA\"]},{\"@type\":\"Person\",\"name\":\"solivri\",\"url\":\"\/fr\/?s=solivri\"}]}<\/script>\n<!-- \/ Yoast SEO Premium plugin. -->","yoast_head_json":{"title":"17.08.11 - TPIR\/NGIRABATWARE - \"LE GOUVERNEMENT VOULAIT METTRE EN APPLICATION L'ACCORD DE PAIX\" - JusticeInfo.net","robots":{"index":"index","follow":"follow","max-snippet":"max-snippet:-1","max-image-preview":"max-image-preview:large","max-video-preview":"max-video-preview:-1"},"canonical":"https:\/\/www.justiceinfo.net\/fr\/13421-170811-tpirngirabatware-qle-gouvernement-voulait-mettre-en-application-laccord-de-paixq10235.html","og_locale":"fr_FR","og_type":"article","og_title":"17.08.11 - TPIR\/NGIRABATWARE - \"LE GOUVERNEMENT VOULAIT METTRE EN APPLICATION L'ACCORD DE PAIX\"","og_description":"Arusha, 17 ao&ucirc;t 2011 (FH) - Un ancien membre du gouvernement int&eacute;rimaire en place pendant le g&eacute;nocide des Tutsis a affirm&eacute; lundi devant le Tribunal p&eacute;nal international pour le Rwanda (TPIR) que son &eacute;quipe voulait bien mettre en application l'accord de paix.","og_url":"https:\/\/www.justiceinfo.net\/fr\/13421-170811-tpirngirabatware-qle-gouvernement-voulait-mettre-en-application-laccord-de-paixq10235.html","og_site_name":"JusticeInfo.net","article_publisher":"https:\/\/www.facebook.com\/JusticeInfo\/","article_published_time":"2011-08-16T22:00:00+00:00","og_image":[{"width":1200,"height":630,"url":"https:\/\/www.justiceinfo.net\/wp-content\/uploads\/JusticeInfoNet_logo_1200x630px.jpg","type":"image\/jpeg"}],"author":"solivri","twitter_card":"summary_large_image","twitter_creator":"@justiceinfonet","twitter_site":"@justiceinfonet","twitter_misc":{"\u00c9crit par":"solivri","Dur\u00e9e de lecture estim\u00e9e":"2 minutes"},"schema":{"@context":"https:\/\/schema.org","@graph":[{"@type":"NewsArticle","@id":"https:\/\/www.justiceinfo.net\/fr\/13421-170811-tpirngirabatware-qle-gouvernement-voulait-mettre-en-application-laccord-de-paixq10235.html#article","isPartOf":{"@id":"https:\/\/www.justiceinfo.net\/fr\/13421-170811-tpirngirabatware-qle-gouvernement-voulait-mettre-en-application-laccord-de-paixq10235.html"},"author":{"name":"solivri","@id":"https:\/\/www.justiceinfo.net\/fr#\/schema\/person\/6e53cba1629e2e66f3fc1821d3091865"},"headline":"17.08.11 - TPIR\/NGIRABATWARE - \"LE GOUVERNEMENT VOULAIT METTRE EN APPLICATION L'ACCORD DE PAIX\"","datePublished":"2011-08-16T22:00:00+00:00","mainEntityOfPage":{"@id":"https:\/\/www.justiceinfo.net\/fr\/13421-170811-tpirngirabatware-qle-gouvernement-voulait-mettre-en-application-laccord-de-paixq10235.html"},"wordCount":505,"commentCount":0,"publisher":{"@id":"https:\/\/www.justiceinfo.net\/fr#organization"},"articleSection":["Hirondelle News"],"inLanguage":"fr-FR","potentialAction":[{"@type":"CommentAction","name":"Comment","target":["https:\/\/www.justiceinfo.net\/fr\/13421-170811-tpirngirabatware-qle-gouvernement-voulait-mettre-en-application-laccord-de-paixq10235.html#respond"]}]},{"@type":"WebPage","@id":"https:\/\/www.justiceinfo.net\/fr\/13421-170811-tpirngirabatware-qle-gouvernement-voulait-mettre-en-application-laccord-de-paixq10235.html","url":"https:\/\/www.justiceinfo.net\/fr\/13421-170811-tpirngirabatware-qle-gouvernement-voulait-mettre-en-application-laccord-de-paixq10235.html","name":"17.08.11 - TPIR\/NGIRABATWARE - \"LE GOUVERNEMENT VOULAIT METTRE EN APPLICATION L'ACCORD DE PAIX\" - JusticeInfo.net","isPartOf":{"@id":"https:\/\/www.justiceinfo.net\/fr#website"},"datePublished":"2011-08-16T22:00:00+00:00","breadcrumb":{"@id":"https:\/\/www.justiceinfo.net\/fr\/13421-170811-tpirngirabatware-qle-gouvernement-voulait-mettre-en-application-laccord-de-paixq10235.html#breadcrumb"},"inLanguage":"fr-FR","potentialAction":[{"@type":"ReadAction","target":["https:\/\/www.justiceinfo.net\/fr\/13421-170811-tpirngirabatware-qle-gouvernement-voulait-mettre-en-application-laccord-de-paixq10235.html"]}]},{"@type":"BreadcrumbList","@id":"https:\/\/www.justiceinfo.net\/fr\/13421-170811-tpirngirabatware-qle-gouvernement-voulait-mettre-en-application-laccord-de-paixq10235.html#breadcrumb","itemListElement":[{"@type":"ListItem","position":1,"name":"Home","item":"https:\/\/www.justiceinfo.net\/fr"},{"@type":"ListItem","position":2,"name":"17.08.11 - TPIR\/NGIRABATWARE - \"LE GOUVERNEMENT VOULAIT METTRE EN APPLICATION L'ACCORD DE PAIX\""}]},{"@type":"WebSite","@id":"https:\/\/www.justiceinfo.net\/fr#website","url":"https:\/\/www.justiceinfo.net\/fr","name":"JusticeInfo.net","description":"La justice doit \u00eatre vue pour \u00eatre rendue","publisher":{"@id":"https:\/\/www.justiceinfo.net\/fr#organization"},"potentialAction":[{"@type":"SearchAction","target":{"@type":"EntryPoint","urlTemplate":"https:\/\/www.justiceinfo.net\/fr?s={search_term_string}"},"query-input":{"@type":"PropertyValueSpecification","valueRequired":true,"valueName":"search_term_string"}}],"inLanguage":"fr-FR"},{"@type":"Organization","@id":"https:\/\/www.justiceinfo.net\/fr#organization","name":"Justice Info","url":"https:\/\/www.justiceinfo.net\/fr","logo":{"@type":"ImageObject","inLanguage":"fr-FR","@id":"https:\/\/www.justiceinfo.net\/fr#\/schema\/logo\/image\/","url":"https:\/\/www.justiceinfo.net\/wp-content\/uploads\/justiceinfo_logo-trans_1200x1200px.png","contentUrl":"https:\/\/www.justiceinfo.net\/wp-content\/uploads\/justiceinfo_logo-trans_1200x1200px.png","width":1199,"height":1200,"caption":"Justice Info"},"image":{"@id":"https:\/\/www.justiceinfo.net\/fr#\/schema\/logo\/image\/"},"sameAs":["https:\/\/www.facebook.com\/JusticeInfo\/","https:\/\/x.com\/justiceinfonet","https:\/\/www.linkedin.com\/company\/justice-info","https:\/\/www.youtube.com\/channel\/UCyCEsARodyuWtkWyhn-e7pA"]},{"@type":"Person","name":"solivri","url":"\/fr\/?s=solivri"}]}},"_links":{"self":[{"href":"https:\/\/www.justiceinfo.net\/fr\/wp-json\/wp\/v2\/posts\/13421","targetHints":{"allow":["GET"]}}],"collection":[{"href":"https:\/\/www.justiceinfo.net\/fr\/wp-json\/wp\/v2\/posts"}],"about":[{"href":"https:\/\/www.justiceinfo.net\/fr\/wp-json\/wp\/v2\/types\/post"}],"author":[{"embeddable":true,"href":"https:\/\/www.justiceinfo.net\/fr\/wp-json\/wp\/v2\/users\/64"}],"replies":[{"embeddable":true,"href":"https:\/\/www.justiceinfo.net\/fr\/wp-json\/wp\/v2\/comments?post=13421"}],"version-history":[{"count":0,"href":"https:\/\/www.justiceinfo.net\/fr\/wp-json\/wp\/v2\/posts\/13421\/revisions"}],"wp:attachment":[{"href":"https:\/\/www.justiceinfo.net\/fr\/wp-json\/wp\/v2\/media?parent=13421"}],"wp:term":[{"taxonomy":"category","embeddable":true,"href":"https:\/\/www.justiceinfo.net\/fr\/wp-json\/wp\/v2\/categories?post=13421"},{"taxonomy":"post_tag","embeddable":true,"href":"https:\/\/www.justiceinfo.net\/fr\/wp-json\/wp\/v2\/tags?post=13421"},{"taxonomy":"ji_location","embeddable":true,"href":"https:\/\/www.justiceinfo.net\/fr\/wp-json\/wp\/v2\/ji_location?post=13421"}],"curies":[{"name":"wp","href":"https:\/\/api.w.org\/{rel}","templated":true}]}}