{"id":13440,"date":"2011-08-24T00:00:00","date_gmt":"2011-08-23T22:00:00","guid":{"rendered":"https:\/\/www.justiceinfo.net\/13440-240811-cpilubanga-requisitoire-et-plaidoiries-dans-le-premier-proces-de-la-cpi10254.html"},"modified":"2011-08-24T00:00:00","modified_gmt":"2011-08-23T22:00:00","slug":"240811-cpilubanga-requisitoire-et-plaidoiries-dans-le-premier-proces-de-la-cpi10254","status":"publish","type":"post","link":"https:\/\/www.justiceinfo.net\/fr\/13440-240811-cpilubanga-requisitoire-et-plaidoiries-dans-le-premier-proces-de-la-cpi10254.html","title":{"rendered":"24.08.11 - CPI\/LUBANGA - REQUISITOIRE ET PLAIDOIRIES DANS LE PREMIER PROCES DE LA CPI"},"content":{"rendered":"<p>\nLa Haye, 24 ao&ucirc;t 2011 (FH) - Le procureur, la d&eacute;fense et les victimes pr&eacute;senteront leurs conclusions finales jeudi et vendredi, dans le proc&egrave;s de Thomas Lubanga devant la Cour p&eacute;nale internationale (CPI).\n<\/p>\n<p><!--more--><\/p>\n<p >\nPr&eacute;sident de l'Union des patriotes congolais (UPC), Lubanga est poursuivi pour crimes de guerre pour avoir enr&ocirc;l&eacute; des enfants de moins de 15 ans dans ses troupes.\n<\/p>\n<p >\n<p >\nLe proc&egrave;s du chef de milice congolais est le premier a avoir &eacute;t&eacute; ouvert devant la CPI qui depuis sa mise en place en 2002 n'a encore rendu aucun jugement. Selon les pr&eacute;visions du Greffe, le verdict devrait tomber d'ici d&eacute;cembre, mais en cas de culpabilit&eacute;, la sentence ne sera rendue qu'en 2012, dans une d&eacute;cision s&eacute;par&eacute;e.\n<\/p>\n<p >\nUne affaire &agrave;&nbsp; rebondissements\n<\/p>\n<p >\nLe proc&egrave;s de Thomas Lubanga a connu de nombreux coups de th&eacute;&acirc;tre. En juin 2008 d'abord, la chambre, pr&eacute;sid&eacute;e par le juge britannique Adrian Fulford, avait ordonn&eacute; la lib&eacute;ration de l'accus&eacute;, suite au refus de coop&eacute;rer de la Mission des Nations unies au Congo (Monuc) et d'organisations non gouvernementales. La Monuc refusait de lever la confidentialit&eacute; sur 156 documents remis au procureur. Pour les juges, il &eacute;tait, d&egrave;s lors, &laquo; impossible de juger &raquo; sans pouvoir prendre connaissance de pi&egrave;ces &agrave; conviction susceptibles de peser &laquo; sur l'innocence ou la culpabilit&eacute; &raquo; de Thomas Lubanga. Il avait fallu l'intervention du chef des op&eacute;rations de maintien de la paix &agrave; New York pour faire c&eacute;der la Monuc.\n<\/p>\n<p >\n<p >\nSix mois plus tard, nouveau rebondissement. A l'ouverture du proc&egrave;s le 26 janvier 2009, le premier t&eacute;moin appel&eacute; par le procureur renon&ccedil;ait &agrave; d&eacute;poser, apr&egrave;s quelques minutes d'audition, par peur d'&ecirc;tre &agrave; son tour poursuivi. Par la suite, la majeure partie des d&eacute;positions des 36 t&eacute;moins du procureur et des 24 t&eacute;moins de la d&eacute;fense se sont d&eacute;roul&eacute;es &agrave; huis clos. Mais les m&eacute;moires d&eacute;pos&eacute;s par les parties offrent quelques &eacute;clairages sur les enjeux du proc&egrave;s.\n<\/p>\n<p >\nDeux points cl&eacute;s\n<\/p>\n<p >\nLa bataille qui oppose le procureur &agrave; Thomas Lubanga repose sur deux points cl&eacute;s : la nature du conflit en Ituri et la cr&eacute;dibilit&eacute; des t&eacute;moins de l'accusation.\n<\/p>\n<p >\n<p >\nLes Forces patriotiques pour la lib&eacute;ration du Congo (FPLC), branche arm&eacute;e de l'UPC, ont-elles particip&eacute; &agrave; un conflit interne ou international ? La r&eacute;ponse des juges pourrait avoir impact majeur sur l'affaire. En effet, en cas de conflit international, l'interdiction d'enr&ocirc;ler des enfants de moins de 15 ans ne vise que les arm&eacute;ee nationales. Or, Thomas Lubanga dirigeait pour sa part un &quot;groupe arm&eacute;&quot;. En revanche, en cas de conflit interne, l'interdiction d'enroler des enfants de moins de 15 ans s'adresse aussi aux &quot;groupes arm&eacute;s&quot;.\n<\/p>\n<p >\n<p >\nHandicap majeur pour le procureur, la chambre pr&eacute;liminaire avait estim&eacute; que le conflit en Ituri &eacute;tait international. Mais dans son m&eacute;moire, sign&eacute; de Luis Moreno Ocampo, l'accusation avance qu'il s'agit d'un conflit interne, opposant notamment les Hema, une ethnie dont fait partie l'accus&eacute;, aux Lendu. Selon le procureur, les affrontements entre milices n'opposaient pas des arm&eacute;es nationales, m&ecirc;me si ces milices &eacute;taient soutenues par des Etats - le Rwanda, l'Ouganda et la R&eacute;publique d&eacute;mocratique du Congo.\n<\/p>\n<p >\n<p >\nSecond point d'achoppement : La cr&eacute;dibilit&eacute; des t&eacute;moins pr&eacute;sent&eacute;s par le procureur. Au cours du proc&egrave;s, la d&eacute;fense a consacr&eacute; l'essentiel de sa d&eacute;monstration &agrave; prouver l'existence &laquo; d'une vaste op&eacute;ration mensong&egrave;re destin&eacute;e &agrave; tromper la cour &raquo;.\n<\/p>\n<p >\nFaux t&eacute;moignages et collusion\n<\/p>\n<p >\nEn juillet 2010, les juges ordonnaient ainsi une nouvelle mise en libert&eacute; de l'accus&eacute;, suite au refus du procureur d'appliquer leurs ordonnances et de transmettre &agrave; la d&eacute;fense des &eacute;l&eacute;ments concernant des interm&eacute;diaires, des Congolais charg&eacute;s d'&eacute;pauler les enqu&ecirc;teurs sur le terrain, en Ituri.\n<\/p>\n<p >\n<p >\nLa chambre d'appel avait jug&eacute; la sanction trop s&eacute;v&egrave;re et le proc&egrave;s avait pu se poursuivre avec l'audition de dix-neuf t&eacute;moins, dont certains ont expliqu&eacute; comment ils avaient &eacute;t&eacute; invit&eacute;s &agrave; produire de faux t&eacute;moignages. La d&eacute;fense avait aussi d&eacute;nonc&eacute; les collusions entre certains de ces interm&eacute;diaires et les autorit&eacute;s congolaises, ou encore avec &laquo; des organisations impliqu&eacute;es dans la repr&eacute;sentation des victimes devant la Cour &raquo;. Certaines &laquo; victimes &raquo; participant au proc&egrave;s en tant que &laquo; parties civiles &raquo; auraient aussi fait de fausses d&eacute;clarations &agrave; la chambre.\n<\/p>\n<p >\n<p >\n&laquo; Une proportion consid&eacute;rable des t&eacute;moins de l'accusation ont fourni de faux t&eacute;moignages &agrave; l'instigation d'agents du Bureau du procureur &raquo;, &eacute;crivent ma&icirc;tres Catherine Mabille et Jean-Marie Biju-Duval dans leur m&eacute;moire. Ils estiment que d&egrave;s lors, toute la preuve du procureur est d&eacute;cr&eacute;dibilis&eacute;e, et rend &laquo; impossible toute condamnation au-del&agrave; de tout doute raisonnable &raquo;.\n<\/p>\n<p >\n<p >\nEn janvier 2011, les juges avaient refus&eacute; de suspendre le proc&egrave;s, mais proposaient de se prononcer plus tard sur ce point. Ils avaient cependant invit&eacute; le procureur &agrave; retirer certains t&eacute;moignages douteux de ses conclusions finales.\n<\/p>\n<p >\nSelon ses avocats, Lubanga n'avait que des pouvoirs limit&eacute;s\n<\/p>\n<p >\nAu cours du proc&egrave;s, le procureur a tent&eacute; de d&eacute;montrer que Thomas Lubanga &eacute;tait le co-auteur d'un plan, destin&eacute; &agrave; &laquo; prendre la gouvernance de l'Ituri en recrutant de jeunes personnes. Ce plan avait &eacute;t&eacute; mis en oeuvre par l'Etat-major des Forces patriotiques de lib&eacute;ration du Congo (FPLC), la branche arm&eacute;e de l'UPC, &laquo; en menant des campagnes de recrutement cibl&eacute; dans les &eacute;coles, les rues, et gr&acirc;ce &agrave; des campagnes coercitives dans les villages &raquo; La d&eacute;fense estime, de son cot&eacute;, que Thomas Lubanga n'avait qu'un pouvoir limit&eacute; sur les FPLC. Elle a aussi pr&eacute;sent&eacute; plusieurs documents sur les efforts de d&eacute;mobilisation des jeunes recrues engag&eacute;es dans les troupes de l'UPC. Mais pour le procureur, ces documents &eacute;taient un leurre, destin&eacute; &agrave; tromper les ONG et la communaut&eacute; internationale.&nbsp; &nbsp;\n<\/p>\n<p >\n<p >\nA ce jour, 123 victimes participent au proc&egrave;s intent&eacute; contre l'ex chef de milice congolais. Si Thomas Lubanga devait &ecirc;tre reconnu coupable, un proc&egrave;s en r&eacute;paration pourrait alors s'ouvrir.\n<\/p>\n<p >\n<p >\nL'accus&eacute; est d&eacute;tenu depuis plus de cinq ans &agrave; la prison de Scheveningen. Il avait &eacute;t&eacute; livr&eacute; &agrave; la Cour le 17 mars 2006, apr&egrave;s avoir &eacute;t&eacute; incarc&eacute;r&eacute; un an &agrave; Kinshasa.&nbsp; &nbsp;\n<\/p>\n<p >\n<p >\nSM\/GF\n<\/p>\n<p>\n&copy; Agence Hirondelle<\/p>\n","protected":false},"excerpt":{"rendered":"<p>La Haye, 24 ao&ucirc;t 2011 (FH) - Le procureur, la d&eacute;fense et les victimes pr&eacute;senteront leurs conclusions finales jeudi et vendredi, dans le proc&egrave;s de Thomas Lubanga devant la Cour p&eacute;nale internationale (CPI).<\/p>\n","protected":false},"author":64,"featured_media":0,"comment_status":"open","ping_status":"closed","sticky":false,"template":"","format":"standard","meta":{"_acf_changed":false,"footnotes":""},"categories":[554],"tags":[],"ji_location":[],"class_list":["post-13440","post","type-post","status-publish","format-standard","hentry","category-hirondellenews"],"acf":[],"yoast_head":"<!-- This site is optimized with the Yoast SEO Premium plugin v25.3.1 (Yoast SEO v25.3.1) - https:\/\/yoast.com\/wordpress\/plugins\/seo\/ -->\n<title>24.08.11 - CPI\/LUBANGA - REQUISITOIRE ET PLAIDOIRIES DANS LE PREMIER PROCES DE LA CPI - JusticeInfo.net<\/title>\n<meta name=\"robots\" content=\"index, follow, max-snippet:-1, max-image-preview:large, max-video-preview:-1\" \/>\n<link rel=\"canonical\" href=\"https:\/\/www.justiceinfo.net\/fr\/13440-240811-cpilubanga-requisitoire-et-plaidoiries-dans-le-premier-proces-de-la-cpi10254.html\" \/>\n<meta property=\"og:locale\" content=\"fr_FR\" \/>\n<meta property=\"og:type\" content=\"article\" \/>\n<meta property=\"og:title\" content=\"24.08.11 - CPI\/LUBANGA - REQUISITOIRE ET PLAIDOIRIES DANS LE PREMIER PROCES DE LA CPI\" \/>\n<meta property=\"og:description\" content=\"La Haye, 24 ao&ucirc;t 2011 (FH) - Le procureur, la d&eacute;fense et les victimes pr&eacute;senteront leurs conclusions finales jeudi et vendredi, dans le proc&egrave;s de Thomas Lubanga devant la Cour p&eacute;nale internationale (CPI).\" \/>\n<meta property=\"og:url\" content=\"https:\/\/www.justiceinfo.net\/fr\/13440-240811-cpilubanga-requisitoire-et-plaidoiries-dans-le-premier-proces-de-la-cpi10254.html\" \/>\n<meta property=\"og:site_name\" content=\"JusticeInfo.net\" \/>\n<meta property=\"article:publisher\" content=\"https:\/\/www.facebook.com\/JusticeInfo\/\" \/>\n<meta property=\"article:published_time\" content=\"2011-08-23T22:00:00+00:00\" \/>\n<meta property=\"og:image\" content=\"https:\/\/www.justiceinfo.net\/wp-content\/uploads\/JusticeInfoNet_logo_1200x630px.jpg\" \/>\n\t<meta property=\"og:image:width\" content=\"1200\" \/>\n\t<meta property=\"og:image:height\" content=\"630\" \/>\n\t<meta property=\"og:image:type\" content=\"image\/jpeg\" \/>\n<meta name=\"author\" content=\"solivri\" \/>\n<meta name=\"twitter:card\" content=\"summary_large_image\" \/>\n<meta name=\"twitter:creator\" content=\"@justiceinfonet\" \/>\n<meta name=\"twitter:site\" content=\"@justiceinfonet\" \/>\n<meta name=\"twitter:label1\" content=\"\u00c9crit par\" \/>\n\t<meta name=\"twitter:data1\" content=\"solivri\" \/>\n\t<meta name=\"twitter:label2\" content=\"Dur\u00e9e de lecture estim\u00e9e\" \/>\n\t<meta name=\"twitter:data2\" content=\"6 minutes\" \/>\n<script type=\"application\/ld+json\" class=\"yoast-schema-graph\">{\"@context\":\"https:\/\/schema.org\",\"@graph\":[{\"@type\":\"NewsArticle\",\"@id\":\"https:\/\/www.justiceinfo.net\/fr\/13440-240811-cpilubanga-requisitoire-et-plaidoiries-dans-le-premier-proces-de-la-cpi10254.html#article\",\"isPartOf\":{\"@id\":\"https:\/\/www.justiceinfo.net\/fr\/13440-240811-cpilubanga-requisitoire-et-plaidoiries-dans-le-premier-proces-de-la-cpi10254.html\"},\"author\":{\"name\":\"solivri\",\"@id\":\"https:\/\/www.justiceinfo.net\/fr#\/schema\/person\/6e53cba1629e2e66f3fc1821d3091865\"},\"headline\":\"24.08.11 - CPI\/LUBANGA - REQUISITOIRE ET PLAIDOIRIES DANS LE PREMIER PROCES DE LA CPI\",\"datePublished\":\"2011-08-23T22:00:00+00:00\",\"mainEntityOfPage\":{\"@id\":\"https:\/\/www.justiceinfo.net\/fr\/13440-240811-cpilubanga-requisitoire-et-plaidoiries-dans-le-premier-proces-de-la-cpi10254.html\"},\"wordCount\":1309,\"commentCount\":0,\"publisher\":{\"@id\":\"https:\/\/www.justiceinfo.net\/fr#organization\"},\"articleSection\":[\"Hirondelle News\"],\"inLanguage\":\"fr-FR\",\"potentialAction\":[{\"@type\":\"CommentAction\",\"name\":\"Comment\",\"target\":[\"https:\/\/www.justiceinfo.net\/fr\/13440-240811-cpilubanga-requisitoire-et-plaidoiries-dans-le-premier-proces-de-la-cpi10254.html#respond\"]}]},{\"@type\":\"WebPage\",\"@id\":\"https:\/\/www.justiceinfo.net\/fr\/13440-240811-cpilubanga-requisitoire-et-plaidoiries-dans-le-premier-proces-de-la-cpi10254.html\",\"url\":\"https:\/\/www.justiceinfo.net\/fr\/13440-240811-cpilubanga-requisitoire-et-plaidoiries-dans-le-premier-proces-de-la-cpi10254.html\",\"name\":\"24.08.11 - CPI\/LUBANGA - REQUISITOIRE ET PLAIDOIRIES DANS LE PREMIER PROCES DE LA CPI - JusticeInfo.net\",\"isPartOf\":{\"@id\":\"https:\/\/www.justiceinfo.net\/fr#website\"},\"datePublished\":\"2011-08-23T22:00:00+00:00\",\"breadcrumb\":{\"@id\":\"https:\/\/www.justiceinfo.net\/fr\/13440-240811-cpilubanga-requisitoire-et-plaidoiries-dans-le-premier-proces-de-la-cpi10254.html#breadcrumb\"},\"inLanguage\":\"fr-FR\",\"potentialAction\":[{\"@type\":\"ReadAction\",\"target\":[\"https:\/\/www.justiceinfo.net\/fr\/13440-240811-cpilubanga-requisitoire-et-plaidoiries-dans-le-premier-proces-de-la-cpi10254.html\"]}]},{\"@type\":\"BreadcrumbList\",\"@id\":\"https:\/\/www.justiceinfo.net\/fr\/13440-240811-cpilubanga-requisitoire-et-plaidoiries-dans-le-premier-proces-de-la-cpi10254.html#breadcrumb\",\"itemListElement\":[{\"@type\":\"ListItem\",\"position\":1,\"name\":\"Home\",\"item\":\"https:\/\/www.justiceinfo.net\/fr\"},{\"@type\":\"ListItem\",\"position\":2,\"name\":\"24.08.11 - CPI\/LUBANGA - REQUISITOIRE ET PLAIDOIRIES DANS LE PREMIER PROCES DE LA CPI\"}]},{\"@type\":\"WebSite\",\"@id\":\"https:\/\/www.justiceinfo.net\/fr#website\",\"url\":\"https:\/\/www.justiceinfo.net\/fr\",\"name\":\"JusticeInfo.net\",\"description\":\"La justice doit \u00eatre vue pour \u00eatre rendue\",\"publisher\":{\"@id\":\"https:\/\/www.justiceinfo.net\/fr#organization\"},\"potentialAction\":[{\"@type\":\"SearchAction\",\"target\":{\"@type\":\"EntryPoint\",\"urlTemplate\":\"https:\/\/www.justiceinfo.net\/fr?s={search_term_string}\"},\"query-input\":{\"@type\":\"PropertyValueSpecification\",\"valueRequired\":true,\"valueName\":\"search_term_string\"}}],\"inLanguage\":\"fr-FR\"},{\"@type\":\"Organization\",\"@id\":\"https:\/\/www.justiceinfo.net\/fr#organization\",\"name\":\"Justice Info\",\"url\":\"https:\/\/www.justiceinfo.net\/fr\",\"logo\":{\"@type\":\"ImageObject\",\"inLanguage\":\"fr-FR\",\"@id\":\"https:\/\/www.justiceinfo.net\/fr#\/schema\/logo\/image\/\",\"url\":\"https:\/\/www.justiceinfo.net\/wp-content\/uploads\/justiceinfo_logo-trans_1200x1200px.png\",\"contentUrl\":\"https:\/\/www.justiceinfo.net\/wp-content\/uploads\/justiceinfo_logo-trans_1200x1200px.png\",\"width\":1199,\"height\":1200,\"caption\":\"Justice Info\"},\"image\":{\"@id\":\"https:\/\/www.justiceinfo.net\/fr#\/schema\/logo\/image\/\"},\"sameAs\":[\"https:\/\/www.facebook.com\/JusticeInfo\/\",\"https:\/\/x.com\/justiceinfonet\",\"https:\/\/www.linkedin.com\/company\/justice-info\",\"https:\/\/www.youtube.com\/channel\/UCyCEsARodyuWtkWyhn-e7pA\"]},{\"@type\":\"Person\",\"name\":\"solivri\",\"url\":\"\/fr\/?s=solivri\"}]}<\/script>\n<!-- \/ Yoast SEO Premium plugin. -->","yoast_head_json":{"title":"24.08.11 - CPI\/LUBANGA - REQUISITOIRE ET PLAIDOIRIES DANS LE PREMIER PROCES DE LA CPI - JusticeInfo.net","robots":{"index":"index","follow":"follow","max-snippet":"max-snippet:-1","max-image-preview":"max-image-preview:large","max-video-preview":"max-video-preview:-1"},"canonical":"https:\/\/www.justiceinfo.net\/fr\/13440-240811-cpilubanga-requisitoire-et-plaidoiries-dans-le-premier-proces-de-la-cpi10254.html","og_locale":"fr_FR","og_type":"article","og_title":"24.08.11 - CPI\/LUBANGA - REQUISITOIRE ET PLAIDOIRIES DANS LE PREMIER PROCES DE LA CPI","og_description":"La Haye, 24 ao&ucirc;t 2011 (FH) - Le procureur, la d&eacute;fense et les victimes pr&eacute;senteront leurs conclusions finales jeudi et vendredi, dans le proc&egrave;s de Thomas Lubanga devant la Cour p&eacute;nale internationale (CPI).","og_url":"https:\/\/www.justiceinfo.net\/fr\/13440-240811-cpilubanga-requisitoire-et-plaidoiries-dans-le-premier-proces-de-la-cpi10254.html","og_site_name":"JusticeInfo.net","article_publisher":"https:\/\/www.facebook.com\/JusticeInfo\/","article_published_time":"2011-08-23T22:00:00+00:00","og_image":[{"width":1200,"height":630,"url":"https:\/\/www.justiceinfo.net\/wp-content\/uploads\/JusticeInfoNet_logo_1200x630px.jpg","type":"image\/jpeg"}],"author":"solivri","twitter_card":"summary_large_image","twitter_creator":"@justiceinfonet","twitter_site":"@justiceinfonet","twitter_misc":{"\u00c9crit par":"solivri","Dur\u00e9e de lecture estim\u00e9e":"6 minutes"},"schema":{"@context":"https:\/\/schema.org","@graph":[{"@type":"NewsArticle","@id":"https:\/\/www.justiceinfo.net\/fr\/13440-240811-cpilubanga-requisitoire-et-plaidoiries-dans-le-premier-proces-de-la-cpi10254.html#article","isPartOf":{"@id":"https:\/\/www.justiceinfo.net\/fr\/13440-240811-cpilubanga-requisitoire-et-plaidoiries-dans-le-premier-proces-de-la-cpi10254.html"},"author":{"name":"solivri","@id":"https:\/\/www.justiceinfo.net\/fr#\/schema\/person\/6e53cba1629e2e66f3fc1821d3091865"},"headline":"24.08.11 - CPI\/LUBANGA - REQUISITOIRE ET PLAIDOIRIES DANS LE PREMIER PROCES DE LA CPI","datePublished":"2011-08-23T22:00:00+00:00","mainEntityOfPage":{"@id":"https:\/\/www.justiceinfo.net\/fr\/13440-240811-cpilubanga-requisitoire-et-plaidoiries-dans-le-premier-proces-de-la-cpi10254.html"},"wordCount":1309,"commentCount":0,"publisher":{"@id":"https:\/\/www.justiceinfo.net\/fr#organization"},"articleSection":["Hirondelle News"],"inLanguage":"fr-FR","potentialAction":[{"@type":"CommentAction","name":"Comment","target":["https:\/\/www.justiceinfo.net\/fr\/13440-240811-cpilubanga-requisitoire-et-plaidoiries-dans-le-premier-proces-de-la-cpi10254.html#respond"]}]},{"@type":"WebPage","@id":"https:\/\/www.justiceinfo.net\/fr\/13440-240811-cpilubanga-requisitoire-et-plaidoiries-dans-le-premier-proces-de-la-cpi10254.html","url":"https:\/\/www.justiceinfo.net\/fr\/13440-240811-cpilubanga-requisitoire-et-plaidoiries-dans-le-premier-proces-de-la-cpi10254.html","name":"24.08.11 - CPI\/LUBANGA - REQUISITOIRE ET PLAIDOIRIES DANS LE PREMIER PROCES DE LA CPI - JusticeInfo.net","isPartOf":{"@id":"https:\/\/www.justiceinfo.net\/fr#website"},"datePublished":"2011-08-23T22:00:00+00:00","breadcrumb":{"@id":"https:\/\/www.justiceinfo.net\/fr\/13440-240811-cpilubanga-requisitoire-et-plaidoiries-dans-le-premier-proces-de-la-cpi10254.html#breadcrumb"},"inLanguage":"fr-FR","potentialAction":[{"@type":"ReadAction","target":["https:\/\/www.justiceinfo.net\/fr\/13440-240811-cpilubanga-requisitoire-et-plaidoiries-dans-le-premier-proces-de-la-cpi10254.html"]}]},{"@type":"BreadcrumbList","@id":"https:\/\/www.justiceinfo.net\/fr\/13440-240811-cpilubanga-requisitoire-et-plaidoiries-dans-le-premier-proces-de-la-cpi10254.html#breadcrumb","itemListElement":[{"@type":"ListItem","position":1,"name":"Home","item":"https:\/\/www.justiceinfo.net\/fr"},{"@type":"ListItem","position":2,"name":"24.08.11 - CPI\/LUBANGA - REQUISITOIRE ET PLAIDOIRIES DANS LE PREMIER PROCES DE LA CPI"}]},{"@type":"WebSite","@id":"https:\/\/www.justiceinfo.net\/fr#website","url":"https:\/\/www.justiceinfo.net\/fr","name":"JusticeInfo.net","description":"La justice doit \u00eatre vue pour \u00eatre rendue","publisher":{"@id":"https:\/\/www.justiceinfo.net\/fr#organization"},"potentialAction":[{"@type":"SearchAction","target":{"@type":"EntryPoint","urlTemplate":"https:\/\/www.justiceinfo.net\/fr?s={search_term_string}"},"query-input":{"@type":"PropertyValueSpecification","valueRequired":true,"valueName":"search_term_string"}}],"inLanguage":"fr-FR"},{"@type":"Organization","@id":"https:\/\/www.justiceinfo.net\/fr#organization","name":"Justice Info","url":"https:\/\/www.justiceinfo.net\/fr","logo":{"@type":"ImageObject","inLanguage":"fr-FR","@id":"https:\/\/www.justiceinfo.net\/fr#\/schema\/logo\/image\/","url":"https:\/\/www.justiceinfo.net\/wp-content\/uploads\/justiceinfo_logo-trans_1200x1200px.png","contentUrl":"https:\/\/www.justiceinfo.net\/wp-content\/uploads\/justiceinfo_logo-trans_1200x1200px.png","width":1199,"height":1200,"caption":"Justice Info"},"image":{"@id":"https:\/\/www.justiceinfo.net\/fr#\/schema\/logo\/image\/"},"sameAs":["https:\/\/www.facebook.com\/JusticeInfo\/","https:\/\/x.com\/justiceinfonet","https:\/\/www.linkedin.com\/company\/justice-info","https:\/\/www.youtube.com\/channel\/UCyCEsARodyuWtkWyhn-e7pA"]},{"@type":"Person","name":"solivri","url":"\/fr\/?s=solivri"}]}},"_links":{"self":[{"href":"https:\/\/www.justiceinfo.net\/fr\/wp-json\/wp\/v2\/posts\/13440","targetHints":{"allow":["GET"]}}],"collection":[{"href":"https:\/\/www.justiceinfo.net\/fr\/wp-json\/wp\/v2\/posts"}],"about":[{"href":"https:\/\/www.justiceinfo.net\/fr\/wp-json\/wp\/v2\/types\/post"}],"author":[{"embeddable":true,"href":"https:\/\/www.justiceinfo.net\/fr\/wp-json\/wp\/v2\/users\/64"}],"replies":[{"embeddable":true,"href":"https:\/\/www.justiceinfo.net\/fr\/wp-json\/wp\/v2\/comments?post=13440"}],"version-history":[{"count":0,"href":"https:\/\/www.justiceinfo.net\/fr\/wp-json\/wp\/v2\/posts\/13440\/revisions"}],"wp:attachment":[{"href":"https:\/\/www.justiceinfo.net\/fr\/wp-json\/wp\/v2\/media?parent=13440"}],"wp:term":[{"taxonomy":"category","embeddable":true,"href":"https:\/\/www.justiceinfo.net\/fr\/wp-json\/wp\/v2\/categories?post=13440"},{"taxonomy":"post_tag","embeddable":true,"href":"https:\/\/www.justiceinfo.net\/fr\/wp-json\/wp\/v2\/tags?post=13440"},{"taxonomy":"ji_location","embeddable":true,"href":"https:\/\/www.justiceinfo.net\/fr\/wp-json\/wp\/v2\/ji_location?post=13440"}],"curies":[{"name":"wp","href":"https:\/\/api.w.org\/{rel}","templated":true}]}}