{"id":13446,"date":"2011-08-25T00:00:00","date_gmt":"2011-08-24T22:00:00","guid":{"rendered":"https:\/\/www.justiceinfo.net\/13446-250811-cpilubanga-selon-laccusation-thomas-lubanga-a-enrole-des-enfants-pour-tuer10260.html"},"modified":"2011-08-25T00:00:00","modified_gmt":"2011-08-24T22:00:00","slug":"250811-cpilubanga-selon-laccusation-thomas-lubanga-a-enrole-des-enfants-pour-tuer10260","status":"publish","type":"post","link":"https:\/\/www.justiceinfo.net\/fr\/13446-250811-cpilubanga-selon-laccusation-thomas-lubanga-a-enrole-des-enfants-pour-tuer10260.html","title":{"rendered":"25.08.11 - CPI\/LUBANGA - SELON L'ACCUSATION, THOMAS LUBANGA A ENROLE DES ENFANTS POUR TUER"},"content":{"rendered":"<p>\nLa Haye, 25 ao&ucirc;t 2011 (FH) - Le procureur a prononc&eacute; son r&eacute;quisitoire, jeudi 24 ao&ucirc;t, contre Thomas Lubanga. Le pr&eacute;sident de l'Union des patriotes congolais (UPC) r&eacute;pond de crimes de guerre, pour avoir enr&ocirc;l&eacute; des enfants de moins de 15 ans dans sa milice.\n<\/p>\n<p><!--more--><\/p>\n<p >\nC'est la procureure adjointe, Fatou Bensouda, qui ouvre le bal des d&eacute;clarations de l'accusation. Elle affirme que l'accus&eacute; a &laquo; syst&eacute;matiquement recrut&eacute; des enfants de moins de 15 ans dans son mouvement politique et militaire et les a utilis&eacute; dans les hostilit&eacute;s &raquo;\n<\/p>\n<p >\nEn 2002 et 2003, l'ituri, riche r&eacute;gion mini&egrave;re de l'est de la R&eacute;publique d&eacute;mocratique du Congo (RDC) &eacute;tait en proie &agrave; une guerre fratricide, dans laquelle s'affrontaient, par milices interpos&eacute;es, le Rwanda, l'Ouganda et la RDC.\n<\/p>\n<p >\nEvoquant les enfants soldats, la magistrate gambienne rappelle qu'ils &laquo; ont &eacute;t&eacute; utilis&eacute;s pour se battre dans les conflits, pour violer, pour tuer &raquo;. Des crimes qui, selon l'accusation, ont &eacute;t&eacute; possibles gr&acirc;ce &agrave; &laquo; la planification et l'organisation &raquo; de l'accus&eacute;. Dans le box, v&ecirc;tu d'un &eacute;l&eacute;gant costume bleu marine, d'une cravate jaune et d'une pochette assortie, M. Lubanga montre un visage impassible, comme il l'avait fait au cours du proc&egrave;s. Devant lui, ses avocats compilent des notes.\n<\/p>\n<p >\nLa procureure rappelle que neuf enfants soldats ont d&eacute;pos&eacute; dans le proc&egrave;s. Cela &laquo; a cr&eacute;&eacute; beaucoup de probl&egrave;mes pour eux. Ils ont &eacute;t&eacute; expos&eacute;s &agrave; des risques de vengeance. Tous ont quitt&eacute; la r&eacute;gion &raquo;, selon le programme de relocalisation mis en place par la Cour, cens&eacute; les prot&eacute;ger, &laquo; ils ont perdu le lien avec leur communaut&eacute;, leurs amis, leurs familles &raquo;.\n<\/p>\n<p >\nPour l'accusation, &laquo; une preuve r&eacute;sume toute la cause contre Lubanga &raquo;. Une vid&eacute;o, qui d&eacute;file sur les &eacute;crans, plac&eacute;s devant les juges en robes bleues roi. Film&eacute;e dans le camp d'entra&icirc;nement de Rwampara, la vid&eacute;o montre le passage en revue de troupes par l'accus&eacute;. &laquo; C'est la confession publique et volontaire &raquo; de l'accus&eacute; lance la procureure. &laquo; Regardez la taille de ces recrues... Regardez ces visages... &raquo; demande-t-elle aux juges. &laquo; Pensez-vous qu'ils ont plus de 15 ans ? &raquo;.\n<\/p>\n<p >\nElle ajoute &laquo; ce proc&egrave;s a donn&eacute; une voix aux enfants que monsieur Lubanga a enr&ocirc;l&eacute; alors qu'ils se rendaient &agrave; l'&eacute;cole, aux enfants auxquels Monsieur Thomas Lubanga a appris &agrave; tuer, aux filles que Thomas Lubanga a offert &agrave; ses commandants. &raquo; Th&eacute;&acirc;trale, la procureure adjointe affirme que &laquo; ce sont ces enfants que le monde a d&eacute;cid&eacute; de prot&eacute;ger &raquo;.\n<\/p>\n<p >\nDans la galerie du public, l'actrice am&eacute;ricaine Angelina Jolie est venue, une nouvelle fois, soutenir le procureur, comme elle l'avait fait au cours du proc&egrave;s. Juste avant l'audience, la repr&eacute;sentante du Secr&eacute;taire g&eacute;n&eacute;ral des Nations unies pour les enfants et les conflits arm&eacute;s, Radhika Coomaraswamy, a donn&eacute; une conf&eacute;rence de presse. Venue t&eacute;moigner, au cours du proc&egrave;s, &agrave; la demande du procureur, la fonctionnaire sri-lankaise s'est donc faite le propre porte-parole de sa d&eacute;position devant les juges.\n<\/p>\n<p >\nL'audience se poursuivra vendredi 25 ao&ucirc;t, avec la plaidoirie de la d&eacute;fense et les arguments des avocats des victimes. Cent-vingt-trois d'entres elles sont repr&eacute;sent&eacute;es dans le proc&egrave;s.\n<\/p>\n<p >\nThomas Lubanga est d&eacute;tenu &agrave; la prison de Scheveningen, aux Pays-Bas, depuis le 17 mars 2006. Son proc&egrave;s est le premier entendu devant la Cour p&eacute;nale internationale.\n<\/p>\n<p >\nSM\/GF\n<\/p>\n<p>\n&copy; Agence Hirondelle<\/p>\n","protected":false},"excerpt":{"rendered":"<p>La Haye, 25 ao&ucirc;t 2011 (FH) - Le procureur a prononc&eacute; son r&eacute;quisitoire, jeudi 24 ao&ucirc;t, contre Thomas Lubanga. Le pr&eacute;sident de l'Union des patriotes congolais (UPC) r&eacute;pond de crimes de guerre, pour avoir enr&ocirc;l&eacute; des enfants de moins de 15 ans dans sa milice.<\/p>\n","protected":false},"author":64,"featured_media":0,"comment_status":"open","ping_status":"closed","sticky":false,"template":"","format":"standard","meta":{"_acf_changed":false,"footnotes":""},"categories":[554],"tags":[],"ji_location":[],"class_list":["post-13446","post","type-post","status-publish","format-standard","hentry","category-hirondellenews"],"acf":[],"yoast_head":"<!-- This site is optimized with the Yoast SEO Premium plugin v25.3.1 (Yoast SEO v25.3.1) - https:\/\/yoast.com\/wordpress\/plugins\/seo\/ -->\n<title>25.08.11 - CPI\/LUBANGA - SELON L&#039;ACCUSATION, THOMAS LUBANGA A ENROLE DES ENFANTS POUR TUER - JusticeInfo.net<\/title>\n<meta name=\"robots\" content=\"index, follow, max-snippet:-1, max-image-preview:large, max-video-preview:-1\" \/>\n<link rel=\"canonical\" href=\"https:\/\/www.justiceinfo.net\/fr\/13446-250811-cpilubanga-selon-laccusation-thomas-lubanga-a-enrole-des-enfants-pour-tuer10260.html\" \/>\n<meta property=\"og:locale\" content=\"fr_FR\" \/>\n<meta property=\"og:type\" content=\"article\" \/>\n<meta property=\"og:title\" content=\"25.08.11 - CPI\/LUBANGA - SELON L&#039;ACCUSATION, THOMAS LUBANGA A ENROLE DES ENFANTS POUR TUER\" \/>\n<meta property=\"og:description\" content=\"La Haye, 25 ao&ucirc;t 2011 (FH) - Le procureur a prononc&eacute; son r&eacute;quisitoire, jeudi 24 ao&ucirc;t, contre Thomas Lubanga. Le pr&eacute;sident de l&#039;Union des patriotes congolais (UPC) r&eacute;pond de crimes de guerre, pour avoir enr&ocirc;l&eacute; des enfants de moins de 15 ans dans sa milice.\" \/>\n<meta property=\"og:url\" content=\"https:\/\/www.justiceinfo.net\/fr\/13446-250811-cpilubanga-selon-laccusation-thomas-lubanga-a-enrole-des-enfants-pour-tuer10260.html\" \/>\n<meta property=\"og:site_name\" content=\"JusticeInfo.net\" \/>\n<meta property=\"article:publisher\" content=\"https:\/\/www.facebook.com\/JusticeInfo\/\" \/>\n<meta property=\"article:published_time\" content=\"2011-08-24T22:00:00+00:00\" \/>\n<meta property=\"og:image\" content=\"https:\/\/www.justiceinfo.net\/wp-content\/uploads\/JusticeInfoNet_logo_1200x630px.jpg\" \/>\n\t<meta property=\"og:image:width\" content=\"1200\" \/>\n\t<meta property=\"og:image:height\" content=\"630\" \/>\n\t<meta property=\"og:image:type\" content=\"image\/jpeg\" \/>\n<meta name=\"author\" content=\"solivri\" \/>\n<meta name=\"twitter:card\" content=\"summary_large_image\" \/>\n<meta name=\"twitter:creator\" content=\"@justiceinfonet\" \/>\n<meta name=\"twitter:site\" content=\"@justiceinfonet\" \/>\n<meta name=\"twitter:label1\" content=\"\u00c9crit par\" \/>\n\t<meta name=\"twitter:data1\" content=\"solivri\" \/>\n\t<meta name=\"twitter:label2\" content=\"Dur\u00e9e de lecture estim\u00e9e\" \/>\n\t<meta name=\"twitter:data2\" content=\"3 minutes\" \/>\n<script type=\"application\/ld+json\" class=\"yoast-schema-graph\">{\"@context\":\"https:\/\/schema.org\",\"@graph\":[{\"@type\":\"NewsArticle\",\"@id\":\"https:\/\/www.justiceinfo.net\/fr\/13446-250811-cpilubanga-selon-laccusation-thomas-lubanga-a-enrole-des-enfants-pour-tuer10260.html#article\",\"isPartOf\":{\"@id\":\"https:\/\/www.justiceinfo.net\/fr\/13446-250811-cpilubanga-selon-laccusation-thomas-lubanga-a-enrole-des-enfants-pour-tuer10260.html\"},\"author\":{\"name\":\"solivri\",\"@id\":\"https:\/\/www.justiceinfo.net\/fr#\/schema\/person\/6e53cba1629e2e66f3fc1821d3091865\"},\"headline\":\"25.08.11 - CPI\/LUBANGA - SELON L'ACCUSATION, THOMAS LUBANGA A ENROLE DES ENFANTS POUR TUER\",\"datePublished\":\"2011-08-24T22:00:00+00:00\",\"mainEntityOfPage\":{\"@id\":\"https:\/\/www.justiceinfo.net\/fr\/13446-250811-cpilubanga-selon-laccusation-thomas-lubanga-a-enrole-des-enfants-pour-tuer10260.html\"},\"wordCount\":721,\"commentCount\":0,\"publisher\":{\"@id\":\"https:\/\/www.justiceinfo.net\/fr#organization\"},\"articleSection\":[\"Hirondelle News\"],\"inLanguage\":\"fr-FR\",\"potentialAction\":[{\"@type\":\"CommentAction\",\"name\":\"Comment\",\"target\":[\"https:\/\/www.justiceinfo.net\/fr\/13446-250811-cpilubanga-selon-laccusation-thomas-lubanga-a-enrole-des-enfants-pour-tuer10260.html#respond\"]}]},{\"@type\":\"WebPage\",\"@id\":\"https:\/\/www.justiceinfo.net\/fr\/13446-250811-cpilubanga-selon-laccusation-thomas-lubanga-a-enrole-des-enfants-pour-tuer10260.html\",\"url\":\"https:\/\/www.justiceinfo.net\/fr\/13446-250811-cpilubanga-selon-laccusation-thomas-lubanga-a-enrole-des-enfants-pour-tuer10260.html\",\"name\":\"25.08.11 - CPI\/LUBANGA - SELON L'ACCUSATION, THOMAS LUBANGA A ENROLE DES ENFANTS POUR TUER - JusticeInfo.net\",\"isPartOf\":{\"@id\":\"https:\/\/www.justiceinfo.net\/fr#website\"},\"datePublished\":\"2011-08-24T22:00:00+00:00\",\"breadcrumb\":{\"@id\":\"https:\/\/www.justiceinfo.net\/fr\/13446-250811-cpilubanga-selon-laccusation-thomas-lubanga-a-enrole-des-enfants-pour-tuer10260.html#breadcrumb\"},\"inLanguage\":\"fr-FR\",\"potentialAction\":[{\"@type\":\"ReadAction\",\"target\":[\"https:\/\/www.justiceinfo.net\/fr\/13446-250811-cpilubanga-selon-laccusation-thomas-lubanga-a-enrole-des-enfants-pour-tuer10260.html\"]}]},{\"@type\":\"BreadcrumbList\",\"@id\":\"https:\/\/www.justiceinfo.net\/fr\/13446-250811-cpilubanga-selon-laccusation-thomas-lubanga-a-enrole-des-enfants-pour-tuer10260.html#breadcrumb\",\"itemListElement\":[{\"@type\":\"ListItem\",\"position\":1,\"name\":\"Home\",\"item\":\"https:\/\/www.justiceinfo.net\/fr\"},{\"@type\":\"ListItem\",\"position\":2,\"name\":\"25.08.11 - CPI\/LUBANGA - SELON L'ACCUSATION, THOMAS LUBANGA A ENROLE DES ENFANTS POUR TUER\"}]},{\"@type\":\"WebSite\",\"@id\":\"https:\/\/www.justiceinfo.net\/fr#website\",\"url\":\"https:\/\/www.justiceinfo.net\/fr\",\"name\":\"JusticeInfo.net\",\"description\":\"La justice doit \u00eatre vue pour \u00eatre rendue\",\"publisher\":{\"@id\":\"https:\/\/www.justiceinfo.net\/fr#organization\"},\"potentialAction\":[{\"@type\":\"SearchAction\",\"target\":{\"@type\":\"EntryPoint\",\"urlTemplate\":\"https:\/\/www.justiceinfo.net\/fr?s={search_term_string}\"},\"query-input\":{\"@type\":\"PropertyValueSpecification\",\"valueRequired\":true,\"valueName\":\"search_term_string\"}}],\"inLanguage\":\"fr-FR\"},{\"@type\":\"Organization\",\"@id\":\"https:\/\/www.justiceinfo.net\/fr#organization\",\"name\":\"Justice Info\",\"url\":\"https:\/\/www.justiceinfo.net\/fr\",\"logo\":{\"@type\":\"ImageObject\",\"inLanguage\":\"fr-FR\",\"@id\":\"https:\/\/www.justiceinfo.net\/fr#\/schema\/logo\/image\/\",\"url\":\"https:\/\/www.justiceinfo.net\/wp-content\/uploads\/justiceinfo_logo-trans_1200x1200px.png\",\"contentUrl\":\"https:\/\/www.justiceinfo.net\/wp-content\/uploads\/justiceinfo_logo-trans_1200x1200px.png\",\"width\":1199,\"height\":1200,\"caption\":\"Justice Info\"},\"image\":{\"@id\":\"https:\/\/www.justiceinfo.net\/fr#\/schema\/logo\/image\/\"},\"sameAs\":[\"https:\/\/www.facebook.com\/JusticeInfo\/\",\"https:\/\/x.com\/justiceinfonet\",\"https:\/\/www.linkedin.com\/company\/justice-info\",\"https:\/\/www.youtube.com\/channel\/UCyCEsARodyuWtkWyhn-e7pA\"]},{\"@type\":\"Person\",\"name\":\"solivri\",\"url\":\"\/fr\/?s=solivri\"}]}<\/script>\n<!-- \/ Yoast SEO Premium plugin. -->","yoast_head_json":{"title":"25.08.11 - CPI\/LUBANGA - SELON L'ACCUSATION, THOMAS LUBANGA A ENROLE DES ENFANTS POUR TUER - JusticeInfo.net","robots":{"index":"index","follow":"follow","max-snippet":"max-snippet:-1","max-image-preview":"max-image-preview:large","max-video-preview":"max-video-preview:-1"},"canonical":"https:\/\/www.justiceinfo.net\/fr\/13446-250811-cpilubanga-selon-laccusation-thomas-lubanga-a-enrole-des-enfants-pour-tuer10260.html","og_locale":"fr_FR","og_type":"article","og_title":"25.08.11 - CPI\/LUBANGA - SELON L'ACCUSATION, THOMAS LUBANGA A ENROLE DES ENFANTS POUR TUER","og_description":"La Haye, 25 ao&ucirc;t 2011 (FH) - Le procureur a prononc&eacute; son r&eacute;quisitoire, jeudi 24 ao&ucirc;t, contre Thomas Lubanga. Le pr&eacute;sident de l'Union des patriotes congolais (UPC) r&eacute;pond de crimes de guerre, pour avoir enr&ocirc;l&eacute; des enfants de moins de 15 ans dans sa milice.","og_url":"https:\/\/www.justiceinfo.net\/fr\/13446-250811-cpilubanga-selon-laccusation-thomas-lubanga-a-enrole-des-enfants-pour-tuer10260.html","og_site_name":"JusticeInfo.net","article_publisher":"https:\/\/www.facebook.com\/JusticeInfo\/","article_published_time":"2011-08-24T22:00:00+00:00","og_image":[{"width":1200,"height":630,"url":"https:\/\/www.justiceinfo.net\/wp-content\/uploads\/JusticeInfoNet_logo_1200x630px.jpg","type":"image\/jpeg"}],"author":"solivri","twitter_card":"summary_large_image","twitter_creator":"@justiceinfonet","twitter_site":"@justiceinfonet","twitter_misc":{"\u00c9crit par":"solivri","Dur\u00e9e de lecture estim\u00e9e":"3 minutes"},"schema":{"@context":"https:\/\/schema.org","@graph":[{"@type":"NewsArticle","@id":"https:\/\/www.justiceinfo.net\/fr\/13446-250811-cpilubanga-selon-laccusation-thomas-lubanga-a-enrole-des-enfants-pour-tuer10260.html#article","isPartOf":{"@id":"https:\/\/www.justiceinfo.net\/fr\/13446-250811-cpilubanga-selon-laccusation-thomas-lubanga-a-enrole-des-enfants-pour-tuer10260.html"},"author":{"name":"solivri","@id":"https:\/\/www.justiceinfo.net\/fr#\/schema\/person\/6e53cba1629e2e66f3fc1821d3091865"},"headline":"25.08.11 - CPI\/LUBANGA - SELON L'ACCUSATION, THOMAS LUBANGA A ENROLE DES ENFANTS POUR TUER","datePublished":"2011-08-24T22:00:00+00:00","mainEntityOfPage":{"@id":"https:\/\/www.justiceinfo.net\/fr\/13446-250811-cpilubanga-selon-laccusation-thomas-lubanga-a-enrole-des-enfants-pour-tuer10260.html"},"wordCount":721,"commentCount":0,"publisher":{"@id":"https:\/\/www.justiceinfo.net\/fr#organization"},"articleSection":["Hirondelle News"],"inLanguage":"fr-FR","potentialAction":[{"@type":"CommentAction","name":"Comment","target":["https:\/\/www.justiceinfo.net\/fr\/13446-250811-cpilubanga-selon-laccusation-thomas-lubanga-a-enrole-des-enfants-pour-tuer10260.html#respond"]}]},{"@type":"WebPage","@id":"https:\/\/www.justiceinfo.net\/fr\/13446-250811-cpilubanga-selon-laccusation-thomas-lubanga-a-enrole-des-enfants-pour-tuer10260.html","url":"https:\/\/www.justiceinfo.net\/fr\/13446-250811-cpilubanga-selon-laccusation-thomas-lubanga-a-enrole-des-enfants-pour-tuer10260.html","name":"25.08.11 - CPI\/LUBANGA - SELON L'ACCUSATION, THOMAS LUBANGA A ENROLE DES ENFANTS POUR TUER - JusticeInfo.net","isPartOf":{"@id":"https:\/\/www.justiceinfo.net\/fr#website"},"datePublished":"2011-08-24T22:00:00+00:00","breadcrumb":{"@id":"https:\/\/www.justiceinfo.net\/fr\/13446-250811-cpilubanga-selon-laccusation-thomas-lubanga-a-enrole-des-enfants-pour-tuer10260.html#breadcrumb"},"inLanguage":"fr-FR","potentialAction":[{"@type":"ReadAction","target":["https:\/\/www.justiceinfo.net\/fr\/13446-250811-cpilubanga-selon-laccusation-thomas-lubanga-a-enrole-des-enfants-pour-tuer10260.html"]}]},{"@type":"BreadcrumbList","@id":"https:\/\/www.justiceinfo.net\/fr\/13446-250811-cpilubanga-selon-laccusation-thomas-lubanga-a-enrole-des-enfants-pour-tuer10260.html#breadcrumb","itemListElement":[{"@type":"ListItem","position":1,"name":"Home","item":"https:\/\/www.justiceinfo.net\/fr"},{"@type":"ListItem","position":2,"name":"25.08.11 - CPI\/LUBANGA - SELON L'ACCUSATION, THOMAS LUBANGA A ENROLE DES ENFANTS POUR TUER"}]},{"@type":"WebSite","@id":"https:\/\/www.justiceinfo.net\/fr#website","url":"https:\/\/www.justiceinfo.net\/fr","name":"JusticeInfo.net","description":"La justice doit \u00eatre vue pour \u00eatre rendue","publisher":{"@id":"https:\/\/www.justiceinfo.net\/fr#organization"},"potentialAction":[{"@type":"SearchAction","target":{"@type":"EntryPoint","urlTemplate":"https:\/\/www.justiceinfo.net\/fr?s={search_term_string}"},"query-input":{"@type":"PropertyValueSpecification","valueRequired":true,"valueName":"search_term_string"}}],"inLanguage":"fr-FR"},{"@type":"Organization","@id":"https:\/\/www.justiceinfo.net\/fr#organization","name":"Justice Info","url":"https:\/\/www.justiceinfo.net\/fr","logo":{"@type":"ImageObject","inLanguage":"fr-FR","@id":"https:\/\/www.justiceinfo.net\/fr#\/schema\/logo\/image\/","url":"https:\/\/www.justiceinfo.net\/wp-content\/uploads\/justiceinfo_logo-trans_1200x1200px.png","contentUrl":"https:\/\/www.justiceinfo.net\/wp-content\/uploads\/justiceinfo_logo-trans_1200x1200px.png","width":1199,"height":1200,"caption":"Justice Info"},"image":{"@id":"https:\/\/www.justiceinfo.net\/fr#\/schema\/logo\/image\/"},"sameAs":["https:\/\/www.facebook.com\/JusticeInfo\/","https:\/\/x.com\/justiceinfonet","https:\/\/www.linkedin.com\/company\/justice-info","https:\/\/www.youtube.com\/channel\/UCyCEsARodyuWtkWyhn-e7pA"]},{"@type":"Person","name":"solivri","url":"\/fr\/?s=solivri"}]}},"_links":{"self":[{"href":"https:\/\/www.justiceinfo.net\/fr\/wp-json\/wp\/v2\/posts\/13446","targetHints":{"allow":["GET"]}}],"collection":[{"href":"https:\/\/www.justiceinfo.net\/fr\/wp-json\/wp\/v2\/posts"}],"about":[{"href":"https:\/\/www.justiceinfo.net\/fr\/wp-json\/wp\/v2\/types\/post"}],"author":[{"embeddable":true,"href":"https:\/\/www.justiceinfo.net\/fr\/wp-json\/wp\/v2\/users\/64"}],"replies":[{"embeddable":true,"href":"https:\/\/www.justiceinfo.net\/fr\/wp-json\/wp\/v2\/comments?post=13446"}],"version-history":[{"count":0,"href":"https:\/\/www.justiceinfo.net\/fr\/wp-json\/wp\/v2\/posts\/13446\/revisions"}],"wp:attachment":[{"href":"https:\/\/www.justiceinfo.net\/fr\/wp-json\/wp\/v2\/media?parent=13446"}],"wp:term":[{"taxonomy":"category","embeddable":true,"href":"https:\/\/www.justiceinfo.net\/fr\/wp-json\/wp\/v2\/categories?post=13446"},{"taxonomy":"post_tag","embeddable":true,"href":"https:\/\/www.justiceinfo.net\/fr\/wp-json\/wp\/v2\/tags?post=13446"},{"taxonomy":"ji_location","embeddable":true,"href":"https:\/\/www.justiceinfo.net\/fr\/wp-json\/wp\/v2\/ji_location?post=13446"}],"curies":[{"name":"wp","href":"https:\/\/api.w.org\/{rel}","templated":true}]}}