{"id":13456,"date":"2011-08-26T00:00:00","date_gmt":"2011-08-25T22:00:00","guid":{"rendered":"https:\/\/www.justiceinfo.net\/13456-260811-cpilubanga-selon-la-defense-le-procureur-a-ete-instrumentalise-par-kinshasa10270.html"},"modified":"2011-08-26T00:00:00","modified_gmt":"2011-08-25T22:00:00","slug":"260811-cpilubanga-selon-la-defense-le-procureur-a-ete-instrumentalise-par-kinshasa10270","status":"publish","type":"post","link":"https:\/\/www.justiceinfo.net\/fr\/13456-260811-cpilubanga-selon-la-defense-le-procureur-a-ete-instrumentalise-par-kinshasa10270.html","title":{"rendered":"26.08.11 - CPI\/LUBANGA - SELON LA DEFENSE, LE PROCUREUR A ETE INSTRUMENTALISE PAR KINSHASA"},"content":{"rendered":"<p>La Haye, 26 ao\u00fbt 2011 (FH) - Apr\u00e8s les arguments du procureur et des repr\u00e9sentants des victimes, la d\u00e9fense de Thomas Lubanga a prononc\u00e9, vendredi 26 ao\u00fbt, ses conclusions finales. L'ancien pr\u00e9sident de l'Union des patriotes congolais (UPC) est accus\u00e9 de crimes de guerre pour avoir enr\u00f4l\u00e9 des enfants de moins de 15 ans dans ses troupes. <\/p>\n<p><!--more--><\/p>\n<p >\u00a0<\/p>\n<p >Selon la d\u00e9fense, l'int\u00e9gralit\u00e9 du dossier du procureur est \u00ab gangren\u00e9 \u00bb par l'existence d' \u00abune entreprise de manipulation \u00bb des t\u00e9moins. D\u00e8s le d\u00e9but de sa plaidoirie, ma\u00eetre Catherine Mabille a donn\u00e9 le ton : \u00abLe procureur voulait faire la preuve de l'enr\u00f4lement massif d'enfants. Le procureur a fait la preuve de la pr\u00e9sence massive de faux t\u00e9moins \u00bb. Au cours du proc\u00e8s, dont une large partie s'est tenue \u00e0 huis clos, la d\u00e9fense avait pr\u00e9sent\u00e9 19 t\u00e9moins pour d\u00e9montrer que l'enqu\u00eate avait \u00e9t\u00e9 manipul\u00e9e. <\/p>\n<p >L'avocat a expliqu\u00e9 que les interm\u00e9diaires, agents congolais du procureur, charg\u00e9s d'\u00e9pauler les enqu\u00eateurs sur le terrain, en Ituri, avaient \u00ab incit\u00e9 les t\u00e9moins \u00e0 mentir devant la Cour \u00bb. L'un des t\u00e9moins de ces faits avait ainsi relat\u00e9 les propos de l'un des interm\u00e9diaires : \u00ab Il m'a dit que lorsque j'irai devant les juges, l\u00e0 o\u00f9 Papa Thomas a \u00e9t\u00e9 arr\u00eat\u00e9, il faudra que je dise que j'ai \u00e9t\u00e9 enlev\u00e9 de force \u00bb. Selon la d\u00e9fense, deux interm\u00e9diaires agissaient \u00e0 la fois pour le procureur et les victimes. <\/p>\n<p >Relativisant toutefois la gravit\u00e9 des faux t\u00e9moignages, auxquels sont confront\u00e9es \u00ab toutes les cours du monde \u00bb, l'avocate a estim\u00e9 que le plus grave danger \u00ab qui menace la Cour \u00bb est \u00ab l'instrumentalisation du bureau du procureur par les puissances \u00e9tatiques \u00bb. Pas intentionnellement, pr\u00e9cise-t-elle, \u00ab mais la preuve a \u00e9t\u00e9 apport\u00e9e que le pouvoir congolais, de multiples mani\u00e8res, est intervenu directement ou indirectement dans les enqu\u00eates et dans le processus judiciaires. \u00bb <\/p>\n<p >Selon l'avocate, l'interm\u00e9diaire 316, selon son pseudonyme, \u00e9tait le \u00ab haut responsable d'une agence gouvernementale, directement li\u00e9 au pouvoir central, directement li\u00e9 au pr\u00e9sident Kabila. \u00bb Un autre serait \u00ab \u00e0 la fois un agent du procureur jouant un r\u00f4le cl\u00e9 dans les enqu\u00eates, et un agent du pouvoir congolais agissant en Ituri avec ses subordonn\u00e9s \u00bb. Enfin, l'avocate a aussi d\u00e9nonc\u00e9 l'existence de pressions, qui auraient \u00e9t\u00e9 exerc\u00e9es par Kinshasa contre plusieurs t\u00e9moins venus d\u00e9poser en faveur de Thomas Lubanga. <\/p>\n<p >Ma\u00eetre Biju-Duval a ensuite plaid\u00e9 sur le fond du dossier. L'avocat \u00e0 dessin\u00e9 le portrait d'un homme de paix. \u00ab Est-ce un crime d'organiser la r\u00e9sistance ? Est-ce que le droit s'y oppose ? a-t-il lanc\u00e9 \u00e0 l'adresse des trois juges. \u00ab Dans ce type de situation, c'est l'inaction qui est criminelle, car elle n'est que l\u00e2chet\u00e9 \u00bb. Pour l'avocat parisien, Thomas Lubanga a \u00e9t\u00e9 inculp\u00e9 parce qu'il devait payer son opposition \u00e0 l'Ouganda au cours de la guerre. <\/p>\n<p >Thomas Lubanga a conclu la plaidoirie de la d\u00e9fense. \u00ab Il m'a \u00e9t\u00e9 impossible de me reconna\u00eetre dans les faits criminels injustement imput\u00e9s et dans les intentions qui m'ont \u00e9t\u00e9 pr\u00eat\u00e9es. Ce qui s'est pass\u00e9 dans le contexte tragique de l'Ituri, c'est que j'ai assum\u00e9, avec le concours d'autres concitoyens, des responsabilit\u00e9s \u00bb a-t-il expliqu\u00e9 \u00e0 la chambre. \u00ab Je l'ai fait juste dans le but de lutter contre l'inhumanit\u00e9 d\u00e9vastatrice dont souffraient, \u00e0 cette \u00e9poque, toutes les communaut\u00e9s congolaises de l'Ituri. Je l'ai fait dans le simple but de tenter de sauver ce qu'il y a de plus cher \u00e0 tout homme, la vie\". <\/p>\n<p >Les juges se sont retir\u00e9s pour d\u00e9lib\u00e9rer. Selon les pr\u00e9visions du greffe, le jugement devrait \u00eatre rendu d'ici fin d\u00e9cembre. Si Thomas Lubanga est reconnu coupable, une nouvelle audience sera convoqu\u00e9e pour d\u00e9terminer la sentence. <\/p>\n<p >SM\/GF<\/p>\n<p>\u00a9 Agence Hirondelle<\/p>\n","protected":false},"excerpt":{"rendered":"<p>La Haye, 26 ao\u00fbt 2011 (FH) - Apr\u00e8s les arguments du procureur et des repr\u00e9sentants des victimes, la d\u00e9fense de Thomas Lubanga a prononc\u00e9, vendredi 26 ao\u00fbt, ses conclusions finales. L'ancien pr\u00e9sident de l'Union des patriotes congolais (UPC) est accus\u00e9 de crimes de guerre pour avoir enr\u00f4l\u00e9 des enfants de moins de 15 ans dans [&hellip;]<\/p>\n","protected":false},"author":64,"featured_media":0,"comment_status":"open","ping_status":"closed","sticky":false,"template":"","format":"standard","meta":{"_acf_changed":false,"footnotes":""},"categories":[554],"tags":[],"ji_location":[],"class_list":["post-13456","post","type-post","status-publish","format-standard","hentry","category-hirondellenews"],"acf":[],"yoast_head":"<!-- This site is optimized with the Yoast SEO Premium plugin v25.3.1 (Yoast SEO v25.3.1) - https:\/\/yoast.com\/wordpress\/plugins\/seo\/ -->\n<title>26.08.11 - CPI\/LUBANGA - SELON LA DEFENSE, LE PROCUREUR A ETE INSTRUMENTALISE PAR KINSHASA - JusticeInfo.net<\/title>\n<meta name=\"robots\" content=\"index, follow, max-snippet:-1, max-image-preview:large, max-video-preview:-1\" \/>\n<link rel=\"canonical\" href=\"https:\/\/www.justiceinfo.net\/fr\/13456-260811-cpilubanga-selon-la-defense-le-procureur-a-ete-instrumentalise-par-kinshasa10270.html\" \/>\n<meta property=\"og:locale\" content=\"fr_FR\" \/>\n<meta property=\"og:type\" content=\"article\" \/>\n<meta property=\"og:title\" content=\"26.08.11 - CPI\/LUBANGA - SELON LA DEFENSE, LE PROCUREUR A ETE INSTRUMENTALISE PAR KINSHASA\" \/>\n<meta property=\"og:description\" content=\"La Haye, 26 ao\u00fbt 2011 (FH) - Apr\u00e8s les arguments du procureur et des repr\u00e9sentants des victimes, la d\u00e9fense de Thomas Lubanga a prononc\u00e9, vendredi 26 ao\u00fbt, ses conclusions finales. L&#039;ancien pr\u00e9sident de l&#039;Union des patriotes congolais (UPC) est accus\u00e9 de crimes de guerre pour avoir enr\u00f4l\u00e9 des enfants de moins de 15 ans dans [&hellip;]\" \/>\n<meta property=\"og:url\" content=\"https:\/\/www.justiceinfo.net\/fr\/13456-260811-cpilubanga-selon-la-defense-le-procureur-a-ete-instrumentalise-par-kinshasa10270.html\" \/>\n<meta property=\"og:site_name\" content=\"JusticeInfo.net\" \/>\n<meta property=\"article:publisher\" content=\"https:\/\/www.facebook.com\/JusticeInfo\/\" \/>\n<meta property=\"article:published_time\" content=\"2011-08-25T22:00:00+00:00\" \/>\n<meta property=\"og:image\" content=\"https:\/\/www.justiceinfo.net\/wp-content\/uploads\/JusticeInfoNet_logo_1200x630px.jpg\" \/>\n\t<meta property=\"og:image:width\" content=\"1200\" \/>\n\t<meta property=\"og:image:height\" content=\"630\" \/>\n\t<meta property=\"og:image:type\" content=\"image\/jpeg\" \/>\n<meta name=\"author\" content=\"solivri\" \/>\n<meta name=\"twitter:card\" content=\"summary_large_image\" \/>\n<meta name=\"twitter:creator\" content=\"@justiceinfonet\" \/>\n<meta name=\"twitter:site\" content=\"@justiceinfonet\" \/>\n<meta name=\"twitter:label1\" content=\"\u00c9crit par\" \/>\n\t<meta name=\"twitter:data1\" content=\"solivri\" \/>\n\t<meta name=\"twitter:label2\" content=\"Dur\u00e9e de lecture estim\u00e9e\" \/>\n\t<meta name=\"twitter:data2\" content=\"3 minutes\" \/>\n<script type=\"application\/ld+json\" class=\"yoast-schema-graph\">{\"@context\":\"https:\/\/schema.org\",\"@graph\":[{\"@type\":\"NewsArticle\",\"@id\":\"https:\/\/www.justiceinfo.net\/fr\/13456-260811-cpilubanga-selon-la-defense-le-procureur-a-ete-instrumentalise-par-kinshasa10270.html#article\",\"isPartOf\":{\"@id\":\"https:\/\/www.justiceinfo.net\/fr\/13456-260811-cpilubanga-selon-la-defense-le-procureur-a-ete-instrumentalise-par-kinshasa10270.html\"},\"author\":{\"name\":\"solivri\",\"@id\":\"https:\/\/www.justiceinfo.net\/fr#\/schema\/person\/6e53cba1629e2e66f3fc1821d3091865\"},\"headline\":\"26.08.11 - CPI\/LUBANGA - SELON LA DEFENSE, LE PROCUREUR A ETE INSTRUMENTALISE PAR KINSHASA\",\"datePublished\":\"2011-08-25T22:00:00+00:00\",\"mainEntityOfPage\":{\"@id\":\"https:\/\/www.justiceinfo.net\/fr\/13456-260811-cpilubanga-selon-la-defense-le-procureur-a-ete-instrumentalise-par-kinshasa10270.html\"},\"wordCount\":690,\"commentCount\":0,\"publisher\":{\"@id\":\"https:\/\/www.justiceinfo.net\/fr#organization\"},\"articleSection\":[\"Hirondelle News\"],\"inLanguage\":\"fr-FR\",\"potentialAction\":[{\"@type\":\"CommentAction\",\"name\":\"Comment\",\"target\":[\"https:\/\/www.justiceinfo.net\/fr\/13456-260811-cpilubanga-selon-la-defense-le-procureur-a-ete-instrumentalise-par-kinshasa10270.html#respond\"]}]},{\"@type\":\"WebPage\",\"@id\":\"https:\/\/www.justiceinfo.net\/fr\/13456-260811-cpilubanga-selon-la-defense-le-procureur-a-ete-instrumentalise-par-kinshasa10270.html\",\"url\":\"https:\/\/www.justiceinfo.net\/fr\/13456-260811-cpilubanga-selon-la-defense-le-procureur-a-ete-instrumentalise-par-kinshasa10270.html\",\"name\":\"26.08.11 - CPI\/LUBANGA - SELON LA DEFENSE, LE PROCUREUR A ETE INSTRUMENTALISE PAR KINSHASA - JusticeInfo.net\",\"isPartOf\":{\"@id\":\"https:\/\/www.justiceinfo.net\/fr#website\"},\"datePublished\":\"2011-08-25T22:00:00+00:00\",\"breadcrumb\":{\"@id\":\"https:\/\/www.justiceinfo.net\/fr\/13456-260811-cpilubanga-selon-la-defense-le-procureur-a-ete-instrumentalise-par-kinshasa10270.html#breadcrumb\"},\"inLanguage\":\"fr-FR\",\"potentialAction\":[{\"@type\":\"ReadAction\",\"target\":[\"https:\/\/www.justiceinfo.net\/fr\/13456-260811-cpilubanga-selon-la-defense-le-procureur-a-ete-instrumentalise-par-kinshasa10270.html\"]}]},{\"@type\":\"BreadcrumbList\",\"@id\":\"https:\/\/www.justiceinfo.net\/fr\/13456-260811-cpilubanga-selon-la-defense-le-procureur-a-ete-instrumentalise-par-kinshasa10270.html#breadcrumb\",\"itemListElement\":[{\"@type\":\"ListItem\",\"position\":1,\"name\":\"Home\",\"item\":\"https:\/\/www.justiceinfo.net\/fr\"},{\"@type\":\"ListItem\",\"position\":2,\"name\":\"26.08.11 - CPI\/LUBANGA - SELON LA DEFENSE, LE PROCUREUR A ETE INSTRUMENTALISE PAR KINSHASA\"}]},{\"@type\":\"WebSite\",\"@id\":\"https:\/\/www.justiceinfo.net\/fr#website\",\"url\":\"https:\/\/www.justiceinfo.net\/fr\",\"name\":\"JusticeInfo.net\",\"description\":\"La justice doit \u00eatre vue pour \u00eatre rendue\",\"publisher\":{\"@id\":\"https:\/\/www.justiceinfo.net\/fr#organization\"},\"potentialAction\":[{\"@type\":\"SearchAction\",\"target\":{\"@type\":\"EntryPoint\",\"urlTemplate\":\"https:\/\/www.justiceinfo.net\/fr?s={search_term_string}\"},\"query-input\":{\"@type\":\"PropertyValueSpecification\",\"valueRequired\":true,\"valueName\":\"search_term_string\"}}],\"inLanguage\":\"fr-FR\"},{\"@type\":\"Organization\",\"@id\":\"https:\/\/www.justiceinfo.net\/fr#organization\",\"name\":\"Justice Info\",\"url\":\"https:\/\/www.justiceinfo.net\/fr\",\"logo\":{\"@type\":\"ImageObject\",\"inLanguage\":\"fr-FR\",\"@id\":\"https:\/\/www.justiceinfo.net\/fr#\/schema\/logo\/image\/\",\"url\":\"https:\/\/www.justiceinfo.net\/wp-content\/uploads\/justiceinfo_logo-trans_1200x1200px.png\",\"contentUrl\":\"https:\/\/www.justiceinfo.net\/wp-content\/uploads\/justiceinfo_logo-trans_1200x1200px.png\",\"width\":1199,\"height\":1200,\"caption\":\"Justice Info\"},\"image\":{\"@id\":\"https:\/\/www.justiceinfo.net\/fr#\/schema\/logo\/image\/\"},\"sameAs\":[\"https:\/\/www.facebook.com\/JusticeInfo\/\",\"https:\/\/x.com\/justiceinfonet\",\"https:\/\/www.linkedin.com\/company\/justice-info\",\"https:\/\/www.youtube.com\/channel\/UCyCEsARodyuWtkWyhn-e7pA\"]},{\"@type\":\"Person\",\"name\":\"solivri\",\"url\":\"\/fr\/?s=solivri\"}]}<\/script>\n<!-- \/ Yoast SEO Premium plugin. -->","yoast_head_json":{"title":"26.08.11 - CPI\/LUBANGA - SELON LA DEFENSE, LE PROCUREUR A ETE INSTRUMENTALISE PAR KINSHASA - JusticeInfo.net","robots":{"index":"index","follow":"follow","max-snippet":"max-snippet:-1","max-image-preview":"max-image-preview:large","max-video-preview":"max-video-preview:-1"},"canonical":"https:\/\/www.justiceinfo.net\/fr\/13456-260811-cpilubanga-selon-la-defense-le-procureur-a-ete-instrumentalise-par-kinshasa10270.html","og_locale":"fr_FR","og_type":"article","og_title":"26.08.11 - CPI\/LUBANGA - SELON LA DEFENSE, LE PROCUREUR A ETE INSTRUMENTALISE PAR KINSHASA","og_description":"La Haye, 26 ao\u00fbt 2011 (FH) - Apr\u00e8s les arguments du procureur et des repr\u00e9sentants des victimes, la d\u00e9fense de Thomas Lubanga a prononc\u00e9, vendredi 26 ao\u00fbt, ses conclusions finales. L'ancien pr\u00e9sident de l'Union des patriotes congolais (UPC) est accus\u00e9 de crimes de guerre pour avoir enr\u00f4l\u00e9 des enfants de moins de 15 ans dans [&hellip;]","og_url":"https:\/\/www.justiceinfo.net\/fr\/13456-260811-cpilubanga-selon-la-defense-le-procureur-a-ete-instrumentalise-par-kinshasa10270.html","og_site_name":"JusticeInfo.net","article_publisher":"https:\/\/www.facebook.com\/JusticeInfo\/","article_published_time":"2011-08-25T22:00:00+00:00","og_image":[{"width":1200,"height":630,"url":"https:\/\/www.justiceinfo.net\/wp-content\/uploads\/JusticeInfoNet_logo_1200x630px.jpg","type":"image\/jpeg"}],"author":"solivri","twitter_card":"summary_large_image","twitter_creator":"@justiceinfonet","twitter_site":"@justiceinfonet","twitter_misc":{"\u00c9crit par":"solivri","Dur\u00e9e de lecture estim\u00e9e":"3 minutes"},"schema":{"@context":"https:\/\/schema.org","@graph":[{"@type":"NewsArticle","@id":"https:\/\/www.justiceinfo.net\/fr\/13456-260811-cpilubanga-selon-la-defense-le-procureur-a-ete-instrumentalise-par-kinshasa10270.html#article","isPartOf":{"@id":"https:\/\/www.justiceinfo.net\/fr\/13456-260811-cpilubanga-selon-la-defense-le-procureur-a-ete-instrumentalise-par-kinshasa10270.html"},"author":{"name":"solivri","@id":"https:\/\/www.justiceinfo.net\/fr#\/schema\/person\/6e53cba1629e2e66f3fc1821d3091865"},"headline":"26.08.11 - CPI\/LUBANGA - SELON LA DEFENSE, LE PROCUREUR A ETE INSTRUMENTALISE PAR KINSHASA","datePublished":"2011-08-25T22:00:00+00:00","mainEntityOfPage":{"@id":"https:\/\/www.justiceinfo.net\/fr\/13456-260811-cpilubanga-selon-la-defense-le-procureur-a-ete-instrumentalise-par-kinshasa10270.html"},"wordCount":690,"commentCount":0,"publisher":{"@id":"https:\/\/www.justiceinfo.net\/fr#organization"},"articleSection":["Hirondelle News"],"inLanguage":"fr-FR","potentialAction":[{"@type":"CommentAction","name":"Comment","target":["https:\/\/www.justiceinfo.net\/fr\/13456-260811-cpilubanga-selon-la-defense-le-procureur-a-ete-instrumentalise-par-kinshasa10270.html#respond"]}]},{"@type":"WebPage","@id":"https:\/\/www.justiceinfo.net\/fr\/13456-260811-cpilubanga-selon-la-defense-le-procureur-a-ete-instrumentalise-par-kinshasa10270.html","url":"https:\/\/www.justiceinfo.net\/fr\/13456-260811-cpilubanga-selon-la-defense-le-procureur-a-ete-instrumentalise-par-kinshasa10270.html","name":"26.08.11 - CPI\/LUBANGA - SELON LA DEFENSE, LE PROCUREUR A ETE INSTRUMENTALISE PAR KINSHASA - JusticeInfo.net","isPartOf":{"@id":"https:\/\/www.justiceinfo.net\/fr#website"},"datePublished":"2011-08-25T22:00:00+00:00","breadcrumb":{"@id":"https:\/\/www.justiceinfo.net\/fr\/13456-260811-cpilubanga-selon-la-defense-le-procureur-a-ete-instrumentalise-par-kinshasa10270.html#breadcrumb"},"inLanguage":"fr-FR","potentialAction":[{"@type":"ReadAction","target":["https:\/\/www.justiceinfo.net\/fr\/13456-260811-cpilubanga-selon-la-defense-le-procureur-a-ete-instrumentalise-par-kinshasa10270.html"]}]},{"@type":"BreadcrumbList","@id":"https:\/\/www.justiceinfo.net\/fr\/13456-260811-cpilubanga-selon-la-defense-le-procureur-a-ete-instrumentalise-par-kinshasa10270.html#breadcrumb","itemListElement":[{"@type":"ListItem","position":1,"name":"Home","item":"https:\/\/www.justiceinfo.net\/fr"},{"@type":"ListItem","position":2,"name":"26.08.11 - CPI\/LUBANGA - SELON LA DEFENSE, LE PROCUREUR A ETE INSTRUMENTALISE PAR KINSHASA"}]},{"@type":"WebSite","@id":"https:\/\/www.justiceinfo.net\/fr#website","url":"https:\/\/www.justiceinfo.net\/fr","name":"JusticeInfo.net","description":"La justice doit \u00eatre vue pour \u00eatre rendue","publisher":{"@id":"https:\/\/www.justiceinfo.net\/fr#organization"},"potentialAction":[{"@type":"SearchAction","target":{"@type":"EntryPoint","urlTemplate":"https:\/\/www.justiceinfo.net\/fr?s={search_term_string}"},"query-input":{"@type":"PropertyValueSpecification","valueRequired":true,"valueName":"search_term_string"}}],"inLanguage":"fr-FR"},{"@type":"Organization","@id":"https:\/\/www.justiceinfo.net\/fr#organization","name":"Justice Info","url":"https:\/\/www.justiceinfo.net\/fr","logo":{"@type":"ImageObject","inLanguage":"fr-FR","@id":"https:\/\/www.justiceinfo.net\/fr#\/schema\/logo\/image\/","url":"https:\/\/www.justiceinfo.net\/wp-content\/uploads\/justiceinfo_logo-trans_1200x1200px.png","contentUrl":"https:\/\/www.justiceinfo.net\/wp-content\/uploads\/justiceinfo_logo-trans_1200x1200px.png","width":1199,"height":1200,"caption":"Justice Info"},"image":{"@id":"https:\/\/www.justiceinfo.net\/fr#\/schema\/logo\/image\/"},"sameAs":["https:\/\/www.facebook.com\/JusticeInfo\/","https:\/\/x.com\/justiceinfonet","https:\/\/www.linkedin.com\/company\/justice-info","https:\/\/www.youtube.com\/channel\/UCyCEsARodyuWtkWyhn-e7pA"]},{"@type":"Person","name":"solivri","url":"\/fr\/?s=solivri"}]}},"_links":{"self":[{"href":"https:\/\/www.justiceinfo.net\/fr\/wp-json\/wp\/v2\/posts\/13456","targetHints":{"allow":["GET"]}}],"collection":[{"href":"https:\/\/www.justiceinfo.net\/fr\/wp-json\/wp\/v2\/posts"}],"about":[{"href":"https:\/\/www.justiceinfo.net\/fr\/wp-json\/wp\/v2\/types\/post"}],"author":[{"embeddable":true,"href":"https:\/\/www.justiceinfo.net\/fr\/wp-json\/wp\/v2\/users\/64"}],"replies":[{"embeddable":true,"href":"https:\/\/www.justiceinfo.net\/fr\/wp-json\/wp\/v2\/comments?post=13456"}],"version-history":[{"count":0,"href":"https:\/\/www.justiceinfo.net\/fr\/wp-json\/wp\/v2\/posts\/13456\/revisions"}],"wp:attachment":[{"href":"https:\/\/www.justiceinfo.net\/fr\/wp-json\/wp\/v2\/media?parent=13456"}],"wp:term":[{"taxonomy":"category","embeddable":true,"href":"https:\/\/www.justiceinfo.net\/fr\/wp-json\/wp\/v2\/categories?post=13456"},{"taxonomy":"post_tag","embeddable":true,"href":"https:\/\/www.justiceinfo.net\/fr\/wp-json\/wp\/v2\/tags?post=13456"},{"taxonomy":"ji_location","embeddable":true,"href":"https:\/\/www.justiceinfo.net\/fr\/wp-json\/wp\/v2\/ji_location?post=13456"}],"curies":[{"name":"wp","href":"https:\/\/api.w.org\/{rel}","templated":true}]}}