{"id":13462,"date":"2011-08-26T00:00:00","date_gmt":"2011-08-25T22:00:00","guid":{"rendered":"https:\/\/www.justiceinfo.net\/13462-260811-usarwanda-acquittement-dans-le-premier-cas-lie-au-genocide-juge-aux-etats-unis10276.html"},"modified":"2011-08-26T00:00:00","modified_gmt":"2011-08-25T22:00:00","slug":"260811-usarwanda-acquittement-dans-le-premier-cas-lie-au-genocide-juge-aux-etats-unis10276","status":"publish","type":"post","link":"https:\/\/www.justiceinfo.net\/fr\/13462-260811-usarwanda-acquittement-dans-le-premier-cas-lie-au-genocide-juge-aux-etats-unis10276.html","title":{"rendered":"26.08.11 - USA\/RWANDA - ACQUITTEMENT DANS LE PREMIER CAS LIE AU GENOCIDE JUG\u00c9 AUX ETATS-UNIS"},"content":{"rendered":"<p>\nWashington DC, 26 ao&ucirc;t 2011 (FH) - Le parquet am&eacute;ricain a annonc&eacute; le 26 ao&ucirc;t sa d&eacute;cision de lever toutes les charges pesant sur Lazare Kobagaya, un Rwandais de 84 ans accus&eacute; devant une cour du Kansas d'avoir particip&eacute; au g&eacute;nocide de 1994 et d'avoir ill&eacute;galement obtenu la nationalit&eacute; am&eacute;ricaine in 2006.\n<\/p>\n<p><!--more--><\/p>\n<p >\n<p >\nL'accus&eacute; est originaire du sud du Rwanda. Il est arriv&eacute; aux Etats-Unis en 2005, immigrant pour rejoindre ses enfants. Install&eacute; dans la petite ville de Wichita, au Kansas, il a &eacute;t&eacute; inculp&eacute; par un grand jury f&eacute;d&eacute;ral, en\n<\/p>\n<p >\njanvier 2009, d'obtention frauduleuse de la citoyennet&eacute; am&eacute;ricaine.\n<\/p>\n<p >\nLe procureur soutenait que Kobagaya avait cach&eacute; sa pr&eacute;sence au Rwanda pendant le g&eacute;nocide, affirmant aux autorit&eacute;s de l'immigration am&eacute;ricaine qu'il vivait au Burundi entre 1993 et 1995. En r&eacute;alit&eacute;, soutenait l'accusation, Kobagaya &eacute;tait au Rwanda &agrave; cette &eacute;poque, &laquo; incitant les hutus &agrave; br&ucirc;ler les maisons de tutsis et &agrave; tuer leurs femmes &raquo;.\n<\/p>\n<p >\nPourtant, apr&egrave;s deux ans de proc&eacute;dure, le parquet f&eacute;d&eacute;ral a annul&eacute; toutes les charges dans ce qui &eacute;tait le premier proc&egrave;s sur le sol am&eacute;ricain requ&eacute;rant &laquo; une preuve d'implication dans le g&eacute;nocide &raquo;. Selon un journal local, The Wichita Eagle, &laquo; les procureurs ont avou&eacute; avoir manqu&eacute; de r&eacute;v&eacute;ler &agrave; la d&eacute;fense l'existence d'un t&eacute;moin dont le r&eacute;cit aurait &eacute;t&eacute; favorable &agrave; l'accus&eacute; &raquo;.\n<\/p>\n<p >\nA un moment de l'enqu&ecirc;te, la femme qui avait &eacute;tudi&eacute; le dosser d'immigration de Kobagaya avait en effet d&eacute;clar&eacute; que si le postulant avant d&eacute;clar&eacute; avoir quitt&eacute; le Rwanda en 1994, et non pas en 1993 comme il l'avait faussement pr&eacute;tendu, cela n'aurait rien chang&eacute; &agrave; sa d&eacute;cision de donner un avis favorable &agrave; son dossier.\n<\/p>\n<p >\nPour ce proc&egrave;s de 5 semaines, une cinquantaine de t&eacute;moins s'&eacute;taient d&eacute;plac&eacute;s d'Afrique en avril 2011. Selon l'avocat de Kobagaya, Kurt Kerns, &laquo; l'enqu&ecirc;te et le proc&egrave;s ont co&ucirc;t&eacute; entre un et deux millions de dollars &raquo;.\n<\/p>\n<p >\nGF\n<\/p>\n<p >\n<p >\n&copy; Agence Hirondelle<\/p>\n","protected":false},"excerpt":{"rendered":"<p>Washington DC, 26 ao&ucirc;t 2011 (FH) - Le parquet am&eacute;ricain a annonc&eacute; le 26 ao&ucirc;t sa d&eacute;cision de lever toutes les charges pesant sur Lazare Kobagaya, un Rwandais de 84 ans accus&eacute; devant une cour du Kansas d'avoir particip&eacute; au g&eacute;nocide de 1994 et d'avoir ill&eacute;galement obtenu la nationalit&eacute; am&eacute;ricaine in 2006.<\/p>\n","protected":false},"author":64,"featured_media":0,"comment_status":"open","ping_status":"closed","sticky":false,"template":"","format":"standard","meta":{"_acf_changed":false,"footnotes":""},"categories":[554],"tags":[],"ji_location":[],"class_list":["post-13462","post","type-post","status-publish","format-standard","hentry","category-hirondellenews"],"acf":[],"yoast_head":"<!-- This site is optimized with the Yoast SEO Premium plugin v25.3.1 (Yoast SEO v25.3.1) - https:\/\/yoast.com\/wordpress\/plugins\/seo\/ -->\n<title>26.08.11 - USA\/RWANDA - ACQUITTEMENT DANS LE PREMIER CAS LIE AU GENOCIDE JUG\u00c9 AUX ETATS-UNIS - JusticeInfo.net<\/title>\n<meta name=\"robots\" content=\"index, follow, max-snippet:-1, max-image-preview:large, max-video-preview:-1\" \/>\n<link rel=\"canonical\" href=\"https:\/\/www.justiceinfo.net\/fr\/13462-260811-usarwanda-acquittement-dans-le-premier-cas-lie-au-genocide-juge-aux-etats-unis10276.html\" \/>\n<meta property=\"og:locale\" content=\"fr_FR\" \/>\n<meta property=\"og:type\" content=\"article\" \/>\n<meta property=\"og:title\" content=\"26.08.11 - USA\/RWANDA - ACQUITTEMENT DANS LE PREMIER CAS LIE AU GENOCIDE JUG\u00c9 AUX ETATS-UNIS\" \/>\n<meta property=\"og:description\" content=\"Washington DC, 26 ao&ucirc;t 2011 (FH) - Le parquet am&eacute;ricain a annonc&eacute; le 26 ao&ucirc;t sa d&eacute;cision de lever toutes les charges pesant sur Lazare Kobagaya, un Rwandais de 84 ans accus&eacute; devant une cour du Kansas d&#039;avoir particip&eacute; au g&eacute;nocide de 1994 et d&#039;avoir ill&eacute;galement obtenu la nationalit&eacute; am&eacute;ricaine in 2006.\" \/>\n<meta property=\"og:url\" content=\"https:\/\/www.justiceinfo.net\/fr\/13462-260811-usarwanda-acquittement-dans-le-premier-cas-lie-au-genocide-juge-aux-etats-unis10276.html\" \/>\n<meta property=\"og:site_name\" content=\"JusticeInfo.net\" \/>\n<meta property=\"article:publisher\" content=\"https:\/\/www.facebook.com\/JusticeInfo\/\" \/>\n<meta property=\"article:published_time\" content=\"2011-08-25T22:00:00+00:00\" \/>\n<meta property=\"og:image\" content=\"https:\/\/www.justiceinfo.net\/wp-content\/uploads\/JusticeInfoNet_logo_1200x630px.jpg\" \/>\n\t<meta property=\"og:image:width\" content=\"1200\" \/>\n\t<meta property=\"og:image:height\" content=\"630\" \/>\n\t<meta property=\"og:image:type\" content=\"image\/jpeg\" \/>\n<meta name=\"author\" content=\"solivri\" \/>\n<meta name=\"twitter:card\" content=\"summary_large_image\" \/>\n<meta name=\"twitter:creator\" content=\"@justiceinfonet\" \/>\n<meta name=\"twitter:site\" content=\"@justiceinfonet\" \/>\n<meta name=\"twitter:label1\" content=\"\u00c9crit par\" \/>\n\t<meta name=\"twitter:data1\" content=\"solivri\" \/>\n\t<meta name=\"twitter:label2\" content=\"Dur\u00e9e de lecture estim\u00e9e\" \/>\n\t<meta name=\"twitter:data2\" content=\"2 minutes\" \/>\n<script type=\"application\/ld+json\" class=\"yoast-schema-graph\">{\"@context\":\"https:\/\/schema.org\",\"@graph\":[{\"@type\":\"NewsArticle\",\"@id\":\"https:\/\/www.justiceinfo.net\/fr\/13462-260811-usarwanda-acquittement-dans-le-premier-cas-lie-au-genocide-juge-aux-etats-unis10276.html#article\",\"isPartOf\":{\"@id\":\"https:\/\/www.justiceinfo.net\/fr\/13462-260811-usarwanda-acquittement-dans-le-premier-cas-lie-au-genocide-juge-aux-etats-unis10276.html\"},\"author\":{\"name\":\"solivri\",\"@id\":\"https:\/\/www.justiceinfo.net\/fr#\/schema\/person\/6e53cba1629e2e66f3fc1821d3091865\"},\"headline\":\"26.08.11 - USA\/RWANDA - ACQUITTEMENT DANS LE PREMIER CAS LIE AU GENOCIDE JUG\u00c9 AUX ETATS-UNIS\",\"datePublished\":\"2011-08-25T22:00:00+00:00\",\"mainEntityOfPage\":{\"@id\":\"https:\/\/www.justiceinfo.net\/fr\/13462-260811-usarwanda-acquittement-dans-le-premier-cas-lie-au-genocide-juge-aux-etats-unis10276.html\"},\"wordCount\":447,\"commentCount\":0,\"publisher\":{\"@id\":\"https:\/\/www.justiceinfo.net\/fr#organization\"},\"articleSection\":[\"Hirondelle News\"],\"inLanguage\":\"fr-FR\",\"potentialAction\":[{\"@type\":\"CommentAction\",\"name\":\"Comment\",\"target\":[\"https:\/\/www.justiceinfo.net\/fr\/13462-260811-usarwanda-acquittement-dans-le-premier-cas-lie-au-genocide-juge-aux-etats-unis10276.html#respond\"]}]},{\"@type\":\"WebPage\",\"@id\":\"https:\/\/www.justiceinfo.net\/fr\/13462-260811-usarwanda-acquittement-dans-le-premier-cas-lie-au-genocide-juge-aux-etats-unis10276.html\",\"url\":\"https:\/\/www.justiceinfo.net\/fr\/13462-260811-usarwanda-acquittement-dans-le-premier-cas-lie-au-genocide-juge-aux-etats-unis10276.html\",\"name\":\"26.08.11 - USA\/RWANDA - ACQUITTEMENT DANS LE PREMIER CAS LIE AU GENOCIDE JUG\u00c9 AUX ETATS-UNIS - JusticeInfo.net\",\"isPartOf\":{\"@id\":\"https:\/\/www.justiceinfo.net\/fr#website\"},\"datePublished\":\"2011-08-25T22:00:00+00:00\",\"breadcrumb\":{\"@id\":\"https:\/\/www.justiceinfo.net\/fr\/13462-260811-usarwanda-acquittement-dans-le-premier-cas-lie-au-genocide-juge-aux-etats-unis10276.html#breadcrumb\"},\"inLanguage\":\"fr-FR\",\"potentialAction\":[{\"@type\":\"ReadAction\",\"target\":[\"https:\/\/www.justiceinfo.net\/fr\/13462-260811-usarwanda-acquittement-dans-le-premier-cas-lie-au-genocide-juge-aux-etats-unis10276.html\"]}]},{\"@type\":\"BreadcrumbList\",\"@id\":\"https:\/\/www.justiceinfo.net\/fr\/13462-260811-usarwanda-acquittement-dans-le-premier-cas-lie-au-genocide-juge-aux-etats-unis10276.html#breadcrumb\",\"itemListElement\":[{\"@type\":\"ListItem\",\"position\":1,\"name\":\"Home\",\"item\":\"https:\/\/www.justiceinfo.net\/fr\"},{\"@type\":\"ListItem\",\"position\":2,\"name\":\"26.08.11 - USA\/RWANDA - ACQUITTEMENT DANS LE PREMIER CAS LIE AU GENOCIDE JUG\u00c9 AUX ETATS-UNIS\"}]},{\"@type\":\"WebSite\",\"@id\":\"https:\/\/www.justiceinfo.net\/fr#website\",\"url\":\"https:\/\/www.justiceinfo.net\/fr\",\"name\":\"JusticeInfo.net\",\"description\":\"La justice doit \u00eatre vue pour \u00eatre rendue\",\"publisher\":{\"@id\":\"https:\/\/www.justiceinfo.net\/fr#organization\"},\"potentialAction\":[{\"@type\":\"SearchAction\",\"target\":{\"@type\":\"EntryPoint\",\"urlTemplate\":\"https:\/\/www.justiceinfo.net\/fr?s={search_term_string}\"},\"query-input\":{\"@type\":\"PropertyValueSpecification\",\"valueRequired\":true,\"valueName\":\"search_term_string\"}}],\"inLanguage\":\"fr-FR\"},{\"@type\":\"Organization\",\"@id\":\"https:\/\/www.justiceinfo.net\/fr#organization\",\"name\":\"Justice Info\",\"url\":\"https:\/\/www.justiceinfo.net\/fr\",\"logo\":{\"@type\":\"ImageObject\",\"inLanguage\":\"fr-FR\",\"@id\":\"https:\/\/www.justiceinfo.net\/fr#\/schema\/logo\/image\/\",\"url\":\"https:\/\/www.justiceinfo.net\/wp-content\/uploads\/justiceinfo_logo-trans_1200x1200px.png\",\"contentUrl\":\"https:\/\/www.justiceinfo.net\/wp-content\/uploads\/justiceinfo_logo-trans_1200x1200px.png\",\"width\":1199,\"height\":1200,\"caption\":\"Justice Info\"},\"image\":{\"@id\":\"https:\/\/www.justiceinfo.net\/fr#\/schema\/logo\/image\/\"},\"sameAs\":[\"https:\/\/www.facebook.com\/JusticeInfo\/\",\"https:\/\/x.com\/justiceinfonet\",\"https:\/\/www.linkedin.com\/company\/justice-info\",\"https:\/\/www.youtube.com\/channel\/UCyCEsARodyuWtkWyhn-e7pA\"]},{\"@type\":\"Person\",\"name\":\"solivri\",\"url\":\"\/fr\/?s=solivri\"}]}<\/script>\n<!-- \/ Yoast SEO Premium plugin. -->","yoast_head_json":{"title":"26.08.11 - USA\/RWANDA - ACQUITTEMENT DANS LE PREMIER CAS LIE AU GENOCIDE JUG\u00c9 AUX ETATS-UNIS - JusticeInfo.net","robots":{"index":"index","follow":"follow","max-snippet":"max-snippet:-1","max-image-preview":"max-image-preview:large","max-video-preview":"max-video-preview:-1"},"canonical":"https:\/\/www.justiceinfo.net\/fr\/13462-260811-usarwanda-acquittement-dans-le-premier-cas-lie-au-genocide-juge-aux-etats-unis10276.html","og_locale":"fr_FR","og_type":"article","og_title":"26.08.11 - USA\/RWANDA - ACQUITTEMENT DANS LE PREMIER CAS LIE AU GENOCIDE JUG\u00c9 AUX ETATS-UNIS","og_description":"Washington DC, 26 ao&ucirc;t 2011 (FH) - Le parquet am&eacute;ricain a annonc&eacute; le 26 ao&ucirc;t sa d&eacute;cision de lever toutes les charges pesant sur Lazare Kobagaya, un Rwandais de 84 ans accus&eacute; devant une cour du Kansas d'avoir particip&eacute; au g&eacute;nocide de 1994 et d'avoir ill&eacute;galement obtenu la nationalit&eacute; am&eacute;ricaine in 2006.","og_url":"https:\/\/www.justiceinfo.net\/fr\/13462-260811-usarwanda-acquittement-dans-le-premier-cas-lie-au-genocide-juge-aux-etats-unis10276.html","og_site_name":"JusticeInfo.net","article_publisher":"https:\/\/www.facebook.com\/JusticeInfo\/","article_published_time":"2011-08-25T22:00:00+00:00","og_image":[{"width":1200,"height":630,"url":"https:\/\/www.justiceinfo.net\/wp-content\/uploads\/JusticeInfoNet_logo_1200x630px.jpg","type":"image\/jpeg"}],"author":"solivri","twitter_card":"summary_large_image","twitter_creator":"@justiceinfonet","twitter_site":"@justiceinfonet","twitter_misc":{"\u00c9crit par":"solivri","Dur\u00e9e de lecture estim\u00e9e":"2 minutes"},"schema":{"@context":"https:\/\/schema.org","@graph":[{"@type":"NewsArticle","@id":"https:\/\/www.justiceinfo.net\/fr\/13462-260811-usarwanda-acquittement-dans-le-premier-cas-lie-au-genocide-juge-aux-etats-unis10276.html#article","isPartOf":{"@id":"https:\/\/www.justiceinfo.net\/fr\/13462-260811-usarwanda-acquittement-dans-le-premier-cas-lie-au-genocide-juge-aux-etats-unis10276.html"},"author":{"name":"solivri","@id":"https:\/\/www.justiceinfo.net\/fr#\/schema\/person\/6e53cba1629e2e66f3fc1821d3091865"},"headline":"26.08.11 - USA\/RWANDA - ACQUITTEMENT DANS LE PREMIER CAS LIE AU GENOCIDE JUG\u00c9 AUX ETATS-UNIS","datePublished":"2011-08-25T22:00:00+00:00","mainEntityOfPage":{"@id":"https:\/\/www.justiceinfo.net\/fr\/13462-260811-usarwanda-acquittement-dans-le-premier-cas-lie-au-genocide-juge-aux-etats-unis10276.html"},"wordCount":447,"commentCount":0,"publisher":{"@id":"https:\/\/www.justiceinfo.net\/fr#organization"},"articleSection":["Hirondelle News"],"inLanguage":"fr-FR","potentialAction":[{"@type":"CommentAction","name":"Comment","target":["https:\/\/www.justiceinfo.net\/fr\/13462-260811-usarwanda-acquittement-dans-le-premier-cas-lie-au-genocide-juge-aux-etats-unis10276.html#respond"]}]},{"@type":"WebPage","@id":"https:\/\/www.justiceinfo.net\/fr\/13462-260811-usarwanda-acquittement-dans-le-premier-cas-lie-au-genocide-juge-aux-etats-unis10276.html","url":"https:\/\/www.justiceinfo.net\/fr\/13462-260811-usarwanda-acquittement-dans-le-premier-cas-lie-au-genocide-juge-aux-etats-unis10276.html","name":"26.08.11 - USA\/RWANDA - ACQUITTEMENT DANS LE PREMIER CAS LIE AU GENOCIDE JUG\u00c9 AUX ETATS-UNIS - JusticeInfo.net","isPartOf":{"@id":"https:\/\/www.justiceinfo.net\/fr#website"},"datePublished":"2011-08-25T22:00:00+00:00","breadcrumb":{"@id":"https:\/\/www.justiceinfo.net\/fr\/13462-260811-usarwanda-acquittement-dans-le-premier-cas-lie-au-genocide-juge-aux-etats-unis10276.html#breadcrumb"},"inLanguage":"fr-FR","potentialAction":[{"@type":"ReadAction","target":["https:\/\/www.justiceinfo.net\/fr\/13462-260811-usarwanda-acquittement-dans-le-premier-cas-lie-au-genocide-juge-aux-etats-unis10276.html"]}]},{"@type":"BreadcrumbList","@id":"https:\/\/www.justiceinfo.net\/fr\/13462-260811-usarwanda-acquittement-dans-le-premier-cas-lie-au-genocide-juge-aux-etats-unis10276.html#breadcrumb","itemListElement":[{"@type":"ListItem","position":1,"name":"Home","item":"https:\/\/www.justiceinfo.net\/fr"},{"@type":"ListItem","position":2,"name":"26.08.11 - USA\/RWANDA - ACQUITTEMENT DANS LE PREMIER CAS LIE AU GENOCIDE JUG\u00c9 AUX ETATS-UNIS"}]},{"@type":"WebSite","@id":"https:\/\/www.justiceinfo.net\/fr#website","url":"https:\/\/www.justiceinfo.net\/fr","name":"JusticeInfo.net","description":"La justice doit \u00eatre vue pour \u00eatre rendue","publisher":{"@id":"https:\/\/www.justiceinfo.net\/fr#organization"},"potentialAction":[{"@type":"SearchAction","target":{"@type":"EntryPoint","urlTemplate":"https:\/\/www.justiceinfo.net\/fr?s={search_term_string}"},"query-input":{"@type":"PropertyValueSpecification","valueRequired":true,"valueName":"search_term_string"}}],"inLanguage":"fr-FR"},{"@type":"Organization","@id":"https:\/\/www.justiceinfo.net\/fr#organization","name":"Justice Info","url":"https:\/\/www.justiceinfo.net\/fr","logo":{"@type":"ImageObject","inLanguage":"fr-FR","@id":"https:\/\/www.justiceinfo.net\/fr#\/schema\/logo\/image\/","url":"https:\/\/www.justiceinfo.net\/wp-content\/uploads\/justiceinfo_logo-trans_1200x1200px.png","contentUrl":"https:\/\/www.justiceinfo.net\/wp-content\/uploads\/justiceinfo_logo-trans_1200x1200px.png","width":1199,"height":1200,"caption":"Justice Info"},"image":{"@id":"https:\/\/www.justiceinfo.net\/fr#\/schema\/logo\/image\/"},"sameAs":["https:\/\/www.facebook.com\/JusticeInfo\/","https:\/\/x.com\/justiceinfonet","https:\/\/www.linkedin.com\/company\/justice-info","https:\/\/www.youtube.com\/channel\/UCyCEsARodyuWtkWyhn-e7pA"]},{"@type":"Person","name":"solivri","url":"\/fr\/?s=solivri"}]}},"_links":{"self":[{"href":"https:\/\/www.justiceinfo.net\/fr\/wp-json\/wp\/v2\/posts\/13462","targetHints":{"allow":["GET"]}}],"collection":[{"href":"https:\/\/www.justiceinfo.net\/fr\/wp-json\/wp\/v2\/posts"}],"about":[{"href":"https:\/\/www.justiceinfo.net\/fr\/wp-json\/wp\/v2\/types\/post"}],"author":[{"embeddable":true,"href":"https:\/\/www.justiceinfo.net\/fr\/wp-json\/wp\/v2\/users\/64"}],"replies":[{"embeddable":true,"href":"https:\/\/www.justiceinfo.net\/fr\/wp-json\/wp\/v2\/comments?post=13462"}],"version-history":[{"count":0,"href":"https:\/\/www.justiceinfo.net\/fr\/wp-json\/wp\/v2\/posts\/13462\/revisions"}],"wp:attachment":[{"href":"https:\/\/www.justiceinfo.net\/fr\/wp-json\/wp\/v2\/media?parent=13462"}],"wp:term":[{"taxonomy":"category","embeddable":true,"href":"https:\/\/www.justiceinfo.net\/fr\/wp-json\/wp\/v2\/categories?post=13462"},{"taxonomy":"post_tag","embeddable":true,"href":"https:\/\/www.justiceinfo.net\/fr\/wp-json\/wp\/v2\/tags?post=13462"},{"taxonomy":"ji_location","embeddable":true,"href":"https:\/\/www.justiceinfo.net\/fr\/wp-json\/wp\/v2\/ji_location?post=13462"}],"curies":[{"name":"wp","href":"https:\/\/api.w.org\/{rel}","templated":true}]}}