{"id":13466,"date":"2011-08-31T00:00:00","date_gmt":"2011-08-30T22:00:00","guid":{"rendered":"https:\/\/www.justiceinfo.net\/13466-310811-cpiruto-les-audiences-de-confirmation-des-charges-commencent-le-1er-septembre10280.html"},"modified":"2011-08-31T00:00:00","modified_gmt":"2011-08-30T22:00:00","slug":"310811-cpiruto-les-audiences-de-confirmation-des-charges-commencent-le-1er-septembre10280","status":"publish","type":"post","link":"https:\/\/www.justiceinfo.net\/fr\/13466-310811-cpiruto-les-audiences-de-confirmation-des-charges-commencent-le-1er-septembre10280.html","title":{"rendered":"31.08.11 - CPI\/RUTO - LES AUDIENCES DE CONFIRMATION DES CHARGES COMMENCENT LE 1ER SEPTEMBRE"},"content":{"rendered":"<p>\nLa Haye, 31 ao&ucirc;t 2011 (FH) - Les audiences de confirmation des charges dans l'affaire Ruto d&eacute;buteront le 1er&nbsp;septembre devant la Cour p&eacute;nale internationale (CPI). Ces audiences, qui se d&eacute;rouleront jusqu'au 12 septembre, visent &agrave; confirmer, ou non, les charges retenues par le procureur contre les trois suspects. Les anciens ministres, William Ruto et Henry Kosgey, ainsi que le journaliste Joshua Sang, sont suspect&eacute;s de crimes contre l'humanit&eacute; pour meurtres, pers&eacute;cutions et transferts forc&eacute;s de population, commis au Kenya entre le 30 d&eacute;cembre 2007 et fin janvier 2008.\n<\/p>\n<p><!--more--><\/p>\n<p >\n<p >\nSuite &agrave; l'&eacute;lection pr&eacute;sidentielle du 27 d&eacute;cembre 2007, des affrontements avaient oppos&eacute; le Parti national unifi&eacute; (PNU) de Mwai Kibaki, vainqueur de la pr&eacute;sidentielle, aux partisans du principal parti d'opposition, le Mouvement d&eacute;mocratique orange (ODM), dont le candidat &eacute;tait l'actuel premier ministre, Raila Odinga. Des violences ethniques avaient &eacute;clat&eacute;, au cours desquelles les Kikuyus, partisans suppos&eacute;s du PNU, puis les Kalenjins, proches d'ODM, avaient &eacute;t&eacute; cibl&eacute;s.&nbsp;&nbsp;&nbsp;&nbsp;\n<\/p>\n<p >\nUn accord de partage du pouvoir, parrain&eacute; par l'ancien Secr&eacute;taire g&eacute;n&eacute;ral des Nations unies, Kofi Annan, avait &eacute;t&eacute; sign&eacute; le 28 f&eacute;vrier 2008. L'accord et la formation d'un gouvernement d'union avaient permis de mettre fin aux violences. Selon la commission d'enqu&ecirc;te Waki, le bilan des troubles &eacute;tait cependant de plus de 1200 morts, 3500 bless&eacute;s et 350 000 d&eacute;plac&eacute;s.\n<\/p>\n<p >\nPour le procureur, William Ruto, Henry Kosgey et Joshua Sang avaient mis en place un plan commun, &laquo; consistant &agrave; punir les partisans du PNU dans l'&eacute;ventualit&eacute; o&ugrave; les &eacute;lections pr&eacute;sidentielles de 2007 seraient truqu&eacute;es. &raquo; Ce plan &laquo; pr&eacute;voyait leur expulsion de la vall&eacute;e du Rift, dans l'objectif final de cr&eacute;er un bloc d'&eacute;lecteurs uniforme favorable au Mouvement d&eacute;mocratique orange &raquo;. Selon l'accusation, William Ruto &eacute;tait le chef du r&eacute;seau, Henry Kosgey le chef adjoint et tr&eacute;sorier, et Joshua Sang, le responsable de la communication.\n<\/p>\n<p >\nSuspendu durant l'automne 2010 pour son implication dans une affaire de corruption, charges pour lesquelles il a &eacute;t&eacute; acquitt&eacute; en avril 2011, William Ruto n'a pas surv&eacute;cu au remaniement minist&eacute;riel du 24 ao&ucirc;t. Candidat non d&eacute;clar&eacute; &agrave; l'&eacute;lection pr&eacute;sidentielle de 2012, M. Ruto risque de voir sa course aux plus hautes fonctions de l'Etat s&eacute;v&egrave;rement entrav&eacute;e par les poursuites engag&eacute;es contre lui.\n<\/p>\n<p >\nPr&eacute;sident du Mouvement d&eacute;mocratique orange, son co-accus&eacute;, Henry Kosgey, avait d&eacute;missionn&eacute; de son poste de ministre de l'Industrie apr&egrave;s avoir &eacute;t&eacute; mis en cause dans une affaire de corruption, d&eacute;but janvier 2011. Le troisi&egrave;me accus&eacute;, Joshua Sang, est l'un des responsables de la radio Kass FM, dans la vall&eacute;e du Rift, et aurait, au moment des &eacute;v&eacute;nements, diffus&eacute; des messages de haines.&nbsp; &nbsp;\n<\/p>\n<p >\nLe procureur, Luis Moreno Ocampo, avait ouvert une enqu&ecirc;te de sa propre initiative, b&eacute;n&eacute;ficiant du soutien affich&eacute; des Etats-Unis, de l'Union europ&eacute;enne, des Nations unies, ainsi que de certains Etats de la r&eacute;gion, dont l'Ouganda et la Tanzanie, qui craignent une reprise des violences &agrave; l'approche des &eacute;ch&eacute;ances &eacute;lectorales de 2012.\n<\/p>\n<p >\nLa d&eacute;cision des juges ne sera pas rendue avant plusieurs semaines, mais s'ils devaient d&eacute;cider de confirmer les charges port&eacute;es contre les suspects, les trois hommes pourraient alors &ecirc;tre incarc&eacute;r&eacute;s. Pour l'instant, ils ne font pas l'objet de mandats d'arr&ecirc;t et comparaissent donc librement devant les juges. Des audiences de confirmation des charges visant les trois autres suspects de crimes commis au Kenya, Uhuru Kenyatta, Francis Muthaura et le g&eacute;n&eacute;ral Ali Hussein, sont pr&eacute;vues pour le 21 septembre.\n<\/p>\n<p >\nSM\/GF\n<\/p>\n<p >\n<p >\n&copy; Agence Hirondelle<\/p>\n","protected":false},"excerpt":{"rendered":"<p>La Haye, 31 ao&ucirc;t 2011 (FH) - Les audiences de confirmation des charges dans l'affaire Ruto d&eacute;buteront le 1er&nbsp;septembre devant la Cour p&eacute;nale internationale (CPI). Ces audiences, qui se d&eacute;rouleront jusqu'au 12 septembre, visent &agrave; confirmer, ou non, les charges retenues par le procureur contre les trois suspects. Les anciens ministres, William Ruto et Henry [&hellip;]<\/p>\n","protected":false},"author":64,"featured_media":0,"comment_status":"open","ping_status":"closed","sticky":false,"template":"","format":"standard","meta":{"_acf_changed":false,"footnotes":""},"categories":[554],"tags":[],"ji_location":[],"class_list":["post-13466","post","type-post","status-publish","format-standard","hentry","category-hirondellenews"],"acf":[],"yoast_head":"<!-- This site is optimized with the Yoast SEO Premium plugin v25.3.1 (Yoast SEO v25.3.1) - https:\/\/yoast.com\/wordpress\/plugins\/seo\/ -->\n<title>31.08.11 - CPI\/RUTO - LES AUDIENCES DE CONFIRMATION DES CHARGES COMMENCENT LE 1ER SEPTEMBRE - JusticeInfo.net<\/title>\n<meta name=\"robots\" content=\"index, follow, max-snippet:-1, max-image-preview:large, max-video-preview:-1\" \/>\n<link rel=\"canonical\" href=\"https:\/\/www.justiceinfo.net\/fr\/13466-310811-cpiruto-les-audiences-de-confirmation-des-charges-commencent-le-1er-septembre10280.html\" \/>\n<meta property=\"og:locale\" content=\"fr_FR\" \/>\n<meta property=\"og:type\" content=\"article\" \/>\n<meta property=\"og:title\" content=\"31.08.11 - CPI\/RUTO - LES AUDIENCES DE CONFIRMATION DES CHARGES COMMENCENT LE 1ER SEPTEMBRE\" \/>\n<meta property=\"og:description\" content=\"La Haye, 31 ao&ucirc;t 2011 (FH) - Les audiences de confirmation des charges dans l&#039;affaire Ruto d&eacute;buteront le 1er&nbsp;septembre devant la Cour p&eacute;nale internationale (CPI). Ces audiences, qui se d&eacute;rouleront jusqu&#039;au 12 septembre, visent &agrave; confirmer, ou non, les charges retenues par le procureur contre les trois suspects. Les anciens ministres, William Ruto et Henry [&hellip;]\" \/>\n<meta property=\"og:url\" content=\"https:\/\/www.justiceinfo.net\/fr\/13466-310811-cpiruto-les-audiences-de-confirmation-des-charges-commencent-le-1er-septembre10280.html\" \/>\n<meta property=\"og:site_name\" content=\"JusticeInfo.net\" \/>\n<meta property=\"article:publisher\" content=\"https:\/\/www.facebook.com\/JusticeInfo\/\" \/>\n<meta property=\"article:published_time\" content=\"2011-08-30T22:00:00+00:00\" \/>\n<meta property=\"og:image\" content=\"https:\/\/www.justiceinfo.net\/wp-content\/uploads\/JusticeInfoNet_logo_1200x630px.jpg\" \/>\n\t<meta property=\"og:image:width\" content=\"1200\" \/>\n\t<meta property=\"og:image:height\" content=\"630\" \/>\n\t<meta property=\"og:image:type\" content=\"image\/jpeg\" \/>\n<meta name=\"author\" content=\"solivri\" \/>\n<meta name=\"twitter:card\" content=\"summary_large_image\" \/>\n<meta name=\"twitter:creator\" content=\"@justiceinfonet\" \/>\n<meta name=\"twitter:site\" content=\"@justiceinfonet\" \/>\n<meta name=\"twitter:label1\" content=\"\u00c9crit par\" \/>\n\t<meta name=\"twitter:data1\" content=\"solivri\" \/>\n\t<meta name=\"twitter:label2\" content=\"Dur\u00e9e de lecture estim\u00e9e\" \/>\n\t<meta name=\"twitter:data2\" content=\"4 minutes\" \/>\n<script type=\"application\/ld+json\" class=\"yoast-schema-graph\">{\"@context\":\"https:\/\/schema.org\",\"@graph\":[{\"@type\":\"NewsArticle\",\"@id\":\"https:\/\/www.justiceinfo.net\/fr\/13466-310811-cpiruto-les-audiences-de-confirmation-des-charges-commencent-le-1er-septembre10280.html#article\",\"isPartOf\":{\"@id\":\"https:\/\/www.justiceinfo.net\/fr\/13466-310811-cpiruto-les-audiences-de-confirmation-des-charges-commencent-le-1er-septembre10280.html\"},\"author\":{\"name\":\"solivri\",\"@id\":\"https:\/\/www.justiceinfo.net\/fr#\/schema\/person\/6e53cba1629e2e66f3fc1821d3091865\"},\"headline\":\"31.08.11 - CPI\/RUTO - LES AUDIENCES DE CONFIRMATION DES CHARGES COMMENCENT LE 1ER SEPTEMBRE\",\"datePublished\":\"2011-08-30T22:00:00+00:00\",\"mainEntityOfPage\":{\"@id\":\"https:\/\/www.justiceinfo.net\/fr\/13466-310811-cpiruto-les-audiences-de-confirmation-des-charges-commencent-le-1er-septembre10280.html\"},\"wordCount\":746,\"commentCount\":0,\"publisher\":{\"@id\":\"https:\/\/www.justiceinfo.net\/fr#organization\"},\"articleSection\":[\"Hirondelle News\"],\"inLanguage\":\"fr-FR\",\"potentialAction\":[{\"@type\":\"CommentAction\",\"name\":\"Comment\",\"target\":[\"https:\/\/www.justiceinfo.net\/fr\/13466-310811-cpiruto-les-audiences-de-confirmation-des-charges-commencent-le-1er-septembre10280.html#respond\"]}]},{\"@type\":\"WebPage\",\"@id\":\"https:\/\/www.justiceinfo.net\/fr\/13466-310811-cpiruto-les-audiences-de-confirmation-des-charges-commencent-le-1er-septembre10280.html\",\"url\":\"https:\/\/www.justiceinfo.net\/fr\/13466-310811-cpiruto-les-audiences-de-confirmation-des-charges-commencent-le-1er-septembre10280.html\",\"name\":\"31.08.11 - CPI\/RUTO - LES AUDIENCES DE CONFIRMATION DES CHARGES COMMENCENT LE 1ER SEPTEMBRE - JusticeInfo.net\",\"isPartOf\":{\"@id\":\"https:\/\/www.justiceinfo.net\/fr#website\"},\"datePublished\":\"2011-08-30T22:00:00+00:00\",\"breadcrumb\":{\"@id\":\"https:\/\/www.justiceinfo.net\/fr\/13466-310811-cpiruto-les-audiences-de-confirmation-des-charges-commencent-le-1er-septembre10280.html#breadcrumb\"},\"inLanguage\":\"fr-FR\",\"potentialAction\":[{\"@type\":\"ReadAction\",\"target\":[\"https:\/\/www.justiceinfo.net\/fr\/13466-310811-cpiruto-les-audiences-de-confirmation-des-charges-commencent-le-1er-septembre10280.html\"]}]},{\"@type\":\"BreadcrumbList\",\"@id\":\"https:\/\/www.justiceinfo.net\/fr\/13466-310811-cpiruto-les-audiences-de-confirmation-des-charges-commencent-le-1er-septembre10280.html#breadcrumb\",\"itemListElement\":[{\"@type\":\"ListItem\",\"position\":1,\"name\":\"Home\",\"item\":\"https:\/\/www.justiceinfo.net\/fr\"},{\"@type\":\"ListItem\",\"position\":2,\"name\":\"31.08.11 - CPI\/RUTO - LES AUDIENCES DE CONFIRMATION DES CHARGES COMMENCENT LE 1ER SEPTEMBRE\"}]},{\"@type\":\"WebSite\",\"@id\":\"https:\/\/www.justiceinfo.net\/fr#website\",\"url\":\"https:\/\/www.justiceinfo.net\/fr\",\"name\":\"JusticeInfo.net\",\"description\":\"La justice doit \u00eatre vue pour \u00eatre rendue\",\"publisher\":{\"@id\":\"https:\/\/www.justiceinfo.net\/fr#organization\"},\"potentialAction\":[{\"@type\":\"SearchAction\",\"target\":{\"@type\":\"EntryPoint\",\"urlTemplate\":\"https:\/\/www.justiceinfo.net\/fr?s={search_term_string}\"},\"query-input\":{\"@type\":\"PropertyValueSpecification\",\"valueRequired\":true,\"valueName\":\"search_term_string\"}}],\"inLanguage\":\"fr-FR\"},{\"@type\":\"Organization\",\"@id\":\"https:\/\/www.justiceinfo.net\/fr#organization\",\"name\":\"Justice Info\",\"url\":\"https:\/\/www.justiceinfo.net\/fr\",\"logo\":{\"@type\":\"ImageObject\",\"inLanguage\":\"fr-FR\",\"@id\":\"https:\/\/www.justiceinfo.net\/fr#\/schema\/logo\/image\/\",\"url\":\"https:\/\/www.justiceinfo.net\/wp-content\/uploads\/justiceinfo_logo-trans_1200x1200px.png\",\"contentUrl\":\"https:\/\/www.justiceinfo.net\/wp-content\/uploads\/justiceinfo_logo-trans_1200x1200px.png\",\"width\":1199,\"height\":1200,\"caption\":\"Justice Info\"},\"image\":{\"@id\":\"https:\/\/www.justiceinfo.net\/fr#\/schema\/logo\/image\/\"},\"sameAs\":[\"https:\/\/www.facebook.com\/JusticeInfo\/\",\"https:\/\/x.com\/justiceinfonet\",\"https:\/\/www.linkedin.com\/company\/justice-info\",\"https:\/\/www.youtube.com\/channel\/UCyCEsARodyuWtkWyhn-e7pA\"]},{\"@type\":\"Person\",\"name\":\"solivri\",\"url\":\"\/fr\/?s=solivri\"}]}<\/script>\n<!-- \/ Yoast SEO Premium plugin. -->","yoast_head_json":{"title":"31.08.11 - CPI\/RUTO - LES AUDIENCES DE CONFIRMATION DES CHARGES COMMENCENT LE 1ER SEPTEMBRE - JusticeInfo.net","robots":{"index":"index","follow":"follow","max-snippet":"max-snippet:-1","max-image-preview":"max-image-preview:large","max-video-preview":"max-video-preview:-1"},"canonical":"https:\/\/www.justiceinfo.net\/fr\/13466-310811-cpiruto-les-audiences-de-confirmation-des-charges-commencent-le-1er-septembre10280.html","og_locale":"fr_FR","og_type":"article","og_title":"31.08.11 - CPI\/RUTO - LES AUDIENCES DE CONFIRMATION DES CHARGES COMMENCENT LE 1ER SEPTEMBRE","og_description":"La Haye, 31 ao&ucirc;t 2011 (FH) - Les audiences de confirmation des charges dans l'affaire Ruto d&eacute;buteront le 1er&nbsp;septembre devant la Cour p&eacute;nale internationale (CPI). Ces audiences, qui se d&eacute;rouleront jusqu'au 12 septembre, visent &agrave; confirmer, ou non, les charges retenues par le procureur contre les trois suspects. Les anciens ministres, William Ruto et Henry [&hellip;]","og_url":"https:\/\/www.justiceinfo.net\/fr\/13466-310811-cpiruto-les-audiences-de-confirmation-des-charges-commencent-le-1er-septembre10280.html","og_site_name":"JusticeInfo.net","article_publisher":"https:\/\/www.facebook.com\/JusticeInfo\/","article_published_time":"2011-08-30T22:00:00+00:00","og_image":[{"width":1200,"height":630,"url":"https:\/\/www.justiceinfo.net\/wp-content\/uploads\/JusticeInfoNet_logo_1200x630px.jpg","type":"image\/jpeg"}],"author":"solivri","twitter_card":"summary_large_image","twitter_creator":"@justiceinfonet","twitter_site":"@justiceinfonet","twitter_misc":{"\u00c9crit par":"solivri","Dur\u00e9e de lecture estim\u00e9e":"4 minutes"},"schema":{"@context":"https:\/\/schema.org","@graph":[{"@type":"NewsArticle","@id":"https:\/\/www.justiceinfo.net\/fr\/13466-310811-cpiruto-les-audiences-de-confirmation-des-charges-commencent-le-1er-septembre10280.html#article","isPartOf":{"@id":"https:\/\/www.justiceinfo.net\/fr\/13466-310811-cpiruto-les-audiences-de-confirmation-des-charges-commencent-le-1er-septembre10280.html"},"author":{"name":"solivri","@id":"https:\/\/www.justiceinfo.net\/fr#\/schema\/person\/6e53cba1629e2e66f3fc1821d3091865"},"headline":"31.08.11 - CPI\/RUTO - LES AUDIENCES DE CONFIRMATION DES CHARGES COMMENCENT LE 1ER SEPTEMBRE","datePublished":"2011-08-30T22:00:00+00:00","mainEntityOfPage":{"@id":"https:\/\/www.justiceinfo.net\/fr\/13466-310811-cpiruto-les-audiences-de-confirmation-des-charges-commencent-le-1er-septembre10280.html"},"wordCount":746,"commentCount":0,"publisher":{"@id":"https:\/\/www.justiceinfo.net\/fr#organization"},"articleSection":["Hirondelle News"],"inLanguage":"fr-FR","potentialAction":[{"@type":"CommentAction","name":"Comment","target":["https:\/\/www.justiceinfo.net\/fr\/13466-310811-cpiruto-les-audiences-de-confirmation-des-charges-commencent-le-1er-septembre10280.html#respond"]}]},{"@type":"WebPage","@id":"https:\/\/www.justiceinfo.net\/fr\/13466-310811-cpiruto-les-audiences-de-confirmation-des-charges-commencent-le-1er-septembre10280.html","url":"https:\/\/www.justiceinfo.net\/fr\/13466-310811-cpiruto-les-audiences-de-confirmation-des-charges-commencent-le-1er-septembre10280.html","name":"31.08.11 - CPI\/RUTO - LES AUDIENCES DE CONFIRMATION DES CHARGES COMMENCENT LE 1ER SEPTEMBRE - JusticeInfo.net","isPartOf":{"@id":"https:\/\/www.justiceinfo.net\/fr#website"},"datePublished":"2011-08-30T22:00:00+00:00","breadcrumb":{"@id":"https:\/\/www.justiceinfo.net\/fr\/13466-310811-cpiruto-les-audiences-de-confirmation-des-charges-commencent-le-1er-septembre10280.html#breadcrumb"},"inLanguage":"fr-FR","potentialAction":[{"@type":"ReadAction","target":["https:\/\/www.justiceinfo.net\/fr\/13466-310811-cpiruto-les-audiences-de-confirmation-des-charges-commencent-le-1er-septembre10280.html"]}]},{"@type":"BreadcrumbList","@id":"https:\/\/www.justiceinfo.net\/fr\/13466-310811-cpiruto-les-audiences-de-confirmation-des-charges-commencent-le-1er-septembre10280.html#breadcrumb","itemListElement":[{"@type":"ListItem","position":1,"name":"Home","item":"https:\/\/www.justiceinfo.net\/fr"},{"@type":"ListItem","position":2,"name":"31.08.11 - CPI\/RUTO - LES AUDIENCES DE CONFIRMATION DES CHARGES COMMENCENT LE 1ER SEPTEMBRE"}]},{"@type":"WebSite","@id":"https:\/\/www.justiceinfo.net\/fr#website","url":"https:\/\/www.justiceinfo.net\/fr","name":"JusticeInfo.net","description":"La justice doit \u00eatre vue pour \u00eatre rendue","publisher":{"@id":"https:\/\/www.justiceinfo.net\/fr#organization"},"potentialAction":[{"@type":"SearchAction","target":{"@type":"EntryPoint","urlTemplate":"https:\/\/www.justiceinfo.net\/fr?s={search_term_string}"},"query-input":{"@type":"PropertyValueSpecification","valueRequired":true,"valueName":"search_term_string"}}],"inLanguage":"fr-FR"},{"@type":"Organization","@id":"https:\/\/www.justiceinfo.net\/fr#organization","name":"Justice Info","url":"https:\/\/www.justiceinfo.net\/fr","logo":{"@type":"ImageObject","inLanguage":"fr-FR","@id":"https:\/\/www.justiceinfo.net\/fr#\/schema\/logo\/image\/","url":"https:\/\/www.justiceinfo.net\/wp-content\/uploads\/justiceinfo_logo-trans_1200x1200px.png","contentUrl":"https:\/\/www.justiceinfo.net\/wp-content\/uploads\/justiceinfo_logo-trans_1200x1200px.png","width":1199,"height":1200,"caption":"Justice Info"},"image":{"@id":"https:\/\/www.justiceinfo.net\/fr#\/schema\/logo\/image\/"},"sameAs":["https:\/\/www.facebook.com\/JusticeInfo\/","https:\/\/x.com\/justiceinfonet","https:\/\/www.linkedin.com\/company\/justice-info","https:\/\/www.youtube.com\/channel\/UCyCEsARodyuWtkWyhn-e7pA"]},{"@type":"Person","name":"solivri","url":"\/fr\/?s=solivri"}]}},"_links":{"self":[{"href":"https:\/\/www.justiceinfo.net\/fr\/wp-json\/wp\/v2\/posts\/13466","targetHints":{"allow":["GET"]}}],"collection":[{"href":"https:\/\/www.justiceinfo.net\/fr\/wp-json\/wp\/v2\/posts"}],"about":[{"href":"https:\/\/www.justiceinfo.net\/fr\/wp-json\/wp\/v2\/types\/post"}],"author":[{"embeddable":true,"href":"https:\/\/www.justiceinfo.net\/fr\/wp-json\/wp\/v2\/users\/64"}],"replies":[{"embeddable":true,"href":"https:\/\/www.justiceinfo.net\/fr\/wp-json\/wp\/v2\/comments?post=13466"}],"version-history":[{"count":0,"href":"https:\/\/www.justiceinfo.net\/fr\/wp-json\/wp\/v2\/posts\/13466\/revisions"}],"wp:attachment":[{"href":"https:\/\/www.justiceinfo.net\/fr\/wp-json\/wp\/v2\/media?parent=13466"}],"wp:term":[{"taxonomy":"category","embeddable":true,"href":"https:\/\/www.justiceinfo.net\/fr\/wp-json\/wp\/v2\/categories?post=13466"},{"taxonomy":"post_tag","embeddable":true,"href":"https:\/\/www.justiceinfo.net\/fr\/wp-json\/wp\/v2\/tags?post=13466"},{"taxonomy":"ji_location","embeddable":true,"href":"https:\/\/www.justiceinfo.net\/fr\/wp-json\/wp\/v2\/ji_location?post=13466"}],"curies":[{"name":"wp","href":"https:\/\/api.w.org\/{rel}","templated":true}]}}