{"id":13472,"date":"2011-08-31T00:00:00","date_gmt":"2011-08-30T22:00:00","guid":{"rendered":"https:\/\/www.justiceinfo.net\/13472-310811-francerwanda-fabien-neretse-extrade-vers-la-belgique10286.html"},"modified":"2011-08-31T00:00:00","modified_gmt":"2011-08-30T22:00:00","slug":"310811-francerwanda-fabien-neretse-extrade-vers-la-belgique10286","status":"publish","type":"post","link":"https:\/\/www.justiceinfo.net\/fr\/13472-310811-francerwanda-fabien-neretse-extrade-vers-la-belgique10286.html","title":{"rendered":"31.08.11 - FRANCE\/RWANDA - FABIEN NERETSE EXTRAD\u00c9 VERS LA BELGIQUE"},"content":{"rendered":"<p>\nParis, 31 ao&ucirc;t 2011 (FH) - L'ancien directeur de l'Office des Caf&eacute;s rwandais Fabien Neretse a &eacute;t&eacute; remis mardi 30 ao&ucirc;t entre les mains des autorit&eacute;s judiciaires belges par la France, en ex&eacute;cution d'un mandat d'arr&ecirc;t europ&eacute;en d&eacute;livr&eacute; le 24 juin dernier &agrave; Bruxelles, a-t-on appris mercredi de sources judiciaires.\n<\/p>\n<p><!--more--><\/p>\n<p >\n<p >\n<p >\nR&eacute;fugi&eacute; depuis plusieurs ann&eacute;es en France sous le nom de son p&egrave;re, Fabien Nsabimana, M. Neretse, &acirc;g&eacute; de 54 ans, avait &eacute;t&eacute; interpell&eacute; le 30 juin dernier &agrave; son domicile d'Angoul&ecirc;me (Ouest de la France). Fabien Neretse avait alors &eacute;t&eacute; interrog&eacute; par deux enqu&ecirc;teurs belges, dans le cadre d'une commission rogatoire li&eacute;e &agrave; sa responsabilit&eacute; dans l'assassinat, le 9 avril 1994 &agrave; Kigali, de Claire Beckers, une citoyenne belge mari&eacute;e &agrave; un Rwandais.\n<\/p>\n<p >\n<p >\nUne plainte contre X a &eacute;t&eacute; d&eacute;pos&eacute;e en Belgique par sa s&oelig;ur Martine Beckers, d&egrave;s juillet 1994. Selon le quotidien La Libre Belgique, Fabien Neretse a &eacute;t&eacute; entendu mardi par le juge d'instruction Jean Coumans, en charge de l'instruction ouverte en 2004 &agrave; Bruxelles pour sa participation au g&eacute;nocide de 1994.\n<\/p>\n<p >\n<p >\nOriginaire de Ruhengeri, cet homme d'influence proche de la famille de l'ancien pr&eacute;sident Habyarimana est par ailleurs suspect&eacute; d'avoir offert des &laquo; facilit&eacute;s aux [milices] Interahamwe en fournissant les armes, le transport et l'argent pour r&eacute;mun&eacute;rer et encourager les massacres &raquo;, selon un acte d'accusation &eacute;mis en ao&ucirc;t 2007 par le parquet de Kigali, qui avait &eacute;t&eacute; repris dans la plainte d&eacute;pos&eacute;e en France en mai 2008 par le Collectif des parties civiles pour le Rwanda.\n<\/p>\n<p >\n<p >\nEn France, le dossier de Fabien Neretse &eacute;tait suivi par les juges d'instruction parisiens Ren&eacute; Cros et C&eacute;line Hildenbrandt, qui ont donc accept&eacute; de transf&eacute;rer l'accus&eacute; vers la Belgique o&ugrave; l'instruction &eacute;tait &laquo; bien avanc&eacute;e &raquo;, selon une source polici&egrave;re interrog&eacute;e en juillet par l'agence Hirondelle. &laquo; Quatre dossiers importants sont en cours d'instruction, qui pourraient aboutir &agrave; des proc&egrave;s, ajoutait cette source. Toutefois l'agenda de la cour d'assises de Bruxelles ne permettrait pas qu'ils se tiennent avant 2013. &raquo;\n<\/p>\n<p >\n<p >\nFabien Neretse est la cinqui&egrave;me personne plac&eacute;e en 2011 sous mandat d'arr&ecirc;t &agrave; Bruxelles dans un dossier li&eacute; au g&eacute;nocide rwandais, constate La Libre Belgique. Deux membres pr&eacute;sum&eacute;s des Interahamwe, Ernest Gakwaya et Emmanuel Nkunzuwimye ont &eacute;t&eacute; arr&ecirc;t&eacute;s en mars &agrave; Bruxelles. Un ex-officier des Forces arm&eacute;es rwandaises, Jean-Marie Ndahimana, a &eacute;t&eacute; &eacute;galement &eacute;t&eacute; appr&eacute;hend&eacute;, ainsi que Mathias Bushishi, ancien procureur de la R&eacute;publique &agrave; Butare pendant le g&eacute;nocide. Et &laquo; d'autres arrestations ne sont pas &agrave; exclure &raquo;, estime le quotidien bruxellois.\n<\/p>\n<p >\n<p >\nTandis qu'en Belgique quatre proc&egrave;s &laquo; rwandais &raquo; ont d&eacute;j&agrave; &eacute;t&eacute; organis&eacute;s devant la cour d'assises de Bruxelles, aucun ne s'est encore tenu en France depuis le g&eacute;nocide de 1994. Vingt dossiers de ce type sont toutefois actuellement ouverts sur les bureaux de quatre juges d'instruction du Tribunal de grande instance de Paris.\n<\/p>\n<p >\n<p>\nFP\/GF\n<\/p>\n<p>\n&copy; Agence Hirondelle<\/p>\n","protected":false},"excerpt":{"rendered":"<p>Paris, 31 ao&ucirc;t 2011 (FH) - L'ancien directeur de l'Office des Caf&eacute;s rwandais Fabien Neretse a &eacute;t&eacute; remis mardi 30 ao&ucirc;t entre les mains des autorit&eacute;s judiciaires belges par la France, en ex&eacute;cution d'un mandat d'arr&ecirc;t europ&eacute;en d&eacute;livr&eacute; le 24 juin dernier &agrave; Bruxelles, a-t-on appris mercredi de sources judiciaires.<\/p>\n","protected":false},"author":64,"featured_media":0,"comment_status":"open","ping_status":"closed","sticky":false,"template":"","format":"standard","meta":{"_acf_changed":false,"footnotes":""},"categories":[554],"tags":[],"ji_location":[],"class_list":["post-13472","post","type-post","status-publish","format-standard","hentry","category-hirondellenews"],"acf":[],"yoast_head":"<!-- This site is optimized with the Yoast SEO Premium plugin v25.3.1 (Yoast SEO v25.3.1) - https:\/\/yoast.com\/wordpress\/plugins\/seo\/ -->\n<title>31.08.11 - FRANCE\/RWANDA - FABIEN NERETSE EXTRAD\u00c9 VERS LA BELGIQUE - JusticeInfo.net<\/title>\n<meta name=\"robots\" content=\"index, follow, max-snippet:-1, max-image-preview:large, max-video-preview:-1\" \/>\n<link rel=\"canonical\" href=\"https:\/\/www.justiceinfo.net\/fr\/13472-310811-francerwanda-fabien-neretse-extrade-vers-la-belgique10286.html\" \/>\n<meta property=\"og:locale\" content=\"fr_FR\" \/>\n<meta property=\"og:type\" content=\"article\" \/>\n<meta property=\"og:title\" content=\"31.08.11 - FRANCE\/RWANDA - FABIEN NERETSE EXTRAD\u00c9 VERS LA BELGIQUE\" \/>\n<meta property=\"og:description\" content=\"Paris, 31 ao&ucirc;t 2011 (FH) - L&#039;ancien directeur de l&#039;Office des Caf&eacute;s rwandais Fabien Neretse a &eacute;t&eacute; remis mardi 30 ao&ucirc;t entre les mains des autorit&eacute;s judiciaires belges par la France, en ex&eacute;cution d&#039;un mandat d&#039;arr&ecirc;t europ&eacute;en d&eacute;livr&eacute; le 24 juin dernier &agrave; Bruxelles, a-t-on appris mercredi de sources judiciaires.\" \/>\n<meta property=\"og:url\" content=\"https:\/\/www.justiceinfo.net\/fr\/13472-310811-francerwanda-fabien-neretse-extrade-vers-la-belgique10286.html\" \/>\n<meta property=\"og:site_name\" content=\"JusticeInfo.net\" \/>\n<meta property=\"article:publisher\" content=\"https:\/\/www.facebook.com\/JusticeInfo\/\" \/>\n<meta property=\"article:published_time\" content=\"2011-08-30T22:00:00+00:00\" \/>\n<meta property=\"og:image\" content=\"https:\/\/www.justiceinfo.net\/wp-content\/uploads\/JusticeInfoNet_logo_1200x630px.jpg\" \/>\n\t<meta property=\"og:image:width\" content=\"1200\" \/>\n\t<meta property=\"og:image:height\" content=\"630\" \/>\n\t<meta property=\"og:image:type\" content=\"image\/jpeg\" \/>\n<meta name=\"author\" content=\"solivri\" \/>\n<meta name=\"twitter:card\" content=\"summary_large_image\" \/>\n<meta name=\"twitter:creator\" content=\"@justiceinfonet\" \/>\n<meta name=\"twitter:site\" content=\"@justiceinfonet\" \/>\n<meta name=\"twitter:label1\" content=\"\u00c9crit par\" \/>\n\t<meta name=\"twitter:data1\" content=\"solivri\" \/>\n\t<meta name=\"twitter:label2\" content=\"Dur\u00e9e de lecture estim\u00e9e\" \/>\n\t<meta name=\"twitter:data2\" content=\"3 minutes\" \/>\n<script type=\"application\/ld+json\" class=\"yoast-schema-graph\">{\"@context\":\"https:\/\/schema.org\",\"@graph\":[{\"@type\":\"NewsArticle\",\"@id\":\"https:\/\/www.justiceinfo.net\/fr\/13472-310811-francerwanda-fabien-neretse-extrade-vers-la-belgique10286.html#article\",\"isPartOf\":{\"@id\":\"https:\/\/www.justiceinfo.net\/fr\/13472-310811-francerwanda-fabien-neretse-extrade-vers-la-belgique10286.html\"},\"author\":{\"name\":\"solivri\",\"@id\":\"https:\/\/www.justiceinfo.net\/fr#\/schema\/person\/6e53cba1629e2e66f3fc1821d3091865\"},\"headline\":\"31.08.11 - FRANCE\/RWANDA - FABIEN NERETSE EXTRAD\u00c9 VERS LA BELGIQUE\",\"datePublished\":\"2011-08-30T22:00:00+00:00\",\"mainEntityOfPage\":{\"@id\":\"https:\/\/www.justiceinfo.net\/fr\/13472-310811-francerwanda-fabien-neretse-extrade-vers-la-belgique10286.html\"},\"wordCount\":630,\"commentCount\":0,\"publisher\":{\"@id\":\"https:\/\/www.justiceinfo.net\/fr#organization\"},\"articleSection\":[\"Hirondelle News\"],\"inLanguage\":\"fr-FR\",\"potentialAction\":[{\"@type\":\"CommentAction\",\"name\":\"Comment\",\"target\":[\"https:\/\/www.justiceinfo.net\/fr\/13472-310811-francerwanda-fabien-neretse-extrade-vers-la-belgique10286.html#respond\"]}]},{\"@type\":\"WebPage\",\"@id\":\"https:\/\/www.justiceinfo.net\/fr\/13472-310811-francerwanda-fabien-neretse-extrade-vers-la-belgique10286.html\",\"url\":\"https:\/\/www.justiceinfo.net\/fr\/13472-310811-francerwanda-fabien-neretse-extrade-vers-la-belgique10286.html\",\"name\":\"31.08.11 - FRANCE\/RWANDA - FABIEN NERETSE EXTRAD\u00c9 VERS LA BELGIQUE - JusticeInfo.net\",\"isPartOf\":{\"@id\":\"https:\/\/www.justiceinfo.net\/fr#website\"},\"datePublished\":\"2011-08-30T22:00:00+00:00\",\"breadcrumb\":{\"@id\":\"https:\/\/www.justiceinfo.net\/fr\/13472-310811-francerwanda-fabien-neretse-extrade-vers-la-belgique10286.html#breadcrumb\"},\"inLanguage\":\"fr-FR\",\"potentialAction\":[{\"@type\":\"ReadAction\",\"target\":[\"https:\/\/www.justiceinfo.net\/fr\/13472-310811-francerwanda-fabien-neretse-extrade-vers-la-belgique10286.html\"]}]},{\"@type\":\"BreadcrumbList\",\"@id\":\"https:\/\/www.justiceinfo.net\/fr\/13472-310811-francerwanda-fabien-neretse-extrade-vers-la-belgique10286.html#breadcrumb\",\"itemListElement\":[{\"@type\":\"ListItem\",\"position\":1,\"name\":\"Home\",\"item\":\"https:\/\/www.justiceinfo.net\/fr\"},{\"@type\":\"ListItem\",\"position\":2,\"name\":\"31.08.11 - FRANCE\/RWANDA - FABIEN NERETSE EXTRAD\u00c9 VERS LA BELGIQUE\"}]},{\"@type\":\"WebSite\",\"@id\":\"https:\/\/www.justiceinfo.net\/fr#website\",\"url\":\"https:\/\/www.justiceinfo.net\/fr\",\"name\":\"JusticeInfo.net\",\"description\":\"La justice doit \u00eatre vue pour \u00eatre rendue\",\"publisher\":{\"@id\":\"https:\/\/www.justiceinfo.net\/fr#organization\"},\"potentialAction\":[{\"@type\":\"SearchAction\",\"target\":{\"@type\":\"EntryPoint\",\"urlTemplate\":\"https:\/\/www.justiceinfo.net\/fr?s={search_term_string}\"},\"query-input\":{\"@type\":\"PropertyValueSpecification\",\"valueRequired\":true,\"valueName\":\"search_term_string\"}}],\"inLanguage\":\"fr-FR\"},{\"@type\":\"Organization\",\"@id\":\"https:\/\/www.justiceinfo.net\/fr#organization\",\"name\":\"Justice Info\",\"url\":\"https:\/\/www.justiceinfo.net\/fr\",\"logo\":{\"@type\":\"ImageObject\",\"inLanguage\":\"fr-FR\",\"@id\":\"https:\/\/www.justiceinfo.net\/fr#\/schema\/logo\/image\/\",\"url\":\"https:\/\/www.justiceinfo.net\/wp-content\/uploads\/justiceinfo_logo-trans_1200x1200px.png\",\"contentUrl\":\"https:\/\/www.justiceinfo.net\/wp-content\/uploads\/justiceinfo_logo-trans_1200x1200px.png\",\"width\":1199,\"height\":1200,\"caption\":\"Justice Info\"},\"image\":{\"@id\":\"https:\/\/www.justiceinfo.net\/fr#\/schema\/logo\/image\/\"},\"sameAs\":[\"https:\/\/www.facebook.com\/JusticeInfo\/\",\"https:\/\/x.com\/justiceinfonet\",\"https:\/\/www.linkedin.com\/company\/justice-info\",\"https:\/\/www.youtube.com\/channel\/UCyCEsARodyuWtkWyhn-e7pA\"]},{\"@type\":\"Person\",\"name\":\"solivri\",\"url\":\"\/fr\/?s=solivri\"}]}<\/script>\n<!-- \/ Yoast SEO Premium plugin. -->","yoast_head_json":{"title":"31.08.11 - FRANCE\/RWANDA - FABIEN NERETSE EXTRAD\u00c9 VERS LA BELGIQUE - JusticeInfo.net","robots":{"index":"index","follow":"follow","max-snippet":"max-snippet:-1","max-image-preview":"max-image-preview:large","max-video-preview":"max-video-preview:-1"},"canonical":"https:\/\/www.justiceinfo.net\/fr\/13472-310811-francerwanda-fabien-neretse-extrade-vers-la-belgique10286.html","og_locale":"fr_FR","og_type":"article","og_title":"31.08.11 - FRANCE\/RWANDA - FABIEN NERETSE EXTRAD\u00c9 VERS LA BELGIQUE","og_description":"Paris, 31 ao&ucirc;t 2011 (FH) - L'ancien directeur de l'Office des Caf&eacute;s rwandais Fabien Neretse a &eacute;t&eacute; remis mardi 30 ao&ucirc;t entre les mains des autorit&eacute;s judiciaires belges par la France, en ex&eacute;cution d'un mandat d'arr&ecirc;t europ&eacute;en d&eacute;livr&eacute; le 24 juin dernier &agrave; Bruxelles, a-t-on appris mercredi de sources judiciaires.","og_url":"https:\/\/www.justiceinfo.net\/fr\/13472-310811-francerwanda-fabien-neretse-extrade-vers-la-belgique10286.html","og_site_name":"JusticeInfo.net","article_publisher":"https:\/\/www.facebook.com\/JusticeInfo\/","article_published_time":"2011-08-30T22:00:00+00:00","og_image":[{"width":1200,"height":630,"url":"https:\/\/www.justiceinfo.net\/wp-content\/uploads\/JusticeInfoNet_logo_1200x630px.jpg","type":"image\/jpeg"}],"author":"solivri","twitter_card":"summary_large_image","twitter_creator":"@justiceinfonet","twitter_site":"@justiceinfonet","twitter_misc":{"\u00c9crit par":"solivri","Dur\u00e9e de lecture estim\u00e9e":"3 minutes"},"schema":{"@context":"https:\/\/schema.org","@graph":[{"@type":"NewsArticle","@id":"https:\/\/www.justiceinfo.net\/fr\/13472-310811-francerwanda-fabien-neretse-extrade-vers-la-belgique10286.html#article","isPartOf":{"@id":"https:\/\/www.justiceinfo.net\/fr\/13472-310811-francerwanda-fabien-neretse-extrade-vers-la-belgique10286.html"},"author":{"name":"solivri","@id":"https:\/\/www.justiceinfo.net\/fr#\/schema\/person\/6e53cba1629e2e66f3fc1821d3091865"},"headline":"31.08.11 - FRANCE\/RWANDA - FABIEN NERETSE EXTRAD\u00c9 VERS LA BELGIQUE","datePublished":"2011-08-30T22:00:00+00:00","mainEntityOfPage":{"@id":"https:\/\/www.justiceinfo.net\/fr\/13472-310811-francerwanda-fabien-neretse-extrade-vers-la-belgique10286.html"},"wordCount":630,"commentCount":0,"publisher":{"@id":"https:\/\/www.justiceinfo.net\/fr#organization"},"articleSection":["Hirondelle News"],"inLanguage":"fr-FR","potentialAction":[{"@type":"CommentAction","name":"Comment","target":["https:\/\/www.justiceinfo.net\/fr\/13472-310811-francerwanda-fabien-neretse-extrade-vers-la-belgique10286.html#respond"]}]},{"@type":"WebPage","@id":"https:\/\/www.justiceinfo.net\/fr\/13472-310811-francerwanda-fabien-neretse-extrade-vers-la-belgique10286.html","url":"https:\/\/www.justiceinfo.net\/fr\/13472-310811-francerwanda-fabien-neretse-extrade-vers-la-belgique10286.html","name":"31.08.11 - FRANCE\/RWANDA - FABIEN NERETSE EXTRAD\u00c9 VERS LA BELGIQUE - JusticeInfo.net","isPartOf":{"@id":"https:\/\/www.justiceinfo.net\/fr#website"},"datePublished":"2011-08-30T22:00:00+00:00","breadcrumb":{"@id":"https:\/\/www.justiceinfo.net\/fr\/13472-310811-francerwanda-fabien-neretse-extrade-vers-la-belgique10286.html#breadcrumb"},"inLanguage":"fr-FR","potentialAction":[{"@type":"ReadAction","target":["https:\/\/www.justiceinfo.net\/fr\/13472-310811-francerwanda-fabien-neretse-extrade-vers-la-belgique10286.html"]}]},{"@type":"BreadcrumbList","@id":"https:\/\/www.justiceinfo.net\/fr\/13472-310811-francerwanda-fabien-neretse-extrade-vers-la-belgique10286.html#breadcrumb","itemListElement":[{"@type":"ListItem","position":1,"name":"Home","item":"https:\/\/www.justiceinfo.net\/fr"},{"@type":"ListItem","position":2,"name":"31.08.11 - FRANCE\/RWANDA - FABIEN NERETSE EXTRAD\u00c9 VERS LA BELGIQUE"}]},{"@type":"WebSite","@id":"https:\/\/www.justiceinfo.net\/fr#website","url":"https:\/\/www.justiceinfo.net\/fr","name":"JusticeInfo.net","description":"La justice doit \u00eatre vue pour \u00eatre rendue","publisher":{"@id":"https:\/\/www.justiceinfo.net\/fr#organization"},"potentialAction":[{"@type":"SearchAction","target":{"@type":"EntryPoint","urlTemplate":"https:\/\/www.justiceinfo.net\/fr?s={search_term_string}"},"query-input":{"@type":"PropertyValueSpecification","valueRequired":true,"valueName":"search_term_string"}}],"inLanguage":"fr-FR"},{"@type":"Organization","@id":"https:\/\/www.justiceinfo.net\/fr#organization","name":"Justice Info","url":"https:\/\/www.justiceinfo.net\/fr","logo":{"@type":"ImageObject","inLanguage":"fr-FR","@id":"https:\/\/www.justiceinfo.net\/fr#\/schema\/logo\/image\/","url":"https:\/\/www.justiceinfo.net\/wp-content\/uploads\/justiceinfo_logo-trans_1200x1200px.png","contentUrl":"https:\/\/www.justiceinfo.net\/wp-content\/uploads\/justiceinfo_logo-trans_1200x1200px.png","width":1199,"height":1200,"caption":"Justice Info"},"image":{"@id":"https:\/\/www.justiceinfo.net\/fr#\/schema\/logo\/image\/"},"sameAs":["https:\/\/www.facebook.com\/JusticeInfo\/","https:\/\/x.com\/justiceinfonet","https:\/\/www.linkedin.com\/company\/justice-info","https:\/\/www.youtube.com\/channel\/UCyCEsARodyuWtkWyhn-e7pA"]},{"@type":"Person","name":"solivri","url":"\/fr\/?s=solivri"}]}},"_links":{"self":[{"href":"https:\/\/www.justiceinfo.net\/fr\/wp-json\/wp\/v2\/posts\/13472","targetHints":{"allow":["GET"]}}],"collection":[{"href":"https:\/\/www.justiceinfo.net\/fr\/wp-json\/wp\/v2\/posts"}],"about":[{"href":"https:\/\/www.justiceinfo.net\/fr\/wp-json\/wp\/v2\/types\/post"}],"author":[{"embeddable":true,"href":"https:\/\/www.justiceinfo.net\/fr\/wp-json\/wp\/v2\/users\/64"}],"replies":[{"embeddable":true,"href":"https:\/\/www.justiceinfo.net\/fr\/wp-json\/wp\/v2\/comments?post=13472"}],"version-history":[{"count":0,"href":"https:\/\/www.justiceinfo.net\/fr\/wp-json\/wp\/v2\/posts\/13472\/revisions"}],"wp:attachment":[{"href":"https:\/\/www.justiceinfo.net\/fr\/wp-json\/wp\/v2\/media?parent=13472"}],"wp:term":[{"taxonomy":"category","embeddable":true,"href":"https:\/\/www.justiceinfo.net\/fr\/wp-json\/wp\/v2\/categories?post=13472"},{"taxonomy":"post_tag","embeddable":true,"href":"https:\/\/www.justiceinfo.net\/fr\/wp-json\/wp\/v2\/tags?post=13472"},{"taxonomy":"ji_location","embeddable":true,"href":"https:\/\/www.justiceinfo.net\/fr\/wp-json\/wp\/v2\/ji_location?post=13472"}],"curies":[{"name":"wp","href":"https:\/\/api.w.org\/{rel}","templated":true}]}}