{"id":13476,"date":"2011-09-01T00:00:00","date_gmt":"2011-08-31T22:00:00","guid":{"rendered":"https:\/\/www.justiceinfo.net\/13476-010911-cpiruto-le-procureur-evoque-un-plan-la-defense-des-violences-spontanees10290.html"},"modified":"2011-09-01T00:00:00","modified_gmt":"2011-08-31T22:00:00","slug":"010911-cpiruto-le-procureur-evoque-un-plan-la-defense-des-violences-spontanees10290","status":"publish","type":"post","link":"https:\/\/www.justiceinfo.net\/fr\/13476-010911-cpiruto-le-procureur-evoque-un-plan-la-defense-des-violences-spontanees10290.html","title":{"rendered":"01.09.11 - CPI\/RUTO - LE PROCUREUR EVOQUE UN PLAN, LA DEFENSE DES VIOLENCES SPONTANEES"},"content":{"rendered":"<p>\nLa Haye, 1er&nbsp;septembre 2011 (FH) - Les audiences de confirmation des charges port&eacute;es &agrave; l'encontre de William Ruto, Henry Kosgey et Joshua Sang ont commenc&eacute;, jeudi 1er&nbsp;septembre, devant la Cour p&eacute;nale internationale (CPI). Les trois suspects sont poursuivis pour crimes contre l'humanit&eacute; commis lors des violences qui avaient suivi l'&eacute;lection pr&eacute;sidentielle de d&eacute;cembre 2007.&nbsp;\n<\/p>\n<p><!--more--><\/p>\n<p >\n<p >\nAu cours de ces audiences, le procureur devra prouver la solidit&eacute; des charges all&eacute;gu&eacute;es contre les trois responsables kenyans. Si les juges confirment ces charges, les deux anciens ministres, William Ruto et Henry Kosgey, ainsi que le journaliste Joshua Sang, seront renvoy&eacute;s en proc&egrave;s.\n<\/p>\n<p >\nSelon le procureur, les crimes &laquo; &eacute;taient le r&eacute;sultat d'un plan &raquo;, &eacute;labor&eacute; par William Ruto et Henry Kosgey. &laquo; Ce n'&eacute;tait pas des crimes spontan&eacute;s. Les ex&eacute;cutants n'&eacute;taient pas opportunistes. Ils suivaient un plan &raquo;, a affirm&eacute; Luis Moreno Ocampo au cours de l'audience. Les deux principaux suspects voulaient consolider leur pouvoir, cr&eacute;er &laquo; une plateforme pour leur carri&egrave;re politique &raquo;, a-t-il d&eacute;clar&eacute;, et avaient &laquo; planifi&eacute; et pr&eacute;par&eacute; leur plan avant 2007 &raquo;.\n<\/p>\n<p >\nL'accusation estime &eacute;galement que ce plan pr&eacute;voyait d'attaquer, d&egrave;s l'annonce des r&eacute;sultats de l'&eacute;lection pr&eacute;sidentielle du 27 d&eacute;cembre 2007, les supporters du Parti national unifi&eacute; du pr&eacute;sident r&eacute;&eacute;lu, Mwai Kibaki. &laquo; Les cibles &eacute;taient identifi&eacute;es avant les attaques &raquo; a affirm&eacute; le procureur. &laquo; Les ex&eacute;cutants &eacute;taient entrain&eacute;s &agrave; l'avance et ont re&ccedil;u des armes. Certains d'entre eux &eacute;taient d&eacute;sign&eacute;s pour conduire les attaques &raquo;. Les ex&eacute;cutants auraient &eacute;t&eacute; pay&eacute;s par le chef, William Ruto et le tr&eacute;sorier, Henry Kosgey. Le procureur affirme poss&eacute;der les preuves de huit r&eacute;unions au cours desquelles les attaques auraient ainsi &eacute;t&eacute; planifi&eacute;es, bien avant d&eacute;cembre 2007.\n<\/p>\n<p >\nC'est une toute autre histoire, qu'a pr&eacute;sent&eacute; ma&icirc;tre Kioko Musau, l'avocat de William Ruto. Selon lui, les violences qui ont suivi l'annonce du r&eacute;sultat de la pr&eacute;sidentielle, le 30 d&eacute;cembre 2007, &laquo; &eacute;taient spontan&eacute;es &raquo;. Les auteurs &laquo; doivent &ecirc;tre punis &raquo;, a-t-il affirm&eacute;, &laquo; mais le processus d'identification des ex&eacute;cutants doit &ecirc;tre fait de fa&ccedil;on appropri&eacute;e (...) une enqu&ecirc;te professionnelle doit &ecirc;tre conduite &raquo;. Pour l'avocat, il n'existe pas de preuves ind&eacute;pendantes et les t&eacute;moins de l'accusation sont anonymes.\n<\/p>\n<p >\nMa&icirc;tre Musau a encore affirm&eacute; que le procureur ne poss&eacute;dait aucun &eacute;l&eacute;ment sur le financement des attaques par William Ruto et Henry Kosgey. Il a rappel&eacute; que le chef du Mouvement d&eacute;mocratique orange, qui d&eacute;tenait donc les cordons de la bourse, &eacute;tait alors Raila Odinga. Actuel premier ministre du gouvernement d'union, Raila Odinga &eacute;tait alors le candidat d'ODM, principal parti d'opposition, &agrave; la pr&eacute;sidentielle.\n<\/p>\n<p >\n&laquo; Ce qui est arriv&eacute; en 2007 a &eacute;t&eacute; un coup dur pour de nombreux kenyans &raquo;, a de son cot&eacute; d&eacute;clar&eacute; William Ruto, &laquo; mais un plus gros coup pour moi.&raquo; Le d&eacute;put&eacute; d'Eldoret-Nord, &eacute;lu depuis 1997, a affirm&eacute; que &laquo; dans ma circonscription, de nombreuses personnes, qui avaient vot&eacute; pour moi, qui sont mes supporters, sont mortes &raquo; et &laquo; je suis ici devant cette Cour &agrave; souffrir un autre p&eacute;ril apr&egrave;s ce que j'ai d&eacute;j&agrave; endur&eacute; ! &raquo; s'est-il exclam&eacute;.\n<\/p>\n<p >\nSon co-accus&eacute;, le journaliste Joshua Sang, a affirm&eacute; n'avoir jamais particip&eacute; aux crimes reproch&eacute;s, dont l'incitation aux violences. V&ecirc;tu d'un costume ray&eacute; et d'une cravate rouge, il a rappel&eacute; qu'il &eacute;tait &laquo;un journaliste professionnel&raquo;. &laquo;&nbsp; Je suis dipl&ocirc;m&eacute; et je connais l'&eacute;thique des m&eacute;dias. Je n'ai jamais pens&eacute; une minute &agrave; tuer quelqu'un, parce que je respecte l'inviolabilit&eacute; de la vie &raquo;. Joshua Sang a aussi affirm&eacute; n'appartenir &agrave; aucun parti.\n<\/p>\n<p >\nLes audiences doivent se poursuivre jusqu'au 12 septembre.\n<\/p>\n<p >\nSM\/GF\n<\/p>\n<p>\n&copy; Agence Hirondelle<\/p>\n","protected":false},"excerpt":{"rendered":"<p>La Haye, 1er&nbsp;septembre 2011 (FH) - Les audiences de confirmation des charges port&eacute;es &agrave; l'encontre de William Ruto, Henry Kosgey et Joshua Sang ont commenc&eacute;, jeudi 1er&nbsp;septembre, devant la Cour p&eacute;nale internationale (CPI). Les trois suspects sont poursuivis pour crimes contre l'humanit&eacute; commis lors des violences qui avaient suivi l'&eacute;lection pr&eacute;sidentielle de d&eacute;cembre 2007.&nbsp;<\/p>\n","protected":false},"author":64,"featured_media":0,"comment_status":"open","ping_status":"closed","sticky":false,"template":"","format":"standard","meta":{"_acf_changed":false,"footnotes":""},"categories":[554],"tags":[],"ji_location":[],"class_list":["post-13476","post","type-post","status-publish","format-standard","hentry","category-hirondellenews"],"acf":[],"yoast_head":"<!-- This site is optimized with the Yoast SEO Premium plugin v25.3.1 (Yoast SEO v25.3.1) - https:\/\/yoast.com\/wordpress\/plugins\/seo\/ -->\n<title>01.09.11 - CPI\/RUTO - LE PROCUREUR EVOQUE UN PLAN, LA DEFENSE DES VIOLENCES SPONTANEES - JusticeInfo.net<\/title>\n<meta name=\"robots\" content=\"index, follow, max-snippet:-1, max-image-preview:large, max-video-preview:-1\" \/>\n<link rel=\"canonical\" href=\"https:\/\/www.justiceinfo.net\/fr\/13476-010911-cpiruto-le-procureur-evoque-un-plan-la-defense-des-violences-spontanees10290.html\" \/>\n<meta property=\"og:locale\" content=\"fr_FR\" \/>\n<meta property=\"og:type\" content=\"article\" \/>\n<meta property=\"og:title\" content=\"01.09.11 - CPI\/RUTO - LE PROCUREUR EVOQUE UN PLAN, LA DEFENSE DES VIOLENCES SPONTANEES\" \/>\n<meta property=\"og:description\" content=\"La Haye, 1er&nbsp;septembre 2011 (FH) - Les audiences de confirmation des charges port&eacute;es &agrave; l&#039;encontre de William Ruto, Henry Kosgey et Joshua Sang ont commenc&eacute;, jeudi 1er&nbsp;septembre, devant la Cour p&eacute;nale internationale (CPI). Les trois suspects sont poursuivis pour crimes contre l&#039;humanit&eacute; commis lors des violences qui avaient suivi l&#039;&eacute;lection pr&eacute;sidentielle de d&eacute;cembre 2007.&nbsp;\" \/>\n<meta property=\"og:url\" content=\"https:\/\/www.justiceinfo.net\/fr\/13476-010911-cpiruto-le-procureur-evoque-un-plan-la-defense-des-violences-spontanees10290.html\" \/>\n<meta property=\"og:site_name\" content=\"JusticeInfo.net\" \/>\n<meta property=\"article:publisher\" content=\"https:\/\/www.facebook.com\/JusticeInfo\/\" \/>\n<meta property=\"article:published_time\" content=\"2011-08-31T22:00:00+00:00\" \/>\n<meta property=\"og:image\" content=\"https:\/\/www.justiceinfo.net\/wp-content\/uploads\/JusticeInfoNet_logo_1200x630px.jpg\" \/>\n\t<meta property=\"og:image:width\" content=\"1200\" \/>\n\t<meta property=\"og:image:height\" content=\"630\" \/>\n\t<meta property=\"og:image:type\" content=\"image\/jpeg\" \/>\n<meta name=\"author\" content=\"solivri\" \/>\n<meta name=\"twitter:card\" content=\"summary_large_image\" \/>\n<meta name=\"twitter:creator\" content=\"@justiceinfonet\" \/>\n<meta name=\"twitter:site\" content=\"@justiceinfonet\" \/>\n<meta name=\"twitter:label1\" content=\"\u00c9crit par\" \/>\n\t<meta name=\"twitter:data1\" content=\"solivri\" \/>\n\t<meta name=\"twitter:label2\" content=\"Dur\u00e9e de lecture estim\u00e9e\" \/>\n\t<meta name=\"twitter:data2\" content=\"4 minutes\" \/>\n<script type=\"application\/ld+json\" class=\"yoast-schema-graph\">{\"@context\":\"https:\/\/schema.org\",\"@graph\":[{\"@type\":\"NewsArticle\",\"@id\":\"https:\/\/www.justiceinfo.net\/fr\/13476-010911-cpiruto-le-procureur-evoque-un-plan-la-defense-des-violences-spontanees10290.html#article\",\"isPartOf\":{\"@id\":\"https:\/\/www.justiceinfo.net\/fr\/13476-010911-cpiruto-le-procureur-evoque-un-plan-la-defense-des-violences-spontanees10290.html\"},\"author\":{\"name\":\"solivri\",\"@id\":\"https:\/\/www.justiceinfo.net\/fr#\/schema\/person\/6e53cba1629e2e66f3fc1821d3091865\"},\"headline\":\"01.09.11 - CPI\/RUTO - LE PROCUREUR EVOQUE UN PLAN, LA DEFENSE DES VIOLENCES SPONTANEES\",\"datePublished\":\"2011-08-31T22:00:00+00:00\",\"mainEntityOfPage\":{\"@id\":\"https:\/\/www.justiceinfo.net\/fr\/13476-010911-cpiruto-le-procureur-evoque-un-plan-la-defense-des-violences-spontanees10290.html\"},\"wordCount\":817,\"commentCount\":0,\"publisher\":{\"@id\":\"https:\/\/www.justiceinfo.net\/fr#organization\"},\"articleSection\":[\"Hirondelle News\"],\"inLanguage\":\"fr-FR\",\"potentialAction\":[{\"@type\":\"CommentAction\",\"name\":\"Comment\",\"target\":[\"https:\/\/www.justiceinfo.net\/fr\/13476-010911-cpiruto-le-procureur-evoque-un-plan-la-defense-des-violences-spontanees10290.html#respond\"]}]},{\"@type\":\"WebPage\",\"@id\":\"https:\/\/www.justiceinfo.net\/fr\/13476-010911-cpiruto-le-procureur-evoque-un-plan-la-defense-des-violences-spontanees10290.html\",\"url\":\"https:\/\/www.justiceinfo.net\/fr\/13476-010911-cpiruto-le-procureur-evoque-un-plan-la-defense-des-violences-spontanees10290.html\",\"name\":\"01.09.11 - CPI\/RUTO - LE PROCUREUR EVOQUE UN PLAN, LA DEFENSE DES VIOLENCES SPONTANEES - JusticeInfo.net\",\"isPartOf\":{\"@id\":\"https:\/\/www.justiceinfo.net\/fr#website\"},\"datePublished\":\"2011-08-31T22:00:00+00:00\",\"breadcrumb\":{\"@id\":\"https:\/\/www.justiceinfo.net\/fr\/13476-010911-cpiruto-le-procureur-evoque-un-plan-la-defense-des-violences-spontanees10290.html#breadcrumb\"},\"inLanguage\":\"fr-FR\",\"potentialAction\":[{\"@type\":\"ReadAction\",\"target\":[\"https:\/\/www.justiceinfo.net\/fr\/13476-010911-cpiruto-le-procureur-evoque-un-plan-la-defense-des-violences-spontanees10290.html\"]}]},{\"@type\":\"BreadcrumbList\",\"@id\":\"https:\/\/www.justiceinfo.net\/fr\/13476-010911-cpiruto-le-procureur-evoque-un-plan-la-defense-des-violences-spontanees10290.html#breadcrumb\",\"itemListElement\":[{\"@type\":\"ListItem\",\"position\":1,\"name\":\"Home\",\"item\":\"https:\/\/www.justiceinfo.net\/fr\"},{\"@type\":\"ListItem\",\"position\":2,\"name\":\"01.09.11 - CPI\/RUTO - LE PROCUREUR EVOQUE UN PLAN, LA DEFENSE DES VIOLENCES SPONTANEES\"}]},{\"@type\":\"WebSite\",\"@id\":\"https:\/\/www.justiceinfo.net\/fr#website\",\"url\":\"https:\/\/www.justiceinfo.net\/fr\",\"name\":\"JusticeInfo.net\",\"description\":\"La justice doit \u00eatre vue pour \u00eatre rendue\",\"publisher\":{\"@id\":\"https:\/\/www.justiceinfo.net\/fr#organization\"},\"potentialAction\":[{\"@type\":\"SearchAction\",\"target\":{\"@type\":\"EntryPoint\",\"urlTemplate\":\"https:\/\/www.justiceinfo.net\/fr?s={search_term_string}\"},\"query-input\":{\"@type\":\"PropertyValueSpecification\",\"valueRequired\":true,\"valueName\":\"search_term_string\"}}],\"inLanguage\":\"fr-FR\"},{\"@type\":\"Organization\",\"@id\":\"https:\/\/www.justiceinfo.net\/fr#organization\",\"name\":\"Justice Info\",\"url\":\"https:\/\/www.justiceinfo.net\/fr\",\"logo\":{\"@type\":\"ImageObject\",\"inLanguage\":\"fr-FR\",\"@id\":\"https:\/\/www.justiceinfo.net\/fr#\/schema\/logo\/image\/\",\"url\":\"https:\/\/www.justiceinfo.net\/wp-content\/uploads\/justiceinfo_logo-trans_1200x1200px.png\",\"contentUrl\":\"https:\/\/www.justiceinfo.net\/wp-content\/uploads\/justiceinfo_logo-trans_1200x1200px.png\",\"width\":1199,\"height\":1200,\"caption\":\"Justice Info\"},\"image\":{\"@id\":\"https:\/\/www.justiceinfo.net\/fr#\/schema\/logo\/image\/\"},\"sameAs\":[\"https:\/\/www.facebook.com\/JusticeInfo\/\",\"https:\/\/x.com\/justiceinfonet\",\"https:\/\/www.linkedin.com\/company\/justice-info\",\"https:\/\/www.youtube.com\/channel\/UCyCEsARodyuWtkWyhn-e7pA\"]},{\"@type\":\"Person\",\"name\":\"solivri\",\"url\":\"\/fr\/?s=solivri\"}]}<\/script>\n<!-- \/ Yoast SEO Premium plugin. -->","yoast_head_json":{"title":"01.09.11 - CPI\/RUTO - LE PROCUREUR EVOQUE UN PLAN, LA DEFENSE DES VIOLENCES SPONTANEES - JusticeInfo.net","robots":{"index":"index","follow":"follow","max-snippet":"max-snippet:-1","max-image-preview":"max-image-preview:large","max-video-preview":"max-video-preview:-1"},"canonical":"https:\/\/www.justiceinfo.net\/fr\/13476-010911-cpiruto-le-procureur-evoque-un-plan-la-defense-des-violences-spontanees10290.html","og_locale":"fr_FR","og_type":"article","og_title":"01.09.11 - CPI\/RUTO - LE PROCUREUR EVOQUE UN PLAN, LA DEFENSE DES VIOLENCES SPONTANEES","og_description":"La Haye, 1er&nbsp;septembre 2011 (FH) - Les audiences de confirmation des charges port&eacute;es &agrave; l'encontre de William Ruto, Henry Kosgey et Joshua Sang ont commenc&eacute;, jeudi 1er&nbsp;septembre, devant la Cour p&eacute;nale internationale (CPI). Les trois suspects sont poursuivis pour crimes contre l'humanit&eacute; commis lors des violences qui avaient suivi l'&eacute;lection pr&eacute;sidentielle de d&eacute;cembre 2007.&nbsp;","og_url":"https:\/\/www.justiceinfo.net\/fr\/13476-010911-cpiruto-le-procureur-evoque-un-plan-la-defense-des-violences-spontanees10290.html","og_site_name":"JusticeInfo.net","article_publisher":"https:\/\/www.facebook.com\/JusticeInfo\/","article_published_time":"2011-08-31T22:00:00+00:00","og_image":[{"width":1200,"height":630,"url":"https:\/\/www.justiceinfo.net\/wp-content\/uploads\/JusticeInfoNet_logo_1200x630px.jpg","type":"image\/jpeg"}],"author":"solivri","twitter_card":"summary_large_image","twitter_creator":"@justiceinfonet","twitter_site":"@justiceinfonet","twitter_misc":{"\u00c9crit par":"solivri","Dur\u00e9e de lecture estim\u00e9e":"4 minutes"},"schema":{"@context":"https:\/\/schema.org","@graph":[{"@type":"NewsArticle","@id":"https:\/\/www.justiceinfo.net\/fr\/13476-010911-cpiruto-le-procureur-evoque-un-plan-la-defense-des-violences-spontanees10290.html#article","isPartOf":{"@id":"https:\/\/www.justiceinfo.net\/fr\/13476-010911-cpiruto-le-procureur-evoque-un-plan-la-defense-des-violences-spontanees10290.html"},"author":{"name":"solivri","@id":"https:\/\/www.justiceinfo.net\/fr#\/schema\/person\/6e53cba1629e2e66f3fc1821d3091865"},"headline":"01.09.11 - CPI\/RUTO - LE PROCUREUR EVOQUE UN PLAN, LA DEFENSE DES VIOLENCES SPONTANEES","datePublished":"2011-08-31T22:00:00+00:00","mainEntityOfPage":{"@id":"https:\/\/www.justiceinfo.net\/fr\/13476-010911-cpiruto-le-procureur-evoque-un-plan-la-defense-des-violences-spontanees10290.html"},"wordCount":817,"commentCount":0,"publisher":{"@id":"https:\/\/www.justiceinfo.net\/fr#organization"},"articleSection":["Hirondelle News"],"inLanguage":"fr-FR","potentialAction":[{"@type":"CommentAction","name":"Comment","target":["https:\/\/www.justiceinfo.net\/fr\/13476-010911-cpiruto-le-procureur-evoque-un-plan-la-defense-des-violences-spontanees10290.html#respond"]}]},{"@type":"WebPage","@id":"https:\/\/www.justiceinfo.net\/fr\/13476-010911-cpiruto-le-procureur-evoque-un-plan-la-defense-des-violences-spontanees10290.html","url":"https:\/\/www.justiceinfo.net\/fr\/13476-010911-cpiruto-le-procureur-evoque-un-plan-la-defense-des-violences-spontanees10290.html","name":"01.09.11 - CPI\/RUTO - LE PROCUREUR EVOQUE UN PLAN, LA DEFENSE DES VIOLENCES SPONTANEES - JusticeInfo.net","isPartOf":{"@id":"https:\/\/www.justiceinfo.net\/fr#website"},"datePublished":"2011-08-31T22:00:00+00:00","breadcrumb":{"@id":"https:\/\/www.justiceinfo.net\/fr\/13476-010911-cpiruto-le-procureur-evoque-un-plan-la-defense-des-violences-spontanees10290.html#breadcrumb"},"inLanguage":"fr-FR","potentialAction":[{"@type":"ReadAction","target":["https:\/\/www.justiceinfo.net\/fr\/13476-010911-cpiruto-le-procureur-evoque-un-plan-la-defense-des-violences-spontanees10290.html"]}]},{"@type":"BreadcrumbList","@id":"https:\/\/www.justiceinfo.net\/fr\/13476-010911-cpiruto-le-procureur-evoque-un-plan-la-defense-des-violences-spontanees10290.html#breadcrumb","itemListElement":[{"@type":"ListItem","position":1,"name":"Home","item":"https:\/\/www.justiceinfo.net\/fr"},{"@type":"ListItem","position":2,"name":"01.09.11 - CPI\/RUTO - LE PROCUREUR EVOQUE UN PLAN, LA DEFENSE DES VIOLENCES SPONTANEES"}]},{"@type":"WebSite","@id":"https:\/\/www.justiceinfo.net\/fr#website","url":"https:\/\/www.justiceinfo.net\/fr","name":"JusticeInfo.net","description":"La justice doit \u00eatre vue pour \u00eatre rendue","publisher":{"@id":"https:\/\/www.justiceinfo.net\/fr#organization"},"potentialAction":[{"@type":"SearchAction","target":{"@type":"EntryPoint","urlTemplate":"https:\/\/www.justiceinfo.net\/fr?s={search_term_string}"},"query-input":{"@type":"PropertyValueSpecification","valueRequired":true,"valueName":"search_term_string"}}],"inLanguage":"fr-FR"},{"@type":"Organization","@id":"https:\/\/www.justiceinfo.net\/fr#organization","name":"Justice Info","url":"https:\/\/www.justiceinfo.net\/fr","logo":{"@type":"ImageObject","inLanguage":"fr-FR","@id":"https:\/\/www.justiceinfo.net\/fr#\/schema\/logo\/image\/","url":"https:\/\/www.justiceinfo.net\/wp-content\/uploads\/justiceinfo_logo-trans_1200x1200px.png","contentUrl":"https:\/\/www.justiceinfo.net\/wp-content\/uploads\/justiceinfo_logo-trans_1200x1200px.png","width":1199,"height":1200,"caption":"Justice Info"},"image":{"@id":"https:\/\/www.justiceinfo.net\/fr#\/schema\/logo\/image\/"},"sameAs":["https:\/\/www.facebook.com\/JusticeInfo\/","https:\/\/x.com\/justiceinfonet","https:\/\/www.linkedin.com\/company\/justice-info","https:\/\/www.youtube.com\/channel\/UCyCEsARodyuWtkWyhn-e7pA"]},{"@type":"Person","name":"solivri","url":"\/fr\/?s=solivri"}]}},"_links":{"self":[{"href":"https:\/\/www.justiceinfo.net\/fr\/wp-json\/wp\/v2\/posts\/13476","targetHints":{"allow":["GET"]}}],"collection":[{"href":"https:\/\/www.justiceinfo.net\/fr\/wp-json\/wp\/v2\/posts"}],"about":[{"href":"https:\/\/www.justiceinfo.net\/fr\/wp-json\/wp\/v2\/types\/post"}],"author":[{"embeddable":true,"href":"https:\/\/www.justiceinfo.net\/fr\/wp-json\/wp\/v2\/users\/64"}],"replies":[{"embeddable":true,"href":"https:\/\/www.justiceinfo.net\/fr\/wp-json\/wp\/v2\/comments?post=13476"}],"version-history":[{"count":0,"href":"https:\/\/www.justiceinfo.net\/fr\/wp-json\/wp\/v2\/posts\/13476\/revisions"}],"wp:attachment":[{"href":"https:\/\/www.justiceinfo.net\/fr\/wp-json\/wp\/v2\/media?parent=13476"}],"wp:term":[{"taxonomy":"category","embeddable":true,"href":"https:\/\/www.justiceinfo.net\/fr\/wp-json\/wp\/v2\/categories?post=13476"},{"taxonomy":"post_tag","embeddable":true,"href":"https:\/\/www.justiceinfo.net\/fr\/wp-json\/wp\/v2\/tags?post=13476"},{"taxonomy":"ji_location","embeddable":true,"href":"https:\/\/www.justiceinfo.net\/fr\/wp-json\/wp\/v2\/ji_location?post=13476"}],"curies":[{"name":"wp","href":"https:\/\/api.w.org\/{rel}","templated":true}]}}