{"id":13495,"date":"2011-09-06T00:00:00","date_gmt":"2011-09-05T22:00:00","guid":{"rendered":"https:\/\/www.justiceinfo.net\/13495-060911-francerwanda-une-nouvelle-plainte-pour-genocide-contre-un-rwandais-vivant-en-france10311.html"},"modified":"2011-09-06T00:00:00","modified_gmt":"2011-09-05T22:00:00","slug":"060911-francerwanda-une-nouvelle-plainte-pour-genocide-contre-un-rwandais-vivant-en-france10311","status":"publish","type":"post","link":"https:\/\/www.justiceinfo.net\/fr\/13495-060911-francerwanda-une-nouvelle-plainte-pour-genocide-contre-un-rwandais-vivant-en-france10311.html","title":{"rendered":"06.09.11 - FRANCE\/RWANDA - UNE NOUVELLE PLAINTE POUR GENOCIDE CONTRE UN RWANDAIS VIVANT EN FRANCE"},"content":{"rendered":"<p>\nParis, 6 septembre 2011 (FH) - Une nouvelle plainte a &eacute;t&eacute; adress&eacute;e vendredi au parquet de Pontoise, en r&eacute;gion parisienne, contre une personne suspect&eacute;e &laquo; d'avoir planifi&eacute; le g&eacute;nocide des Tutsi dans la r&eacute;gion de Murambi &raquo; au Rwanda, a annonc&eacute; samedi dans un communiqu&eacute; le Collectif des parties civiles pour le Rwanda (CPCR).\n<\/p>\n<p><!--more--><\/p>\n<p >\n<p >\nL'association, &agrave; l'origine de plusieurs enqu&ecirc;tes ouvertes en France contre des r&eacute;sidents d'origine rwandaise, soup&ccedil;onne Manass&eacute; Bigwenzare, &acirc;g&eacute; de 76 ans, selon sa fiche Interpol, d'avoir &laquo; planifi&eacute;, organis&eacute; et ordonn&eacute; le g&eacute;nocide des Tutsi en avril 1994 dans la r&eacute;gion de Murambi &raquo; en compagnie de l'ancien bourgmestre de cette commune du Sud du Rwanda, Jean-Baptiste Gatete, lui-m&ecirc;me condamn&eacute; &agrave; perp&eacute;tuit&eacute; en premi&egrave;re instance par le Tribunal international pour le Rwanda (TPIR), le 29 mars 2011.\n<\/p>\n<p >\nDans sa plainte, le CPCR accuse notamment M. Bigwenzare d'avoir pris part au massacre de l'&eacute;glise de Kiziguro, le 11 avril 1994, toujours en compagnie de l'ancien bourgmestre, alors directeur au minist&egrave;re de la Promotion f&eacute;minine.\n<\/p>\n<p >\nSelon Emmanuelle Debouverie, l'avocate charg&eacute;e par le CPCR de porter la plainte adress&eacute;e au parquet de Pontoise, Manass&eacute; Bigwenzare avait pr&eacute;sid&eacute;, avant 1994, le tribunal du canton de Murambi. L'avocate ignore toutefois quelle fonction il exer&ccedil;ait au Rwandais &agrave; l'&eacute;poque du g&eacute;nocide, ainsi que le statut sous lequel l'homme vivait sur le territoire fran&ccedil;ais.\n<\/p>\n<p >\n&laquo; Beaucoup d'&eacute;l&eacute;ments restent encore inconnus &agrave; son sujet et il s'agit pour l'instant de pr&eacute;somptions que nous portons &agrave; la connaissance de la justice fran&ccedil;aise &raquo;, pr&eacute;cise l'avocate.\n<\/p>\n<p >\nOnze t&eacute;moignages ont &eacute;t&eacute; joints, indique-t-elle, &agrave; la plainte adress&eacute;e vendredi par le CPCR. Des t&eacute;moignages qui avaient &eacute;t&eacute; recueillis par le procureur de Kigali pour soutenir le mandat d'arr&ecirc;t international lanc&eacute; par le Rwanda contre Manass&eacute; Bigwenzare, le 11 d&eacute;cembre 2008.\n<\/p>\n<p >\nM. Bigwenzare n'est toutefois pas cit&eacute; dans le jugement prononc&eacute; par le TPIR contre son pr&eacute;sum&eacute; complice dans la commission des crimes, Jean-Baptiste Gatete.\n<\/p>\n<p >\nJointe au t&eacute;l&eacute;phone par Hirondelle, l'avocate parisienne de Jean-Baptiste Gatete indique qu'elle n'a &laquo; pas entendu le nom de M. Bigwenzare dans toute la longue proc&eacute;dure &raquo; intent&eacute;e devant le TPIR contre son client, actuellement en appel. &laquo; On ne peut que s'&eacute;tonner, commente Marie-Pierre Poulain, que presque syst&eacute;matiquement toutes les &eacute;lites de l'ancien r&eacute;gime rwandais se soient retrouv&eacute;es, souvent bien tardivement, sur les listes du r&eacute;gime de M. Kagam&eacute;. &raquo;\n<\/p>\n<p >\nLa plainte d&eacute;pos&eacute;e par le CPCR, si elle est accept&eacute;e par le parquet de Pontoise, sera alors transmise aux juges d'instruction du tribunal de grande instance de Paris en charge des dossiers rwandais, pour lesquels vingt informations judiciaires sont actuellement ouvertes en France.\n<\/p>\n<p >\nFP\/ER\/GF\n<\/p>\n<p>\n&copy; Agence Hirondelle<\/p>\n","protected":false},"excerpt":{"rendered":"<p>Paris, 6 septembre 2011 (FH) - Une nouvelle plainte a &eacute;t&eacute; adress&eacute;e vendredi au parquet de Pontoise, en r&eacute;gion parisienne, contre une personne suspect&eacute;e &laquo; d'avoir planifi&eacute; le g&eacute;nocide des Tutsi dans la r&eacute;gion de Murambi &raquo; au Rwanda, a annonc&eacute; samedi dans un communiqu&eacute; le Collectif des parties civiles pour le Rwanda (CPCR).<\/p>\n","protected":false},"author":64,"featured_media":0,"comment_status":"open","ping_status":"closed","sticky":false,"template":"","format":"standard","meta":{"_acf_changed":false,"footnotes":""},"categories":[554],"tags":[],"ji_location":[],"class_list":["post-13495","post","type-post","status-publish","format-standard","hentry","category-hirondellenews"],"acf":[],"yoast_head":"<!-- This site is optimized with the Yoast SEO Premium plugin v25.3.1 (Yoast SEO v25.3.1) - https:\/\/yoast.com\/wordpress\/plugins\/seo\/ -->\n<title>06.09.11 - FRANCE\/RWANDA - UNE NOUVELLE PLAINTE POUR GENOCIDE CONTRE UN RWANDAIS VIVANT EN FRANCE - JusticeInfo.net<\/title>\n<meta name=\"robots\" content=\"index, follow, max-snippet:-1, max-image-preview:large, max-video-preview:-1\" \/>\n<link rel=\"canonical\" href=\"https:\/\/www.justiceinfo.net\/fr\/13495-060911-francerwanda-une-nouvelle-plainte-pour-genocide-contre-un-rwandais-vivant-en-france10311.html\" \/>\n<meta property=\"og:locale\" content=\"fr_FR\" \/>\n<meta property=\"og:type\" content=\"article\" \/>\n<meta property=\"og:title\" content=\"06.09.11 - FRANCE\/RWANDA - UNE NOUVELLE PLAINTE POUR GENOCIDE CONTRE UN RWANDAIS VIVANT EN FRANCE\" \/>\n<meta property=\"og:description\" content=\"Paris, 6 septembre 2011 (FH) - Une nouvelle plainte a &eacute;t&eacute; adress&eacute;e vendredi au parquet de Pontoise, en r&eacute;gion parisienne, contre une personne suspect&eacute;e &laquo; d&#039;avoir planifi&eacute; le g&eacute;nocide des Tutsi dans la r&eacute;gion de Murambi &raquo; au Rwanda, a annonc&eacute; samedi dans un communiqu&eacute; le Collectif des parties civiles pour le Rwanda (CPCR).\" \/>\n<meta property=\"og:url\" content=\"https:\/\/www.justiceinfo.net\/fr\/13495-060911-francerwanda-une-nouvelle-plainte-pour-genocide-contre-un-rwandais-vivant-en-france10311.html\" \/>\n<meta property=\"og:site_name\" content=\"JusticeInfo.net\" \/>\n<meta property=\"article:publisher\" content=\"https:\/\/www.facebook.com\/JusticeInfo\/\" \/>\n<meta property=\"article:published_time\" content=\"2011-09-05T22:00:00+00:00\" \/>\n<meta property=\"og:image\" content=\"https:\/\/www.justiceinfo.net\/wp-content\/uploads\/JusticeInfoNet_logo_1200x630px.jpg\" \/>\n\t<meta property=\"og:image:width\" content=\"1200\" \/>\n\t<meta property=\"og:image:height\" content=\"630\" \/>\n\t<meta property=\"og:image:type\" content=\"image\/jpeg\" \/>\n<meta name=\"author\" content=\"solivri\" \/>\n<meta name=\"twitter:card\" content=\"summary_large_image\" \/>\n<meta name=\"twitter:creator\" content=\"@justiceinfonet\" \/>\n<meta name=\"twitter:site\" content=\"@justiceinfonet\" \/>\n<meta name=\"twitter:label1\" content=\"\u00c9crit par\" \/>\n\t<meta name=\"twitter:data1\" content=\"solivri\" \/>\n\t<meta name=\"twitter:label2\" content=\"Dur\u00e9e de lecture estim\u00e9e\" \/>\n\t<meta name=\"twitter:data2\" content=\"3 minutes\" \/>\n<script type=\"application\/ld+json\" class=\"yoast-schema-graph\">{\"@context\":\"https:\/\/schema.org\",\"@graph\":[{\"@type\":\"NewsArticle\",\"@id\":\"https:\/\/www.justiceinfo.net\/fr\/13495-060911-francerwanda-une-nouvelle-plainte-pour-genocide-contre-un-rwandais-vivant-en-france10311.html#article\",\"isPartOf\":{\"@id\":\"https:\/\/www.justiceinfo.net\/fr\/13495-060911-francerwanda-une-nouvelle-plainte-pour-genocide-contre-un-rwandais-vivant-en-france10311.html\"},\"author\":{\"name\":\"solivri\",\"@id\":\"https:\/\/www.justiceinfo.net\/fr#\/schema\/person\/6e53cba1629e2e66f3fc1821d3091865\"},\"headline\":\"06.09.11 - FRANCE\/RWANDA - UNE NOUVELLE PLAINTE POUR GENOCIDE CONTRE UN RWANDAIS VIVANT EN FRANCE\",\"datePublished\":\"2011-09-05T22:00:00+00:00\",\"mainEntityOfPage\":{\"@id\":\"https:\/\/www.justiceinfo.net\/fr\/13495-060911-francerwanda-une-nouvelle-plainte-pour-genocide-contre-un-rwandais-vivant-en-france10311.html\"},\"wordCount\":579,\"commentCount\":0,\"publisher\":{\"@id\":\"https:\/\/www.justiceinfo.net\/fr#organization\"},\"articleSection\":[\"Hirondelle News\"],\"inLanguage\":\"fr-FR\",\"potentialAction\":[{\"@type\":\"CommentAction\",\"name\":\"Comment\",\"target\":[\"https:\/\/www.justiceinfo.net\/fr\/13495-060911-francerwanda-une-nouvelle-plainte-pour-genocide-contre-un-rwandais-vivant-en-france10311.html#respond\"]}]},{\"@type\":\"WebPage\",\"@id\":\"https:\/\/www.justiceinfo.net\/fr\/13495-060911-francerwanda-une-nouvelle-plainte-pour-genocide-contre-un-rwandais-vivant-en-france10311.html\",\"url\":\"https:\/\/www.justiceinfo.net\/fr\/13495-060911-francerwanda-une-nouvelle-plainte-pour-genocide-contre-un-rwandais-vivant-en-france10311.html\",\"name\":\"06.09.11 - FRANCE\/RWANDA - UNE NOUVELLE PLAINTE POUR GENOCIDE CONTRE UN RWANDAIS VIVANT EN FRANCE - JusticeInfo.net\",\"isPartOf\":{\"@id\":\"https:\/\/www.justiceinfo.net\/fr#website\"},\"datePublished\":\"2011-09-05T22:00:00+00:00\",\"breadcrumb\":{\"@id\":\"https:\/\/www.justiceinfo.net\/fr\/13495-060911-francerwanda-une-nouvelle-plainte-pour-genocide-contre-un-rwandais-vivant-en-france10311.html#breadcrumb\"},\"inLanguage\":\"fr-FR\",\"potentialAction\":[{\"@type\":\"ReadAction\",\"target\":[\"https:\/\/www.justiceinfo.net\/fr\/13495-060911-francerwanda-une-nouvelle-plainte-pour-genocide-contre-un-rwandais-vivant-en-france10311.html\"]}]},{\"@type\":\"BreadcrumbList\",\"@id\":\"https:\/\/www.justiceinfo.net\/fr\/13495-060911-francerwanda-une-nouvelle-plainte-pour-genocide-contre-un-rwandais-vivant-en-france10311.html#breadcrumb\",\"itemListElement\":[{\"@type\":\"ListItem\",\"position\":1,\"name\":\"Home\",\"item\":\"https:\/\/www.justiceinfo.net\/fr\"},{\"@type\":\"ListItem\",\"position\":2,\"name\":\"06.09.11 - FRANCE\/RWANDA - UNE NOUVELLE PLAINTE POUR GENOCIDE CONTRE UN RWANDAIS VIVANT EN FRANCE\"}]},{\"@type\":\"WebSite\",\"@id\":\"https:\/\/www.justiceinfo.net\/fr#website\",\"url\":\"https:\/\/www.justiceinfo.net\/fr\",\"name\":\"JusticeInfo.net\",\"description\":\"La justice doit \u00eatre vue pour \u00eatre rendue\",\"publisher\":{\"@id\":\"https:\/\/www.justiceinfo.net\/fr#organization\"},\"potentialAction\":[{\"@type\":\"SearchAction\",\"target\":{\"@type\":\"EntryPoint\",\"urlTemplate\":\"https:\/\/www.justiceinfo.net\/fr?s={search_term_string}\"},\"query-input\":{\"@type\":\"PropertyValueSpecification\",\"valueRequired\":true,\"valueName\":\"search_term_string\"}}],\"inLanguage\":\"fr-FR\"},{\"@type\":\"Organization\",\"@id\":\"https:\/\/www.justiceinfo.net\/fr#organization\",\"name\":\"Justice Info\",\"url\":\"https:\/\/www.justiceinfo.net\/fr\",\"logo\":{\"@type\":\"ImageObject\",\"inLanguage\":\"fr-FR\",\"@id\":\"https:\/\/www.justiceinfo.net\/fr#\/schema\/logo\/image\/\",\"url\":\"https:\/\/www.justiceinfo.net\/wp-content\/uploads\/justiceinfo_logo-trans_1200x1200px.png\",\"contentUrl\":\"https:\/\/www.justiceinfo.net\/wp-content\/uploads\/justiceinfo_logo-trans_1200x1200px.png\",\"width\":1199,\"height\":1200,\"caption\":\"Justice Info\"},\"image\":{\"@id\":\"https:\/\/www.justiceinfo.net\/fr#\/schema\/logo\/image\/\"},\"sameAs\":[\"https:\/\/www.facebook.com\/JusticeInfo\/\",\"https:\/\/x.com\/justiceinfonet\",\"https:\/\/www.linkedin.com\/company\/justice-info\",\"https:\/\/www.youtube.com\/channel\/UCyCEsARodyuWtkWyhn-e7pA\"]},{\"@type\":\"Person\",\"name\":\"solivri\",\"url\":\"\/fr\/?s=solivri\"}]}<\/script>\n<!-- \/ Yoast SEO Premium plugin. -->","yoast_head_json":{"title":"06.09.11 - FRANCE\/RWANDA - UNE NOUVELLE PLAINTE POUR GENOCIDE CONTRE UN RWANDAIS VIVANT EN FRANCE - JusticeInfo.net","robots":{"index":"index","follow":"follow","max-snippet":"max-snippet:-1","max-image-preview":"max-image-preview:large","max-video-preview":"max-video-preview:-1"},"canonical":"https:\/\/www.justiceinfo.net\/fr\/13495-060911-francerwanda-une-nouvelle-plainte-pour-genocide-contre-un-rwandais-vivant-en-france10311.html","og_locale":"fr_FR","og_type":"article","og_title":"06.09.11 - FRANCE\/RWANDA - UNE NOUVELLE PLAINTE POUR GENOCIDE CONTRE UN RWANDAIS VIVANT EN FRANCE","og_description":"Paris, 6 septembre 2011 (FH) - Une nouvelle plainte a &eacute;t&eacute; adress&eacute;e vendredi au parquet de Pontoise, en r&eacute;gion parisienne, contre une personne suspect&eacute;e &laquo; d'avoir planifi&eacute; le g&eacute;nocide des Tutsi dans la r&eacute;gion de Murambi &raquo; au Rwanda, a annonc&eacute; samedi dans un communiqu&eacute; le Collectif des parties civiles pour le Rwanda (CPCR).","og_url":"https:\/\/www.justiceinfo.net\/fr\/13495-060911-francerwanda-une-nouvelle-plainte-pour-genocide-contre-un-rwandais-vivant-en-france10311.html","og_site_name":"JusticeInfo.net","article_publisher":"https:\/\/www.facebook.com\/JusticeInfo\/","article_published_time":"2011-09-05T22:00:00+00:00","og_image":[{"width":1200,"height":630,"url":"https:\/\/www.justiceinfo.net\/wp-content\/uploads\/JusticeInfoNet_logo_1200x630px.jpg","type":"image\/jpeg"}],"author":"solivri","twitter_card":"summary_large_image","twitter_creator":"@justiceinfonet","twitter_site":"@justiceinfonet","twitter_misc":{"\u00c9crit par":"solivri","Dur\u00e9e de lecture estim\u00e9e":"3 minutes"},"schema":{"@context":"https:\/\/schema.org","@graph":[{"@type":"NewsArticle","@id":"https:\/\/www.justiceinfo.net\/fr\/13495-060911-francerwanda-une-nouvelle-plainte-pour-genocide-contre-un-rwandais-vivant-en-france10311.html#article","isPartOf":{"@id":"https:\/\/www.justiceinfo.net\/fr\/13495-060911-francerwanda-une-nouvelle-plainte-pour-genocide-contre-un-rwandais-vivant-en-france10311.html"},"author":{"name":"solivri","@id":"https:\/\/www.justiceinfo.net\/fr#\/schema\/person\/6e53cba1629e2e66f3fc1821d3091865"},"headline":"06.09.11 - FRANCE\/RWANDA - UNE NOUVELLE PLAINTE POUR GENOCIDE CONTRE UN RWANDAIS VIVANT EN FRANCE","datePublished":"2011-09-05T22:00:00+00:00","mainEntityOfPage":{"@id":"https:\/\/www.justiceinfo.net\/fr\/13495-060911-francerwanda-une-nouvelle-plainte-pour-genocide-contre-un-rwandais-vivant-en-france10311.html"},"wordCount":579,"commentCount":0,"publisher":{"@id":"https:\/\/www.justiceinfo.net\/fr#organization"},"articleSection":["Hirondelle News"],"inLanguage":"fr-FR","potentialAction":[{"@type":"CommentAction","name":"Comment","target":["https:\/\/www.justiceinfo.net\/fr\/13495-060911-francerwanda-une-nouvelle-plainte-pour-genocide-contre-un-rwandais-vivant-en-france10311.html#respond"]}]},{"@type":"WebPage","@id":"https:\/\/www.justiceinfo.net\/fr\/13495-060911-francerwanda-une-nouvelle-plainte-pour-genocide-contre-un-rwandais-vivant-en-france10311.html","url":"https:\/\/www.justiceinfo.net\/fr\/13495-060911-francerwanda-une-nouvelle-plainte-pour-genocide-contre-un-rwandais-vivant-en-france10311.html","name":"06.09.11 - FRANCE\/RWANDA - UNE NOUVELLE PLAINTE POUR GENOCIDE CONTRE UN RWANDAIS VIVANT EN FRANCE - JusticeInfo.net","isPartOf":{"@id":"https:\/\/www.justiceinfo.net\/fr#website"},"datePublished":"2011-09-05T22:00:00+00:00","breadcrumb":{"@id":"https:\/\/www.justiceinfo.net\/fr\/13495-060911-francerwanda-une-nouvelle-plainte-pour-genocide-contre-un-rwandais-vivant-en-france10311.html#breadcrumb"},"inLanguage":"fr-FR","potentialAction":[{"@type":"ReadAction","target":["https:\/\/www.justiceinfo.net\/fr\/13495-060911-francerwanda-une-nouvelle-plainte-pour-genocide-contre-un-rwandais-vivant-en-france10311.html"]}]},{"@type":"BreadcrumbList","@id":"https:\/\/www.justiceinfo.net\/fr\/13495-060911-francerwanda-une-nouvelle-plainte-pour-genocide-contre-un-rwandais-vivant-en-france10311.html#breadcrumb","itemListElement":[{"@type":"ListItem","position":1,"name":"Home","item":"https:\/\/www.justiceinfo.net\/fr"},{"@type":"ListItem","position":2,"name":"06.09.11 - FRANCE\/RWANDA - UNE NOUVELLE PLAINTE POUR GENOCIDE CONTRE UN RWANDAIS VIVANT EN FRANCE"}]},{"@type":"WebSite","@id":"https:\/\/www.justiceinfo.net\/fr#website","url":"https:\/\/www.justiceinfo.net\/fr","name":"JusticeInfo.net","description":"La justice doit \u00eatre vue pour \u00eatre rendue","publisher":{"@id":"https:\/\/www.justiceinfo.net\/fr#organization"},"potentialAction":[{"@type":"SearchAction","target":{"@type":"EntryPoint","urlTemplate":"https:\/\/www.justiceinfo.net\/fr?s={search_term_string}"},"query-input":{"@type":"PropertyValueSpecification","valueRequired":true,"valueName":"search_term_string"}}],"inLanguage":"fr-FR"},{"@type":"Organization","@id":"https:\/\/www.justiceinfo.net\/fr#organization","name":"Justice Info","url":"https:\/\/www.justiceinfo.net\/fr","logo":{"@type":"ImageObject","inLanguage":"fr-FR","@id":"https:\/\/www.justiceinfo.net\/fr#\/schema\/logo\/image\/","url":"https:\/\/www.justiceinfo.net\/wp-content\/uploads\/justiceinfo_logo-trans_1200x1200px.png","contentUrl":"https:\/\/www.justiceinfo.net\/wp-content\/uploads\/justiceinfo_logo-trans_1200x1200px.png","width":1199,"height":1200,"caption":"Justice Info"},"image":{"@id":"https:\/\/www.justiceinfo.net\/fr#\/schema\/logo\/image\/"},"sameAs":["https:\/\/www.facebook.com\/JusticeInfo\/","https:\/\/x.com\/justiceinfonet","https:\/\/www.linkedin.com\/company\/justice-info","https:\/\/www.youtube.com\/channel\/UCyCEsARodyuWtkWyhn-e7pA"]},{"@type":"Person","name":"solivri","url":"\/fr\/?s=solivri"}]}},"_links":{"self":[{"href":"https:\/\/www.justiceinfo.net\/fr\/wp-json\/wp\/v2\/posts\/13495","targetHints":{"allow":["GET"]}}],"collection":[{"href":"https:\/\/www.justiceinfo.net\/fr\/wp-json\/wp\/v2\/posts"}],"about":[{"href":"https:\/\/www.justiceinfo.net\/fr\/wp-json\/wp\/v2\/types\/post"}],"author":[{"embeddable":true,"href":"https:\/\/www.justiceinfo.net\/fr\/wp-json\/wp\/v2\/users\/64"}],"replies":[{"embeddable":true,"href":"https:\/\/www.justiceinfo.net\/fr\/wp-json\/wp\/v2\/comments?post=13495"}],"version-history":[{"count":0,"href":"https:\/\/www.justiceinfo.net\/fr\/wp-json\/wp\/v2\/posts\/13495\/revisions"}],"wp:attachment":[{"href":"https:\/\/www.justiceinfo.net\/fr\/wp-json\/wp\/v2\/media?parent=13495"}],"wp:term":[{"taxonomy":"category","embeddable":true,"href":"https:\/\/www.justiceinfo.net\/fr\/wp-json\/wp\/v2\/categories?post=13495"},{"taxonomy":"post_tag","embeddable":true,"href":"https:\/\/www.justiceinfo.net\/fr\/wp-json\/wp\/v2\/tags?post=13495"},{"taxonomy":"ji_location","embeddable":true,"href":"https:\/\/www.justiceinfo.net\/fr\/wp-json\/wp\/v2\/ji_location?post=13495"}],"curies":[{"name":"wp","href":"https:\/\/api.w.org\/{rel}","templated":true}]}}